{"id":201391,"date":"2026-04-30T09:25:00","date_gmt":"2026-04-30T12:25:00","guid":{"rendered":"https:\/\/www.em.com.br\/emfoco\/?p=201391"},"modified":"2026-04-29T17:08:40","modified_gmt":"2026-04-29T20:08:40","slug":"duas-horas-de-silencio-podem-estimular-a-memoria-veja-beneficios-e-formas-simples-de-praticar-no-dia-a-dia","status":"publish","type":"post","link":"https:\/\/www.em.com.br\/emfoco\/2026\/04\/30\/duas-horas-de-silencio-podem-estimular-a-memoria-veja-beneficios-e-formas-simples-de-praticar-no-dia-a-dia\/","title":{"rendered":"Duas horas de sil\u00eancio podem estimular a mem\u00f3ria: veja benef\u00edcios e formas simples de praticar no dia a dia"},"content":{"rendered":"\n<p>Muitas pessoas ignoram como os <strong>benef\u00edcios do sil\u00eancio<\/strong> podem regenerar as fun\u00e7\u00f5es cerebrais em pouqu\u00edssimo tempo de pr\u00e1tica di\u00e1ria. Existe uma t\u00e9cnica espec\u00edfica baseada em estudos cient\u00edficos capaz de reduzir o estresse severo sem exigir mudan\u00e7as dr\u00e1sticas em sua rotina atual.<\/p>\n\n\n\n<h2 class=\"wp-block-heading\">Quais s\u00e3o os principais benef\u00edcios do sil\u00eancio para a mente<\/h2>\n\n\n\n<p>O isolamento ac\u00fastico permite que os neur\u00f4nios se recuperem do bombardeio constante de informa\u00e7\u00f5es que recebemos atrav\u00e9s das plataformas digitais. <strong>Reduzir o estresse<\/strong> ajuda a estabilizar as emo\u00e7\u00f5es e melhora o humor de forma significativa ao longo das semanas de aplica\u00e7\u00e3o. A ci\u00eancia indica que a calmaria profunda promove o nascimento de novas c\u00e9lulas saud\u00e1veis no hipocampo cerebral respons\u00e1vel por armazenar mem\u00f3rias.<\/p>\n\n\n\n<p>Praticar essa pausa ajuda a clarear os pensamentos mais complexos que surgem durante o trabalho intelectual intenso e cansativo. <strong>Melhorar a concentra\u00e7\u00e3o<\/strong> torna-se uma consequ\u00eancia natural quando o c\u00e9rebro deixa de processar ru\u00eddos externos que drenam nossa energia vital. O corpo responde relaxando a tens\u00e3o muscular acumulada ap\u00f3s enfrentar uma jornada exaustiva no tr\u00e2nsito ou em escrit\u00f3rios muito barulhentos.<\/p>\n\n\n<div class=\"wp-block-image\">\n<figure class=\"aligncenter size-large\"><img loading=\"lazy\" decoding=\"async\" width=\"1024\" height=\"576\" src=\"https:\/\/www.em.com.br\/emfoco\/wp-content\/uploads\/2026\/04\/Beneficios-do-silencio-1024x576.jpg\" alt=\"Benef\u00edcios do sil\u00eancio\" class=\"wp-image-201398\" srcset=\"https:\/\/www.em.com.br\/emfoco\/wp-content\/uploads\/2026\/04\/Beneficios-do-silencio-1024x576.jpg 1024w, https:\/\/www.em.com.br\/emfoco\/wp-content\/uploads\/2026\/04\/Beneficios-do-silencio-300x169.jpg 300w, https:\/\/www.em.com.br\/emfoco\/wp-content\/uploads\/2026\/04\/Beneficios-do-silencio-768x432.jpg 768w, https:\/\/www.em.com.br\/emfoco\/wp-content\/uploads\/2026\/04\/Beneficios-do-silencio-750x422.jpg 750w, https:\/\/www.em.com.br\/emfoco\/wp-content\/uploads\/2026\/04\/Beneficios-do-silencio-1140x641.jpg 1140w, https:\/\/www.em.com.br\/emfoco\/wp-content\/uploads\/2026\/04\/Beneficios-do-silencio.jpg 1280w\" sizes=\"auto, (max-width: 1024px) 100vw, 1024px\" \/><figcaption class=\"wp-element-caption\">Praticar essa pausa ajuda a clarear os pensamentos mais complexos que surgem durante o trabalho intelectual intenso e cansativo<\/figcaption><\/figure><\/div>\n\n\n<p>Leia tamb\u00e9m: <a href=\"https:\/\/www.em.com.br\/emfoco\/2026\/04\/26\/estes-5-minutos-de-autocuidado-no-banho-podem-transformar-a-autoestima-da-mulher-40-no-dia-a-dia\/\" target=\"_blank\" rel=\"noreferrer noopener\">Estes 5 minutos de autocuidado no banho podem transformar a autoestima da mulher 40+ no dia a dia<\/a><\/p>\n\n\n\n<h2 class=\"wp-block-heading\">Como os benef\u00edcios do sil\u00eancio combatem a ansiedade cr\u00f4nica<\/h2>\n\n\n\n<p>Estar em um ambiente totalmente sem sons permite uma conex\u00e3o muito maior com as necessidades f\u00edsicas e biol\u00f3gicas imediatas do organismo. <strong>Aliviar a press\u00e3o<\/strong> arterial \u00e9 um efeito comum observado em indiv\u00edduos que reservam tempo para a quietude total em suas casas. Muitas vezes a cura para o esgotamento mental reside justamente na aus\u00eancia de est\u00edmulos sonoros que perturbam o nosso sistema nervoso central.<\/p>\n\n\n\n<p>Existem diversas maneiras de integrar essa pr\u00e1tica poderosa em sua agenda lotada sem perder a produtividade exigida pelo mercado moderno. A lista a seguir apresenta m\u00e9todos pr\u00e1ticos para aplicar esses conceitos em sua resid\u00eancia de forma r\u00e1pida e bastante simplificada.<\/p>\n\n\n\n<ul class=\"wp-block-list\">\n<li>Desligar notifica\u00e7\u00f5es de aparelhos eletr\u00f4nicos por per\u00edodos determinados para evitar distra\u00e7\u00f5es sonoras desnecess\u00e1rias.<\/li>\n\n\n\n<li>Encontrar um ref\u00fagio natural longe do tr\u00e1fego urbano intenso para conseguir respirar com tranquilidade.<\/li>\n\n\n\n<li>Utilizar protetores auriculares de alta qualidade em ambientes barulhentos para preservar a sa\u00fade da audi\u00e7\u00e3o.<\/li>\n<\/ul>\n\n\n\n<p>Para voc\u00ea que gosta de aprofundar, separamos um v\u00eddeo do canal <a href=\"https:\/\/www.youtube.com\/@meditarparadespertar\" target=\"_blank\" rel=\"noreferrer noopener\">Meditar para Despertar<\/a> com dicas para fazer uma medita\u00e7\u00e3o e curtir o sil\u00eancio:<\/p>\n\n\n\n<figure class=\"wp-block-embed is-type-video is-provider-youtube wp-block-embed-youtube wp-embed-aspect-16-9 wp-has-aspect-ratio\"><div class=\"wp-block-embed__wrapper\">\n<div class=\"jeg_video_container jeg_video_content\"><iframe loading=\"lazy\" title=\"ANTES DE COME\u00c7AR O DIA, FIQUE EM SIL\u00caNCIO: Medita\u00e7\u00e3o da Manh\u00e3\" width=\"500\" height=\"281\" src=\"https:\/\/www.youtube.com\/embed\/Z6uF1QzSrl8?feature=oembed\" frameborder=\"0\" allow=\"accelerometer; autoplay; clipboard-write; encrypted-media; gyroscope; picture-in-picture; web-share\" referrerpolicy=\"strict-origin-when-cross-origin\" allowfullscreen><\/iframe><\/div>\n<\/div><\/figure>\n\n\n\n<h2 class=\"wp-block-heading\">Aumentar a criatividade atrav\u00e9s da pausa sonora<\/h2>\n\n\n\n<p>O c\u00e9rebro humano necessita de momentos de vazio absoluto para gerar ideias inovadoras e solu\u00e7\u00f5es brilhantes para problemas antigos. <strong>Estimular a imagina\u00e7\u00e3o<\/strong> ocorre com muito mais facilidade quando n\u00e3o h\u00e1 interrup\u00e7\u00f5es constantes ou m\u00fasicas de fundo que distraem o foco. Artistas renomados de diversas \u00e1reas costumam buscar o isolamento completo antes de iniciar grandes projetos autorais que exigem m\u00e1xima dedica\u00e7\u00e3o mental.<\/p>\n\n\n\n<p>O sil\u00eancio atua como um combust\u00edvel potente para a introspec\u00e7\u00e3o necess\u00e1ria ao desenvolvimento pessoal e profissional de qualquer indiv\u00edduo dedicado. <strong>Fortalecer a intui\u00e7\u00e3o<\/strong> ajuda na tomada de decis\u00f5es r\u00e1pidas e muito mais assertivas no cotidiano repleto de escolhas dif\u00edceis. O descanso auditivo proporciona uma clareza mental que raramente \u00e9 alcan\u00e7ada em meios agitados onde o barulho \u00e9 a regra predominante.<\/p>\n\n\n\n<figure class=\"wp-block-embed is-type-rich is-provider-pinterest wp-block-embed-pinterest\"><div class=\"wp-block-embed__wrapper\">\n<iframe loading=\"lazy\" title=\"Medita\u00e7\u00e3o aesthetic \/ medita\u00e7\u00e3o guiada \/ medita\u00e7\u00e3o chakra \/ medita\u00e7\u00e3o reiki \/ medita\u00e7\u00e3o hooponopono\" src=\"https:\/\/assets.pinterest.com\/ext\/embed.html?id=1059612618557022473&#038;src=oembed\" height=\"899\" width=\"450\" frameborder=\"0\" scrolling=\"no\" ><\/iframe>\n<\/div><\/figure>\n\n\n\n<h2 class=\"wp-block-heading\">Por que buscar os benef\u00edcios do sil\u00eancio no trabalho<\/h2>\n\n\n\n<p>Ambientes corporativos excessivamente barulhentos podem diminuir o desempenho intelectual de toda a equipe de forma dr\u00e1stica e preocupante. <strong>Otimizar a produtividade<\/strong> requer espa\u00e7os onde o foco absoluto seja respeitado por todos os colaboradores durante as horas de maior exig\u00eancia criativa. O investimento em sil\u00eancio gera resultados tang\u00edveis na qualidade das entregas realizadas semanalmente por profissionais que buscam excel\u00eancia em suas fun\u00e7\u00f5es.<\/p>\n\n\n\n<p>L\u00edderes modernos est\u00e3o incentivando pausas silenciosas para evitar o surgimento indesejado da s\u00edndrome de burnout entre os seus funcion\u00e1rios mais produtivos. <strong>Prevenir o desgaste<\/strong> emocional garante que a motiva\u00e7\u00e3o permane\u00e7a alta mesmo em \u00e9pocas de crise ou de grandes transforma\u00e7\u00f5es no setor. O respeito ao espa\u00e7o individual promove um clima organizacional muito mais saud\u00e1vel e harmonioso para todos os n\u00edveis de hierarquia.<\/p>\n\n\n\n<h2 class=\"wp-block-heading\">Qual o impacto do repouso auditivo no sono profundo<\/h2>\n\n\n\n<p>A exposi\u00e7\u00e3o prolongada a ru\u00eddos durante o dia pode prejudicar a transi\u00e7\u00e3o natural do corpo para o estado de repouso noturno. <strong>Melhorar o sono<\/strong> depende diretamente da capacidade do c\u00e9rebro em se desligar das frequ\u00eancias sonoras que causaram alerta nas horas anteriores. Praticar o sil\u00eancio absoluto antes de deitar prepara a mente para um descanso reparador que restaura as energias para o dia seguinte.<\/p>\n\n\n\n<p>Estudos mostram que pessoas que vivem em locais mais silenciosos apresentam menores taxas de ins\u00f4nia e de dist\u00farbios respirat\u00f3rios durante a noite. <strong>Aumentar a longevidade<\/strong> \u00e9 um benef\u00edcio colateral de quem prioriza noites tranquilas e livres de interrup\u00e7\u00f5es causadas por vizinhos ou aparelhos ligados. Dormir bem \u00e9 o pilar fundamental para manter a sa\u00fade do cora\u00e7\u00e3o e a estabilidade emocional necess\u00e1ria para enfrentar desafios.<\/p>\n\n\n<div class=\"wp-block-image\">\n<figure class=\"aligncenter size-large\"><img loading=\"lazy\" decoding=\"async\" width=\"1024\" height=\"576\" src=\"https:\/\/www.em.com.br\/emfoco\/wp-content\/uploads\/2026\/04\/Beneficios-do-silencio-1-1024x576.jpg\" alt=\"Benef\u00edcios do sil\u00eancio (1)\" class=\"wp-image-201399\" srcset=\"https:\/\/www.em.com.br\/emfoco\/wp-content\/uploads\/2026\/04\/Beneficios-do-silencio-1-1024x576.jpg 1024w, https:\/\/www.em.com.br\/emfoco\/wp-content\/uploads\/2026\/04\/Beneficios-do-silencio-1-300x169.jpg 300w, https:\/\/www.em.com.br\/emfoco\/wp-content\/uploads\/2026\/04\/Beneficios-do-silencio-1-768x432.jpg 768w, https:\/\/www.em.com.br\/emfoco\/wp-content\/uploads\/2026\/04\/Beneficios-do-silencio-1-750x422.jpg 750w, https:\/\/www.em.com.br\/emfoco\/wp-content\/uploads\/2026\/04\/Beneficios-do-silencio-1-1140x641.jpg 1140w, https:\/\/www.em.com.br\/emfoco\/wp-content\/uploads\/2026\/04\/Beneficios-do-silencio-1.jpg 1280w\" sizes=\"auto, (max-width: 1024px) 100vw, 1024px\" \/><figcaption class=\"wp-element-caption\">A exposi\u00e7\u00e3o prolongada a ru\u00eddos durante o dia pode prejudicar a transi\u00e7\u00e3o natural do corpo para o estado de repouso noturno.<\/figcaption><\/figure><\/div>\n\n\n<h2 class=\"wp-block-heading\">Caminhos para uma vida mais tranquila e focada<\/h2>\n\n\n\n<p>Reserve alguns minutos do seu dia para simplesmente n\u00e3o ouvir nada al\u00e9m da sua pr\u00f3pria respira\u00e7\u00e3o calma. <strong>Priorizar o autocuidado<\/strong> envolve proteger seus ouvidos da polui\u00e7\u00e3o sonora constante que as cidades imp\u00f5em a todos diariamente. Experimente esta mudan\u00e7a de h\u00e1bito hoje mesmo e observe os ganhos imediatos na sua sa\u00fade f\u00edsica geral.<\/p>\n\n\n\n<p>O sil\u00eancio \u00e9 uma ferramenta totalmente gratuita que est\u00e1 dispon\u00edvel para qualquer pessoa em busca de paz mental. <strong>Buscar a harmonia<\/strong> interna exige disciplina constante mas oferece recompensas valiosas para o seu bem-estar em longo prazo. Comece com pequenos intervalos de cinco minutos e aumente o tempo conforme sua adapta\u00e7\u00e3o ao ambiente silencioso.<\/p>\n","protected":false},"excerpt":{"rendered":"<p>Muitas pessoas ignoram como os benef\u00edcios do sil\u00eancio podem regenerar as fun\u00e7\u00f5es cerebrais em pouqu\u00edssimo tempo de pr\u00e1tica di\u00e1ria. Existe uma t\u00e9cnica espec\u00edfica baseada em estudos cient\u00edficos capaz de reduzir o estresse severo sem exigir mudan\u00e7as dr\u00e1sticas em sua rotina atual. Quais s\u00e3o os principais benef\u00edcios do sil\u00eancio para a mente O isolamento ac\u00fastico permite [&hellip;]<\/p>\n","protected":false},"author":9,"featured_media":201682,"comment_status":"open","ping_status":"open","sticky":false,"template":"","format":"standard","meta":{"jnews-multi-image_gallery":[],"jnews_single_post":{"format":"standard"},"jnews_primary_category":[],"jnews_social_meta":[],"jnews_override_counter":[],"footnotes":""},"categories":[8691,8819],"tags":[4873,28985,410],"class_list":["post-201391","post","type-post","status-publish","format-standard","has-post-thumbnail","hentry","category-bem-estar","category-curiosidades","tag-meditacao","tag-reducao-de-estresse","tag-saude-mental"],"yoast_head":"<!-- This site is optimized with the Yoast SEO plugin v23.8 - https:\/\/yoast.com\/wordpress\/plugins\/seo\/ -->\n<title>Duas horas de sil\u00eancio podem estimular a mem\u00f3ria: veja benef\u00edcios e formas simples de praticar no dia a dia - Estado de Minas - Em foco<\/title>\n<meta name=\"description\" content=\"Os benef\u00edcios do sil\u00eancio ajudam a regenerar o c\u00e9rebro e trazem mais clareza mental para quem enfrenta uma rotina cansativa e agitada.\" \/>\n<meta name=\"robots\" content=\"index, follow, max-snippet:-1, max-image-preview:large, max-video-preview:-1\" \/>\n<link rel=\"canonical\" href=\"https:\/\/www.em.com.br\/emfoco\/2026\/04\/30\/duas-horas-de-silencio-podem-estimular-a-memoria-veja-beneficios-e-formas-simples-de-praticar-no-dia-a-dia\/\" \/>\n<meta property=\"og:locale\" content=\"pt_BR\" \/>\n<meta property=\"og:type\" content=\"article\" \/>\n<meta property=\"og:title\" content=\"Duas horas de sil\u00eancio podem estimular a mem\u00f3ria: veja benef\u00edcios e formas simples de praticar no dia a dia - Estado de Minas - Em foco\" \/>\n<meta property=\"og:description\" content=\"Os benef\u00edcios do sil\u00eancio ajudam a regenerar o c\u00e9rebro e trazem mais clareza mental para quem enfrenta uma rotina cansativa e agitada.\" \/>\n<meta property=\"og:url\" content=\"https:\/\/www.em.com.br\/emfoco\/2026\/04\/30\/duas-horas-de-silencio-podem-estimular-a-memoria-veja-beneficios-e-formas-simples-de-praticar-no-dia-a-dia\/\" \/>\n<meta property=\"og:site_name\" content=\"Estado de Minas - Em foco\" \/>\n<meta property=\"article:published_time\" content=\"2026-04-30T12:25:00+00:00\" \/>\n<meta property=\"article:modified_time\" content=\"2026-04-29T20:08:40+00:00\" \/>\n<meta property=\"og:image\" content=\"https:\/\/www.em.com.br\/emfoco\/wp-content\/uploads\/2026\/04\/EmFoco_53-9.jpg\" \/>\n\t<meta property=\"og:image:width\" content=\"1280\" \/>\n\t<meta property=\"og:image:height\" content=\"720\" \/>\n\t<meta property=\"og:image:type\" content=\"image\/jpeg\" \/>\n<meta name=\"author\" content=\"Daniely Cardoso\" \/>\n<meta name=\"twitter:card\" content=\"summary_large_image\" \/>\n<meta name=\"twitter:label1\" content=\"Escrito por\" \/>\n\t<meta name=\"twitter:data1\" content=\"Daniely Cardoso\" \/>\n\t<meta name=\"twitter:label2\" content=\"Est. tempo de leitura\" \/>\n\t<meta name=\"twitter:data2\" content=\"6 minutos\" \/>\n<!-- \/ Yoast SEO plugin. -->","yoast_head_json":{"title":"Duas horas de sil\u00eancio podem estimular a mem\u00f3ria: veja benef\u00edcios e formas simples de praticar no dia a dia - Estado de Minas - Em foco","description":"Os benef\u00edcios do sil\u00eancio ajudam a regenerar o c\u00e9rebro e trazem mais clareza mental para quem enfrenta uma rotina cansativa e agitada.","robots":{"index":"index","follow":"follow","max-snippet":"max-snippet:-1","max-image-preview":"max-image-preview:large","max-video-preview":"max-video-preview:-1"},"canonical":"https:\/\/www.em.com.br\/emfoco\/2026\/04\/30\/duas-horas-de-silencio-podem-estimular-a-memoria-veja-beneficios-e-formas-simples-de-praticar-no-dia-a-dia\/","og_locale":"pt_BR","og_type":"article","og_title":"Duas horas de sil\u00eancio podem estimular a mem\u00f3ria: veja benef\u00edcios e formas simples de praticar no dia a dia - Estado de Minas - Em foco","og_description":"Os benef\u00edcios do sil\u00eancio ajudam a regenerar o c\u00e9rebro e trazem mais clareza mental para quem enfrenta uma rotina cansativa e agitada.","og_url":"https:\/\/www.em.com.br\/emfoco\/2026\/04\/30\/duas-horas-de-silencio-podem-estimular-a-memoria-veja-beneficios-e-formas-simples-de-praticar-no-dia-a-dia\/","og_site_name":"Estado de Minas - Em foco","article_published_time":"2026-04-30T12:25:00+00:00","article_modified_time":"2026-04-29T20:08:40+00:00","og_image":[{"width":1280,"height":720,"url":"https:\/\/www.em.com.br\/emfoco\/wp-content\/uploads\/2026\/04\/EmFoco_53-9.jpg","type":"image\/jpeg"}],"author":"Daniely Cardoso","twitter_card":"summary_large_image","twitter_misc":{"Escrito por":"Daniely Cardoso","Est. tempo de leitura":"6 minutos"},"schema":{"@context":"https:\/\/schema.org","@graph":[{"@type":"WebPage","@id":"https:\/\/www.em.com.br\/emfoco\/2026\/04\/30\/duas-horas-de-silencio-podem-estimular-a-memoria-veja-beneficios-e-formas-simples-de-praticar-no-dia-a-dia\/","url":"https:\/\/www.em.com.br\/emfoco\/2026\/04\/30\/duas-horas-de-silencio-podem-estimular-a-memoria-veja-beneficios-e-formas-simples-de-praticar-no-dia-a-dia\/","name":"Duas horas de sil\u00eancio podem estimular a mem\u00f3ria: veja benef\u00edcios e formas simples de praticar no dia a dia - Estado de Minas - Em foco","isPartOf":{"@id":"https:\/\/www.em.com.br\/emfoco\/#website"},"primaryImageOfPage":{"@id":"https:\/\/www.em.com.br\/emfoco\/2026\/04\/30\/duas-horas-de-silencio-podem-estimular-a-memoria-veja-beneficios-e-formas-simples-de-praticar-no-dia-a-dia\/#primaryimage"},"image":{"@id":"https:\/\/www.em.com.br\/emfoco\/2026\/04\/30\/duas-horas-de-silencio-podem-estimular-a-memoria-veja-beneficios-e-formas-simples-de-praticar-no-dia-a-dia\/#primaryimage"},"thumbnailUrl":"https:\/\/www.em.com.br\/emfoco\/wp-content\/uploads\/2026\/04\/EmFoco_53-9.jpg","datePublished":"2026-04-30T12:25:00+00:00","dateModified":"2026-04-29T20:08:40+00:00","author":{"@id":"https:\/\/www.em.com.br\/emfoco\/#\/schema\/person\/0a8186d72f2c3a5c6276d90b41f271a0"},"description":"Os benef\u00edcios do sil\u00eancio ajudam a regenerar o c\u00e9rebro e trazem mais clareza mental para quem enfrenta uma rotina cansativa e agitada.","breadcrumb":{"@id":"https:\/\/www.em.com.br\/emfoco\/2026\/04\/30\/duas-horas-de-silencio-podem-estimular-a-memoria-veja-beneficios-e-formas-simples-de-praticar-no-dia-a-dia\/#breadcrumb"},"inLanguage":"pt-BR","potentialAction":[{"@type":"ReadAction","target":["https:\/\/www.em.com.br\/emfoco\/2026\/04\/30\/duas-horas-de-silencio-podem-estimular-a-memoria-veja-beneficios-e-formas-simples-de-praticar-no-dia-a-dia\/"]}]},{"@type":"ImageObject","inLanguage":"pt-BR","@id":"https:\/\/www.em.com.br\/emfoco\/2026\/04\/30\/duas-horas-de-silencio-podem-estimular-a-memoria-veja-beneficios-e-formas-simples-de-praticar-no-dia-a-dia\/#primaryimage","url":"https:\/\/www.em.com.br\/emfoco\/wp-content\/uploads\/2026\/04\/EmFoco_53-9.jpg","contentUrl":"https:\/\/www.em.com.br\/emfoco\/wp-content\/uploads\/2026\/04\/EmFoco_53-9.jpg","width":1280,"height":720,"caption":"Pausas ac\u00fasticas di\u00e1rias regeneram neur\u00f4nios do hipocampo e combatem ansiedade cr\u00f4nica"},{"@type":"BreadcrumbList","@id":"https:\/\/www.em.com.br\/emfoco\/2026\/04\/30\/duas-horas-de-silencio-podem-estimular-a-memoria-veja-beneficios-e-formas-simples-de-praticar-no-dia-a-dia\/#breadcrumb","itemListElement":[{"@type":"ListItem","position":1,"name":"In\u00edcio","item":"https:\/\/www.em.com.br\/emfoco\/"},{"@type":"ListItem","position":2,"name":"Duas horas de sil\u00eancio podem estimular a mem\u00f3ria: veja benef\u00edcios e formas simples de praticar no dia a dia"}]},{"@type":"WebSite","@id":"https:\/\/www.em.com.br\/emfoco\/#website","url":"https:\/\/www.em.com.br\/emfoco\/","name":"Estado de Minas - Em foco","description":"Acompanhe as \u00faltimas not\u00edcias e fique bem informado sobre tudo o que acontece em Minas Gerais, Brasil e no mundo.","potentialAction":[{"@type":"SearchAction","target":{"@type":"EntryPoint","urlTemplate":"https:\/\/www.em.com.br\/emfoco\/?s={search_term_string}"},"query-input":{"@type":"PropertyValueSpecification","valueRequired":true,"valueName":"search_term_string"}}],"inLanguage":"pt-BR"},{"@type":"Person","@id":"https:\/\/www.em.com.br\/emfoco\/#\/schema\/person\/0a8186d72f2c3a5c6276d90b41f271a0","name":"Daniely Cardoso","image":{"@type":"ImageObject","inLanguage":"pt-BR","@id":"https:\/\/www.em.com.br\/emfoco\/#\/schema\/person\/image\/","url":"https:\/\/secure.gravatar.com\/avatar\/4b80ddbd124d1f071b626d52d62e5dff?s=96&d=mm&r=g","contentUrl":"https:\/\/secure.gravatar.com\/avatar\/4b80ddbd124d1f071b626d52d62e5dff?s=96&d=mm&r=g","caption":"Daniely Cardoso"},"url":"https:\/\/www.em.com.br\/emfoco\/author\/danielymyth\/"}]}},"_links":{"self":[{"href":"https:\/\/www.em.com.br\/emfoco\/wp-json\/wp\/v2\/posts\/201391","targetHints":{"allow":["GET"]}}],"collection":[{"href":"https:\/\/www.em.com.br\/emfoco\/wp-json\/wp\/v2\/posts"}],"about":[{"href":"https:\/\/www.em.com.br\/emfoco\/wp-json\/wp\/v2\/types\/post"}],"author":[{"embeddable":true,"href":"https:\/\/www.em.com.br\/emfoco\/wp-json\/wp\/v2\/users\/9"}],"replies":[{"embeddable":true,"href":"https:\/\/www.em.com.br\/emfoco\/wp-json\/wp\/v2\/comments?post=201391"}],"version-history":[{"count":1,"href":"https:\/\/www.em.com.br\/emfoco\/wp-json\/wp\/v2\/posts\/201391\/revisions"}],"predecessor-version":[{"id":201400,"href":"https:\/\/www.em.com.br\/emfoco\/wp-json\/wp\/v2\/posts\/201391\/revisions\/201400"}],"wp:featuredmedia":[{"embeddable":true,"href":"https:\/\/www.em.com.br\/emfoco\/wp-json\/wp\/v2\/media\/201682"}],"wp:attachment":[{"href":"https:\/\/www.em.com.br\/emfoco\/wp-json\/wp\/v2\/media?parent=201391"}],"wp:term":[{"taxonomy":"category","embeddable":true,"href":"https:\/\/www.em.com.br\/emfoco\/wp-json\/wp\/v2\/categories?post=201391"},{"taxonomy":"post_tag","embeddable":true,"href":"https:\/\/www.em.com.br\/emfoco\/wp-json\/wp\/v2\/tags?post=201391"}],"curies":[{"name":"wp","href":"https:\/\/api.w.org\/{rel}","templated":true}]}}