{"id":201386,"date":"2026-04-30T20:25:00","date_gmt":"2026-04-30T23:25:00","guid":{"rendered":"https:\/\/www.em.com.br\/emfoco\/?p=201386"},"modified":"2026-04-29T16:38:24","modified_gmt":"2026-04-29T19:38:24","slug":"e-oficial-governo-preve-bloqueio-de-carteiras-digitais-de-usuarios-listados-em-banco-de-dados-e-medida-gera-alerta","status":"publish","type":"post","link":"https:\/\/www.em.com.br\/emfoco\/2026\/04\/30\/e-oficial-governo-preve-bloqueio-de-carteiras-digitais-de-usuarios-listados-em-banco-de-dados-e-medida-gera-alerta\/","title":{"rendered":"\u00c9 oficial governo prev\u00ea bloqueio de carteiras digitais de usu\u00e1rios listados em banco de dados e medida gera alerta"},"content":{"rendered":"\n<p>O bloqueio de <strong>carteiras digitais<\/strong> na Col\u00f4mbia j\u00e1 \u00e9 previsto em medidas oficiais e acendeu o alerta entre usu\u00e1rios. A iniciativa permite atingir valores diretamente em apps financeiros para quitar d\u00edvidas. Entenda como isso funciona e quem pode ser afetado.<\/p>\n\n\n\n<h2 class=\"wp-block-heading\">Como funciona o bloqueio de recursos na Col\u00f4mbia?<\/h2>\n\n\n\n<p>Na <strong>Col\u00f4mbia<\/strong>, a autoridade tribut\u00e1ria conhecida como <strong>DIAN<\/strong> expandiu suas ferramentas de cobran\u00e7a para atingir ativos modernos. Desde <strong>2025<\/strong>, saldos em contas digitais s\u00e3o tratados com o mesmo rigor de contas banc\u00e1rias tradicionais, podendo ser congelados sem aviso pr\u00e9vio judicial.<\/p>\n\n\n\n<p>A medida \u00e9 aplicada quando o contribuinte ignora notifica\u00e7\u00f5es oficiais ou esgota os prazos de defesa administrativa. Uma vez que a d\u00edvida \u00e9 considerada firme, o \u00f3rg\u00e3o comunica as operadoras de <strong>carteiras digitais<\/strong> supervisionadas, que realizam o bloqueio imediato dos valores necess\u00e1rios para quitar o d\u00e9bito.<\/p>\n\n\n\n<h2 class=\"wp-block-heading\">Quais carteiras digitais podem ser atingidas pela medida?<\/h2>\n\n\n\n<p>\u00c9 importante destacar que nem toda plataforma est\u00e1 sob o alcance direto do fisco colombiano. O embargo atinge apenas as <strong>carteiras digitais<\/strong> administradas por entidades que possuem v\u00ednculo regulat\u00f3rio com a <strong>Superintend\u00eancia Financeira da Col\u00f4mbia<\/strong> ou \u00f3rg\u00e3os de economia solid\u00e1ria.<\/p>\n\n\n\n<p>Plataformas de autocust\u00f3dia ou corretoras descentralizadas que operam fora da jurisdi\u00e7\u00e3o estatal permanecem, tecnicamente, fora desse mecanismo de bloqueio autom\u00e1tico. Contudo, para quem utiliza aplicativos populares e regulados, o risco de descobrir o saldo congelado ao tentar realizar um pagamento \u00e9 real e imediato.<\/p>\n\n\n<div class=\"wp-block-image\">\n<figure class=\"aligncenter size-large\"><img loading=\"lazy\" decoding=\"async\" width=\"1024\" height=\"576\" src=\"https:\/\/www.em.com.br\/emfoco\/wp-content\/uploads\/2026\/04\/QR-code-pix-1-1024x576.jpg\" alt=\"Governo determina suspens\u00e3o de plataformas digitais e aciona Anatel para bloquear acesso de usu\u00e1rios\" class=\"wp-image-201554\" srcset=\"https:\/\/www.em.com.br\/emfoco\/wp-content\/uploads\/2026\/04\/QR-code-pix-1-1024x576.jpg 1024w, https:\/\/www.em.com.br\/emfoco\/wp-content\/uploads\/2026\/04\/QR-code-pix-1-300x169.jpg 300w, https:\/\/www.em.com.br\/emfoco\/wp-content\/uploads\/2026\/04\/QR-code-pix-1-768x432.jpg 768w, https:\/\/www.em.com.br\/emfoco\/wp-content\/uploads\/2026\/04\/QR-code-pix-1-750x422.jpg 750w, https:\/\/www.em.com.br\/emfoco\/wp-content\/uploads\/2026\/04\/QR-code-pix-1-1140x641.jpg 1140w, https:\/\/www.em.com.br\/emfoco\/wp-content\/uploads\/2026\/04\/QR-code-pix-1.jpg 1280w\" sizes=\"auto, (max-width: 1024px) 100vw, 1024px\" \/><figcaption class=\"wp-element-caption\">Governo determina suspens\u00e3o de plataformas digitais e aciona Anatel para bloquear acesso de usu\u00e1rios<\/figcaption><\/figure><\/div>\n\n\n<h2 class=\"wp-block-heading\">O que \u00e9 a DeCripto e como ela afeta o usu\u00e1rio em 2026?<\/h2>\n\n\n\n<p>A partir de <strong>julho de 2026<\/strong>, entra em vigor no territ\u00f3rio nacional a <strong>DeCripto<\/strong>, uma declara\u00e7\u00e3o espec\u00edfica criada pela <strong>Receita Federal<\/strong>. Essa norma obriga tanto exchanges brasileiras quanto estrangeiras com clientes residentes no pa\u00eds a reportarem movimenta\u00e7\u00f5es financeiras com precis\u00e3o.<\/p>\n\n\n\n<p>O objetivo \u00e9 cruzar dados de forma massiva para identificar sonegadores e devedores que utilizam <strong>carteiras digitais<\/strong> para ocultar patrim\u00f4nio. Para acompanhar as normas de reporte e prazos, o contribuinte deve acessar o sistema do <a href=\"https:\/\/www.gov.br\/receitafederal\/pt-br\" target=\"_blank\" rel=\"noreferrer noopener\">Governo Federal<\/a> e verificar sua conformidade com o padr\u00e3o internacional da <strong>OCDE<\/strong>.<\/p>\n\n\n\n<p>Confira os perfis que correm maior risco de bloqueio administrativo:<\/p>\n\n\n\n<ul class=\"wp-block-list\">\n<li><strong>Devedores contumazes:<\/strong> Pessoas com impostos e multas vencidas sem inten\u00e7\u00e3o de pagamento.<\/li>\n\n\n\n<li><strong>Descumpridores de acordos:<\/strong> Quem firmou parcelamentos e parou de honrar as parcelas mensais.<\/li>\n\n\n\n<li><strong>Omissos de declara\u00e7\u00e3o:<\/strong> Contribuintes que n\u00e3o entregaram documentos ap\u00f3s notifica\u00e7\u00f5es oficiais.<\/li>\n\n\n\n<li><strong>Empresas em execu\u00e7\u00e3o:<\/strong> Pessoas jur\u00eddicas com d\u00edvidas trabalhistas ou fiscais j\u00e1 sentenciadas.<\/li>\n\n\n\n<li><strong>Investidores irregulares:<\/strong> Usu\u00e1rios de corretoras que n\u00e3o declaram ganho de capital com ativos.<\/li>\n<\/ul>\n\n\n\n<p>Leia tamb\u00e9m: <a href=\"https:\/\/www.em.com.br\/emfoco\/2026\/04\/27\/novo-pagamento-do-salario-minimo-de-r-1-92172-ja-foi-aprovado-e-esta-em-vigor-no-brasil\/\" target=\"_blank\" rel=\"noreferrer noopener\">Novo pagamento do sal\u00e1rio m\u00ednimo de R$ 1.921,72 j\u00e1 foi aprovado e est\u00e1 em vigor no Brasil<\/a><\/p>\n\n\n\n<h2 class=\"wp-block-heading\">O Brasil tamb\u00e9m pode bloquear ativos digitais de devedores?<\/h2>\n\n\n\n<p>O <strong>Brasil<\/strong> segue uma trajet\u00f3ria muito parecida com a do pa\u00eds vizinho no que diz respeito ao cerco digital. Em <strong>2025<\/strong>, o <a href=\"https:\/\/www.stj.jus.br\/sites\/portalp\/Paginas\/Comunicacao\/Noticias\/2025\/03042025-Terceira-Turma-admite-envio-de-oficio-as-corretoras-para-encontrar-e-penhorar-criptomoedas-do-devedor.aspx#:~:text=O%20STJ%20decidiu%20que%2C%20se,ativos%20digitais%20em%20seu%20nome.\" target=\"_blank\" rel=\"noreferrer noopener\">Superior Tribunal de Justi\u00e7a<\/a> decidiu que corretoras de criptomoedas devem colaborar com a localiza\u00e7\u00e3o e penhora de ativos de devedores.<\/p>\n\n\n\n<p>Dessa forma, o entendimento jur\u00eddico brasileiro consolidou que as <strong>carteiras digitais<\/strong> e <strong>criptoativos <\/strong>possuem valor econ\u00f4mico e comp\u00f5em o patrim\u00f4nio penhor\u00e1vel. Isso significa que, em processos judiciais de execu\u00e7\u00e3o, o juiz pode ordenar que a plataforma retenha os valores do usu\u00e1rio para garantir o pagamento de credores.<\/p>\n\n\n\n<h2 class=\"wp-block-heading\">Como evitar o congelamento surpresa de seus recursos?<\/h2>\n\n\n\n<p>A melhor estrat\u00e9gia para quem utiliza <strong>carteiras digitais<\/strong> \u00e9 a regulariza\u00e7\u00e3o proativa de eventuais pend\u00eancias com o fisco. Consultar regularmente os portais de obriga\u00e7\u00f5es tribut\u00e1rias permite identificar d\u00edvidas ainda na fase administrativa, onde as op\u00e7\u00f5es de parcelamento s\u00e3o mais vantajosas.<\/p>\n\n\n\n<p>Ignorar mandados de pagamento apenas acelera a transi\u00e7\u00e3o para as medidas cautelares, que incluem o bloqueio de cart\u00f5es e contas. Em <strong>2026<\/strong>, com a integra\u00e7\u00e3o total dos sistemas digitais, a agilidade do estado em reaver recursos tornou a conformidade fiscal uma necessidade para qualquer cidad\u00e3o que deseja manter sua sa\u00fade financeira.<\/p>\n","protected":false},"excerpt":{"rendered":"<p>O bloqueio de carteiras digitais na Col\u00f4mbia j\u00e1 \u00e9 previsto em medidas oficiais e acendeu o alerta entre usu\u00e1rios. A iniciativa permite atingir valores diretamente em apps financeiros para quitar d\u00edvidas. Entenda como isso funciona e quem pode ser afetado. Como funciona o bloqueio de recursos na Col\u00f4mbia? Na Col\u00f4mbia, a autoridade tribut\u00e1ria conhecida como [&hellip;]<\/p>\n","protected":false},"author":30,"featured_media":201597,"comment_status":"open","ping_status":"open","sticky":false,"template":"","format":"standard","meta":{"jnews-multi-image_gallery":[],"jnews_single_post":{"format":"standard"},"jnews_primary_category":[],"jnews_social_meta":[],"jnews_override_counter":[],"footnotes":""},"categories":[28],"tags":[629,167,3227,2101],"class_list":["post-201386","post","type-post","status-publish","format-standard","has-post-thumbnail","hentry","category-economia","tag-bloqueio","tag-financas","tag-fiscalizacao","tag-tributario"],"yoast_head":"<!-- This site is optimized with the Yoast SEO plugin v23.8 - https:\/\/yoast.com\/wordpress\/plugins\/seo\/ -->\n<title>\u00c9 oficial governo prev\u00ea bloqueio de carteiras digitais de usu\u00e1rios listados em banco de dados e medida gera alerta - Estado de Minas - Em foco<\/title>\n<meta name=\"description\" content=\"Saiba como esta nova regra prev\u00ea o bloqueio de carteiras digitais e entenda o alerta para usu\u00e1rios listados.\" \/>\n<meta name=\"robots\" content=\"index, follow, max-snippet:-1, max-image-preview:large, max-video-preview:-1\" \/>\n<link rel=\"canonical\" href=\"https:\/\/www.em.com.br\/emfoco\/2026\/04\/30\/e-oficial-governo-preve-bloqueio-de-carteiras-digitais-de-usuarios-listados-em-banco-de-dados-e-medida-gera-alerta\/\" \/>\n<meta property=\"og:locale\" content=\"pt_BR\" \/>\n<meta property=\"og:type\" content=\"article\" \/>\n<meta property=\"og:title\" content=\"\u00c9 oficial governo prev\u00ea bloqueio de carteiras digitais de usu\u00e1rios listados em banco de dados e medida gera alerta - Estado de Minas - Em foco\" \/>\n<meta property=\"og:description\" content=\"Saiba como esta nova regra prev\u00ea o bloqueio de carteiras digitais e entenda o alerta para usu\u00e1rios listados.\" \/>\n<meta property=\"og:url\" content=\"https:\/\/www.em.com.br\/emfoco\/2026\/04\/30\/e-oficial-governo-preve-bloqueio-de-carteiras-digitais-de-usuarios-listados-em-banco-de-dados-e-medida-gera-alerta\/\" \/>\n<meta property=\"og:site_name\" content=\"Estado de Minas - Em foco\" \/>\n<meta property=\"article:published_time\" content=\"2026-04-30T23:25:00+00:00\" \/>\n<meta property=\"article:modified_time\" content=\"2026-04-29T19:38:24+00:00\" \/>\n<meta property=\"og:image\" content=\"https:\/\/www.em.com.br\/emfoco\/wp-content\/uploads\/2026\/04\/EmFoco_16-10.jpg\" \/>\n\t<meta property=\"og:image:width\" content=\"1280\" \/>\n\t<meta property=\"og:image:height\" content=\"720\" \/>\n\t<meta property=\"og:image:type\" content=\"image\/jpeg\" \/>\n<meta name=\"author\" content=\"Guilherme Ara\u00fajo\" \/>\n<meta name=\"twitter:card\" content=\"summary_large_image\" \/>\n<meta name=\"twitter:label1\" content=\"Escrito por\" \/>\n\t<meta name=\"twitter:data1\" content=\"Guilherme Ara\u00fajo\" \/>\n\t<meta name=\"twitter:label2\" content=\"Est. tempo de leitura\" \/>\n\t<meta name=\"twitter:data2\" content=\"4 minutos\" \/>\n<!-- \/ Yoast SEO plugin. -->","yoast_head_json":{"title":"\u00c9 oficial governo prev\u00ea bloqueio de carteiras digitais de usu\u00e1rios listados em banco de dados e medida gera alerta - Estado de Minas - Em foco","description":"Saiba como esta nova regra prev\u00ea o bloqueio de carteiras digitais e entenda o alerta para usu\u00e1rios listados.","robots":{"index":"index","follow":"follow","max-snippet":"max-snippet:-1","max-image-preview":"max-image-preview:large","max-video-preview":"max-video-preview:-1"},"canonical":"https:\/\/www.em.com.br\/emfoco\/2026\/04\/30\/e-oficial-governo-preve-bloqueio-de-carteiras-digitais-de-usuarios-listados-em-banco-de-dados-e-medida-gera-alerta\/","og_locale":"pt_BR","og_type":"article","og_title":"\u00c9 oficial governo prev\u00ea bloqueio de carteiras digitais de usu\u00e1rios listados em banco de dados e medida gera alerta - Estado de Minas - Em foco","og_description":"Saiba como esta nova regra prev\u00ea o bloqueio de carteiras digitais e entenda o alerta para usu\u00e1rios listados.","og_url":"https:\/\/www.em.com.br\/emfoco\/2026\/04\/30\/e-oficial-governo-preve-bloqueio-de-carteiras-digitais-de-usuarios-listados-em-banco-de-dados-e-medida-gera-alerta\/","og_site_name":"Estado de Minas - Em foco","article_published_time":"2026-04-30T23:25:00+00:00","article_modified_time":"2026-04-29T19:38:24+00:00","og_image":[{"width":1280,"height":720,"url":"https:\/\/www.em.com.br\/emfoco\/wp-content\/uploads\/2026\/04\/EmFoco_16-10.jpg","type":"image\/jpeg"}],"author":"Guilherme Ara\u00fajo","twitter_card":"summary_large_image","twitter_misc":{"Escrito por":"Guilherme Ara\u00fajo","Est. tempo de leitura":"4 minutos"},"schema":{"@context":"https:\/\/schema.org","@graph":[{"@type":"WebPage","@id":"https:\/\/www.em.com.br\/emfoco\/2026\/04\/30\/e-oficial-governo-preve-bloqueio-de-carteiras-digitais-de-usuarios-listados-em-banco-de-dados-e-medida-gera-alerta\/","url":"https:\/\/www.em.com.br\/emfoco\/2026\/04\/30\/e-oficial-governo-preve-bloqueio-de-carteiras-digitais-de-usuarios-listados-em-banco-de-dados-e-medida-gera-alerta\/","name":"\u00c9 oficial governo prev\u00ea bloqueio de carteiras digitais de usu\u00e1rios listados em banco de dados e medida gera alerta - Estado de Minas - Em foco","isPartOf":{"@id":"https:\/\/www.em.com.br\/emfoco\/#website"},"primaryImageOfPage":{"@id":"https:\/\/www.em.com.br\/emfoco\/2026\/04\/30\/e-oficial-governo-preve-bloqueio-de-carteiras-digitais-de-usuarios-listados-em-banco-de-dados-e-medida-gera-alerta\/#primaryimage"},"image":{"@id":"https:\/\/www.em.com.br\/emfoco\/2026\/04\/30\/e-oficial-governo-preve-bloqueio-de-carteiras-digitais-de-usuarios-listados-em-banco-de-dados-e-medida-gera-alerta\/#primaryimage"},"thumbnailUrl":"https:\/\/www.em.com.br\/emfoco\/wp-content\/uploads\/2026\/04\/EmFoco_16-10.jpg","datePublished":"2026-04-30T23:25:00+00:00","dateModified":"2026-04-29T19:38:24+00:00","author":{"@id":"https:\/\/www.em.com.br\/emfoco\/#\/schema\/person\/5379e929a4b966c775d121e23f9bb421"},"description":"Saiba como esta nova regra prev\u00ea o bloqueio de carteiras digitais e entenda o alerta para usu\u00e1rios listados.","breadcrumb":{"@id":"https:\/\/www.em.com.br\/emfoco\/2026\/04\/30\/e-oficial-governo-preve-bloqueio-de-carteiras-digitais-de-usuarios-listados-em-banco-de-dados-e-medida-gera-alerta\/#breadcrumb"},"inLanguage":"pt-BR","potentialAction":[{"@type":"ReadAction","target":["https:\/\/www.em.com.br\/emfoco\/2026\/04\/30\/e-oficial-governo-preve-bloqueio-de-carteiras-digitais-de-usuarios-listados-em-banco-de-dados-e-medida-gera-alerta\/"]}]},{"@type":"ImageObject","inLanguage":"pt-BR","@id":"https:\/\/www.em.com.br\/emfoco\/2026\/04\/30\/e-oficial-governo-preve-bloqueio-de-carteiras-digitais-de-usuarios-listados-em-banco-de-dados-e-medida-gera-alerta\/#primaryimage","url":"https:\/\/www.em.com.br\/emfoco\/wp-content\/uploads\/2026\/04\/EmFoco_16-10.jpg","contentUrl":"https:\/\/www.em.com.br\/emfoco\/wp-content\/uploads\/2026\/04\/EmFoco_16-10.jpg","width":1280,"height":720,"caption":"Integra\u00e7\u00e3o de sistemas permite penhora imediata de ativos digitais para quita\u00e7\u00e3o de d\u00edvidas"},{"@type":"BreadcrumbList","@id":"https:\/\/www.em.com.br\/emfoco\/2026\/04\/30\/e-oficial-governo-preve-bloqueio-de-carteiras-digitais-de-usuarios-listados-em-banco-de-dados-e-medida-gera-alerta\/#breadcrumb","itemListElement":[{"@type":"ListItem","position":1,"name":"In\u00edcio","item":"https:\/\/www.em.com.br\/emfoco\/"},{"@type":"ListItem","position":2,"name":"\u00c9 oficial governo prev\u00ea bloqueio de carteiras digitais de usu\u00e1rios listados em banco de dados e medida gera alerta"}]},{"@type":"WebSite","@id":"https:\/\/www.em.com.br\/emfoco\/#website","url":"https:\/\/www.em.com.br\/emfoco\/","name":"Estado de Minas - Em foco","description":"Acompanhe as \u00faltimas not\u00edcias e fique bem informado sobre tudo o que acontece em Minas Gerais, Brasil e no mundo.","potentialAction":[{"@type":"SearchAction","target":{"@type":"EntryPoint","urlTemplate":"https:\/\/www.em.com.br\/emfoco\/?s={search_term_string}"},"query-input":{"@type":"PropertyValueSpecification","valueRequired":true,"valueName":"search_term_string"}}],"inLanguage":"pt-BR"},{"@type":"Person","@id":"https:\/\/www.em.com.br\/emfoco\/#\/schema\/person\/5379e929a4b966c775d121e23f9bb421","name":"Guilherme Ara\u00fajo","image":{"@type":"ImageObject","inLanguage":"pt-BR","@id":"https:\/\/www.em.com.br\/emfoco\/#\/schema\/person\/image\/","url":"https:\/\/secure.gravatar.com\/avatar\/b8bf1fd0130e170bd8f5d7298dbafa25?s=96&d=mm&r=g","contentUrl":"https:\/\/secure.gravatar.com\/avatar\/b8bf1fd0130e170bd8f5d7298dbafa25?s=96&d=mm&r=g","caption":"Guilherme Ara\u00fajo"},"sameAs":["https:\/\/www.em.com.br\/emfoco"],"url":"https:\/\/www.em.com.br\/emfoco\/author\/guilhermeamyth\/"}]}},"_links":{"self":[{"href":"https:\/\/www.em.com.br\/emfoco\/wp-json\/wp\/v2\/posts\/201386","targetHints":{"allow":["GET"]}}],"collection":[{"href":"https:\/\/www.em.com.br\/emfoco\/wp-json\/wp\/v2\/posts"}],"about":[{"href":"https:\/\/www.em.com.br\/emfoco\/wp-json\/wp\/v2\/types\/post"}],"author":[{"embeddable":true,"href":"https:\/\/www.em.com.br\/emfoco\/wp-json\/wp\/v2\/users\/30"}],"replies":[{"embeddable":true,"href":"https:\/\/www.em.com.br\/emfoco\/wp-json\/wp\/v2\/comments?post=201386"}],"version-history":[{"count":6,"href":"https:\/\/www.em.com.br\/emfoco\/wp-json\/wp\/v2\/posts\/201386\/revisions"}],"predecessor-version":[{"id":201575,"href":"https:\/\/www.em.com.br\/emfoco\/wp-json\/wp\/v2\/posts\/201386\/revisions\/201575"}],"wp:featuredmedia":[{"embeddable":true,"href":"https:\/\/www.em.com.br\/emfoco\/wp-json\/wp\/v2\/media\/201597"}],"wp:attachment":[{"href":"https:\/\/www.em.com.br\/emfoco\/wp-json\/wp\/v2\/media?parent=201386"}],"wp:term":[{"taxonomy":"category","embeddable":true,"href":"https:\/\/www.em.com.br\/emfoco\/wp-json\/wp\/v2\/categories?post=201386"},{"taxonomy":"post_tag","embeddable":true,"href":"https:\/\/www.em.com.br\/emfoco\/wp-json\/wp\/v2\/tags?post=201386"}],"curies":[{"name":"wp","href":"https:\/\/api.w.org\/{rel}","templated":true}]}}