{"id":201378,"date":"2026-05-03T09:35:00","date_gmt":"2026-05-03T12:35:00","guid":{"rendered":"https:\/\/www.em.com.br\/emfoco\/?p=201378"},"modified":"2026-05-02T15:40:17","modified_gmt":"2026-05-02T18:40:17","slug":"glicacao-da-pele-explica-como-o-excesso-de-acucar-pode-afetar-o-colageno","status":"publish","type":"post","link":"https:\/\/www.em.com.br\/emfoco\/2026\/05\/03\/glicacao-da-pele-explica-como-o-excesso-de-acucar-pode-afetar-o-colageno\/","title":{"rendered":"Glica\u00e7\u00e3o da pele explica como o excesso de a\u00e7\u00facar pode afetar o col\u00e1geno"},"content":{"rendered":"\n<p>O debate sobre se o <strong>a\u00e7\u00facar<\/strong> realmente prejudica o col\u00e1geno da pele costuma aparecer em redes sociais, consult\u00f3rios e conversas informais. A ideia de que cada sobremesa se transforma rapidamente em novas rugas chama aten\u00e7\u00e3o, mas n\u00e3o descreve com precis\u00e3o o que ocorre no organismo, pois o processo \u00e9 mais lento, cumulativo e ligado ao estilo de vida como um todo.<\/p>\n\n\n\n<h2 class=\"wp-block-heading\">O que \u00e9 glica\u00e7\u00e3o da pele e por que esse processo importa?<\/h2>\n\n\n\n<p>A nesse assunto \u00e9 <strong>glica\u00e7\u00e3o<\/strong> da pele, uma rea\u00e7\u00e3o em que a\u00e7\u00facares se ligam de forma n\u00e3o enzim\u00e1tica a prote\u00ednas, lip\u00eddios ou outras <a href=\"https:\/\/www.em.com.br\/emfoco\/2026\/04\/28\/10-ervas-medicinais-populares-e-o-que-a-ciencia-realmente-apoia-no-uso-de-cada-uma-delas\/\" target=\"_blank\" rel=\"noreferrer noopener\">mol\u00e9culas<\/a>. Com o tempo, essas rea\u00e7\u00f5es formam os <strong>produtos finais de glica\u00e7\u00e3o avan\u00e7ada<\/strong> (AGEs), que podem alterar a estrutura e o funcionamento de diversos tecidos, incluindo a pele.<\/p>\n\n\n\n<p>No tecido cut\u00e2neo, <strong>col\u00e1geno<\/strong> e elastina s\u00e3o alvos frequentes porque possuem vida longa e acumulam AGEs quando h\u00e1 exposi\u00e7\u00e3o repetida a n\u00edveis elevados de glicose. Isso torna a matriz d\u00e9rmica mais r\u00edgida, menos flex\u00edvel e com menor capacidade de reparo, o que se traduz em pele com menor elasticidade, mais propensa a marcas, vincos e perda de vi\u00e7o ao longo dos anos.<\/p>\n\n\n\n<figure class=\"wp-block-image size-large\"><img loading=\"lazy\" decoding=\"async\" width=\"1024\" height=\"576\" src=\"https:\/\/www.em.com.br\/emfoco\/wp-content\/uploads\/2026\/05\/Texto-do-seu-paragrafo-2026-04-29T143323.603-1024x576.jpg\" alt=\"Glica\u00e7\u00e3o da pele explica como o excesso de a\u00e7\u00facar pode afetar o col\u00e1geno\" class=\"wp-image-201390\" srcset=\"https:\/\/www.em.com.br\/emfoco\/wp-content\/uploads\/2026\/05\/Texto-do-seu-paragrafo-2026-04-29T143323.603-1024x576.jpg 1024w, https:\/\/www.em.com.br\/emfoco\/wp-content\/uploads\/2026\/05\/Texto-do-seu-paragrafo-2026-04-29T143323.603-300x169.jpg 300w, https:\/\/www.em.com.br\/emfoco\/wp-content\/uploads\/2026\/05\/Texto-do-seu-paragrafo-2026-04-29T143323.603-768x432.jpg 768w, https:\/\/www.em.com.br\/emfoco\/wp-content\/uploads\/2026\/05\/Texto-do-seu-paragrafo-2026-04-29T143323.603-750x422.jpg 750w, https:\/\/www.em.com.br\/emfoco\/wp-content\/uploads\/2026\/05\/Texto-do-seu-paragrafo-2026-04-29T143323.603-1140x641.jpg 1140w, https:\/\/www.em.com.br\/emfoco\/wp-content\/uploads\/2026\/05\/Texto-do-seu-paragrafo-2026-04-29T143323.603.jpg 1280w\" sizes=\"auto, (max-width: 1024px) 100vw, 1024px\" \/><figcaption class=\"wp-element-caption\">A\u00e7\u00facar e col\u00e1geno t\u00eam rela\u00e7\u00e3o, mas o envelhecimento da pele vai al\u00e9m do doce<\/figcaption><\/figure>\n\n\n\n<h2 class=\"wp-block-heading\">O a\u00e7\u00facar destr\u00f3i o col\u00e1geno da pele de forma direta?<\/h2>\n\n\n\n<p>A express\u00e3o <strong>a\u00e7\u00facar<\/strong> e col\u00e1geno costuma ser usada de forma simplificada e alarmista. As evid\u00eancias n\u00e3o indicam que uma ingest\u00e3o pontual de doce seja capaz de \u201cdestruir\u201d o col\u00e1geno de forma imediata, mas sim que a <a href=\"https:\/\/www.em.com.br\/emfoco\/2026\/04\/28\/madeira-resistente-a-cupim-depende-menos-do-nome-e-mais-do-tratamento-certo-na-pratica\/\" target=\"_blank\" rel=\"noreferrer noopener\">exposi\u00e7\u00e3o <\/a>cr\u00f4nica a altos n\u00edveis de glicose favorece a forma\u00e7\u00e3o de AGEs e altera\u00e7\u00f5es estruturais graduais na derme.<\/p>\n\n\n\n<p>Estudos em humanos mostram n\u00edveis mais elevados de AGEs em pessoas com envelhecimento cut\u00e2neo acentuado e desbalan\u00e7o glic\u00eamico, mas isol\u00e1-los como efeito exclusivo do <strong>a\u00e7\u00facar<\/strong> de mesa ainda n\u00e3o \u00e9 poss\u00edvel. O que pesa mais \u00e9 o <strong>padr\u00e3o alimentar<\/strong> de longo prazo, associado a fatores como inflama\u00e7\u00e3o sist\u00eamica e estresse oxidativo, e n\u00e3o um alimento isolado consumido em um dia espec\u00edfico.<\/p>\n\n\n\n<h2 class=\"wp-block-heading\">Como os AGEs da dieta e o modo de preparo dos alimentos influenciam a pele?<\/h2>\n\n\n\n<p>Quando se fala em AGEs e pele, n\u00e3o se trata apenas dos compostos produzidos internamente pelo organismo. Os <strong>AGEs diet\u00e9ticos<\/strong>, formados sobretudo em preparos submetidos a calor alto e seco, tamb\u00e9m entram na conta e podem ser parcialmente absorvidos pelo trato digestivo, somando-se \u00e0 carga total de glica\u00e7\u00e3o.<\/p>\n\n\n\n<p>Para quem busca reduzir a ingest\u00e3o de AGEs na rotina, algumas escolhas culin\u00e1rias podem ser \u00fateis e se encaixam em um padr\u00e3o alimentar mais protetor para o col\u00e1geno e a elastina:<\/p>\n\n\n\n<ul class=\"wp-block-list\">\n<li>Preferir cozimento em \u00e1gua, vapor ou <strong>ensopados<\/strong> em vez de frituras frequentes;<\/li>\n\n\n\n<li>Evitar que carnes, queijos e p\u00e3es fiquem excessivamente <strong>tostados<\/strong> ou queimados;<\/li>\n\n\n\n<li>Reduzir o consumo de <strong>ultraprocessados<\/strong> ricos em gordura, a\u00e7\u00facar e aditivos;<\/li>\n\n\n\n<li>Incluir alimentos <strong>antioxidantes<\/strong>, como frutas, legumes, verduras e gr\u00e3os integrais.<\/li>\n<\/ul>\n\n\n\n<p>Conte\u00fado do canal <strong>Sem Filtro | Borchardt<\/strong>, com mais de 561 mil de inscritos e cerca de 9.4 mil de visualiza\u00e7\u00f5es:<\/p>\n\n\n\n<figure class=\"wp-block-embed is-type-video is-provider-youtube wp-block-embed-youtube wp-embed-aspect-16-9 wp-has-aspect-ratio\"><div class=\"wp-block-embed__wrapper\">\n<div class=\"jeg_video_container jeg_video_content\"><iframe loading=\"lazy\" title=\"Dermato Explica: O a\u00e7\u00facar realmente DESTR\u00d3I o col\u00e1geno da pele?\" width=\"500\" height=\"281\" src=\"https:\/\/www.youtube.com\/embed\/nzrcKMfPU3c?feature=oembed\" frameborder=\"0\" allow=\"accelerometer; autoplay; clipboard-write; encrypted-media; gyroscope; picture-in-picture; web-share\" referrerpolicy=\"strict-origin-when-cross-origin\" allowfullscreen><\/iframe><\/div>\n<\/div><\/figure>\n\n\n\n<h2 class=\"wp-block-heading\">Como a carga glic\u00eamica da dieta se relaciona com acne?<\/h2>\n\n\n\n<p>Quando o assunto \u00e9 acne, a discuss\u00e3o sobre a\u00e7\u00facar e pele envolve principalmente a <strong>carga glic\u00eamica<\/strong> da dieta. Alimentos que elevam rapidamente a glicose sangu\u00ednea tendem a estimular picos de insulina e IGF-1, horm\u00f4nios ligados ao aumento da produ\u00e7\u00e3o de sebo e \u00e0 prolifera\u00e7\u00e3o de c\u00e9lulas na unidade pilosseb\u00e1cea.<\/p>\n\n\n\n<p>Ensaios cl\u00ednicos e estudos observacionais sugerem associa\u00e7\u00e3o entre dietas de alta carga glic\u00eamica e piora da <strong>acne<\/strong> em adolescentes e adultos jovens. Em contrapartida, card\u00e1pios com mais fibras, prote\u00ednas magras e gorduras de boa qualidade parecem favorecer melhor controle da oleosidade e da inflama\u00e7\u00e3o cut\u00e2nea, embora gen\u00e9tica, horm\u00f4nios e cosm\u00e9ticos tamb\u00e9m tenham papel relevante.<\/p>\n\n\n\n<h2 class=\"wp-block-heading\">Quais fatores t\u00eam maior impacto no envelhecimento da pele?<\/h2>\n\n\n\n<p>Ao analisar o envelhecimento da pele, a pesquisa mostra que a glica\u00e7\u00e3o e o consumo exagerado de a\u00e7\u00facar s\u00e3o apenas parte de um conjunto de influ\u00eancias. A derme responde ao <strong>estilo de vida<\/strong> ao longo de anos, e fatores <a href=\"https:\/\/www.gov.br\/saude\/pt-br\/assuntos\/saude-brasil\/eu-quero-me-alimentar-melhor\/noticias\/2018\/cuidado-com-alimentos-que-tem-muito-acucar-e-nem-parecem\" target=\"_blank\" rel=\"noreferrer noopener\">ambientais <\/a>costumam ter peso t\u00e3o grande quanto, ou maior do que, a dieta isoladamente.<\/p>\n\n\n\n<p>Entre os elementos mais citados em revis\u00f5es cient\u00edficas est\u00e3o a <strong>radia\u00e7\u00e3o ultravioleta<\/strong>, o tabagismo, a inflama\u00e7\u00e3o sist\u00eamica, o descontrole glic\u00eamico, o estresse cr\u00f4nico, a priva\u00e7\u00e3o de sono e a falta de cuidados b\u00e1sicos como protetor solar e hidrata\u00e7\u00e3o. Assim, a combina\u00e7\u00e3o de prote\u00e7\u00e3o solar di\u00e1ria, alimenta\u00e7\u00e3o equilibrada e controle metab\u00f3lico tende a preservar melhor o <strong>col\u00e1geno<\/strong> do que simplesmente eliminar todas as sobremesas da rotina.<\/p>\n","protected":false},"excerpt":{"rendered":"<p>O debate sobre se o a\u00e7\u00facar realmente prejudica o col\u00e1geno da pele costuma aparecer em redes sociais, consult\u00f3rios e conversas informais. A ideia de que cada sobremesa se transforma rapidamente em novas rugas chama aten\u00e7\u00e3o, mas n\u00e3o descreve com precis\u00e3o o que ocorre no organismo, pois o processo \u00e9 mais lento, cumulativo e ligado ao [&hellip;]<\/p>\n","protected":false},"author":15,"featured_media":203343,"comment_status":"open","ping_status":"open","sticky":false,"template":"","format":"standard","meta":{"jnews-multi-image_gallery":[],"jnews_single_post":{"format":"standard"},"jnews_primary_category":[],"jnews_social_meta":[],"jnews_override_counter":[],"footnotes":""},"categories":[8819],"tags":[711,327,415],"class_list":["post-201378","post","type-post","status-publish","format-standard","has-post-thumbnail","hentry","category-curiosidades","tag-bem-estar","tag-qualidade-de-vida","tag-saude"],"yoast_head":"<!-- This site is optimized with the Yoast SEO plugin v23.8 - https:\/\/yoast.com\/wordpress\/plugins\/seo\/ -->\n<title>Glica\u00e7\u00e3o da pele explica como o excesso de a\u00e7\u00facar pode afetar o col\u00e1geno - Estado de Minas - Em foco<\/title>\n<meta name=\"description\" content=\"A\u00e7\u00facar e col\u00e1geno t\u00eam rela\u00e7\u00e3o pela glica\u00e7\u00e3o da pele, mas o envelhecimento cut\u00e2neo envolve sol, inflama\u00e7\u00e3o, h\u00e1bitos e excesso ao longo\" \/>\n<meta name=\"robots\" content=\"index, follow, max-snippet:-1, max-image-preview:large, max-video-preview:-1\" \/>\n<link rel=\"canonical\" href=\"https:\/\/www.em.com.br\/emfoco\/2026\/05\/03\/glicacao-da-pele-explica-como-o-excesso-de-acucar-pode-afetar-o-colageno\/\" \/>\n<meta property=\"og:locale\" content=\"pt_BR\" \/>\n<meta property=\"og:type\" content=\"article\" \/>\n<meta property=\"og:title\" content=\"Glica\u00e7\u00e3o da pele explica como o excesso de a\u00e7\u00facar pode afetar o col\u00e1geno - Estado de Minas - Em foco\" \/>\n<meta property=\"og:description\" content=\"A\u00e7\u00facar e col\u00e1geno t\u00eam rela\u00e7\u00e3o pela glica\u00e7\u00e3o da pele, mas o envelhecimento cut\u00e2neo envolve sol, inflama\u00e7\u00e3o, h\u00e1bitos e excesso ao longo\" \/>\n<meta property=\"og:url\" content=\"https:\/\/www.em.com.br\/emfoco\/2026\/05\/03\/glicacao-da-pele-explica-como-o-excesso-de-acucar-pode-afetar-o-colageno\/\" \/>\n<meta property=\"og:site_name\" content=\"Estado de Minas - Em foco\" \/>\n<meta property=\"article:published_time\" content=\"2026-05-03T12:35:00+00:00\" \/>\n<meta property=\"article:modified_time\" content=\"2026-05-02T18:40:17+00:00\" \/>\n<meta property=\"og:image\" content=\"https:\/\/www.em.com.br\/emfoco\/wp-content\/uploads\/2026\/05\/EmFoco_01-2.jpg\" \/>\n\t<meta property=\"og:image:width\" content=\"1280\" \/>\n\t<meta property=\"og:image:height\" content=\"720\" \/>\n\t<meta property=\"og:image:type\" content=\"image\/jpeg\" \/>\n<meta name=\"author\" content=\"Douglas Myth\" \/>\n<meta name=\"twitter:card\" content=\"summary_large_image\" \/>\n<meta name=\"twitter:label1\" content=\"Escrito por\" \/>\n\t<meta name=\"twitter:data1\" content=\"Douglas Myth\" \/>\n\t<meta name=\"twitter:label2\" content=\"Est. tempo de leitura\" \/>\n\t<meta name=\"twitter:data2\" content=\"5 minutos\" \/>\n<!-- \/ Yoast SEO plugin. -->","yoast_head_json":{"title":"Glica\u00e7\u00e3o da pele explica como o excesso de a\u00e7\u00facar pode afetar o col\u00e1geno - Estado de Minas - Em foco","description":"A\u00e7\u00facar e col\u00e1geno t\u00eam rela\u00e7\u00e3o pela glica\u00e7\u00e3o da pele, mas o envelhecimento cut\u00e2neo envolve sol, inflama\u00e7\u00e3o, h\u00e1bitos e excesso ao longo","robots":{"index":"index","follow":"follow","max-snippet":"max-snippet:-1","max-image-preview":"max-image-preview:large","max-video-preview":"max-video-preview:-1"},"canonical":"https:\/\/www.em.com.br\/emfoco\/2026\/05\/03\/glicacao-da-pele-explica-como-o-excesso-de-acucar-pode-afetar-o-colageno\/","og_locale":"pt_BR","og_type":"article","og_title":"Glica\u00e7\u00e3o da pele explica como o excesso de a\u00e7\u00facar pode afetar o col\u00e1geno - Estado de Minas - Em foco","og_description":"A\u00e7\u00facar e col\u00e1geno t\u00eam rela\u00e7\u00e3o pela glica\u00e7\u00e3o da pele, mas o envelhecimento cut\u00e2neo envolve sol, inflama\u00e7\u00e3o, h\u00e1bitos e excesso ao longo","og_url":"https:\/\/www.em.com.br\/emfoco\/2026\/05\/03\/glicacao-da-pele-explica-como-o-excesso-de-acucar-pode-afetar-o-colageno\/","og_site_name":"Estado de Minas - Em foco","article_published_time":"2026-05-03T12:35:00+00:00","article_modified_time":"2026-05-02T18:40:17+00:00","og_image":[{"width":1280,"height":720,"url":"https:\/\/www.em.com.br\/emfoco\/wp-content\/uploads\/2026\/05\/EmFoco_01-2.jpg","type":"image\/jpeg"}],"author":"Douglas Myth","twitter_card":"summary_large_image","twitter_misc":{"Escrito por":"Douglas Myth","Est. tempo de leitura":"5 minutos"},"schema":{"@context":"https:\/\/schema.org","@graph":[{"@type":"WebPage","@id":"https:\/\/www.em.com.br\/emfoco\/2026\/05\/03\/glicacao-da-pele-explica-como-o-excesso-de-acucar-pode-afetar-o-colageno\/","url":"https:\/\/www.em.com.br\/emfoco\/2026\/05\/03\/glicacao-da-pele-explica-como-o-excesso-de-acucar-pode-afetar-o-colageno\/","name":"Glica\u00e7\u00e3o da pele explica como o excesso de a\u00e7\u00facar pode afetar o col\u00e1geno - Estado de Minas - Em foco","isPartOf":{"@id":"https:\/\/www.em.com.br\/emfoco\/#website"},"primaryImageOfPage":{"@id":"https:\/\/www.em.com.br\/emfoco\/2026\/05\/03\/glicacao-da-pele-explica-como-o-excesso-de-acucar-pode-afetar-o-colageno\/#primaryimage"},"image":{"@id":"https:\/\/www.em.com.br\/emfoco\/2026\/05\/03\/glicacao-da-pele-explica-como-o-excesso-de-acucar-pode-afetar-o-colageno\/#primaryimage"},"thumbnailUrl":"https:\/\/www.em.com.br\/emfoco\/wp-content\/uploads\/2026\/05\/EmFoco_01-2.jpg","datePublished":"2026-05-03T12:35:00+00:00","dateModified":"2026-05-02T18:40:17+00:00","author":{"@id":"https:\/\/www.em.com.br\/emfoco\/#\/schema\/person\/bba594b7eebe9b9885fec3a5c7837089"},"description":"A\u00e7\u00facar e col\u00e1geno t\u00eam rela\u00e7\u00e3o pela glica\u00e7\u00e3o da pele, mas o envelhecimento cut\u00e2neo envolve sol, inflama\u00e7\u00e3o, h\u00e1bitos e excesso ao longo","breadcrumb":{"@id":"https:\/\/www.em.com.br\/emfoco\/2026\/05\/03\/glicacao-da-pele-explica-como-o-excesso-de-acucar-pode-afetar-o-colageno\/#breadcrumb"},"inLanguage":"pt-BR","potentialAction":[{"@type":"ReadAction","target":["https:\/\/www.em.com.br\/emfoco\/2026\/05\/03\/glicacao-da-pele-explica-como-o-excesso-de-acucar-pode-afetar-o-colageno\/"]}]},{"@type":"ImageObject","inLanguage":"pt-BR","@id":"https:\/\/www.em.com.br\/emfoco\/2026\/05\/03\/glicacao-da-pele-explica-como-o-excesso-de-acucar-pode-afetar-o-colageno\/#primaryimage","url":"https:\/\/www.em.com.br\/emfoco\/wp-content\/uploads\/2026\/05\/EmFoco_01-2.jpg","contentUrl":"https:\/\/www.em.com.br\/emfoco\/wp-content\/uploads\/2026\/05\/EmFoco_01-2.jpg","width":1280,"height":720,"caption":"Glica\u00e7\u00e3o avan\u00e7ada altera a estrutura do col\u00e1geno e acelera o envelhecimento cut\u00e2neo"},{"@type":"BreadcrumbList","@id":"https:\/\/www.em.com.br\/emfoco\/2026\/05\/03\/glicacao-da-pele-explica-como-o-excesso-de-acucar-pode-afetar-o-colageno\/#breadcrumb","itemListElement":[{"@type":"ListItem","position":1,"name":"In\u00edcio","item":"https:\/\/www.em.com.br\/emfoco\/"},{"@type":"ListItem","position":2,"name":"Glica\u00e7\u00e3o da pele explica como o excesso de a\u00e7\u00facar pode afetar o col\u00e1geno"}]},{"@type":"WebSite","@id":"https:\/\/www.em.com.br\/emfoco\/#website","url":"https:\/\/www.em.com.br\/emfoco\/","name":"Estado de Minas - Em foco","description":"Acompanhe as \u00faltimas not\u00edcias e fique bem informado sobre tudo o que acontece em Minas Gerais, Brasil e no mundo.","potentialAction":[{"@type":"SearchAction","target":{"@type":"EntryPoint","urlTemplate":"https:\/\/www.em.com.br\/emfoco\/?s={search_term_string}"},"query-input":{"@type":"PropertyValueSpecification","valueRequired":true,"valueName":"search_term_string"}}],"inLanguage":"pt-BR"},{"@type":"Person","@id":"https:\/\/www.em.com.br\/emfoco\/#\/schema\/person\/bba594b7eebe9b9885fec3a5c7837089","name":"Douglas Myth","image":{"@type":"ImageObject","inLanguage":"pt-BR","@id":"https:\/\/www.em.com.br\/emfoco\/#\/schema\/person\/image\/","url":"https:\/\/secure.gravatar.com\/avatar\/1ac3cf50d0e68642c697dc0c960c802f?s=96&d=mm&r=g","contentUrl":"https:\/\/secure.gravatar.com\/avatar\/1ac3cf50d0e68642c697dc0c960c802f?s=96&d=mm&r=g","caption":"Douglas Myth"},"url":"https:\/\/www.em.com.br\/emfoco\/author\/douglasmyth\/"}]}},"_links":{"self":[{"href":"https:\/\/www.em.com.br\/emfoco\/wp-json\/wp\/v2\/posts\/201378","targetHints":{"allow":["GET"]}}],"collection":[{"href":"https:\/\/www.em.com.br\/emfoco\/wp-json\/wp\/v2\/posts"}],"about":[{"href":"https:\/\/www.em.com.br\/emfoco\/wp-json\/wp\/v2\/types\/post"}],"author":[{"embeddable":true,"href":"https:\/\/www.em.com.br\/emfoco\/wp-json\/wp\/v2\/users\/15"}],"replies":[{"embeddable":true,"href":"https:\/\/www.em.com.br\/emfoco\/wp-json\/wp\/v2\/comments?post=201378"}],"version-history":[{"count":2,"href":"https:\/\/www.em.com.br\/emfoco\/wp-json\/wp\/v2\/posts\/201378\/revisions"}],"predecessor-version":[{"id":201392,"href":"https:\/\/www.em.com.br\/emfoco\/wp-json\/wp\/v2\/posts\/201378\/revisions\/201392"}],"wp:featuredmedia":[{"embeddable":true,"href":"https:\/\/www.em.com.br\/emfoco\/wp-json\/wp\/v2\/media\/203343"}],"wp:attachment":[{"href":"https:\/\/www.em.com.br\/emfoco\/wp-json\/wp\/v2\/media?parent=201378"}],"wp:term":[{"taxonomy":"category","embeddable":true,"href":"https:\/\/www.em.com.br\/emfoco\/wp-json\/wp\/v2\/categories?post=201378"},{"taxonomy":"post_tag","embeddable":true,"href":"https:\/\/www.em.com.br\/emfoco\/wp-json\/wp\/v2\/tags?post=201378"}],"curies":[{"name":"wp","href":"https:\/\/api.w.org\/{rel}","templated":true}]}}