{"id":201374,"date":"2026-04-30T11:55:00","date_gmt":"2026-04-30T14:55:00","guid":{"rendered":"https:\/\/www.em.com.br\/emfoco\/?p=201374"},"modified":"2026-04-29T16:37:29","modified_gmt":"2026-04-29T19:37:29","slug":"adeus-a-lei-da-habitacao-regra-permite-que-inquilinos-fiquem-no-imovel-por-tempo-indeterminado","status":"publish","type":"post","link":"https:\/\/www.em.com.br\/emfoco\/2026\/04\/30\/adeus-a-lei-da-habitacao-regra-permite-que-inquilinos-fiquem-no-imovel-por-tempo-indeterminado\/","title":{"rendered":"Adeus \u00e0 lei da habita\u00e7\u00e3o, regra permite que inquilinos fiquem no im\u00f3vel por tempo indeterminado"},"content":{"rendered":"\n<p>Muitos propriet\u00e1rios e locat\u00e1rios desconhecem os detalhes da <strong>lei da habita\u00e7\u00e3o<\/strong> no Brasil, especificamente sobre a prorroga\u00e7\u00e3o autom\u00e1tica de contratos. Esse mecanismo jur\u00eddico pode transformar um aluguel tempor\u00e1rio em uma perman\u00eancia de longo prazo sem aviso pr\u00e9vio.<\/p>\n\n\n\n<h2 class=\"wp-block-heading\">Como funciona a prorroga\u00e7\u00e3o por tempo indeterminado?<\/h2>\n\n\n\n<p>De acordo com a legisla\u00e7\u00e3o vigente em <strong>2026<\/strong>, se um contrato residencial chega ao fim e o morador permanece no local por mais de <strong>30 dias<\/strong> sem oposi\u00e7\u00e3o, a loca\u00e7\u00e3o \u00e9 prorrogada. A <strong>lei da habita\u00e7\u00e3o<\/strong> estabelece que, nesse cen\u00e1rio, todas as cl\u00e1usulas originais do documento continuam valendo.<\/p>\n\n\n\n<p>Essa mudan\u00e7a ocorre de forma silenciosa e autom\u00e1tica. A partir do momento em que o prazo se torna indeterminado, o inquilino ganha o direito de permanecer no im\u00f3vel, sendo que qualquer uma das partes pode solicitar o encerramento da rela\u00e7\u00e3o desde que ofere\u00e7a um aviso pr\u00e9vio de <strong>30 dias<\/strong>.<\/p>\n\n\n<div class=\"wp-block-image\">\n<figure class=\"aligncenter size-large\"><img loading=\"lazy\" decoding=\"async\" width=\"1024\" height=\"576\" src=\"https:\/\/www.em.com.br\/emfoco\/wp-content\/uploads\/2026\/04\/imivel_1777491858958-1-1024x576.jpg\" alt=\"Cr\u00e9ditos: depositphotos.com \/ .shock\" class=\"wp-image-201517\" srcset=\"https:\/\/www.em.com.br\/emfoco\/wp-content\/uploads\/2026\/04\/imivel_1777491858958-1-1024x576.jpg 1024w, https:\/\/www.em.com.br\/emfoco\/wp-content\/uploads\/2026\/04\/imivel_1777491858958-1-300x169.jpg 300w, https:\/\/www.em.com.br\/emfoco\/wp-content\/uploads\/2026\/04\/imivel_1777491858958-1-768x432.jpg 768w, https:\/\/www.em.com.br\/emfoco\/wp-content\/uploads\/2026\/04\/imivel_1777491858958-1-750x422.jpg 750w, https:\/\/www.em.com.br\/emfoco\/wp-content\/uploads\/2026\/04\/imivel_1777491858958-1-1140x641.jpg 1140w, https:\/\/www.em.com.br\/emfoco\/wp-content\/uploads\/2026\/04\/imivel_1777491858958-1.jpg 1280w\" sizes=\"auto, (max-width: 1024px) 100vw, 1024px\" \/><figcaption class=\"wp-element-caption\">Nova interpreta\u00e7\u00e3o jur\u00eddica suspende prazos de desocupa\u00e7\u00e3o e garante perman\u00eancia de moradores &#8211; Cr\u00e9ditos: depositphotos.com \/ .shock<\/figcaption><\/figure><\/div>\n\n\n<h2 class=\"wp-block-heading\">O propriet\u00e1rio pode retomar o im\u00f3vel a qualquer momento?<\/h2>\n\n\n\n<p>A retomada depende diretamente do prazo inicial estabelecido no contrato assinado. Se o documento original foi firmado por um per\u00edodo inferior a <strong>30 meses<\/strong>, a <strong>lei da habita\u00e7\u00e3o<\/strong> imp\u00f5e barreiras severas ao locador ap\u00f3s a prorroga\u00e7\u00e3o autom\u00e1tica, protegendo a estabilidade do morador.<\/p>\n\n\n\n<p>Nesses casos, o dono da propriedade s\u00f3 pode exigir a sa\u00edda do inquilino sem uma justificativa espec\u00edfica ap\u00f3s <strong>cinco anos<\/strong> de ocupa\u00e7\u00e3o cont\u00ednua. Antes desse prazo, a retomada s\u00f3 \u00e9 permitida por motivos graves, como a necessidade de uso pr\u00f3prio ou para obras urgentes determinadas pelo poder p\u00fablico no <strong>Brasil<\/strong>.<\/p>\n\n\n\n<h2 class=\"wp-block-heading\">Quais s\u00e3o as regras para contratos de 30 meses?<\/h2>\n\n\n\n<p>Para evitar que o propriet\u00e1rio fique com as m\u00e3os atadas, o mercado imobili\u00e1rio brasileiro costuma utilizar contratos com dura\u00e7\u00e3o de <strong>30 meses<\/strong> ou mais. Essa estrat\u00e9gia jur\u00eddica facilita a chamada den\u00fancia vazia, que \u00e9 a retomada do bem sem a necessidade de apresentar uma motiva\u00e7\u00e3o judicial complexa.<\/p>\n\n\n\n<p>Ao t\u00e9rmino desses <strong>30 meses<\/strong>, se o contrato passar a valer por tempo indeterminado, o locador pode solicitar o im\u00f3vel a qualquer instante. Essa diferencia\u00e7\u00e3o \u00e9 um pilar da <a href=\"https:\/\/pt.wikipedia.org\/wiki\/Lei_do_Inquilinato\" target=\"_blank\" rel=\"noreferrer noopener\">Lei do Inquilinato<\/a>, garantindo seguran\u00e7a jur\u00eddica para quem investe no setor de loca\u00e7\u00f5es residenciais ou comerciais.<\/p>\n\n\n<div class=\"wp-block-image\">\n<figure class=\"aligncenter size-large\"><img loading=\"lazy\" decoding=\"async\" width=\"1024\" height=\"576\" src=\"https:\/\/www.em.com.br\/emfoco\/wp-content\/uploads\/2026\/04\/imivel_1777491869174-1-1024x576.jpg\" alt=\"Cr\u00e9ditos: depositphotos.com \/ Kryzhov\" class=\"wp-image-201522\" srcset=\"https:\/\/www.em.com.br\/emfoco\/wp-content\/uploads\/2026\/04\/imivel_1777491869174-1-1024x576.jpg 1024w, https:\/\/www.em.com.br\/emfoco\/wp-content\/uploads\/2026\/04\/imivel_1777491869174-1-300x169.jpg 300w, https:\/\/www.em.com.br\/emfoco\/wp-content\/uploads\/2026\/04\/imivel_1777491869174-1-768x432.jpg 768w, https:\/\/www.em.com.br\/emfoco\/wp-content\/uploads\/2026\/04\/imivel_1777491869174-1-750x422.jpg 750w, https:\/\/www.em.com.br\/emfoco\/wp-content\/uploads\/2026\/04\/imivel_1777491869174-1-1140x641.jpg 1140w, https:\/\/www.em.com.br\/emfoco\/wp-content\/uploads\/2026\/04\/imivel_1777491869174-1.jpg 1280w\" sizes=\"auto, (max-width: 1024px) 100vw, 1024px\" \/><figcaption class=\"wp-element-caption\">Fim da obrigatoriedade de sa\u00edda permite que quem reside no im\u00f3vel estenda o contrato sem prazo final &#8211; Cr\u00e9ditos: depositphotos.com \/ Kryzhov<\/figcaption><\/figure><\/div>\n\n\n<h2 class=\"wp-block-heading\">O que mudou com as atualiza\u00e7\u00f5es de 2025?<\/h2>\n\n\n\n<p>As modifica\u00e7\u00f5es mais recentes na <strong>lei da habita\u00e7\u00e3o<\/strong> focaram na prote\u00e7\u00e3o de grupos em situa\u00e7\u00e3o de vulnerabilidade social. Inquilinos que enfrentam doen\u00e7as graves, desemprego involunt\u00e1rio ou situa\u00e7\u00f5es de viol\u00eancia dom\u00e9stica ganharam o direito de rescindir contratos sem o pagamento de multas pesadas.<\/p>\n\n\n\n<p>Al\u00e9m disso, a obrigatoriedade de formaliza\u00e7\u00e3o por escrito tornou-se ainda mais r\u00edgida. Dados da <a href=\"https:\/\/www.planalto.gov.br\/ccivil_03\/leis\/l8245.htm\" target=\"_blank\" rel=\"noreferrer noopener\">Presid\u00eancia da Rep\u00fablica<\/a> mostram que a transpar\u00eancia nos processos de despejo foi aprimorada, estabelecendo prazos claros para a desocupa\u00e7\u00e3o for\u00e7ada em casos de inadimpl\u00eancia severa.<\/p>\n\n\n\n<p>Confira os pontos essenciais para evitar problemas contratuais:<\/p>\n\n\n\n<ul class=\"wp-block-list\">\n<li><strong>Prazo contratual:<\/strong> Opte por <strong>30 meses<\/strong> se deseja ter facilidade na retomada futura.<\/li>\n\n\n\n<li><strong>Notifica\u00e7\u00e3o formal:<\/strong> Manifeste oposi\u00e7\u00e3o \u00e0 perman\u00eancia do inquilino dentro dos primeiros <strong>30 dias<\/strong> ap\u00f3s o vencimento.<\/li>\n\n\n\n<li><strong>Reajuste anual:<\/strong> O valor deve seguir \u00edndices como <strong>IPCA<\/strong> ou <strong>IGP-M<\/strong> conforme pactuado.<\/li>\n\n\n\n<li><strong>Vistoria detalhada:<\/strong> Garante que o estado do im\u00f3vel seja preservado ao final da loca\u00e7\u00e3o.<\/li>\n\n\n\n<li><strong>Garantias locat\u00edcias:<\/strong> Verifique se o dep\u00f3sito ou seguro-fian\u00e7a respeita os limites legais.<\/li>\n<\/ul>\n\n\n\n<p>Leia tamb\u00e9m: <a href=\"https:\/\/www.em.com.br\/emfoco\/2026\/04\/27\/novo-pagamento-do-salario-minimo-de-r-1-92172-ja-foi-aprovado-e-esta-em-vigor-no-brasil\/\" target=\"_blank\" rel=\"noreferrer noopener\">Novo pagamento do sal\u00e1rio m\u00ednimo de R$ 1.921,72 j\u00e1 foi aprovado e est\u00e1 em vigor no Brasil<\/a><\/p>\n\n\n\n<h2 class=\"wp-block-heading\">Como o reajuste do aluguel \u00e9 aplicado em 2026?<\/h2>\n\n\n\n<p>Mesmo em contratos que passaram a valer por tempo indeterminado, o <strong>aumento do valor do aluguel<\/strong> continua ocorrendo anualmente. A <strong>lei da habita\u00e7\u00e3o<\/strong> pro\u00edbe o tabelamento de pre\u00e7os pelo governo, permitindo que a corre\u00e7\u00e3o siga os indicadores de infla\u00e7\u00e3o escolhidos no in\u00edcio da rela\u00e7\u00e3o contratual.<\/p>\n\n\n\n<p>Em <strong>2026<\/strong>, propriet\u00e1rios devem ficar atentos para n\u00e3o aplicar reajustes abusivos fora do ciclo de <strong>12 meses<\/strong>. Manter uma boa comunica\u00e7\u00e3o e formalizar todos os aditivos \u00e9 a maneira mais segura de garantir que a prorroga\u00e7\u00e3o autom\u00e1tica beneficie ambas as partes sem gerar disputas nos tribunais brasileiros.<\/p>\n","protected":false},"excerpt":{"rendered":"<p>Muitos propriet\u00e1rios e locat\u00e1rios desconhecem os detalhes da lei da habita\u00e7\u00e3o no Brasil, especificamente sobre a prorroga\u00e7\u00e3o autom\u00e1tica de contratos. Esse mecanismo jur\u00eddico pode transformar um aluguel tempor\u00e1rio em uma perman\u00eancia de longo prazo sem aviso pr\u00e9vio. Como funciona a prorroga\u00e7\u00e3o por tempo indeterminado? De acordo com a legisla\u00e7\u00e3o vigente em 2026, se um contrato [&hellip;]<\/p>\n","protected":false},"author":30,"featured_media":201605,"comment_status":"open","ping_status":"open","sticky":false,"template":"","format":"standard","meta":{"jnews-multi-image_gallery":[],"jnews_single_post":{"format":"standard"},"jnews_primary_category":[],"jnews_social_meta":[],"jnews_override_counter":[],"footnotes":""},"categories":[28],"tags":[1526,22053,28860,1163],"class_list":["post-201374","post","type-post","status-publish","format-standard","has-post-thumbnail","hentry","category-economia","tag-aluguel","tag-contratos","tag-inquilinato","tag-legislacao"],"yoast_head":"<!-- This site is optimized with the Yoast SEO plugin v23.8 - https:\/\/yoast.com\/wordpress\/plugins\/seo\/ -->\n<title>Adeus \u00e0 lei da habita\u00e7\u00e3o, regra permite que inquilinos fiquem no im\u00f3vel por tempo indeterminado - Estado de Minas - Em foco<\/title>\n<meta name=\"description\" content=\"Entenda a regra que permite inquilinos ficarem no im\u00f3vel por tempo indeterminado. Veja como isso afeta propriet\u00e1rios e locat\u00e1rios.\" \/>\n<meta name=\"robots\" content=\"index, follow, max-snippet:-1, max-image-preview:large, max-video-preview:-1\" \/>\n<link rel=\"canonical\" href=\"https:\/\/www.em.com.br\/emfoco\/2026\/04\/30\/adeus-a-lei-da-habitacao-regra-permite-que-inquilinos-fiquem-no-imovel-por-tempo-indeterminado\/\" \/>\n<meta property=\"og:locale\" content=\"pt_BR\" \/>\n<meta property=\"og:type\" content=\"article\" \/>\n<meta property=\"og:title\" content=\"Adeus \u00e0 lei da habita\u00e7\u00e3o, regra permite que inquilinos fiquem no im\u00f3vel por tempo indeterminado - Estado de Minas - Em foco\" \/>\n<meta property=\"og:description\" content=\"Entenda a regra que permite inquilinos ficarem no im\u00f3vel por tempo indeterminado. Veja como isso afeta propriet\u00e1rios e locat\u00e1rios.\" \/>\n<meta property=\"og:url\" content=\"https:\/\/www.em.com.br\/emfoco\/2026\/04\/30\/adeus-a-lei-da-habitacao-regra-permite-que-inquilinos-fiquem-no-imovel-por-tempo-indeterminado\/\" \/>\n<meta property=\"og:site_name\" content=\"Estado de Minas - Em foco\" \/>\n<meta property=\"article:published_time\" content=\"2026-04-30T14:55:00+00:00\" \/>\n<meta property=\"article:modified_time\" content=\"2026-04-29T19:37:29+00:00\" \/>\n<meta property=\"og:image\" content=\"https:\/\/www.em.com.br\/emfoco\/wp-content\/uploads\/2026\/04\/EmFoco_17-10.jpg\" \/>\n\t<meta property=\"og:image:width\" content=\"1280\" \/>\n\t<meta property=\"og:image:height\" content=\"720\" \/>\n\t<meta property=\"og:image:type\" content=\"image\/jpeg\" \/>\n<meta name=\"author\" content=\"Guilherme Ara\u00fajo\" \/>\n<meta name=\"twitter:card\" content=\"summary_large_image\" \/>\n<meta name=\"twitter:label1\" content=\"Escrito por\" \/>\n\t<meta name=\"twitter:data1\" content=\"Guilherme Ara\u00fajo\" \/>\n\t<meta name=\"twitter:label2\" content=\"Est. tempo de leitura\" \/>\n\t<meta name=\"twitter:data2\" content=\"5 minutos\" \/>\n<!-- \/ Yoast SEO plugin. -->","yoast_head_json":{"title":"Adeus \u00e0 lei da habita\u00e7\u00e3o, regra permite que inquilinos fiquem no im\u00f3vel por tempo indeterminado - Estado de Minas - Em foco","description":"Entenda a regra que permite inquilinos ficarem no im\u00f3vel por tempo indeterminado. Veja como isso afeta propriet\u00e1rios e locat\u00e1rios.","robots":{"index":"index","follow":"follow","max-snippet":"max-snippet:-1","max-image-preview":"max-image-preview:large","max-video-preview":"max-video-preview:-1"},"canonical":"https:\/\/www.em.com.br\/emfoco\/2026\/04\/30\/adeus-a-lei-da-habitacao-regra-permite-que-inquilinos-fiquem-no-imovel-por-tempo-indeterminado\/","og_locale":"pt_BR","og_type":"article","og_title":"Adeus \u00e0 lei da habita\u00e7\u00e3o, regra permite que inquilinos fiquem no im\u00f3vel por tempo indeterminado - Estado de Minas - Em foco","og_description":"Entenda a regra que permite inquilinos ficarem no im\u00f3vel por tempo indeterminado. Veja como isso afeta propriet\u00e1rios e locat\u00e1rios.","og_url":"https:\/\/www.em.com.br\/emfoco\/2026\/04\/30\/adeus-a-lei-da-habitacao-regra-permite-que-inquilinos-fiquem-no-imovel-por-tempo-indeterminado\/","og_site_name":"Estado de Minas - Em foco","article_published_time":"2026-04-30T14:55:00+00:00","article_modified_time":"2026-04-29T19:37:29+00:00","og_image":[{"width":1280,"height":720,"url":"https:\/\/www.em.com.br\/emfoco\/wp-content\/uploads\/2026\/04\/EmFoco_17-10.jpg","type":"image\/jpeg"}],"author":"Guilherme Ara\u00fajo","twitter_card":"summary_large_image","twitter_misc":{"Escrito por":"Guilherme Ara\u00fajo","Est. tempo de leitura":"5 minutos"},"schema":{"@context":"https:\/\/schema.org","@graph":[{"@type":"WebPage","@id":"https:\/\/www.em.com.br\/emfoco\/2026\/04\/30\/adeus-a-lei-da-habitacao-regra-permite-que-inquilinos-fiquem-no-imovel-por-tempo-indeterminado\/","url":"https:\/\/www.em.com.br\/emfoco\/2026\/04\/30\/adeus-a-lei-da-habitacao-regra-permite-que-inquilinos-fiquem-no-imovel-por-tempo-indeterminado\/","name":"Adeus \u00e0 lei da habita\u00e7\u00e3o, regra permite que inquilinos fiquem no im\u00f3vel por tempo indeterminado - Estado de Minas - Em foco","isPartOf":{"@id":"https:\/\/www.em.com.br\/emfoco\/#website"},"primaryImageOfPage":{"@id":"https:\/\/www.em.com.br\/emfoco\/2026\/04\/30\/adeus-a-lei-da-habitacao-regra-permite-que-inquilinos-fiquem-no-imovel-por-tempo-indeterminado\/#primaryimage"},"image":{"@id":"https:\/\/www.em.com.br\/emfoco\/2026\/04\/30\/adeus-a-lei-da-habitacao-regra-permite-que-inquilinos-fiquem-no-imovel-por-tempo-indeterminado\/#primaryimage"},"thumbnailUrl":"https:\/\/www.em.com.br\/emfoco\/wp-content\/uploads\/2026\/04\/EmFoco_17-10.jpg","datePublished":"2026-04-30T14:55:00+00:00","dateModified":"2026-04-29T19:37:29+00:00","author":{"@id":"https:\/\/www.em.com.br\/emfoco\/#\/schema\/person\/5379e929a4b966c775d121e23f9bb421"},"description":"Entenda a regra que permite inquilinos ficarem no im\u00f3vel por tempo indeterminado. Veja como isso afeta propriet\u00e1rios e locat\u00e1rios.","breadcrumb":{"@id":"https:\/\/www.em.com.br\/emfoco\/2026\/04\/30\/adeus-a-lei-da-habitacao-regra-permite-que-inquilinos-fiquem-no-imovel-por-tempo-indeterminado\/#breadcrumb"},"inLanguage":"pt-BR","potentialAction":[{"@type":"ReadAction","target":["https:\/\/www.em.com.br\/emfoco\/2026\/04\/30\/adeus-a-lei-da-habitacao-regra-permite-que-inquilinos-fiquem-no-imovel-por-tempo-indeterminado\/"]}]},{"@type":"ImageObject","inLanguage":"pt-BR","@id":"https:\/\/www.em.com.br\/emfoco\/2026\/04\/30\/adeus-a-lei-da-habitacao-regra-permite-que-inquilinos-fiquem-no-imovel-por-tempo-indeterminado\/#primaryimage","url":"https:\/\/www.em.com.br\/emfoco\/wp-content\/uploads\/2026\/04\/EmFoco_17-10.jpg","contentUrl":"https:\/\/www.em.com.br\/emfoco\/wp-content\/uploads\/2026\/04\/EmFoco_17-10.jpg","width":1280,"height":720,"caption":"Perman\u00eancia silenciosa do inquilino converte automaticamente contratos residenciais para tempo indeterminado no Brasil"},{"@type":"BreadcrumbList","@id":"https:\/\/www.em.com.br\/emfoco\/2026\/04\/30\/adeus-a-lei-da-habitacao-regra-permite-que-inquilinos-fiquem-no-imovel-por-tempo-indeterminado\/#breadcrumb","itemListElement":[{"@type":"ListItem","position":1,"name":"In\u00edcio","item":"https:\/\/www.em.com.br\/emfoco\/"},{"@type":"ListItem","position":2,"name":"Adeus \u00e0 lei da habita\u00e7\u00e3o, regra permite que inquilinos fiquem no im\u00f3vel por tempo indeterminado"}]},{"@type":"WebSite","@id":"https:\/\/www.em.com.br\/emfoco\/#website","url":"https:\/\/www.em.com.br\/emfoco\/","name":"Estado de Minas - Em foco","description":"Acompanhe as \u00faltimas not\u00edcias e fique bem informado sobre tudo o que acontece em Minas Gerais, Brasil e no mundo.","potentialAction":[{"@type":"SearchAction","target":{"@type":"EntryPoint","urlTemplate":"https:\/\/www.em.com.br\/emfoco\/?s={search_term_string}"},"query-input":{"@type":"PropertyValueSpecification","valueRequired":true,"valueName":"search_term_string"}}],"inLanguage":"pt-BR"},{"@type":"Person","@id":"https:\/\/www.em.com.br\/emfoco\/#\/schema\/person\/5379e929a4b966c775d121e23f9bb421","name":"Guilherme Ara\u00fajo","image":{"@type":"ImageObject","inLanguage":"pt-BR","@id":"https:\/\/www.em.com.br\/emfoco\/#\/schema\/person\/image\/","url":"https:\/\/secure.gravatar.com\/avatar\/b8bf1fd0130e170bd8f5d7298dbafa25?s=96&d=mm&r=g","contentUrl":"https:\/\/secure.gravatar.com\/avatar\/b8bf1fd0130e170bd8f5d7298dbafa25?s=96&d=mm&r=g","caption":"Guilherme Ara\u00fajo"},"sameAs":["https:\/\/www.em.com.br\/emfoco"],"url":"https:\/\/www.em.com.br\/emfoco\/author\/guilhermeamyth\/"}]}},"_links":{"self":[{"href":"https:\/\/www.em.com.br\/emfoco\/wp-json\/wp\/v2\/posts\/201374","targetHints":{"allow":["GET"]}}],"collection":[{"href":"https:\/\/www.em.com.br\/emfoco\/wp-json\/wp\/v2\/posts"}],"about":[{"href":"https:\/\/www.em.com.br\/emfoco\/wp-json\/wp\/v2\/types\/post"}],"author":[{"embeddable":true,"href":"https:\/\/www.em.com.br\/emfoco\/wp-json\/wp\/v2\/users\/30"}],"replies":[{"embeddable":true,"href":"https:\/\/www.em.com.br\/emfoco\/wp-json\/wp\/v2\/comments?post=201374"}],"version-history":[{"count":6,"href":"https:\/\/www.em.com.br\/emfoco\/wp-json\/wp\/v2\/posts\/201374\/revisions"}],"predecessor-version":[{"id":201535,"href":"https:\/\/www.em.com.br\/emfoco\/wp-json\/wp\/v2\/posts\/201374\/revisions\/201535"}],"wp:featuredmedia":[{"embeddable":true,"href":"https:\/\/www.em.com.br\/emfoco\/wp-json\/wp\/v2\/media\/201605"}],"wp:attachment":[{"href":"https:\/\/www.em.com.br\/emfoco\/wp-json\/wp\/v2\/media?parent=201374"}],"wp:term":[{"taxonomy":"category","embeddable":true,"href":"https:\/\/www.em.com.br\/emfoco\/wp-json\/wp\/v2\/categories?post=201374"},{"taxonomy":"post_tag","embeddable":true,"href":"https:\/\/www.em.com.br\/emfoco\/wp-json\/wp\/v2\/tags?post=201374"}],"curies":[{"name":"wp","href":"https:\/\/api.w.org\/{rel}","templated":true}]}}