{"id":201372,"date":"2026-05-03T07:15:00","date_gmt":"2026-05-03T10:15:00","guid":{"rendered":"https:\/\/www.em.com.br\/emfoco\/?p=201372"},"modified":"2026-05-02T15:41:31","modified_gmt":"2026-05-02T18:41:31","slug":"oleo-de-copaiba-tem-compostos-promissores-mas-a-evidencia-em-humanos-e-limitada","status":"publish","type":"post","link":"https:\/\/www.em.com.br\/emfoco\/2026\/05\/03\/oleo-de-copaiba-tem-compostos-promissores-mas-a-evidencia-em-humanos-e-limitada\/","title":{"rendered":"\u00d3leo de copa\u00edba tem compostos promissores, mas a evid\u00eancia em humanos \u00e9 limitada"},"content":{"rendered":"\n<p>O \u00f3leo de copa\u00edba tem ganhado espa\u00e7o em conversas sobre <strong>sa\u00fade<\/strong> justamente por reunir tradi\u00e7\u00e3o popular e interesse cient\u00edfico. Extra\u00eddo de \u00e1rvores do g\u00eanero <em>Copaifera<\/em>, encontradas principalmente na regi\u00e3o amaz\u00f4nica, esse \u00f3leo-resina \u00e9 usado h\u00e1 s\u00e9culos em comunidades da Am\u00e9rica do Sul. Hoje, o que desperta aten\u00e7\u00e3o n\u00e3o \u00e9 a fama de \u201ccura para tudo\u201d, e sim a possibilidade de efeitos biol\u00f3gicos espec\u00edficos, que come\u00e7am a ser estudados com mais rigor.<\/p>\n\n\n\n<h2 class=\"wp-block-heading\">O que \u00e9 o \u00f3leo de copa\u00edba e como ele \u00e9 composto?<\/h2>\n\n\n\n<p>Entre os compostos da copa\u00edba, o mais citado \u00e9 o <strong>beta-cariofileno<\/strong>, um tipo de terpeno tamb\u00e9m presente em outras plantas arom\u00e1ticas. Pesquisas indicam que essa <a href=\"https:\/\/www.em.com.br\/emfoco\/2026\/04\/28\/10-ervas-medicinais-populares-e-o-que-a-ciencia-realmente-apoia-no-uso-de-cada-uma-delas\/\" target=\"_blank\" rel=\"noreferrer noopener\">subst\u00e2ncia<\/a>, junto com outros componentes do \u00f3leo, pode atuar em processos inflamat\u00f3rios e na resposta do organismo a les\u00f5es e microrganismos.<\/p>\n\n\n\n<p>No entanto, a composi\u00e7\u00e3o do \u00f3leo de copa\u00edba varia conforme a esp\u00e9cie da \u00e1rvore, a regi\u00e3o de coleta e at\u00e9 o m\u00e9todo de extra\u00e7\u00e3o. Isso torna o cen\u00e1rio mais complexo do que parece \u00e0 primeira vista e ajuda a explicar por que diferentes produtos podem ter efeitos distintos no <strong>organismo<\/strong>.<\/p>\n\n\n\n<figure class=\"wp-block-image size-large\"><img loading=\"lazy\" decoding=\"async\" width=\"1024\" height=\"576\" src=\"https:\/\/www.em.com.br\/emfoco\/wp-content\/uploads\/2026\/05\/Texto-do-seu-paragrafo-2026-04-29T142109.865-1024x576.jpg\" alt=\"\u00d3leo de copa\u00edba tem compostos promissores, mas a evid\u00eancia em humanos \u00e9 limitada\" class=\"wp-image-201376\" srcset=\"https:\/\/www.em.com.br\/emfoco\/wp-content\/uploads\/2026\/05\/Texto-do-seu-paragrafo-2026-04-29T142109.865-1024x576.jpg 1024w, https:\/\/www.em.com.br\/emfoco\/wp-content\/uploads\/2026\/05\/Texto-do-seu-paragrafo-2026-04-29T142109.865-300x169.jpg 300w, https:\/\/www.em.com.br\/emfoco\/wp-content\/uploads\/2026\/05\/Texto-do-seu-paragrafo-2026-04-29T142109.865-768x432.jpg 768w, https:\/\/www.em.com.br\/emfoco\/wp-content\/uploads\/2026\/05\/Texto-do-seu-paragrafo-2026-04-29T142109.865-750x422.jpg 750w, https:\/\/www.em.com.br\/emfoco\/wp-content\/uploads\/2026\/05\/Texto-do-seu-paragrafo-2026-04-29T142109.865-1140x641.jpg 1140w, https:\/\/www.em.com.br\/emfoco\/wp-content\/uploads\/2026\/05\/Texto-do-seu-paragrafo-2026-04-29T142109.865.jpg 1280w\" sizes=\"auto, (max-width: 1024px) 100vw, 1024px\" \/><figcaption class=\"wp-element-caption\">\u00d3leo de copa\u00edba pode ajudar na inflama\u00e7\u00e3o, mas n\u00e3o substitui tratamentos m\u00e9dicos<\/figcaption><\/figure>\n\n\n\n<h2 class=\"wp-block-heading\">O que os estudos apontam sobre \u00f3leo de copa\u00edba e inflama\u00e7\u00e3o?<\/h2>\n\n\n\n<p>Quando se fala em <strong>\u00f3leo<\/strong> de copa\u00edba e inflama\u00e7\u00e3o, a maior parte das evid\u00eancias vem de estudos pr\u00e9-cl\u00ednicos em animais ou em laborat\u00f3rio. Nessas pesquisas, o \u00f3leo ou seus componentes conseguem reduzir marcadores inflamat\u00f3rios, modular mol\u00e9culas do sistema imunol\u00f3gico e, em alguns casos, diminuir sinais de dor em modelos experimentais.<\/p>\n\n\n\n<p>Apesar disso, a transi\u00e7\u00e3o de resultados pr\u00e9-cl\u00ednicos para usos consolidados em humanos n\u00e3o \u00e9 autom\u00e1tica. Ensaios cl\u00ednicos bem conduzidos, com controle de dose, pureza do produto e compara\u00e7\u00e3o com <a href=\"https:\/\/www.em.com.br\/emfoco\/2026\/04\/28\/madeira-resistente-a-cupim-depende-menos-do-nome-e-mais-do-tratamento-certo-na-pratica\/\" target=\"_blank\" rel=\"noreferrer noopener\">tratamentos <\/a>convencionais, ainda s\u00e3o escassos, o que impede equiparar a copa\u00edba a medicamentos <strong>anti-inflamat\u00f3rios<\/strong> j\u00e1 estabelecidos.<\/p>\n\n\n\n<h2 class=\"wp-block-heading\">Quais s\u00e3o os benef\u00edcios da copa\u00edba mais investigados?<\/h2>\n\n\n\n<p>Entre os potenciais <strong>benef\u00edcios<\/strong> da copa\u00edba, dois campos se destacam: cicatriza\u00e7\u00e3o e a\u00e7\u00e3o antimicrobiana. Em modelos animais e em estudos de laborat\u00f3rio, o \u00f3leo tem sido associado \u00e0 melhora do reparo de feridas e \u00e0 redu\u00e7\u00e3o de processos inflamat\u00f3rios em tecidos lesados.<\/p>\n\n\n\n<p>Em \u00e1rea odontol\u00f3gica, por exemplo, h\u00e1 pesquisas analisando formula\u00e7\u00f5es contendo copa\u00edba para uso local, avaliando inflama\u00e7\u00e3o de gengivas, mucosa oral e recupera\u00e7\u00e3o ap\u00f3s procedimentos espec\u00edficos. Em ambiente controlado, alguns trabalhos mostram ainda a\u00e7\u00e3o contra <strong>bact\u00e9rias<\/strong> e fungos, abrindo espa\u00e7o para uso t\u00f3pico em cremes, enxaguantes bucais e cosm\u00e9ticos para pele irritada.<\/p>\n\n\n\n<h2 class=\"wp-block-heading\">O \u00f3leo de copa\u00edba \u00e9 seguro para qualquer pessoa?<\/h2>\n\n\n\n<p>A <strong>seguran\u00e7a<\/strong> da copa\u00edba depende de fatores como dose, via de administra\u00e7\u00e3o, tempo de uso e qualidade do produto. Em avalia\u00e7\u00f5es toxicol\u00f3gicas, a aplica\u00e7\u00e3o t\u00f3pica, em concentra\u00e7\u00f5es controladas, costuma ser vista como mais previs\u00edvel do que a ingest\u00e3o.<\/p>\n\n\n\n<p>J\u00e1 a administra\u00e7\u00e3o oral, especialmente sem orienta\u00e7\u00e3o individualizada, levanta alertas pelo risco de irrita\u00e7\u00e3o gastrointestinal, intera\u00e7\u00e3o com outros medicamentos e grande varia\u00e7\u00e3o de composi\u00e7\u00e3o entre marcas. Isso vale para produtos artesanais e industrializados que n\u00e3o apresentam laudos de pureza, origem e padroniza\u00e7\u00e3o qu\u00edmica.<\/p>\n\n\n\n<p>Conte\u00fado do canal <strong>Dr. Antonio Cascelli<\/strong>, com mais de 1.1 milh\u00f5es de inscritos e cerca de 48 mil de visualiza\u00e7\u00f5es:<\/p>\n\n\n\n<figure class=\"wp-block-embed is-type-video is-provider-youtube wp-block-embed-youtube wp-embed-aspect-16-9 wp-has-aspect-ratio\"><div class=\"wp-block-embed__wrapper\">\n<div class=\"jeg_video_container jeg_video_content\"><iframe loading=\"lazy\" title=\"Como a copaiba restaura a sa\u00fade de dentro para fora e \u00e9 melhor que muitos rem\u00e9dios sint\u00e9ticos\" width=\"500\" height=\"281\" src=\"https:\/\/www.youtube.com\/embed\/zfgi85i5hRI?feature=oembed\" frameborder=\"0\" allow=\"accelerometer; autoplay; clipboard-write; encrypted-media; gyroscope; picture-in-picture; web-share\" referrerpolicy=\"strict-origin-when-cross-origin\" allowfullscreen><\/iframe><\/div>\n<\/div><\/figure>\n\n\n\n<h2 class=\"wp-block-heading\">O que a ci\u00eancia indica sobre copa\u00edba, c\u00e2ncer e prote\u00e7\u00e3o de \u00f3rg\u00e3os?<\/h2>\n\n\n\n<p>Outra frente frequentemente associada ao <strong>uso<\/strong> correto da copa\u00edba envolve estudos sobre c\u00e2ncer e prote\u00e7\u00e3o de \u00f3rg\u00e3os como c\u00e9rebro e f\u00edgado. Em laborat\u00f3rio, alguns componentes do \u00f3leo exibem atividade citot\u00f3xica contra c\u00e9lulas tumorais, o que \u00e9 relevante para pesquisa b\u00e1sica em oncologia, mas ainda distante de uso cl\u00ednico.<\/p>\n\n\n\n<p>Pesquisas iniciais tamb\u00e9m investigam poss\u00edveis efeitos neuroprotetores e hepatoprotetores, avaliando se a\u00e7\u00f5es antioxidante e anti-inflamat\u00f3ria poderiam atenuar danos celulares. At\u00e9 o momento, por\u00e9m, n\u00e3o h\u00e1 dados suficientes para recomendar a copa\u00edba na preven\u00e7\u00e3o ou no tratamento rotineiro de doen\u00e7as neurol\u00f3gicas, hep\u00e1ticas ou <strong>cardiovasculares<\/strong>.<\/p>\n\n\n\n<h2 class=\"wp-block-heading\">Como usar o \u00f3leo de copa\u00edba com mais cautela na pr\u00e1tica?<\/h2>\n\n\n\n<p>Quando o tema \u00e9 uso correto da copa\u00edba, <a href=\"https:\/\/www.gov.br\/capes\/pt-br\/assuntos\/noticias\/bolsista-faz-cartilha-sobre-tipos-e-finalidades-do-oleo-de-copaiba\" target=\"_blank\" rel=\"noreferrer noopener\">orienta\u00e7\u00f5es <\/a>gerais ajudam a reduzir riscos e alinhar expectativas. Em vez de encarar o \u00f3leo como solu\u00e7\u00e3o \u00fanica para diferentes problemas, a recomenda\u00e7\u00e3o \u00e9 trat\u00e1-lo como recurso complementar, sobretudo em formas t\u00f3picas e, sempre que poss\u00edvel, com acompanhamento <strong>profissional<\/strong>.<\/p>\n\n\n\n<p>Nesse contexto, alguns cuidados pr\u00e1ticos podem orientar a escolha do produto e a forma de uso no dia a dia:<\/p>\n\n\n\n<ul class=\"wp-block-list\">\n<li>Buscar produtos com identifica\u00e7\u00e3o clara da esp\u00e9cie de <em>Copaifera<\/em> e da origem da mat\u00e9ria-prima.<\/li>\n\n\n\n<li>Verificar se h\u00e1 informa\u00e7\u00f5es sobre testes de qualidade, pureza e aus\u00eancia de <strong>contaminantes<\/strong>.<\/li>\n\n\n\n<li>Respeitar orienta\u00e7\u00f5es de dose e modo de aplica\u00e7\u00e3o indicadas pelo fabricante ou por profissional habilitado.<\/li>\n\n\n\n<li>Evitar a ingest\u00e3o por conta pr\u00f3pria, principalmente em uso prolongado ou associado a outros <strong>medicamentos<\/strong>.<\/li>\n\n\n\n<li>Interromper o uso e buscar avalia\u00e7\u00e3o m\u00e9dica em caso de rea\u00e7\u00e3o adversa, irrita\u00e7\u00e3o intensa ou sintomas persistentes.<\/li>\n<\/ul>\n\n\n\n<p>De forma geral, o cen\u00e1rio atual coloca o <strong>\u00f3leo de copa\u00edba<\/strong> como tema ativo de investiga\u00e7\u00e3o, com dados promissores em inflama\u00e7\u00e3o, cicatriza\u00e7\u00e3o e a\u00e7\u00e3o antimicrobiana. Ainda assim, lacunas importantes em estudos robustos em humanos exigem leitura cuidadosa da evid\u00eancia cient\u00edfica e aten\u00e7\u00e3o constante \u00e0 <strong>seguran\u00e7a<\/strong>.<\/p>\n","protected":false},"excerpt":{"rendered":"<p>O \u00f3leo de copa\u00edba tem ganhado espa\u00e7o em conversas sobre sa\u00fade justamente por reunir tradi\u00e7\u00e3o popular e interesse cient\u00edfico. Extra\u00eddo de \u00e1rvores do g\u00eanero Copaifera, encontradas principalmente na regi\u00e3o amaz\u00f4nica, esse \u00f3leo-resina \u00e9 usado h\u00e1 s\u00e9culos em comunidades da Am\u00e9rica do Sul. Hoje, o que desperta aten\u00e7\u00e3o n\u00e3o \u00e9 a fama de \u201ccura para tudo\u201d, [&hellip;]<\/p>\n","protected":false},"author":15,"featured_media":203346,"comment_status":"open","ping_status":"open","sticky":false,"template":"","format":"standard","meta":{"jnews-multi-image_gallery":[],"jnews_single_post":{"format":"standard"},"jnews_primary_category":[],"jnews_social_meta":[],"jnews_override_counter":[],"footnotes":""},"categories":[8819],"tags":[711,327,415],"class_list":["post-201372","post","type-post","status-publish","format-standard","has-post-thumbnail","hentry","category-curiosidades","tag-bem-estar","tag-qualidade-de-vida","tag-saude"],"yoast_head":"<!-- This site is optimized with the Yoast SEO plugin v23.8 - https:\/\/yoast.com\/wordpress\/plugins\/seo\/ -->\n<title>\u00d3leo de copa\u00edba tem compostos promissores, mas a evid\u00eancia em humanos \u00e9 limitada - Estado de Minas - Em foco<\/title>\n<meta name=\"description\" content=\"\u00d3leo de copa\u00edba tem estudos promissores para inflama\u00e7\u00e3o e cicatriza\u00e7\u00e3o, mas a evid\u00eancia em humanos ainda \u00e9 limitada e exige cautela no uso.\" \/>\n<meta name=\"robots\" content=\"index, follow, max-snippet:-1, max-image-preview:large, max-video-preview:-1\" \/>\n<link rel=\"canonical\" href=\"https:\/\/www.em.com.br\/emfoco\/2026\/05\/03\/oleo-de-copaiba-tem-compostos-promissores-mas-a-evidencia-em-humanos-e-limitada\/\" \/>\n<meta property=\"og:locale\" content=\"pt_BR\" \/>\n<meta property=\"og:type\" content=\"article\" \/>\n<meta property=\"og:title\" content=\"\u00d3leo de copa\u00edba tem compostos promissores, mas a evid\u00eancia em humanos \u00e9 limitada - Estado de Minas - Em foco\" \/>\n<meta property=\"og:description\" content=\"\u00d3leo de copa\u00edba tem estudos promissores para inflama\u00e7\u00e3o e cicatriza\u00e7\u00e3o, mas a evid\u00eancia em humanos ainda \u00e9 limitada e exige cautela no uso.\" \/>\n<meta property=\"og:url\" content=\"https:\/\/www.em.com.br\/emfoco\/2026\/05\/03\/oleo-de-copaiba-tem-compostos-promissores-mas-a-evidencia-em-humanos-e-limitada\/\" \/>\n<meta property=\"og:site_name\" content=\"Estado de Minas - Em foco\" \/>\n<meta property=\"article:published_time\" content=\"2026-05-03T10:15:00+00:00\" \/>\n<meta property=\"article:modified_time\" content=\"2026-05-02T18:41:31+00:00\" \/>\n<meta property=\"og:image\" content=\"https:\/\/www.em.com.br\/emfoco\/wp-content\/uploads\/2026\/05\/EmFoco_09-2.jpg\" \/>\n\t<meta property=\"og:image:width\" content=\"1280\" \/>\n\t<meta property=\"og:image:height\" content=\"720\" \/>\n\t<meta property=\"og:image:type\" content=\"image\/jpeg\" \/>\n<meta name=\"author\" content=\"Douglas Myth\" \/>\n<meta name=\"twitter:card\" content=\"summary_large_image\" \/>\n<meta name=\"twitter:label1\" content=\"Escrito por\" \/>\n\t<meta name=\"twitter:data1\" content=\"Douglas Myth\" \/>\n\t<meta name=\"twitter:label2\" content=\"Est. tempo de leitura\" \/>\n\t<meta name=\"twitter:data2\" content=\"5 minutos\" \/>\n<!-- \/ Yoast SEO plugin. -->","yoast_head_json":{"title":"\u00d3leo de copa\u00edba tem compostos promissores, mas a evid\u00eancia em humanos \u00e9 limitada - Estado de Minas - Em foco","description":"\u00d3leo de copa\u00edba tem estudos promissores para inflama\u00e7\u00e3o e cicatriza\u00e7\u00e3o, mas a evid\u00eancia em humanos ainda \u00e9 limitada e exige cautela no uso.","robots":{"index":"index","follow":"follow","max-snippet":"max-snippet:-1","max-image-preview":"max-image-preview:large","max-video-preview":"max-video-preview:-1"},"canonical":"https:\/\/www.em.com.br\/emfoco\/2026\/05\/03\/oleo-de-copaiba-tem-compostos-promissores-mas-a-evidencia-em-humanos-e-limitada\/","og_locale":"pt_BR","og_type":"article","og_title":"\u00d3leo de copa\u00edba tem compostos promissores, mas a evid\u00eancia em humanos \u00e9 limitada - Estado de Minas - Em foco","og_description":"\u00d3leo de copa\u00edba tem estudos promissores para inflama\u00e7\u00e3o e cicatriza\u00e7\u00e3o, mas a evid\u00eancia em humanos ainda \u00e9 limitada e exige cautela no uso.","og_url":"https:\/\/www.em.com.br\/emfoco\/2026\/05\/03\/oleo-de-copaiba-tem-compostos-promissores-mas-a-evidencia-em-humanos-e-limitada\/","og_site_name":"Estado de Minas - Em foco","article_published_time":"2026-05-03T10:15:00+00:00","article_modified_time":"2026-05-02T18:41:31+00:00","og_image":[{"width":1280,"height":720,"url":"https:\/\/www.em.com.br\/emfoco\/wp-content\/uploads\/2026\/05\/EmFoco_09-2.jpg","type":"image\/jpeg"}],"author":"Douglas Myth","twitter_card":"summary_large_image","twitter_misc":{"Escrito por":"Douglas Myth","Est. tempo de leitura":"5 minutos"},"schema":{"@context":"https:\/\/schema.org","@graph":[{"@type":"WebPage","@id":"https:\/\/www.em.com.br\/emfoco\/2026\/05\/03\/oleo-de-copaiba-tem-compostos-promissores-mas-a-evidencia-em-humanos-e-limitada\/","url":"https:\/\/www.em.com.br\/emfoco\/2026\/05\/03\/oleo-de-copaiba-tem-compostos-promissores-mas-a-evidencia-em-humanos-e-limitada\/","name":"\u00d3leo de copa\u00edba tem compostos promissores, mas a evid\u00eancia em humanos \u00e9 limitada - Estado de Minas - Em foco","isPartOf":{"@id":"https:\/\/www.em.com.br\/emfoco\/#website"},"primaryImageOfPage":{"@id":"https:\/\/www.em.com.br\/emfoco\/2026\/05\/03\/oleo-de-copaiba-tem-compostos-promissores-mas-a-evidencia-em-humanos-e-limitada\/#primaryimage"},"image":{"@id":"https:\/\/www.em.com.br\/emfoco\/2026\/05\/03\/oleo-de-copaiba-tem-compostos-promissores-mas-a-evidencia-em-humanos-e-limitada\/#primaryimage"},"thumbnailUrl":"https:\/\/www.em.com.br\/emfoco\/wp-content\/uploads\/2026\/05\/EmFoco_09-2.jpg","datePublished":"2026-05-03T10:15:00+00:00","dateModified":"2026-05-02T18:41:31+00:00","author":{"@id":"https:\/\/www.em.com.br\/emfoco\/#\/schema\/person\/bba594b7eebe9b9885fec3a5c7837089"},"description":"\u00d3leo de copa\u00edba tem estudos promissores para inflama\u00e7\u00e3o e cicatriza\u00e7\u00e3o, mas a evid\u00eancia em humanos ainda \u00e9 limitada e exige cautela no uso.","breadcrumb":{"@id":"https:\/\/www.em.com.br\/emfoco\/2026\/05\/03\/oleo-de-copaiba-tem-compostos-promissores-mas-a-evidencia-em-humanos-e-limitada\/#breadcrumb"},"inLanguage":"pt-BR","potentialAction":[{"@type":"ReadAction","target":["https:\/\/www.em.com.br\/emfoco\/2026\/05\/03\/oleo-de-copaiba-tem-compostos-promissores-mas-a-evidencia-em-humanos-e-limitada\/"]}]},{"@type":"ImageObject","inLanguage":"pt-BR","@id":"https:\/\/www.em.com.br\/emfoco\/2026\/05\/03\/oleo-de-copaiba-tem-compostos-promissores-mas-a-evidencia-em-humanos-e-limitada\/#primaryimage","url":"https:\/\/www.em.com.br\/emfoco\/wp-content\/uploads\/2026\/05\/EmFoco_09-2.jpg","contentUrl":"https:\/\/www.em.com.br\/emfoco\/wp-content\/uploads\/2026\/05\/EmFoco_09-2.jpg","width":1280,"height":720,"caption":"\u00d3leo de copa\u00edba apresenta propriedades biol\u00f3gicas com potencial efeito anti-inflamat\u00f3rio e cicatrizante"},{"@type":"BreadcrumbList","@id":"https:\/\/www.em.com.br\/emfoco\/2026\/05\/03\/oleo-de-copaiba-tem-compostos-promissores-mas-a-evidencia-em-humanos-e-limitada\/#breadcrumb","itemListElement":[{"@type":"ListItem","position":1,"name":"In\u00edcio","item":"https:\/\/www.em.com.br\/emfoco\/"},{"@type":"ListItem","position":2,"name":"\u00d3leo de copa\u00edba tem compostos promissores, mas a evid\u00eancia em humanos \u00e9 limitada"}]},{"@type":"WebSite","@id":"https:\/\/www.em.com.br\/emfoco\/#website","url":"https:\/\/www.em.com.br\/emfoco\/","name":"Estado de Minas - Em foco","description":"Acompanhe as \u00faltimas not\u00edcias e fique bem informado sobre tudo o que acontece em Minas Gerais, Brasil e no mundo.","potentialAction":[{"@type":"SearchAction","target":{"@type":"EntryPoint","urlTemplate":"https:\/\/www.em.com.br\/emfoco\/?s={search_term_string}"},"query-input":{"@type":"PropertyValueSpecification","valueRequired":true,"valueName":"search_term_string"}}],"inLanguage":"pt-BR"},{"@type":"Person","@id":"https:\/\/www.em.com.br\/emfoco\/#\/schema\/person\/bba594b7eebe9b9885fec3a5c7837089","name":"Douglas Myth","image":{"@type":"ImageObject","inLanguage":"pt-BR","@id":"https:\/\/www.em.com.br\/emfoco\/#\/schema\/person\/image\/","url":"https:\/\/secure.gravatar.com\/avatar\/1ac3cf50d0e68642c697dc0c960c802f?s=96&d=mm&r=g","contentUrl":"https:\/\/secure.gravatar.com\/avatar\/1ac3cf50d0e68642c697dc0c960c802f?s=96&d=mm&r=g","caption":"Douglas Myth"},"url":"https:\/\/www.em.com.br\/emfoco\/author\/douglasmyth\/"}]}},"_links":{"self":[{"href":"https:\/\/www.em.com.br\/emfoco\/wp-json\/wp\/v2\/posts\/201372","targetHints":{"allow":["GET"]}}],"collection":[{"href":"https:\/\/www.em.com.br\/emfoco\/wp-json\/wp\/v2\/posts"}],"about":[{"href":"https:\/\/www.em.com.br\/emfoco\/wp-json\/wp\/v2\/types\/post"}],"author":[{"embeddable":true,"href":"https:\/\/www.em.com.br\/emfoco\/wp-json\/wp\/v2\/users\/15"}],"replies":[{"embeddable":true,"href":"https:\/\/www.em.com.br\/emfoco\/wp-json\/wp\/v2\/comments?post=201372"}],"version-history":[{"count":2,"href":"https:\/\/www.em.com.br\/emfoco\/wp-json\/wp\/v2\/posts\/201372\/revisions"}],"predecessor-version":[{"id":201377,"href":"https:\/\/www.em.com.br\/emfoco\/wp-json\/wp\/v2\/posts\/201372\/revisions\/201377"}],"wp:featuredmedia":[{"embeddable":true,"href":"https:\/\/www.em.com.br\/emfoco\/wp-json\/wp\/v2\/media\/203346"}],"wp:attachment":[{"href":"https:\/\/www.em.com.br\/emfoco\/wp-json\/wp\/v2\/media?parent=201372"}],"wp:term":[{"taxonomy":"category","embeddable":true,"href":"https:\/\/www.em.com.br\/emfoco\/wp-json\/wp\/v2\/categories?post=201372"},{"taxonomy":"post_tag","embeddable":true,"href":"https:\/\/www.em.com.br\/emfoco\/wp-json\/wp\/v2\/tags?post=201372"}],"curies":[{"name":"wp","href":"https:\/\/api.w.org\/{rel}","templated":true}]}}