{"id":201369,"date":"2026-04-30T14:05:00","date_gmt":"2026-04-30T17:05:00","guid":{"rendered":"https:\/\/www.em.com.br\/emfoco\/?p=201369"},"modified":"2026-04-29T16:37:38","modified_gmt":"2026-04-29T19:37:38","slug":"trabalhador-com-carteira-assinada-precisa-se-preparar-jornada-menor-aumento-do-salario-minimo-e-novas-regras-para-domingos-chegam-em-2026","status":"publish","type":"post","link":"https:\/\/www.em.com.br\/emfoco\/2026\/04\/30\/trabalhador-com-carteira-assinada-precisa-se-preparar-jornada-menor-aumento-do-salario-minimo-e-novas-regras-para-domingos-chegam-em-2026\/","title":{"rendered":"Trabalhador com carteira assinada precisa se preparar: jornada menor, aumento do sal\u00e1rio m\u00ednimo e novas regras para domingos chegam em 2026"},"content":{"rendered":"\n<p>O cen\u00e1rio para quem trabalha com <strong>carteira assinada<\/strong> em <strong>2026<\/strong> apresenta atualiza\u00e7\u00f5es significativas que impactam diretamente o bolso e a rotina. Entre decretos presidenciais e novos projetos de lei, o governo federal busca reestruturar pontos centrais da rela\u00e7\u00e3o trabalhista.<\/p>\n\n\n\n<h2 class=\"wp-block-heading\">Qual \u00e9 o novo valor do sal\u00e1rio m\u00ednimo em 2026?<\/h2>\n\n\n\n<p>Desde o dia <strong>1\u00ba de janeiro de 2026<\/strong>, o novo piso nacional de remunera\u00e7\u00e3o passou a ser de <strong>R$ 1.621<\/strong>. Este ajuste foi oficializado pelo <strong>Decreto n\u00ba 12.797<\/strong>, representando um aumento real que considera tanto a infla\u00e7\u00e3o medida pelo <strong>INPC<\/strong> quanto o crescimento do <strong>PIB<\/strong> de anos anteriores.<\/p>\n\n\n\n<p>Para o empregado com <strong><a href=\"https:\/\/www.em.com.br\/emfoco\/2026\/04\/29\/governo-antecipa-13o-salario-do-inss-em-2026-e-confirma-injecao-de-r-57-bilhoes-na-economia\/\" target=\"_blank\" rel=\"noreferrer noopener\">carteira assinada<\/a><\/strong>, esse valor reflete um ganho de <strong>R$ 103<\/strong> em rela\u00e7\u00e3o ao ano anterior. O c\u00e1lculo respeita as diretrizes do arcabou\u00e7o fiscal, garantindo que o reajuste auxilie na manuten\u00e7\u00e3o do poder de compra sem desestabilizar as contas p\u00fablicas nacionais.<\/p>\n\n\n\n<h2 class=\"wp-block-heading\">Como est\u00e1 a proposta de redu\u00e7\u00e3o da jornada de trabalho?<\/h2>\n\n\n\n<p>A redu\u00e7\u00e3o da jornada de trabalho voltou ao centro do debate no Congresso em 2026, com propostas que podem diminuir as horas semanais e ampliar o tempo de descanso dos trabalhadores.<\/p>\n\n\n\n<p>Veja abaixo o que cada proposta prev\u00ea e em que etapa est\u00e1:<\/p>\n\n\n<div class=\"wp-block-image\">\n<figure class=\"aligncenter size-large is-resized\"><img loading=\"lazy\" decoding=\"async\" width=\"1024\" height=\"797\" src=\"https:\/\/www.em.com.br\/emfoco\/wp-content\/uploads\/2026\/04\/image-264-1024x797.png\" alt=\"\" class=\"wp-image-201496\" style=\"width:706px;height:auto\" srcset=\"https:\/\/www.em.com.br\/emfoco\/wp-content\/uploads\/2026\/04\/image-264-1024x797.png 1024w, https:\/\/www.em.com.br\/emfoco\/wp-content\/uploads\/2026\/04\/image-264-300x233.png 300w, https:\/\/www.em.com.br\/emfoco\/wp-content\/uploads\/2026\/04\/image-264-768x598.png 768w, https:\/\/www.em.com.br\/emfoco\/wp-content\/uploads\/2026\/04\/image-264-750x584.png 750w, https:\/\/www.em.com.br\/emfoco\/wp-content\/uploads\/2026\/04\/image-264-1140x887.png 1140w, https:\/\/www.em.com.br\/emfoco\/wp-content\/uploads\/2026\/04\/image-264.png 1280w\" sizes=\"auto, (max-width: 1024px) 100vw, 1024px\" \/><\/figure><\/div>\n\n\n<h2 class=\"wp-block-heading\">O que muda para quem trabalha em feriados e domingos?<\/h2>\n\n\n\n<p>Uma regra fundamental que voltou a vigorar em <strong>2026<\/strong> exige que o trabalho em feriados no com\u00e9rcio seja autorizado por <strong>Conven\u00e7\u00e3o Coletiva de Trabalho<\/strong>. Isso significa que acordos individuais ou informais perderam a validade jur\u00eddica perante a fiscaliza\u00e7\u00e3o do <strong>Minist\u00e9rio do Trabalho<\/strong>.<\/p>\n\n\n\n<p>As empresas que escalarem funcion\u00e1rios com <strong>carteira assinada<\/strong> nesses dias sem o aval do sindicato est\u00e3o sujeitas a penalidades. Quando autorizado, o empregador deve obrigatoriamente pagar o adicional de <strong>100%<\/strong> sobre a hora trabalhada ou conceder uma folga compensat\u00f3ria em data pr\u00f3xima.<\/p>\n\n\n\n<h2 class=\"wp-block-heading\">Como as indeniza\u00e7\u00f5es por danos morais s\u00e3o calculadas agora?<\/h2>\n\n\n\n<p>O <strong>Supremo Tribunal Federal<\/strong> consolidou um entendimento vital para a prote\u00e7\u00e3o do trabalhador em casos de abusos no ambiente laboral. Segundo o <a href=\"https:\/\/pt.wikipedia.org\/wiki\/Supremo_Tribunal_Federal\" target=\"_blank\" rel=\"noreferrer noopener\">STF<\/a>, os limites para indeniza\u00e7\u00f5es por danos morais previstos na reforma de 2017 n\u00e3o s\u00e3o mais valores m\u00e1ximos intranspon\u00edveis.<\/p>\n\n\n\n<p>Isso permite que ju\u00edzes arbitrem condena\u00e7\u00f5es mais elevadas em situa\u00e7\u00f5es de gravidade extrema, como ass\u00e9dio ou acidentes graves. A decis\u00e3o garante que a dignidade de quem possui <strong>carteira assinada<\/strong> seja preservada, tratando os valores da <strong>CLT<\/strong> apenas como par\u00e2metros de orienta\u00e7\u00e3o para o magistrado.<\/p>\n\n\n<div class=\"wp-block-image\">\n<figure class=\"aligncenter size-large\"><img loading=\"lazy\" decoding=\"async\" width=\"1024\" height=\"576\" src=\"https:\/\/www.em.com.br\/emfoco\/wp-content\/uploads\/2026\/04\/carteira-dinheiro-1024x576.jpg\" alt=\"O impacto das regras trabalhistas de 2026 na rotina de quem tem carteira assinada\" class=\"wp-image-198370\" srcset=\"https:\/\/www.em.com.br\/emfoco\/wp-content\/uploads\/2026\/04\/carteira-dinheiro-1024x576.jpg 1024w, https:\/\/www.em.com.br\/emfoco\/wp-content\/uploads\/2026\/04\/carteira-dinheiro-300x169.jpg 300w, https:\/\/www.em.com.br\/emfoco\/wp-content\/uploads\/2026\/04\/carteira-dinheiro-768x432.jpg 768w, https:\/\/www.em.com.br\/emfoco\/wp-content\/uploads\/2026\/04\/carteira-dinheiro-750x422.jpg 750w, https:\/\/www.em.com.br\/emfoco\/wp-content\/uploads\/2026\/04\/carteira-dinheiro-1140x641.jpg 1140w, https:\/\/www.em.com.br\/emfoco\/wp-content\/uploads\/2026\/04\/carteira-dinheiro.jpg 1280w\" sizes=\"auto, (max-width: 1024px) 100vw, 1024px\" \/><figcaption class=\"wp-element-caption\">O impacto das regras trabalhistas de 2026 na rotina de quem tem carteira assinada &#8211; Cr\u00e9ditos: depositphotos.com \/ robertohunger<\/figcaption><\/figure><\/div>\n\n\n<p>Leia tamb\u00e9m: <a href=\"https:\/\/www.em.com.br\/emfoco\/2026\/04\/27\/novo-pagamento-do-salario-minimo-de-r-1-92172-ja-foi-aprovado-e-esta-em-vigor-no-brasil\/\" target=\"_blank\" rel=\"noreferrer noopener\">Novo pagamento do sal\u00e1rio m\u00ednimo de R$ 1.921,72 j\u00e1 foi aprovado e est\u00e1 em vigor no Brasil<\/a><\/p>\n\n\n\n<h2 class=\"wp-block-heading\">Como funciona a nova fiscaliza\u00e7\u00e3o do FGTS Digital?<\/h2>\n\n\n\n<p>A moderniza\u00e7\u00e3o dos sistemas governamentais tornou a fiscaliza\u00e7\u00e3o das obriga\u00e7\u00f5es trabalhistas praticamente instant\u00e2nea. O <strong>FGTS Digital<\/strong> agora integra os dados do <strong>eSocial<\/strong> com pagamentos via <strong>Pix<\/strong>, facilitando o controle dos dep\u00f3sitos obrigat\u00f3rios por parte do empregador e do pr\u00f3prio funcion\u00e1rio.<\/p>\n\n\n\n<p>Qualquer atraso no recolhimento \u00e9 identificado de forma autom\u00e1tica, gerando notifica\u00e7\u00f5es para a empresa de forma imediata. Para conferir os detalhes t\u00e9cnicos sobre as obriga\u00e7\u00f5es do empregador, consulte o portal oficial da <a href=\"https:\/\/www.gov.br\/esocial\/pt-br\" target=\"_blank\" rel=\"noreferrer noopener\">Receita Federal<\/a>, que centraliza as declara\u00e7\u00f5es de remunera\u00e7\u00e3o.<\/p>\n\n\n\n<p>Confira os principais avan\u00e7os tecnol\u00f3gicos na gest\u00e3o do trabalho:<\/p>\n\n\n\n<ul class=\"wp-block-list\">\n<li><strong>CTPS Digital:<\/strong> Permite visualizar o contrato e os sal\u00e1rios atualizados em tempo real.<\/li>\n\n\n\n<li><strong>FGTS Digital:<\/strong> Garante o acompanhamento dos dep\u00f3sitos via sistema centralizado.<\/li>\n\n\n\n<li><strong>eSocial:<\/strong> Plataforma que unifica dados de admiss\u00e3o, f\u00e9rias e afastamentos.<\/li>\n\n\n\n<li><strong>Pix para FGTS:<\/strong> Agiliza a liquida\u00e7\u00e3o do fundo e reduz erros de processamento banc\u00e1rio.<\/li>\n<\/ul>\n\n\n\n<p>Estar atento a essas transforma\u00e7\u00f5es \u00e9 essencial para garantir que todos os benef\u00edcios garantidos por lei sejam devidamente aplicados. O ano de <strong>2026<\/strong> promete consolidar uma nova era de transpar\u00eancia e efici\u00eancia nas rela\u00e7\u00f5es entre empresas e profissionais em todo o territ\u00f3rio brasileiro.<\/p>\n","protected":false},"excerpt":{"rendered":"<p>O cen\u00e1rio para quem trabalha com carteira assinada em 2026 apresenta atualiza\u00e7\u00f5es significativas que impactam diretamente o bolso e a rotina. Entre decretos presidenciais e novos projetos de lei, o governo federal busca reestruturar pontos centrais da rela\u00e7\u00e3o trabalhista. Qual \u00e9 o novo valor do sal\u00e1rio m\u00ednimo em 2026? Desde o dia 1\u00ba de janeiro [&hellip;]<\/p>\n","protected":false},"author":30,"featured_media":201601,"comment_status":"open","ping_status":"open","sticky":false,"template":"","format":"standard","meta":{"jnews-multi-image_gallery":[],"jnews_single_post":{"format":"standard"},"jnews_primary_category":[],"jnews_social_meta":[],"jnews_override_counter":[],"footnotes":""},"categories":[28],"tags":[291,28982,717,641],"class_list":["post-201369","post","type-post","status-publish","format-standard","has-post-thumbnail","hentry","category-economia","tag-carteira-assinada","tag-regras-trabalhistas","tag-salario-minimo","tag-trabalhador"],"yoast_head":"<!-- This site is optimized with the Yoast SEO plugin v23.8 - https:\/\/yoast.com\/wordpress\/plugins\/seo\/ -->\n<title>Trabalhador com carteira assinada precisa se preparar: jornada menor, aumento do sal\u00e1rio m\u00ednimo e novas regras para domingos chegam em 2026 - Estado de Minas - Em foco<\/title>\n<meta name=\"description\" content=\"Prepare-se para 2026: jornada menor, sal\u00e1rio m\u00ednimo mais alto e novas regras para domingos. Entenda o que muda para o trabalhador.\" \/>\n<meta name=\"robots\" content=\"index, follow, max-snippet:-1, max-image-preview:large, max-video-preview:-1\" \/>\n<link rel=\"canonical\" href=\"https:\/\/www.em.com.br\/emfoco\/2026\/04\/30\/trabalhador-com-carteira-assinada-precisa-se-preparar-jornada-menor-aumento-do-salario-minimo-e-novas-regras-para-domingos-chegam-em-2026\/\" \/>\n<meta property=\"og:locale\" content=\"pt_BR\" \/>\n<meta property=\"og:type\" content=\"article\" \/>\n<meta property=\"og:title\" content=\"Trabalhador com carteira assinada precisa se preparar: jornada menor, aumento do sal\u00e1rio m\u00ednimo e novas regras para domingos chegam em 2026 - Estado de Minas - Em foco\" \/>\n<meta property=\"og:description\" content=\"Prepare-se para 2026: jornada menor, sal\u00e1rio m\u00ednimo mais alto e novas regras para domingos. Entenda o que muda para o trabalhador.\" \/>\n<meta property=\"og:url\" content=\"https:\/\/www.em.com.br\/emfoco\/2026\/04\/30\/trabalhador-com-carteira-assinada-precisa-se-preparar-jornada-menor-aumento-do-salario-minimo-e-novas-regras-para-domingos-chegam-em-2026\/\" \/>\n<meta property=\"og:site_name\" content=\"Estado de Minas - Em foco\" \/>\n<meta property=\"article:published_time\" content=\"2026-04-30T17:05:00+00:00\" \/>\n<meta property=\"article:modified_time\" content=\"2026-04-29T19:37:38+00:00\" \/>\n<meta property=\"og:image\" content=\"https:\/\/www.em.com.br\/emfoco\/wp-content\/uploads\/2026\/04\/EmFoco_12-11.jpg\" \/>\n\t<meta property=\"og:image:width\" content=\"1280\" \/>\n\t<meta property=\"og:image:height\" content=\"720\" \/>\n\t<meta property=\"og:image:type\" content=\"image\/jpeg\" \/>\n<meta name=\"author\" content=\"Guilherme Ara\u00fajo\" \/>\n<meta name=\"twitter:card\" content=\"summary_large_image\" \/>\n<meta name=\"twitter:label1\" content=\"Escrito por\" \/>\n\t<meta name=\"twitter:data1\" content=\"Guilherme Ara\u00fajo\" \/>\n\t<meta name=\"twitter:label2\" content=\"Est. tempo de leitura\" \/>\n\t<meta name=\"twitter:data2\" content=\"4 minutos\" \/>\n<!-- \/ Yoast SEO plugin. -->","yoast_head_json":{"title":"Trabalhador com carteira assinada precisa se preparar: jornada menor, aumento do sal\u00e1rio m\u00ednimo e novas regras para domingos chegam em 2026 - Estado de Minas - Em foco","description":"Prepare-se para 2026: jornada menor, sal\u00e1rio m\u00ednimo mais alto e novas regras para domingos. Entenda o que muda para o trabalhador.","robots":{"index":"index","follow":"follow","max-snippet":"max-snippet:-1","max-image-preview":"max-image-preview:large","max-video-preview":"max-video-preview:-1"},"canonical":"https:\/\/www.em.com.br\/emfoco\/2026\/04\/30\/trabalhador-com-carteira-assinada-precisa-se-preparar-jornada-menor-aumento-do-salario-minimo-e-novas-regras-para-domingos-chegam-em-2026\/","og_locale":"pt_BR","og_type":"article","og_title":"Trabalhador com carteira assinada precisa se preparar: jornada menor, aumento do sal\u00e1rio m\u00ednimo e novas regras para domingos chegam em 2026 - Estado de Minas - Em foco","og_description":"Prepare-se para 2026: jornada menor, sal\u00e1rio m\u00ednimo mais alto e novas regras para domingos. Entenda o que muda para o trabalhador.","og_url":"https:\/\/www.em.com.br\/emfoco\/2026\/04\/30\/trabalhador-com-carteira-assinada-precisa-se-preparar-jornada-menor-aumento-do-salario-minimo-e-novas-regras-para-domingos-chegam-em-2026\/","og_site_name":"Estado de Minas - Em foco","article_published_time":"2026-04-30T17:05:00+00:00","article_modified_time":"2026-04-29T19:37:38+00:00","og_image":[{"width":1280,"height":720,"url":"https:\/\/www.em.com.br\/emfoco\/wp-content\/uploads\/2026\/04\/EmFoco_12-11.jpg","type":"image\/jpeg"}],"author":"Guilherme Ara\u00fajo","twitter_card":"summary_large_image","twitter_misc":{"Escrito por":"Guilherme Ara\u00fajo","Est. tempo de leitura":"4 minutos"},"schema":{"@context":"https:\/\/schema.org","@graph":[{"@type":"WebPage","@id":"https:\/\/www.em.com.br\/emfoco\/2026\/04\/30\/trabalhador-com-carteira-assinada-precisa-se-preparar-jornada-menor-aumento-do-salario-minimo-e-novas-regras-para-domingos-chegam-em-2026\/","url":"https:\/\/www.em.com.br\/emfoco\/2026\/04\/30\/trabalhador-com-carteira-assinada-precisa-se-preparar-jornada-menor-aumento-do-salario-minimo-e-novas-regras-para-domingos-chegam-em-2026\/","name":"Trabalhador com carteira assinada precisa se preparar: jornada menor, aumento do sal\u00e1rio m\u00ednimo e novas regras para domingos chegam em 2026 - Estado de Minas - Em foco","isPartOf":{"@id":"https:\/\/www.em.com.br\/emfoco\/#website"},"primaryImageOfPage":{"@id":"https:\/\/www.em.com.br\/emfoco\/2026\/04\/30\/trabalhador-com-carteira-assinada-precisa-se-preparar-jornada-menor-aumento-do-salario-minimo-e-novas-regras-para-domingos-chegam-em-2026\/#primaryimage"},"image":{"@id":"https:\/\/www.em.com.br\/emfoco\/2026\/04\/30\/trabalhador-com-carteira-assinada-precisa-se-preparar-jornada-menor-aumento-do-salario-minimo-e-novas-regras-para-domingos-chegam-em-2026\/#primaryimage"},"thumbnailUrl":"https:\/\/www.em.com.br\/emfoco\/wp-content\/uploads\/2026\/04\/EmFoco_12-11.jpg","datePublished":"2026-04-30T17:05:00+00:00","dateModified":"2026-04-29T19:37:38+00:00","author":{"@id":"https:\/\/www.em.com.br\/emfoco\/#\/schema\/person\/5379e929a4b966c775d121e23f9bb421"},"description":"Prepare-se para 2026: jornada menor, sal\u00e1rio m\u00ednimo mais alto e novas regras para domingos. Entenda o que muda para o trabalhador.","breadcrumb":{"@id":"https:\/\/www.em.com.br\/emfoco\/2026\/04\/30\/trabalhador-com-carteira-assinada-precisa-se-preparar-jornada-menor-aumento-do-salario-minimo-e-novas-regras-para-domingos-chegam-em-2026\/#breadcrumb"},"inLanguage":"pt-BR","potentialAction":[{"@type":"ReadAction","target":["https:\/\/www.em.com.br\/emfoco\/2026\/04\/30\/trabalhador-com-carteira-assinada-precisa-se-preparar-jornada-menor-aumento-do-salario-minimo-e-novas-regras-para-domingos-chegam-em-2026\/"]}]},{"@type":"ImageObject","inLanguage":"pt-BR","@id":"https:\/\/www.em.com.br\/emfoco\/2026\/04\/30\/trabalhador-com-carteira-assinada-precisa-se-preparar-jornada-menor-aumento-do-salario-minimo-e-novas-regras-para-domingos-chegam-em-2026\/#primaryimage","url":"https:\/\/www.em.com.br\/emfoco\/wp-content\/uploads\/2026\/04\/EmFoco_12-11.jpg","contentUrl":"https:\/\/www.em.com.br\/emfoco\/wp-content\/uploads\/2026\/04\/EmFoco_12-11.jpg","width":1280,"height":720,"caption":"Atualiza\u00e7\u00f5es no sal\u00e1rio m\u00ednimo e fiscaliza\u00e7\u00e3o digital modernizam as rela\u00e7\u00f5es de trabalho brasileiras"},{"@type":"BreadcrumbList","@id":"https:\/\/www.em.com.br\/emfoco\/2026\/04\/30\/trabalhador-com-carteira-assinada-precisa-se-preparar-jornada-menor-aumento-do-salario-minimo-e-novas-regras-para-domingos-chegam-em-2026\/#breadcrumb","itemListElement":[{"@type":"ListItem","position":1,"name":"In\u00edcio","item":"https:\/\/www.em.com.br\/emfoco\/"},{"@type":"ListItem","position":2,"name":"Trabalhador com carteira assinada precisa se preparar: jornada menor, aumento do sal\u00e1rio m\u00ednimo e novas regras para domingos chegam em 2026"}]},{"@type":"WebSite","@id":"https:\/\/www.em.com.br\/emfoco\/#website","url":"https:\/\/www.em.com.br\/emfoco\/","name":"Estado de Minas - Em foco","description":"Acompanhe as \u00faltimas not\u00edcias e fique bem informado sobre tudo o que acontece em Minas Gerais, Brasil e no mundo.","potentialAction":[{"@type":"SearchAction","target":{"@type":"EntryPoint","urlTemplate":"https:\/\/www.em.com.br\/emfoco\/?s={search_term_string}"},"query-input":{"@type":"PropertyValueSpecification","valueRequired":true,"valueName":"search_term_string"}}],"inLanguage":"pt-BR"},{"@type":"Person","@id":"https:\/\/www.em.com.br\/emfoco\/#\/schema\/person\/5379e929a4b966c775d121e23f9bb421","name":"Guilherme Ara\u00fajo","image":{"@type":"ImageObject","inLanguage":"pt-BR","@id":"https:\/\/www.em.com.br\/emfoco\/#\/schema\/person\/image\/","url":"https:\/\/secure.gravatar.com\/avatar\/b8bf1fd0130e170bd8f5d7298dbafa25?s=96&d=mm&r=g","contentUrl":"https:\/\/secure.gravatar.com\/avatar\/b8bf1fd0130e170bd8f5d7298dbafa25?s=96&d=mm&r=g","caption":"Guilherme Ara\u00fajo"},"sameAs":["https:\/\/www.em.com.br\/emfoco"],"url":"https:\/\/www.em.com.br\/emfoco\/author\/guilhermeamyth\/"}]}},"_links":{"self":[{"href":"https:\/\/www.em.com.br\/emfoco\/wp-json\/wp\/v2\/posts\/201369","targetHints":{"allow":["GET"]}}],"collection":[{"href":"https:\/\/www.em.com.br\/emfoco\/wp-json\/wp\/v2\/posts"}],"about":[{"href":"https:\/\/www.em.com.br\/emfoco\/wp-json\/wp\/v2\/types\/post"}],"author":[{"embeddable":true,"href":"https:\/\/www.em.com.br\/emfoco\/wp-json\/wp\/v2\/users\/30"}],"replies":[{"embeddable":true,"href":"https:\/\/www.em.com.br\/emfoco\/wp-json\/wp\/v2\/comments?post=201369"}],"version-history":[{"count":4,"href":"https:\/\/www.em.com.br\/emfoco\/wp-json\/wp\/v2\/posts\/201369\/revisions"}],"predecessor-version":[{"id":201530,"href":"https:\/\/www.em.com.br\/emfoco\/wp-json\/wp\/v2\/posts\/201369\/revisions\/201530"}],"wp:featuredmedia":[{"embeddable":true,"href":"https:\/\/www.em.com.br\/emfoco\/wp-json\/wp\/v2\/media\/201601"}],"wp:attachment":[{"href":"https:\/\/www.em.com.br\/emfoco\/wp-json\/wp\/v2\/media?parent=201369"}],"wp:term":[{"taxonomy":"category","embeddable":true,"href":"https:\/\/www.em.com.br\/emfoco\/wp-json\/wp\/v2\/categories?post=201369"},{"taxonomy":"post_tag","embeddable":true,"href":"https:\/\/www.em.com.br\/emfoco\/wp-json\/wp\/v2\/tags?post=201369"}],"curies":[{"name":"wp","href":"https:\/\/api.w.org\/{rel}","templated":true}]}}