{"id":201364,"date":"2026-04-30T10:15:00","date_gmt":"2026-04-30T13:15:00","guid":{"rendered":"https:\/\/www.em.com.br\/emfoco\/?p=201364"},"modified":"2026-04-29T16:36:56","modified_gmt":"2026-04-29T19:36:56","slug":"motoristas-recebem-multa-por-nao-exibir-o-adesivo-de-inspecao-do-veiculo","status":"publish","type":"post","link":"https:\/\/www.em.com.br\/emfoco\/2026\/04\/30\/motoristas-recebem-multa-por-nao-exibir-o-adesivo-de-inspecao-do-veiculo\/","title":{"rendered":"Motoristas recebem multa por n\u00e3o exibir o adesivo de inspe\u00e7\u00e3o do ve\u00edculo"},"content":{"rendered":"\n<p>Muitos condutores acreditam que basta ser aprovado na revis\u00e3o t\u00e9cnica para estar em dia com as autoridades. No entanto, na <strong>Espanha<\/strong>, <strong>motoristas recebem multa<\/strong> se esquecerem de colar o selo de aprova\u00e7\u00e3o no vidro do carro.<\/p>\n\n\n\n<h2 class=\"wp-block-heading\">Por que o selo V-19 \u00e9 obrigat\u00f3rio na Espanha?<\/h2>\n\n\n\n<p>O distintivo conhecido como <strong>sinal V-19<\/strong> serve como uma prova visual imediata de que o autom\u00f3vel est\u00e1 seguro para circular. Ele deve ser fixado obrigatoriamente no \u00e2ngulo superior direito do parabrisas, permitindo que agentes identifiquem a validade da <strong>Inspe\u00e7\u00e3o T\u00e9cnica de Ve\u00edculos (ITV)<\/strong>.<\/p>\n\n\n\n<p>Caso o condutor circule sem a etiqueta, mesmo com a revis\u00e3o em dia, ele comete uma infra\u00e7\u00e3o leve. O valor da penalidade costuma ser de cerca de <strong>R$ 432 (80 euros)<\/strong>, evidenciando que a burocracia visual \u00e9 t\u00e3o importante quanto o estado mec\u00e2nico do motor na Europa.<\/p>\n\n\n<div class=\"wp-block-image\">\n<figure class=\"aligncenter size-large\"><img loading=\"lazy\" decoding=\"async\" width=\"1024\" height=\"576\" src=\"https:\/\/www.em.com.br\/emfoco\/wp-content\/uploads\/2026\/04\/multa1-1-1024x576.jpg\" alt=\"Agentes de tr\u00e2nsito autuam propriet\u00e1rios que negligenciam posicionamento de selo de inspe\u00e7\u00e3o anual\" class=\"wp-image-201507\" srcset=\"https:\/\/www.em.com.br\/emfoco\/wp-content\/uploads\/2026\/04\/multa1-1-1024x576.jpg 1024w, https:\/\/www.em.com.br\/emfoco\/wp-content\/uploads\/2026\/04\/multa1-1-300x169.jpg 300w, https:\/\/www.em.com.br\/emfoco\/wp-content\/uploads\/2026\/04\/multa1-1-768x432.jpg 768w, https:\/\/www.em.com.br\/emfoco\/wp-content\/uploads\/2026\/04\/multa1-1-750x422.jpg 750w, https:\/\/www.em.com.br\/emfoco\/wp-content\/uploads\/2026\/04\/multa1-1-1140x641.jpg 1140w, https:\/\/www.em.com.br\/emfoco\/wp-content\/uploads\/2026\/04\/multa1-1.jpg 1280w\" sizes=\"auto, (max-width: 1024px) 100vw, 1024px\" \/><figcaption class=\"wp-element-caption\">Agentes de tr\u00e2nsito autuam propriet\u00e1rios que negligenciam posicionamento de selo de inspe\u00e7\u00e3o anual<\/figcaption><\/figure><\/div>\n\n\n<h2 class=\"wp-block-heading\">Quais penalidades os motoristas enfrentam por irregularidades?<\/h2>\n\n\n\n<p>As puni\u00e7\u00f5es financeiras escalam rapidamente conforme a gravidade da situa\u00e7\u00e3o encontrada pelos fiscais. Se o prazo da inspe\u00e7\u00e3o estiver vencido ou se o resultado for desfavor\u00e1vel, motoristas recebem multa de cerca de <strong>R$ 1.080 (200 euros)<\/strong>, valor que pode dobrar em casos espec\u00edficos de reincid\u00eancia.<\/p>\n\n\n\n<p>A situa\u00e7\u00e3o mais grave ocorre quando h\u00e1 falsifica\u00e7\u00e3o do documento ou do selo adesivo. Nessas circunst\u00e2ncias, a multa atinge cerca de <strong>R$ 2.700 (500 euros)<\/strong> e o propriet\u00e1rio pode responder criminalmente por falsidade documental, conforme as diretrizes da seguran\u00e7a rodovi\u00e1ria internacional.<\/p>\n\n\n\n<h2 class=\"wp-block-heading\">Como funciona a vistoria peri\u00f3dica no Brasil em 2026?<\/h2>\n\n\n\n<p>No <strong>Brasil<\/strong>, o cen\u00e1rio \u00e9 diferente, pois n\u00e3o existe um selo de inspe\u00e7\u00e3o anual obrigat\u00f3rio para todos os ve\u00edculos de passeio. A vistoria veicular \u00e9 exigida pelo <strong>Detran<\/strong> apenas em momentos de transfer\u00eancia de dono, mudan\u00e7a de cidade ou quando h\u00e1 altera\u00e7\u00f5es estruturais no carro.<\/p>\n\n\n\n<p>Embora existam debates pol\u00edticos frequentes sobre a implementa\u00e7\u00e3o de uma revis\u00e3o nacional obrigat\u00f3ria, os <strong>motoristas recebem multa<\/strong> atualmente apenas por falta de licenciamento. O <a href=\"https:\/\/www.planalto.gov.br\/ccivil_03\/leis\/l9503.htm\" target=\"_blank\" rel=\"noreferrer noopener\">C\u00f3digo de Tr\u00e2nsito Brasileiro<\/a> foca na manuten\u00e7\u00e3o de itens como pneus, freios e sistema de ilumina\u00e7\u00e3o durante as fiscaliza\u00e7\u00f5es de rotina.<\/p>\n\n\n<div class=\"wp-block-image\">\n<figure class=\"aligncenter size-large\"><img loading=\"lazy\" decoding=\"async\" width=\"1024\" height=\"576\" src=\"https:\/\/www.em.com.br\/emfoco\/wp-content\/uploads\/2026\/04\/adesivo1-1-1024x576.jpg\" alt=\"Falta de selo obrigat\u00f3rio no para-brisa gera infra\u00e7\u00e3o e gera custos inesperados para condutores\" class=\"wp-image-201509\" srcset=\"https:\/\/www.em.com.br\/emfoco\/wp-content\/uploads\/2026\/04\/adesivo1-1-1024x576.jpg 1024w, https:\/\/www.em.com.br\/emfoco\/wp-content\/uploads\/2026\/04\/adesivo1-1-300x169.jpg 300w, https:\/\/www.em.com.br\/emfoco\/wp-content\/uploads\/2026\/04\/adesivo1-1-768x432.jpg 768w, https:\/\/www.em.com.br\/emfoco\/wp-content\/uploads\/2026\/04\/adesivo1-1-750x422.jpg 750w, https:\/\/www.em.com.br\/emfoco\/wp-content\/uploads\/2026\/04\/adesivo1-1-1140x641.jpg 1140w, https:\/\/www.em.com.br\/emfoco\/wp-content\/uploads\/2026\/04\/adesivo1-1.jpg 1280w\" sizes=\"auto, (max-width: 1024px) 100vw, 1024px\" \/><figcaption class=\"wp-element-caption\">Falta de selo obrigat\u00f3rio no para-brisa gera infra\u00e7\u00e3o e gera custos inesperados para condutores<\/figcaption><\/figure><\/div>\n\n\n<p>Leia tamb\u00e9m: <a href=\"https:\/\/www.em.com.br\/emfoco\/2026\/04\/27\/novo-pagamento-do-salario-minimo-de-r-1-92172-ja-foi-aprovado-e-esta-em-vigor-no-brasil\/\" target=\"_blank\" rel=\"noreferrer noopener\">Novo pagamento do sal\u00e1rio m\u00ednimo de R$ 1.921,72 j\u00e1 foi aprovado e est\u00e1 em vigor no Brasil<\/a><\/p>\n\n\n\n<h2 class=\"wp-block-heading\">\u00c9 permitido colar adesivos no parabrisas no Brasil?<\/h2>\n\n\n\n<p>Ao contr\u00e1rio da <strong>Espanha<\/strong>, que exige um adesivo oficial, a legisla\u00e7\u00e3o brasileira \u00e9 bastante restritiva quanto ao uso de selos nos vidros. O <strong>Contran<\/strong> pro\u00edbe a fixa\u00e7\u00e3o de qualquer inscri\u00e7\u00e3o ou legenda nas \u00e1reas indispens\u00e1veis \u00e0 vis\u00e3o do motorista, visando reduzir riscos de acidentes.<\/p>\n\n\n\n<p>Se um agente identificar adesivos decorativos que atrapalhem o campo de vis\u00e3o, <strong>motoristas recebem multa<\/strong> de <strong>R$ 195,23<\/strong>. Al\u00e9m do preju\u00edzo financeiro, o condutor perde <strong>5 pontos<\/strong> na <strong>CNH<\/strong> e tem o ve\u00edculo retido at\u00e9 que a irregularidade seja sanada no local.<\/p>\n\n\n\n<p>Confira os principais itens verificados nas vistorias brasileiras:<\/p>\n\n\n\n<ul class=\"wp-block-list\">\n<li><strong>Sistema de ilumina\u00e7\u00e3o:<\/strong> Funcionamento de far\u00f3is, setas e luzes de freio.<\/li>\n\n\n\n<li><strong>Pneus:<\/strong> Verifica\u00e7\u00e3o do sulco m\u00ednimo de <strong>1,6 mm<\/strong> de profundidade.<\/li>\n\n\n\n<li><strong>Equipamentos obrigat\u00f3rios:<\/strong> Presen\u00e7a de estepe, macaco e tri\u00e2ngulo.<\/li>\n\n\n\n<li><strong>Emiss\u00e3o de poluentes:<\/strong> Controle de gases em ve\u00edculos pesados ou modificados.<\/li>\n\n\n\n<li><strong>Numera\u00e7\u00e3o de chassi:<\/strong> Confer\u00eancia para evitar casos de clonagem ou roubo.<\/li>\n<\/ul>\n\n\n\n<h2 class=\"wp-block-heading\">O que mudou com a retirada do PL 3.507\/2025?<\/h2>\n\n\n\n<p>Houve uma tentativa recente de tornar as vistorias anuais obrigat\u00f3rias para carros com mais de <strong>cinco anos<\/strong>. O projeto de lei, de autoria do deputado <strong>Fausto Pinato<\/strong>, previa puni\u00e7\u00f5es severas para quem ignorasse o calend\u00e1rio de inspe\u00e7\u00e3o t\u00e9cnica nacional.<\/p>\n\n\n\n<p>Entretanto, ap\u00f3s press\u00e3o popular e de colecionadores de carros antigos, a proposta foi retirada de tramita\u00e7\u00e3o em <strong>abril de 2026<\/strong>. Por enquanto, o bolso do brasileiro est\u00e1 livre dessa taxa extra, mas o cuidado com a manuten\u00e7\u00e3o continua sendo a melhor forma de evitar preju\u00edzos e acidentes nas estradas.<\/p>\n","protected":false},"excerpt":{"rendered":"<p>Muitos condutores acreditam que basta ser aprovado na revis\u00e3o t\u00e9cnica para estar em dia com as autoridades. No entanto, na Espanha, motoristas recebem multa se esquecerem de colar o selo de aprova\u00e7\u00e3o no vidro do carro. Por que o selo V-19 \u00e9 obrigat\u00f3rio na Espanha? O distintivo conhecido como sinal V-19 serve como uma prova [&hellip;]<\/p>\n","protected":false},"author":30,"featured_media":201603,"comment_status":"open","ping_status":"open","sticky":false,"template":"","format":"standard","meta":{"jnews-multi-image_gallery":[],"jnews_single_post":{"format":"standard"},"jnews_primary_category":[],"jnews_social_meta":[],"jnews_override_counter":[],"footnotes":""},"categories":[28],"tags":[830,9442,765,16721],"class_list":["post-201364","post","type-post","status-publish","format-standard","has-post-thumbnail","hentry","category-economia","tag-cnh","tag-multa","tag-transito","tag-vistoria"],"yoast_head":"<!-- This site is optimized with the Yoast SEO plugin v23.8 - https:\/\/yoast.com\/wordpress\/plugins\/seo\/ -->\n<title>Motoristas recebem multa por n\u00e3o exibir o adesivo de inspe\u00e7\u00e3o do ve\u00edculo - Estado de Minas - Em foco<\/title>\n<meta name=\"description\" content=\"Entenda por que motoristas est\u00e3o sendo multados por falta deste adesivo. Veja como evitar a penalidade e mantenha seu ve\u00edculo regularizado.\" \/>\n<meta name=\"robots\" content=\"index, follow, max-snippet:-1, max-image-preview:large, max-video-preview:-1\" \/>\n<link rel=\"canonical\" href=\"https:\/\/www.em.com.br\/emfoco\/2026\/04\/30\/motoristas-recebem-multa-por-nao-exibir-o-adesivo-de-inspecao-do-veiculo\/\" \/>\n<meta property=\"og:locale\" content=\"pt_BR\" \/>\n<meta property=\"og:type\" content=\"article\" \/>\n<meta property=\"og:title\" content=\"Motoristas recebem multa por n\u00e3o exibir o adesivo de inspe\u00e7\u00e3o do ve\u00edculo - Estado de Minas - Em foco\" \/>\n<meta property=\"og:description\" content=\"Entenda por que motoristas est\u00e3o sendo multados por falta deste adesivo. Veja como evitar a penalidade e mantenha seu ve\u00edculo regularizado.\" \/>\n<meta property=\"og:url\" content=\"https:\/\/www.em.com.br\/emfoco\/2026\/04\/30\/motoristas-recebem-multa-por-nao-exibir-o-adesivo-de-inspecao-do-veiculo\/\" \/>\n<meta property=\"og:site_name\" content=\"Estado de Minas - Em foco\" \/>\n<meta property=\"article:published_time\" content=\"2026-04-30T13:15:00+00:00\" \/>\n<meta property=\"article:modified_time\" content=\"2026-04-29T19:36:56+00:00\" \/>\n<meta property=\"og:image\" content=\"https:\/\/www.em.com.br\/emfoco\/wp-content\/uploads\/2026\/04\/EmFoco_10-10.jpg\" \/>\n\t<meta property=\"og:image:width\" content=\"1280\" \/>\n\t<meta property=\"og:image:height\" content=\"720\" \/>\n\t<meta property=\"og:image:type\" content=\"image\/jpeg\" \/>\n<meta name=\"author\" content=\"Guilherme Ara\u00fajo\" \/>\n<meta name=\"twitter:card\" content=\"summary_large_image\" \/>\n<meta name=\"twitter:label1\" content=\"Escrito por\" \/>\n\t<meta name=\"twitter:data1\" content=\"Guilherme Ara\u00fajo\" \/>\n\t<meta name=\"twitter:label2\" content=\"Est. tempo de leitura\" \/>\n\t<meta name=\"twitter:data2\" content=\"5 minutos\" \/>\n<!-- \/ Yoast SEO plugin. -->","yoast_head_json":{"title":"Motoristas recebem multa por n\u00e3o exibir o adesivo de inspe\u00e7\u00e3o do ve\u00edculo - Estado de Minas - Em foco","description":"Entenda por que motoristas est\u00e3o sendo multados por falta deste adesivo. Veja como evitar a penalidade e mantenha seu ve\u00edculo regularizado.","robots":{"index":"index","follow":"follow","max-snippet":"max-snippet:-1","max-image-preview":"max-image-preview:large","max-video-preview":"max-video-preview:-1"},"canonical":"https:\/\/www.em.com.br\/emfoco\/2026\/04\/30\/motoristas-recebem-multa-por-nao-exibir-o-adesivo-de-inspecao-do-veiculo\/","og_locale":"pt_BR","og_type":"article","og_title":"Motoristas recebem multa por n\u00e3o exibir o adesivo de inspe\u00e7\u00e3o do ve\u00edculo - Estado de Minas - Em foco","og_description":"Entenda por que motoristas est\u00e3o sendo multados por falta deste adesivo. Veja como evitar a penalidade e mantenha seu ve\u00edculo regularizado.","og_url":"https:\/\/www.em.com.br\/emfoco\/2026\/04\/30\/motoristas-recebem-multa-por-nao-exibir-o-adesivo-de-inspecao-do-veiculo\/","og_site_name":"Estado de Minas - Em foco","article_published_time":"2026-04-30T13:15:00+00:00","article_modified_time":"2026-04-29T19:36:56+00:00","og_image":[{"width":1280,"height":720,"url":"https:\/\/www.em.com.br\/emfoco\/wp-content\/uploads\/2026\/04\/EmFoco_10-10.jpg","type":"image\/jpeg"}],"author":"Guilherme Ara\u00fajo","twitter_card":"summary_large_image","twitter_misc":{"Escrito por":"Guilherme Ara\u00fajo","Est. tempo de leitura":"5 minutos"},"schema":{"@context":"https:\/\/schema.org","@graph":[{"@type":"WebPage","@id":"https:\/\/www.em.com.br\/emfoco\/2026\/04\/30\/motoristas-recebem-multa-por-nao-exibir-o-adesivo-de-inspecao-do-veiculo\/","url":"https:\/\/www.em.com.br\/emfoco\/2026\/04\/30\/motoristas-recebem-multa-por-nao-exibir-o-adesivo-de-inspecao-do-veiculo\/","name":"Motoristas recebem multa por n\u00e3o exibir o adesivo de inspe\u00e7\u00e3o do ve\u00edculo - Estado de Minas - Em foco","isPartOf":{"@id":"https:\/\/www.em.com.br\/emfoco\/#website"},"primaryImageOfPage":{"@id":"https:\/\/www.em.com.br\/emfoco\/2026\/04\/30\/motoristas-recebem-multa-por-nao-exibir-o-adesivo-de-inspecao-do-veiculo\/#primaryimage"},"image":{"@id":"https:\/\/www.em.com.br\/emfoco\/2026\/04\/30\/motoristas-recebem-multa-por-nao-exibir-o-adesivo-de-inspecao-do-veiculo\/#primaryimage"},"thumbnailUrl":"https:\/\/www.em.com.br\/emfoco\/wp-content\/uploads\/2026\/04\/EmFoco_10-10.jpg","datePublished":"2026-04-30T13:15:00+00:00","dateModified":"2026-04-29T19:36:56+00:00","author":{"@id":"https:\/\/www.em.com.br\/emfoco\/#\/schema\/person\/5379e929a4b966c775d121e23f9bb421"},"description":"Entenda por que motoristas est\u00e3o sendo multados por falta deste adesivo. Veja como evitar a penalidade e mantenha seu ve\u00edculo regularizado.","breadcrumb":{"@id":"https:\/\/www.em.com.br\/emfoco\/2026\/04\/30\/motoristas-recebem-multa-por-nao-exibir-o-adesivo-de-inspecao-do-veiculo\/#breadcrumb"},"inLanguage":"pt-BR","potentialAction":[{"@type":"ReadAction","target":["https:\/\/www.em.com.br\/emfoco\/2026\/04\/30\/motoristas-recebem-multa-por-nao-exibir-o-adesivo-de-inspecao-do-veiculo\/"]}]},{"@type":"ImageObject","inLanguage":"pt-BR","@id":"https:\/\/www.em.com.br\/emfoco\/2026\/04\/30\/motoristas-recebem-multa-por-nao-exibir-o-adesivo-de-inspecao-do-veiculo\/#primaryimage","url":"https:\/\/www.em.com.br\/emfoco\/wp-content\/uploads\/2026\/04\/EmFoco_10-10.jpg","contentUrl":"https:\/\/www.em.com.br\/emfoco\/wp-content\/uploads\/2026\/04\/EmFoco_10-10.jpg","width":1280,"height":720,"caption":"Exig\u00eancia de selo visual na Espanha contrasta com modelo de vistoria brasileiro atual"},{"@type":"BreadcrumbList","@id":"https:\/\/www.em.com.br\/emfoco\/2026\/04\/30\/motoristas-recebem-multa-por-nao-exibir-o-adesivo-de-inspecao-do-veiculo\/#breadcrumb","itemListElement":[{"@type":"ListItem","position":1,"name":"In\u00edcio","item":"https:\/\/www.em.com.br\/emfoco\/"},{"@type":"ListItem","position":2,"name":"Motoristas recebem multa por n\u00e3o exibir o adesivo de inspe\u00e7\u00e3o do ve\u00edculo"}]},{"@type":"WebSite","@id":"https:\/\/www.em.com.br\/emfoco\/#website","url":"https:\/\/www.em.com.br\/emfoco\/","name":"Estado de Minas - Em foco","description":"Acompanhe as \u00faltimas not\u00edcias e fique bem informado sobre tudo o que acontece em Minas Gerais, Brasil e no mundo.","potentialAction":[{"@type":"SearchAction","target":{"@type":"EntryPoint","urlTemplate":"https:\/\/www.em.com.br\/emfoco\/?s={search_term_string}"},"query-input":{"@type":"PropertyValueSpecification","valueRequired":true,"valueName":"search_term_string"}}],"inLanguage":"pt-BR"},{"@type":"Person","@id":"https:\/\/www.em.com.br\/emfoco\/#\/schema\/person\/5379e929a4b966c775d121e23f9bb421","name":"Guilherme Ara\u00fajo","image":{"@type":"ImageObject","inLanguage":"pt-BR","@id":"https:\/\/www.em.com.br\/emfoco\/#\/schema\/person\/image\/","url":"https:\/\/secure.gravatar.com\/avatar\/b8bf1fd0130e170bd8f5d7298dbafa25?s=96&d=mm&r=g","contentUrl":"https:\/\/secure.gravatar.com\/avatar\/b8bf1fd0130e170bd8f5d7298dbafa25?s=96&d=mm&r=g","caption":"Guilherme Ara\u00fajo"},"sameAs":["https:\/\/www.em.com.br\/emfoco"],"url":"https:\/\/www.em.com.br\/emfoco\/author\/guilhermeamyth\/"}]}},"_links":{"self":[{"href":"https:\/\/www.em.com.br\/emfoco\/wp-json\/wp\/v2\/posts\/201364","targetHints":{"allow":["GET"]}}],"collection":[{"href":"https:\/\/www.em.com.br\/emfoco\/wp-json\/wp\/v2\/posts"}],"about":[{"href":"https:\/\/www.em.com.br\/emfoco\/wp-json\/wp\/v2\/types\/post"}],"author":[{"embeddable":true,"href":"https:\/\/www.em.com.br\/emfoco\/wp-json\/wp\/v2\/users\/30"}],"replies":[{"embeddable":true,"href":"https:\/\/www.em.com.br\/emfoco\/wp-json\/wp\/v2\/comments?post=201364"}],"version-history":[{"count":5,"href":"https:\/\/www.em.com.br\/emfoco\/wp-json\/wp\/v2\/posts\/201364\/revisions"}],"predecessor-version":[{"id":201534,"href":"https:\/\/www.em.com.br\/emfoco\/wp-json\/wp\/v2\/posts\/201364\/revisions\/201534"}],"wp:featuredmedia":[{"embeddable":true,"href":"https:\/\/www.em.com.br\/emfoco\/wp-json\/wp\/v2\/media\/201603"}],"wp:attachment":[{"href":"https:\/\/www.em.com.br\/emfoco\/wp-json\/wp\/v2\/media?parent=201364"}],"wp:term":[{"taxonomy":"category","embeddable":true,"href":"https:\/\/www.em.com.br\/emfoco\/wp-json\/wp\/v2\/categories?post=201364"},{"taxonomy":"post_tag","embeddable":true,"href":"https:\/\/www.em.com.br\/emfoco\/wp-json\/wp\/v2\/tags?post=201364"}],"curies":[{"name":"wp","href":"https:\/\/api.w.org\/{rel}","templated":true}]}}