{"id":201358,"date":"2026-04-30T07:45:00","date_gmt":"2026-04-30T10:45:00","guid":{"rendered":"https:\/\/www.em.com.br\/emfoco\/?p=201358"},"modified":"2026-04-29T16:36:46","modified_gmt":"2026-04-29T19:36:46","slug":"lei-garante-aos-donos-dos-imoveis-aumento-do-valor-do-aluguel-e-inquilinos-terao-que-pagar-pelos-reparos","status":"publish","type":"post","link":"https:\/\/www.em.com.br\/emfoco\/2026\/04\/30\/lei-garante-aos-donos-dos-imoveis-aumento-do-valor-do-aluguel-e-inquilinos-terao-que-pagar-pelos-reparos\/","title":{"rendered":"Lei garante aos donos dos im\u00f3veis aumento do valor do aluguel e inquilinos ter\u00e3o que pagar pelos reparos"},"content":{"rendered":"\n<p>A recente revoga\u00e7\u00e3o da lei de loca\u00e7\u00e3o na <strong>Argentina<\/strong> gerou um cen\u00e1rio onde o <strong>aumento do valor do aluguel<\/strong> passou a ser negociado livremente entre as partes. No <strong>Brasil<\/strong>, as regras da <strong>Lei do Inquilinato<\/strong> ainda garantem prote\u00e7\u00f5es espec\u00edficas para evitar abusos contratuais.<\/p>\n\n\n\n<h2 class=\"wp-block-heading\">Como funciona a desregulamenta\u00e7\u00e3o na Argentina?<\/h2>\n\n\n\n<p>O cen\u00e1rio imobili\u00e1rio em <strong>Buenos Aires<\/strong> sofreu uma transforma\u00e7\u00e3o radical ap\u00f3s o governo de <strong>Javier Milei<\/strong> revogar as normas que travavam o setor. Com a queda das restri\u00e7\u00f5es de prazo e de indexa\u00e7\u00e3o, a oferta de im\u00f3veis para loca\u00e7\u00e3o saltou <strong>170%<\/strong> em poucos meses ap\u00f3s a medida.<\/p>\n\n\n\n<p>Essa liberdade permitiu que propriet\u00e1rios e locat\u00e1rios definissem o <strong>aumento do valor do aluguel<\/strong> sem a necessidade de seguir um \u00edndice oficial anual. Embora a disponibilidade de casas e apartamentos tenha crescido, muitos contratos novos passaram a ser exigidos em <strong>d\u00f3lar<\/strong>, afetando a previsibilidade financeira das fam\u00edlias.<\/p>\n\n\n<div class=\"wp-block-image\">\n<figure class=\"aligncenter size-large\"><img loading=\"lazy\" decoding=\"async\" width=\"1024\" height=\"576\" src=\"https:\/\/www.em.com.br\/emfoco\/wp-content\/uploads\/2026\/04\/imivel_1777491825616-1-1024x576.jpg\" alt=\"Cr\u00e9ditos: depositphotos.com \/ AllaSerebrina\" class=\"wp-image-201512\" srcset=\"https:\/\/www.em.com.br\/emfoco\/wp-content\/uploads\/2026\/04\/imivel_1777491825616-1-1024x576.jpg 1024w, https:\/\/www.em.com.br\/emfoco\/wp-content\/uploads\/2026\/04\/imivel_1777491825616-1-300x169.jpg 300w, https:\/\/www.em.com.br\/emfoco\/wp-content\/uploads\/2026\/04\/imivel_1777491825616-1-768x432.jpg 768w, https:\/\/www.em.com.br\/emfoco\/wp-content\/uploads\/2026\/04\/imivel_1777491825616-1-750x422.jpg 750w, https:\/\/www.em.com.br\/emfoco\/wp-content\/uploads\/2026\/04\/imivel_1777491825616-1-1140x641.jpg 1140w, https:\/\/www.em.com.br\/emfoco\/wp-content\/uploads\/2026\/04\/imivel_1777491825616-1.jpg 1280w\" sizes=\"auto, (max-width: 1024px) 100vw, 1024px\" \/><figcaption class=\"wp-element-caption\">Mudan\u00e7a no entendimento jur\u00eddico obriga moradores a custear reformas e autoriza novo teto no aluguel &#8211; Cr\u00e9ditos: depositphotos.com \/ AllaSerebrina<\/figcaption><\/figure><\/div>\n\n\n<h2 class=\"wp-block-heading\">Quais foram os impactos diretos nos pre\u00e7os?<\/h2>\n\n\n\n<p>Apesar da percep\u00e7\u00e3o de alta, em termos reais o custo m\u00e9dio caiu cerca de <strong>40%<\/strong> devido ao enorme volume de novos im\u00f3veis que voltaram ao mercado. <\/p>\n\n\n\n<p>A mudan\u00e7a extinguiu o prazo m\u00ednimo de <strong>tr\u00eas anos<\/strong> para contratos residenciais, permitindo acordos mais curtos e flex\u00edveis para ambas as partes.<\/p>\n\n\n\n<h2 class=\"wp-block-heading\">O aumento do valor do aluguel \u00e9 livre no Brasil?<\/h2>\n\n\n\n<p>Diferente do pa\u00eds vizinho, o mercado brasileiro segue normas r\u00edgidas onde o <strong>aumento do valor do aluguel<\/strong> s\u00f3 pode ocorrer a cada <strong>12 meses<\/strong>. O \u00edndice de reajuste deve estar estipulado no contrato, sendo o <strong>IPCA<\/strong> e o <strong>IGP-M<\/strong> os indicadores mais comuns utilizados pelas imobili\u00e1rias.<\/p>\n\n\n\n<p>Em <strong>abril de 2026<\/strong>, os dados mostram que o <strong>IPCA<\/strong> acumulou <strong>4,44%<\/strong>, enquanto o <strong>IGP-M<\/strong> registrou <strong>-0,91%<\/strong>, o que pode gerar at\u00e9 defla\u00e7\u00e3o em alguns alugu\u00e9is. O propriet\u00e1rio n\u00e3o tem o direito de exigir valores extras fora desse per\u00edodo, mesmo que a regi\u00e3o sofra uma valoriza\u00e7\u00e3o acelerada durante o ano vigente.<\/p>\n\n\n\n<h2 class=\"wp-block-heading\">Quem deve pagar pelos reparos no im\u00f3vel?<\/h2>\n\n\n\n<p>A legisla\u00e7\u00e3o brasileira divide as <a href=\"https:\/\/www.em.com.br\/emfoco\/2026\/04\/29\/governo-antecipa-13o-salario-do-inss-em-2026-e-confirma-injecao-de-r-57-bilhoes-na-economia\/\" target=\"_blank\" rel=\"noreferrer noopener\">responsabilidades financeiras<\/a> de forma clara entre quem aluga e quem \u00e9 dono do bem. Segundo a <a href=\"https:\/\/www.planalto.gov.br\/ccivil_03\/leis\/l8245.htm\" target=\"_blank\" rel=\"noreferrer noopener\">Lei do Inquilinato<\/a>, o locador deve entregar o im\u00f3vel em estado de servir ao uso a que se destina.<\/p>\n\n\n\n<p>Consertos estruturais, como infiltra\u00e7\u00f5es graves ou falhas na rede el\u00e9trica original, s\u00e3o obriga\u00e7\u00f5es do propriet\u00e1rio, que deve arcar com os custos integrais. J\u00e1 o inquilino \u00e9 respons\u00e1vel apenas pela manuten\u00e7\u00e3o preventiva e por danos que ele mesmo venha a causar por mau uso ou falta de cuidado.<\/p>\n\n\n<div class=\"wp-block-image\">\n<figure class=\"aligncenter size-large\"><img loading=\"lazy\" decoding=\"async\" width=\"1024\" height=\"576\" src=\"https:\/\/www.em.com.br\/emfoco\/wp-content\/uploads\/2026\/04\/imivel_1777491844416-1-1024x576.jpg\" alt=\"Cr\u00e9ditos: depositphotos.com \/ zephyr18\" class=\"wp-image-201514\" srcset=\"https:\/\/www.em.com.br\/emfoco\/wp-content\/uploads\/2026\/04\/imivel_1777491844416-1-1024x576.jpg 1024w, https:\/\/www.em.com.br\/emfoco\/wp-content\/uploads\/2026\/04\/imivel_1777491844416-1-300x169.jpg 300w, https:\/\/www.em.com.br\/emfoco\/wp-content\/uploads\/2026\/04\/imivel_1777491844416-1-768x432.jpg 768w, https:\/\/www.em.com.br\/emfoco\/wp-content\/uploads\/2026\/04\/imivel_1777491844416-1-750x422.jpg 750w, https:\/\/www.em.com.br\/emfoco\/wp-content\/uploads\/2026\/04\/imivel_1777491844416-1-1140x641.jpg 1140w, https:\/\/www.em.com.br\/emfoco\/wp-content\/uploads\/2026\/04\/imivel_1777491844416-1.jpg 1280w\" sizes=\"auto, (max-width: 1024px) 100vw, 1024px\" \/><figcaption class=\"wp-element-caption\">Valor da moradia pode subir ap\u00f3s nova diretriz que responsabiliza quem aluga por melhorias f\u00edsicas &#8211; Cr\u00e9ditos: depositphotos.com \/ zephyr18<\/figcaption><\/figure><\/div>\n\n\n<p>Leia tamb\u00e9m: <a href=\"https:\/\/www.em.com.br\/emfoco\/2026\/04\/27\/novo-pagamento-do-salario-minimo-de-r-1-92172-ja-foi-aprovado-e-esta-em-vigor-no-brasil\/\" target=\"_blank\" rel=\"noreferrer noopener\">Novo pagamento do sal\u00e1rio m\u00ednimo de R$ 1.921,72 j\u00e1 foi aprovado e est\u00e1 em vigor no Brasil<\/a><\/p>\n\n\n\n<h2 class=\"wp-block-heading\">Como ficam os contratos em moeda estrangeira?<\/h2>\n\n\n\n<p>No <strong>Brasil<\/strong>, \u00e9 terminantemente proibido fixar o valor do aluguel em moedas como o d\u00f3lar ou o euro para contratos internos. Essa regra visa proteger a soberania do <strong>Real<\/strong> e evitar que a volatilidade do c\u00e2mbio torne a moradia inacess\u00edvel para o cidad\u00e3o comum.<\/p>\n\n\n\n<p>Na <strong>Argentina<\/strong>, a nova diretriz permite essa pr\u00e1tica, o que tem gerado debates sobre a justi\u00e7a social no acesso \u00e0 habita\u00e7\u00e3o. Para entender os detalhes t\u00e9cnicos dessa desregulamenta\u00e7\u00e3o, muitos especialistas consultam o texto do <a href=\"https:\/\/www.boletinoficial.gob.ar\/detalleAviso\/primera\/301123\/20231221\" target=\"_blank\" rel=\"noreferrer noopener\">Decreto 70\/2023<\/a>, que detalha os <strong>366 artigos<\/strong> alterados pelo governo argentino.<\/p>\n\n\n\n<p>Confira as principais diferen\u00e7as contratuais:<\/p>\n\n\n<div class=\"wp-block-image\">\n<figure class=\"aligncenter size-large is-resized\"><img loading=\"lazy\" decoding=\"async\" width=\"1024\" height=\"802\" src=\"https:\/\/www.em.com.br\/emfoco\/wp-content\/uploads\/2026\/04\/image-266-1024x802.png\" alt=\"\" class=\"wp-image-201502\" style=\"width:716px;height:auto\" srcset=\"https:\/\/www.em.com.br\/emfoco\/wp-content\/uploads\/2026\/04\/image-266-1024x802.png 1024w, https:\/\/www.em.com.br\/emfoco\/wp-content\/uploads\/2026\/04\/image-266-300x235.png 300w, https:\/\/www.em.com.br\/emfoco\/wp-content\/uploads\/2026\/04\/image-266-768x601.png 768w, https:\/\/www.em.com.br\/emfoco\/wp-content\/uploads\/2026\/04\/image-266-750x587.png 750w, https:\/\/www.em.com.br\/emfoco\/wp-content\/uploads\/2026\/04\/image-266-1140x892.png 1140w, https:\/\/www.em.com.br\/emfoco\/wp-content\/uploads\/2026\/04\/image-266.png 1280w\" sizes=\"auto, (max-width: 1024px) 100vw, 1024px\" \/><\/figure><\/div>\n\n\n<h2 class=\"wp-block-heading\">O inquilino pode ser despejado por falta de pagamento?<\/h2>\n\n\n\n<p>Sim, tanto no modelo brasileiro quanto no argentino, o descumprimento do pagamento mensal \u00e9 motivo para a rescis\u00e3o do contrato. No <strong>Brasil<\/strong>, o processo judicial de despejo segue prazos espec\u00edficos que garantem o direito de defesa, mas a d\u00edvida acumulada pode gerar penhora de bens.<\/p>\n\n\n\n<p>Manter o di\u00e1logo com o propriet\u00e1rio antes que o atraso ocorra \u00e9 a melhor estrat\u00e9gia para evitar a\u00e7\u00f5es judiciais desgastantes. Compreender as regras vigentes em <strong>2026<\/strong> \u00e9 essencial para garantir que o <strong>aumento do valor do aluguel<\/strong> n\u00e3o se torne uma armadilha financeira para o seu or\u00e7amento mensal.<\/p>\n","protected":false},"excerpt":{"rendered":"<p>A recente revoga\u00e7\u00e3o da lei de loca\u00e7\u00e3o na Argentina gerou um cen\u00e1rio onde o aumento do valor do aluguel passou a ser negociado livremente entre as partes. No Brasil, as regras da Lei do Inquilinato ainda garantem prote\u00e7\u00f5es espec\u00edficas para evitar abusos contratuais. Como funciona a desregulamenta\u00e7\u00e3o na Argentina? O cen\u00e1rio imobili\u00e1rio em Buenos Aires [&hellip;]<\/p>\n","protected":false},"author":30,"featured_media":201602,"comment_status":"open","ping_status":"open","sticky":false,"template":"","format":"standard","meta":{"jnews-multi-image_gallery":[],"jnews_single_post":{"format":"standard"},"jnews_primary_category":[],"jnews_social_meta":[],"jnews_override_counter":[],"footnotes":""},"categories":[28],"tags":[1526,22053,1342,3158],"class_list":["post-201358","post","type-post","status-publish","format-standard","has-post-thumbnail","hentry","category-economia","tag-aluguel","tag-contratos","tag-direitos","tag-imobiliario"],"yoast_head":"<!-- This site is optimized with the Yoast SEO plugin v23.8 - https:\/\/yoast.com\/wordpress\/plugins\/seo\/ -->\n<title>Lei garante aos donos dos im\u00f3veis aumento do valor do aluguel e inquilinos ter\u00e3o que pagar pelos reparos - Estado de Minas - Em foco<\/title>\n<meta name=\"description\" content=\"Entenda a lei que pode aumentar seu aluguel e obrigar inquilinos a pagarem reparos. Veja como isso afeta donos e locat\u00e1rios.\" \/>\n<meta name=\"robots\" content=\"index, follow, max-snippet:-1, max-image-preview:large, max-video-preview:-1\" \/>\n<link rel=\"canonical\" href=\"https:\/\/www.em.com.br\/emfoco\/2026\/04\/30\/lei-garante-aos-donos-dos-imoveis-aumento-do-valor-do-aluguel-e-inquilinos-terao-que-pagar-pelos-reparos\/\" \/>\n<meta property=\"og:locale\" content=\"pt_BR\" \/>\n<meta property=\"og:type\" content=\"article\" \/>\n<meta property=\"og:title\" content=\"Lei garante aos donos dos im\u00f3veis aumento do valor do aluguel e inquilinos ter\u00e3o que pagar pelos reparos - Estado de Minas - Em foco\" \/>\n<meta property=\"og:description\" content=\"Entenda a lei que pode aumentar seu aluguel e obrigar inquilinos a pagarem reparos. Veja como isso afeta donos e locat\u00e1rios.\" \/>\n<meta property=\"og:url\" content=\"https:\/\/www.em.com.br\/emfoco\/2026\/04\/30\/lei-garante-aos-donos-dos-imoveis-aumento-do-valor-do-aluguel-e-inquilinos-terao-que-pagar-pelos-reparos\/\" \/>\n<meta property=\"og:site_name\" content=\"Estado de Minas - Em foco\" \/>\n<meta property=\"article:published_time\" content=\"2026-04-30T10:45:00+00:00\" \/>\n<meta property=\"article:modified_time\" content=\"2026-04-29T19:36:46+00:00\" \/>\n<meta property=\"og:image\" content=\"https:\/\/www.em.com.br\/emfoco\/wp-content\/uploads\/2026\/04\/EmFoco_11-10.jpg\" \/>\n\t<meta property=\"og:image:width\" content=\"1280\" \/>\n\t<meta property=\"og:image:height\" content=\"720\" \/>\n\t<meta property=\"og:image:type\" content=\"image\/jpeg\" \/>\n<meta name=\"author\" content=\"Guilherme Ara\u00fajo\" \/>\n<meta name=\"twitter:card\" content=\"summary_large_image\" \/>\n<meta name=\"twitter:label1\" content=\"Escrito por\" \/>\n\t<meta name=\"twitter:data1\" content=\"Guilherme Ara\u00fajo\" \/>\n\t<meta name=\"twitter:label2\" content=\"Est. tempo de leitura\" \/>\n\t<meta name=\"twitter:data2\" content=\"5 minutos\" \/>\n<!-- \/ Yoast SEO plugin. -->","yoast_head_json":{"title":"Lei garante aos donos dos im\u00f3veis aumento do valor do aluguel e inquilinos ter\u00e3o que pagar pelos reparos - Estado de Minas - Em foco","description":"Entenda a lei que pode aumentar seu aluguel e obrigar inquilinos a pagarem reparos. Veja como isso afeta donos e locat\u00e1rios.","robots":{"index":"index","follow":"follow","max-snippet":"max-snippet:-1","max-image-preview":"max-image-preview:large","max-video-preview":"max-video-preview:-1"},"canonical":"https:\/\/www.em.com.br\/emfoco\/2026\/04\/30\/lei-garante-aos-donos-dos-imoveis-aumento-do-valor-do-aluguel-e-inquilinos-terao-que-pagar-pelos-reparos\/","og_locale":"pt_BR","og_type":"article","og_title":"Lei garante aos donos dos im\u00f3veis aumento do valor do aluguel e inquilinos ter\u00e3o que pagar pelos reparos - Estado de Minas - Em foco","og_description":"Entenda a lei que pode aumentar seu aluguel e obrigar inquilinos a pagarem reparos. Veja como isso afeta donos e locat\u00e1rios.","og_url":"https:\/\/www.em.com.br\/emfoco\/2026\/04\/30\/lei-garante-aos-donos-dos-imoveis-aumento-do-valor-do-aluguel-e-inquilinos-terao-que-pagar-pelos-reparos\/","og_site_name":"Estado de Minas - Em foco","article_published_time":"2026-04-30T10:45:00+00:00","article_modified_time":"2026-04-29T19:36:46+00:00","og_image":[{"width":1280,"height":720,"url":"https:\/\/www.em.com.br\/emfoco\/wp-content\/uploads\/2026\/04\/EmFoco_11-10.jpg","type":"image\/jpeg"}],"author":"Guilherme Ara\u00fajo","twitter_card":"summary_large_image","twitter_misc":{"Escrito por":"Guilherme Ara\u00fajo","Est. tempo de leitura":"5 minutos"},"schema":{"@context":"https:\/\/schema.org","@graph":[{"@type":"WebPage","@id":"https:\/\/www.em.com.br\/emfoco\/2026\/04\/30\/lei-garante-aos-donos-dos-imoveis-aumento-do-valor-do-aluguel-e-inquilinos-terao-que-pagar-pelos-reparos\/","url":"https:\/\/www.em.com.br\/emfoco\/2026\/04\/30\/lei-garante-aos-donos-dos-imoveis-aumento-do-valor-do-aluguel-e-inquilinos-terao-que-pagar-pelos-reparos\/","name":"Lei garante aos donos dos im\u00f3veis aumento do valor do aluguel e inquilinos ter\u00e3o que pagar pelos reparos - Estado de Minas - Em foco","isPartOf":{"@id":"https:\/\/www.em.com.br\/emfoco\/#website"},"primaryImageOfPage":{"@id":"https:\/\/www.em.com.br\/emfoco\/2026\/04\/30\/lei-garante-aos-donos-dos-imoveis-aumento-do-valor-do-aluguel-e-inquilinos-terao-que-pagar-pelos-reparos\/#primaryimage"},"image":{"@id":"https:\/\/www.em.com.br\/emfoco\/2026\/04\/30\/lei-garante-aos-donos-dos-imoveis-aumento-do-valor-do-aluguel-e-inquilinos-terao-que-pagar-pelos-reparos\/#primaryimage"},"thumbnailUrl":"https:\/\/www.em.com.br\/emfoco\/wp-content\/uploads\/2026\/04\/EmFoco_11-10.jpg","datePublished":"2026-04-30T10:45:00+00:00","dateModified":"2026-04-29T19:36:46+00:00","author":{"@id":"https:\/\/www.em.com.br\/emfoco\/#\/schema\/person\/5379e929a4b966c775d121e23f9bb421"},"description":"Entenda a lei que pode aumentar seu aluguel e obrigar inquilinos a pagarem reparos. Veja como isso afeta donos e locat\u00e1rios.","breadcrumb":{"@id":"https:\/\/www.em.com.br\/emfoco\/2026\/04\/30\/lei-garante-aos-donos-dos-imoveis-aumento-do-valor-do-aluguel-e-inquilinos-terao-que-pagar-pelos-reparos\/#breadcrumb"},"inLanguage":"pt-BR","potentialAction":[{"@type":"ReadAction","target":["https:\/\/www.em.com.br\/emfoco\/2026\/04\/30\/lei-garante-aos-donos-dos-imoveis-aumento-do-valor-do-aluguel-e-inquilinos-terao-que-pagar-pelos-reparos\/"]}]},{"@type":"ImageObject","inLanguage":"pt-BR","@id":"https:\/\/www.em.com.br\/emfoco\/2026\/04\/30\/lei-garante-aos-donos-dos-imoveis-aumento-do-valor-do-aluguel-e-inquilinos-terao-que-pagar-pelos-reparos\/#primaryimage","url":"https:\/\/www.em.com.br\/emfoco\/wp-content\/uploads\/2026\/04\/EmFoco_11-10.jpg","contentUrl":"https:\/\/www.em.com.br\/emfoco\/wp-content\/uploads\/2026\/04\/EmFoco_11-10.jpg","width":1280,"height":720,"caption":"Desregulamenta\u00e7\u00e3o argentina amplia oferta enquanto Brasil mant\u00e9m \u00edndices r\u00edgidos de reajuste anual"},{"@type":"BreadcrumbList","@id":"https:\/\/www.em.com.br\/emfoco\/2026\/04\/30\/lei-garante-aos-donos-dos-imoveis-aumento-do-valor-do-aluguel-e-inquilinos-terao-que-pagar-pelos-reparos\/#breadcrumb","itemListElement":[{"@type":"ListItem","position":1,"name":"In\u00edcio","item":"https:\/\/www.em.com.br\/emfoco\/"},{"@type":"ListItem","position":2,"name":"Lei garante aos donos dos im\u00f3veis aumento do valor do aluguel e inquilinos ter\u00e3o que pagar pelos reparos"}]},{"@type":"WebSite","@id":"https:\/\/www.em.com.br\/emfoco\/#website","url":"https:\/\/www.em.com.br\/emfoco\/","name":"Estado de Minas - Em foco","description":"Acompanhe as \u00faltimas not\u00edcias e fique bem informado sobre tudo o que acontece em Minas Gerais, Brasil e no mundo.","potentialAction":[{"@type":"SearchAction","target":{"@type":"EntryPoint","urlTemplate":"https:\/\/www.em.com.br\/emfoco\/?s={search_term_string}"},"query-input":{"@type":"PropertyValueSpecification","valueRequired":true,"valueName":"search_term_string"}}],"inLanguage":"pt-BR"},{"@type":"Person","@id":"https:\/\/www.em.com.br\/emfoco\/#\/schema\/person\/5379e929a4b966c775d121e23f9bb421","name":"Guilherme Ara\u00fajo","image":{"@type":"ImageObject","inLanguage":"pt-BR","@id":"https:\/\/www.em.com.br\/emfoco\/#\/schema\/person\/image\/","url":"https:\/\/secure.gravatar.com\/avatar\/b8bf1fd0130e170bd8f5d7298dbafa25?s=96&d=mm&r=g","contentUrl":"https:\/\/secure.gravatar.com\/avatar\/b8bf1fd0130e170bd8f5d7298dbafa25?s=96&d=mm&r=g","caption":"Guilherme Ara\u00fajo"},"sameAs":["https:\/\/www.em.com.br\/emfoco"],"url":"https:\/\/www.em.com.br\/emfoco\/author\/guilhermeamyth\/"}]}},"_links":{"self":[{"href":"https:\/\/www.em.com.br\/emfoco\/wp-json\/wp\/v2\/posts\/201358","targetHints":{"allow":["GET"]}}],"collection":[{"href":"https:\/\/www.em.com.br\/emfoco\/wp-json\/wp\/v2\/posts"}],"about":[{"href":"https:\/\/www.em.com.br\/emfoco\/wp-json\/wp\/v2\/types\/post"}],"author":[{"embeddable":true,"href":"https:\/\/www.em.com.br\/emfoco\/wp-json\/wp\/v2\/users\/30"}],"replies":[{"embeddable":true,"href":"https:\/\/www.em.com.br\/emfoco\/wp-json\/wp\/v2\/comments?post=201358"}],"version-history":[{"count":9,"href":"https:\/\/www.em.com.br\/emfoco\/wp-json\/wp\/v2\/posts\/201358\/revisions"}],"predecessor-version":[{"id":201533,"href":"https:\/\/www.em.com.br\/emfoco\/wp-json\/wp\/v2\/posts\/201358\/revisions\/201533"}],"wp:featuredmedia":[{"embeddable":true,"href":"https:\/\/www.em.com.br\/emfoco\/wp-json\/wp\/v2\/media\/201602"}],"wp:attachment":[{"href":"https:\/\/www.em.com.br\/emfoco\/wp-json\/wp\/v2\/media?parent=201358"}],"wp:term":[{"taxonomy":"category","embeddable":true,"href":"https:\/\/www.em.com.br\/emfoco\/wp-json\/wp\/v2\/categories?post=201358"},{"taxonomy":"post_tag","embeddable":true,"href":"https:\/\/www.em.com.br\/emfoco\/wp-json\/wp\/v2\/tags?post=201358"}],"curies":[{"name":"wp","href":"https:\/\/api.w.org\/{rel}","templated":true}]}}