{"id":201295,"date":"2026-04-30T07:35:00","date_gmt":"2026-04-30T10:35:00","guid":{"rendered":"https:\/\/www.em.com.br\/emfoco\/?p=201295"},"modified":"2026-04-29T16:45:42","modified_gmt":"2026-04-29T19:45:42","slug":"lombo-de-porco-assado-com-batatas-raladas-um-almoco-delicioso-preparado-em-uma-so-panela","status":"publish","type":"post","link":"https:\/\/www.em.com.br\/emfoco\/2026\/04\/30\/lombo-de-porco-assado-com-batatas-raladas-um-almoco-delicioso-preparado-em-uma-so-panela\/","title":{"rendered":"Lombo de porco assado com batatas raladas: um almo\u00e7o delicioso preparado em uma s\u00f3 panela"},"content":{"rendered":"\n<p><strong>Lombo de porco assado com batatas raladas<\/strong> em uma s\u00f3 panela \u00e9 uma op\u00e7\u00e3o de almo\u00e7o pr\u00e1tica para quem busca organiza\u00e7\u00e3o na cozinha, mas n\u00e3o quer abrir m\u00e3o de um prato completo e caprichado, reunindo carne suculenta, creme, queijo e uma base de batatas bem compacta que dispensa muitos acompanhamentos.<\/p>\n\n\n\n<h2 class=\"wp-block-heading\">Por que o lombo de porco assado com batatas raladas \u00e9 t\u00e3o pr\u00e1tico<\/h2>\n\n\n\n<p>Esse \u00e9 um prato que se destaca pela praticidade. Em vez de preparar a carne e o acompanhamento em recipientes separados, todo o cozimento acontece junto no forno, economizando tempo e lou\u00e7a.<\/p>\n\n\n\n<p>Enquanto o lombo cozinha lentamente, as <a href=\"https:\/\/www.em.com.br\/emfoco\/2026\/04\/28\/os-beneficios-do-consumo-de-batata-que-sao-fundamentais-para-a-saude-cardiovascular\/\" target=\"_blank\" rel=\"noreferrer noopener\">batatas <\/a>raladas formam uma cama que concentra aromas de cebola, alho, creme e queijo. Essa base funciona quase como um gratinado, por\u00e9m com textura mais leve, aerada e cheia de sabor, ideal para almo\u00e7os de rotina corrida.<\/p>\n\n\n\n<figure class=\"wp-block-image size-large\"><img loading=\"lazy\" decoding=\"async\" width=\"1024\" height=\"576\" src=\"https:\/\/www.em.com.br\/emfoco\/wp-content\/uploads\/2026\/04\/Gemini_Generated_Image_p3w9ckp3w9ckp3w9-1-1024x576.png\" alt=\"Lombo de porco com batatas na melhor receita pr\u00e1tica\" class=\"wp-image-201323\" srcset=\"https:\/\/www.em.com.br\/emfoco\/wp-content\/uploads\/2026\/04\/Gemini_Generated_Image_p3w9ckp3w9ckp3w9-1-1024x576.png 1024w, https:\/\/www.em.com.br\/emfoco\/wp-content\/uploads\/2026\/04\/Gemini_Generated_Image_p3w9ckp3w9ckp3w9-1-300x169.png 300w, https:\/\/www.em.com.br\/emfoco\/wp-content\/uploads\/2026\/04\/Gemini_Generated_Image_p3w9ckp3w9ckp3w9-1-768x432.png 768w, https:\/\/www.em.com.br\/emfoco\/wp-content\/uploads\/2026\/04\/Gemini_Generated_Image_p3w9ckp3w9ckp3w9-1-750x422.png 750w, https:\/\/www.em.com.br\/emfoco\/wp-content\/uploads\/2026\/04\/Gemini_Generated_Image_p3w9ckp3w9ckp3w9-1-1140x641.png 1140w, https:\/\/www.em.com.br\/emfoco\/wp-content\/uploads\/2026\/04\/Gemini_Generated_Image_p3w9ckp3w9ckp3w9-1.png 1280w\" sizes=\"auto, (max-width: 1024px) 100vw, 1024px\" \/><figcaption class=\"wp-element-caption\">Lombo de porco com batatas na melhor receita pr\u00e1tica<\/figcaption><\/figure>\n\n\n\n<h2 class=\"wp-block-heading\">Como manter o lombo de porco suculento e as batatas cremosas<\/h2>\n\n\n\n<p>O <a href=\"https:\/\/www.youtube.com\/shorts\/GwVJhg4qgqI\" target=\"_blank\" rel=\"noreferrer noopener\">lombo de porco<\/a> \u00e9 uma carne magra e, por isso, exige cuidado para n\u00e3o ressecar. A solu\u00e7\u00e3o \u00e9 criar uma camada protetora com creme e queijo, que age como um escudo contra o calor direto do forno e ajuda a preservar a umidade interna da carne.<\/p>\n\n\n\n<p>As batatas raladas, ricas em amido, absorvem os sucos que a carne libera e evitam que o fundo da assadeira fique aguado. No final, o resultado tende a ser um lombo macio, com batatas cremosas e firmes ao mesmo tempo, formando uma refei\u00e7\u00e3o \u00fanica e equilibrada.<\/p>\n\n\n\n<h2 class=\"wp-block-heading\">Quais s\u00e3o os ingredientes b\u00e1sicos para esta receita<\/h2>\n\n\n\n<p>Para organizar o preparo, costuma-se dividir a receita em quatro grupos de ingredientes: carne, base de legumes, mistura cremosa e cobertura. A lista abaixo traz uma sugest\u00e3o de quantidades para servir cerca de quatro pessoas de forma confort\u00e1vel.<\/p>\n\n\n\n<ul class=\"wp-block-list\">\n<li><strong>Carne<\/strong>: cerca de 500 g de lombo de porco, j\u00e1 em fatias m\u00e9dias.<\/li>\n\n\n\n<li><strong>Base<\/strong>: cerca de 5 batatas m\u00e9dias, 1 cebola grande e 2 dentes de alho.<\/li>\n\n\n\n<li><strong>Camada cremosa<\/strong>: creme de leite ou creme azedo, iogurte natural mais espesso e um pouco de mostarda suave ou Dijon.<\/li>\n\n\n\n<li><strong>Cobertura<\/strong>: cerca de 100 g de queijo firme ralado (gouda, prato, cheddar suave ou similar), al\u00e9m de sal e pimenta-do-reino.<\/li>\n<\/ul>\n\n\n\n<h2 class=\"wp-block-heading\">Como preparar o lombo de porco assado com batatas raladas passo a passo<\/h2>\n\n\n\n<p>O preparo segue uma sequ\u00eancia simples, que pode ser organizada em etapas para facilitar o trabalho na cozinha. Assim, voc\u00ea otimiza o tempo e mant\u00e9m a bancada mais livre durante todo o processo.<\/p>\n\n\n\n<figure class=\"wp-block-image size-large\"><img loading=\"lazy\" decoding=\"async\" width=\"1024\" height=\"576\" src=\"https:\/\/www.em.com.br\/emfoco\/wp-content\/uploads\/2026\/04\/Gemini_Generated_Image_dip3xfdip3xfdip3-1-1024x576.png\" alt=\"Lombo de porco com batatas na melhor receita pr\u00e1tica\" class=\"wp-image-201324\" srcset=\"https:\/\/www.em.com.br\/emfoco\/wp-content\/uploads\/2026\/04\/Gemini_Generated_Image_dip3xfdip3xfdip3-1-1024x576.png 1024w, https:\/\/www.em.com.br\/emfoco\/wp-content\/uploads\/2026\/04\/Gemini_Generated_Image_dip3xfdip3xfdip3-1-300x169.png 300w, https:\/\/www.em.com.br\/emfoco\/wp-content\/uploads\/2026\/04\/Gemini_Generated_Image_dip3xfdip3xfdip3-1-768x432.png 768w, https:\/\/www.em.com.br\/emfoco\/wp-content\/uploads\/2026\/04\/Gemini_Generated_Image_dip3xfdip3xfdip3-1-750x422.png 750w, https:\/\/www.em.com.br\/emfoco\/wp-content\/uploads\/2026\/04\/Gemini_Generated_Image_dip3xfdip3xfdip3-1-1140x641.png 1140w, https:\/\/www.em.com.br\/emfoco\/wp-content\/uploads\/2026\/04\/Gemini_Generated_Image_dip3xfdip3xfdip3-1.png 1280w\" sizes=\"auto, (max-width: 1024px) 100vw, 1024px\" \/><figcaption class=\"wp-element-caption\">Lombo de porco com batatas na melhor receita pr\u00e1tica<\/figcaption><\/figure>\n\n\n\n<ul class=\"wp-block-list\">\n<li>Corte o lombo em fatias de cerca de 1,5 cm, bata levemente para nivelar e tempere com sal e pimenta dos dois lados. Se poss\u00edvel, deixe a carne descansar alguns minutos em temperatura ambiente para um cozimento mais uniforme e macio.<\/li>\n\n\n\n<li>Descasque as batatas e rale no ralo grosso diretamente em uma assadeira levemente untada, sem enxaguar para preservar o amido natural. Espalhe formando uma camada regular e distribua por cima a cebola em tiras finas e o alho picado, que v\u00e3o ado\u00e7ar e perfumar o prato ao assar.<\/li>\n\n\n\n<li>Em uma tigela, misture creme de leite (ou creme azedo), iogurte natural e mostarda at\u00e9 obter um creme homog\u00eaneo. Incorpore o queijo ralado, ajuste o sal se necess\u00e1rio e espalhe essa mistura sobre as fatias de lombo dispostas sobre as batatas, deixando que parte do creme escorra para a base.<\/li>\n\n\n\n<li>Cubra a assadeira com papel-alum\u00ednio, vedando bem as bordas, e leve ao forno preaquecido em temperatura m\u00e9dia por cerca de 50 a 60 minutos. Depois, retire o papel e aumente a temperatura ou use o grill por alguns minutos, apenas at\u00e9 a superf\u00edcie ficar bem dourada e levemente gratinada.<\/li>\n<\/ul>\n\n\n\n<h2 class=\"wp-block-heading\">Quais adapta\u00e7\u00f5es fazer e por que voc\u00ea deve testar esta receita hoje<\/h2>\n\n\n\n<p>\u00c9 poss\u00edvel variar os queijos, alternando entre op\u00e7\u00f5es mais suaves, como mu\u00e7arela, ou mais marcantes, como um toque de queijo curado ralado. Tamb\u00e9m d\u00e1 para ajustar a espessura da camada de batatas, deixando-a mais grossa para um efeito gratinado ou mais fina para um prato mais leve, sem perder a ess\u00eancia da receita.<\/p>\n\n\n\n<p>Se voc\u00ea busca um almo\u00e7o completo em uma \u00fanica assadeira, com sabor de comida caseira e pouca lou\u00e7a para lavar, este&nbsp;<strong>lombo de porco assado com batatas raladas<\/strong>&nbsp;\u00e9 a escolha certa. Separe os ingredientes agora, ligue o forno e experimente j\u00e1 essa combina\u00e7\u00e3o pr\u00e1tica e deliciosa antes que a rotina te fa\u00e7a adiar mais uma vez.<\/p>\n","protected":false},"excerpt":{"rendered":"<p>Lombo de porco assado com batatas raladas em uma s\u00f3 panela \u00e9 uma op\u00e7\u00e3o de almo\u00e7o pr\u00e1tica para quem busca organiza\u00e7\u00e3o na cozinha, mas n\u00e3o quer abrir m\u00e3o de um prato completo e caprichado, reunindo carne suculenta, creme, queijo e uma base de batatas bem compacta que dispensa muitos acompanhamentos. Por que o lombo de [&hellip;]<\/p>\n","protected":false},"author":11,"featured_media":201627,"comment_status":"open","ping_status":"open","sticky":false,"template":"","format":"standard","meta":{"jnews-multi-image_gallery":[],"jnews_single_post":{"format":"standard"},"jnews_primary_category":[],"jnews_social_meta":[],"jnews_override_counter":[],"footnotes":""},"categories":[28,1],"tags":[6160,28980,3440],"class_list":["post-201295","post","type-post","status-publish","format-standard","has-post-thumbnail","hentry","category-economia","category-noticias","tag-batatas","tag-lombo-de-porco","tag-receita"],"yoast_head":"<!-- This site is optimized with the Yoast SEO plugin v23.8 - https:\/\/yoast.com\/wordpress\/plugins\/seo\/ -->\n<title>Lombo de porco assado com batatas raladas: um almo\u00e7o delicioso preparado em uma s\u00f3 panela - Estado de Minas - Em foco<\/title>\n<meta name=\"description\" content=\"Lombo de porco com batatas \u00e9 receita pr\u00e1tica e saborosa. Aprenda como fazer tudo em uma assadeira s\u00f3.\" \/>\n<meta name=\"robots\" content=\"index, follow, max-snippet:-1, max-image-preview:large, max-video-preview:-1\" \/>\n<link rel=\"canonical\" href=\"https:\/\/www.em.com.br\/emfoco\/2026\/04\/30\/lombo-de-porco-assado-com-batatas-raladas-um-almoco-delicioso-preparado-em-uma-so-panela\/\" \/>\n<meta property=\"og:locale\" content=\"pt_BR\" \/>\n<meta property=\"og:type\" content=\"article\" \/>\n<meta property=\"og:title\" content=\"Lombo de porco assado com batatas raladas: um almo\u00e7o delicioso preparado em uma s\u00f3 panela - Estado de Minas - Em foco\" \/>\n<meta property=\"og:description\" content=\"Lombo de porco com batatas \u00e9 receita pr\u00e1tica e saborosa. Aprenda como fazer tudo em uma assadeira s\u00f3.\" \/>\n<meta property=\"og:url\" content=\"https:\/\/www.em.com.br\/emfoco\/2026\/04\/30\/lombo-de-porco-assado-com-batatas-raladas-um-almoco-delicioso-preparado-em-uma-so-panela\/\" \/>\n<meta property=\"og:site_name\" content=\"Estado de Minas - Em foco\" \/>\n<meta property=\"article:published_time\" content=\"2026-04-30T10:35:00+00:00\" \/>\n<meta property=\"article:modified_time\" content=\"2026-04-29T19:45:42+00:00\" \/>\n<meta property=\"og:image\" content=\"https:\/\/www.em.com.br\/emfoco\/wp-content\/uploads\/2026\/04\/EmFoco_22-9.jpg\" \/>\n\t<meta property=\"og:image:width\" content=\"1280\" \/>\n\t<meta property=\"og:image:height\" content=\"720\" \/>\n\t<meta property=\"og:image:type\" content=\"image\/jpeg\" \/>\n<meta name=\"author\" content=\"Andre\u0301 Rangel\u00a0\" \/>\n<meta name=\"twitter:card\" content=\"summary_large_image\" \/>\n<meta name=\"twitter:label1\" content=\"Escrito por\" \/>\n\t<meta name=\"twitter:data1\" content=\"Andre\u0301 Rangel\u00a0\" \/>\n\t<meta name=\"twitter:label2\" content=\"Est. tempo de leitura\" \/>\n\t<meta name=\"twitter:data2\" content=\"5 minutos\" \/>\n<!-- \/ Yoast SEO plugin. -->","yoast_head_json":{"title":"Lombo de porco assado com batatas raladas: um almo\u00e7o delicioso preparado em uma s\u00f3 panela - Estado de Minas - Em foco","description":"Lombo de porco com batatas \u00e9 receita pr\u00e1tica e saborosa. Aprenda como fazer tudo em uma assadeira s\u00f3.","robots":{"index":"index","follow":"follow","max-snippet":"max-snippet:-1","max-image-preview":"max-image-preview:large","max-video-preview":"max-video-preview:-1"},"canonical":"https:\/\/www.em.com.br\/emfoco\/2026\/04\/30\/lombo-de-porco-assado-com-batatas-raladas-um-almoco-delicioso-preparado-em-uma-so-panela\/","og_locale":"pt_BR","og_type":"article","og_title":"Lombo de porco assado com batatas raladas: um almo\u00e7o delicioso preparado em uma s\u00f3 panela - Estado de Minas - Em foco","og_description":"Lombo de porco com batatas \u00e9 receita pr\u00e1tica e saborosa. Aprenda como fazer tudo em uma assadeira s\u00f3.","og_url":"https:\/\/www.em.com.br\/emfoco\/2026\/04\/30\/lombo-de-porco-assado-com-batatas-raladas-um-almoco-delicioso-preparado-em-uma-so-panela\/","og_site_name":"Estado de Minas - Em foco","article_published_time":"2026-04-30T10:35:00+00:00","article_modified_time":"2026-04-29T19:45:42+00:00","og_image":[{"width":1280,"height":720,"url":"https:\/\/www.em.com.br\/emfoco\/wp-content\/uploads\/2026\/04\/EmFoco_22-9.jpg","type":"image\/jpeg"}],"author":"Andre\u0301 Rangel\u00a0","twitter_card":"summary_large_image","twitter_misc":{"Escrito por":"Andre\u0301 Rangel\u00a0","Est. tempo de leitura":"5 minutos"},"schema":{"@context":"https:\/\/schema.org","@graph":[{"@type":"WebPage","@id":"https:\/\/www.em.com.br\/emfoco\/2026\/04\/30\/lombo-de-porco-assado-com-batatas-raladas-um-almoco-delicioso-preparado-em-uma-so-panela\/","url":"https:\/\/www.em.com.br\/emfoco\/2026\/04\/30\/lombo-de-porco-assado-com-batatas-raladas-um-almoco-delicioso-preparado-em-uma-so-panela\/","name":"Lombo de porco assado com batatas raladas: um almo\u00e7o delicioso preparado em uma s\u00f3 panela - Estado de Minas - Em foco","isPartOf":{"@id":"https:\/\/www.em.com.br\/emfoco\/#website"},"primaryImageOfPage":{"@id":"https:\/\/www.em.com.br\/emfoco\/2026\/04\/30\/lombo-de-porco-assado-com-batatas-raladas-um-almoco-delicioso-preparado-em-uma-so-panela\/#primaryimage"},"image":{"@id":"https:\/\/www.em.com.br\/emfoco\/2026\/04\/30\/lombo-de-porco-assado-com-batatas-raladas-um-almoco-delicioso-preparado-em-uma-so-panela\/#primaryimage"},"thumbnailUrl":"https:\/\/www.em.com.br\/emfoco\/wp-content\/uploads\/2026\/04\/EmFoco_22-9.jpg","datePublished":"2026-04-30T10:35:00+00:00","dateModified":"2026-04-29T19:45:42+00:00","author":{"@id":"https:\/\/www.em.com.br\/emfoco\/#\/schema\/person\/60eda09c1fedf0d6891f4cef4b60b8b8"},"description":"Lombo de porco com batatas \u00e9 receita pr\u00e1tica e saborosa. Aprenda como fazer tudo em uma assadeira s\u00f3.","breadcrumb":{"@id":"https:\/\/www.em.com.br\/emfoco\/2026\/04\/30\/lombo-de-porco-assado-com-batatas-raladas-um-almoco-delicioso-preparado-em-uma-so-panela\/#breadcrumb"},"inLanguage":"pt-BR","potentialAction":[{"@type":"ReadAction","target":["https:\/\/www.em.com.br\/emfoco\/2026\/04\/30\/lombo-de-porco-assado-com-batatas-raladas-um-almoco-delicioso-preparado-em-uma-so-panela\/"]}]},{"@type":"ImageObject","inLanguage":"pt-BR","@id":"https:\/\/www.em.com.br\/emfoco\/2026\/04\/30\/lombo-de-porco-assado-com-batatas-raladas-um-almoco-delicioso-preparado-em-uma-so-panela\/#primaryimage","url":"https:\/\/www.em.com.br\/emfoco\/wp-content\/uploads\/2026\/04\/EmFoco_22-9.jpg","contentUrl":"https:\/\/www.em.com.br\/emfoco\/wp-content\/uploads\/2026\/04\/EmFoco_22-9.jpg","width":1280,"height":720,"caption":"Preparo em assadeira \u00fanica otimiza tempo e garante sucul\u00eancia com camada cremosa gratinada"},{"@type":"BreadcrumbList","@id":"https:\/\/www.em.com.br\/emfoco\/2026\/04\/30\/lombo-de-porco-assado-com-batatas-raladas-um-almoco-delicioso-preparado-em-uma-so-panela\/#breadcrumb","itemListElement":[{"@type":"ListItem","position":1,"name":"In\u00edcio","item":"https:\/\/www.em.com.br\/emfoco\/"},{"@type":"ListItem","position":2,"name":"Lombo de porco assado com batatas raladas: um almo\u00e7o delicioso preparado em uma s\u00f3 panela"}]},{"@type":"WebSite","@id":"https:\/\/www.em.com.br\/emfoco\/#website","url":"https:\/\/www.em.com.br\/emfoco\/","name":"Estado de Minas - Em foco","description":"Acompanhe as \u00faltimas not\u00edcias e fique bem informado sobre tudo o que acontece em Minas Gerais, Brasil e no mundo.","potentialAction":[{"@type":"SearchAction","target":{"@type":"EntryPoint","urlTemplate":"https:\/\/www.em.com.br\/emfoco\/?s={search_term_string}"},"query-input":{"@type":"PropertyValueSpecification","valueRequired":true,"valueName":"search_term_string"}}],"inLanguage":"pt-BR"},{"@type":"Person","@id":"https:\/\/www.em.com.br\/emfoco\/#\/schema\/person\/60eda09c1fedf0d6891f4cef4b60b8b8","name":"Andre\u0301 Rangel\u00a0","image":{"@type":"ImageObject","inLanguage":"pt-BR","@id":"https:\/\/www.em.com.br\/emfoco\/#\/schema\/person\/image\/","url":"https:\/\/secure.gravatar.com\/avatar\/6234dc814c77c8ef6d8bba622c787efc?s=96&d=mm&r=g","contentUrl":"https:\/\/secure.gravatar.com\/avatar\/6234dc814c77c8ef6d8bba622c787efc?s=96&d=mm&r=g","caption":"Andre\u0301 Rangel\u00a0"},"url":"https:\/\/www.em.com.br\/emfoco\/author\/luizmyth\/"}]}},"_links":{"self":[{"href":"https:\/\/www.em.com.br\/emfoco\/wp-json\/wp\/v2\/posts\/201295","targetHints":{"allow":["GET"]}}],"collection":[{"href":"https:\/\/www.em.com.br\/emfoco\/wp-json\/wp\/v2\/posts"}],"about":[{"href":"https:\/\/www.em.com.br\/emfoco\/wp-json\/wp\/v2\/types\/post"}],"author":[{"embeddable":true,"href":"https:\/\/www.em.com.br\/emfoco\/wp-json\/wp\/v2\/users\/11"}],"replies":[{"embeddable":true,"href":"https:\/\/www.em.com.br\/emfoco\/wp-json\/wp\/v2\/comments?post=201295"}],"version-history":[{"count":2,"href":"https:\/\/www.em.com.br\/emfoco\/wp-json\/wp\/v2\/posts\/201295\/revisions"}],"predecessor-version":[{"id":201330,"href":"https:\/\/www.em.com.br\/emfoco\/wp-json\/wp\/v2\/posts\/201295\/revisions\/201330"}],"wp:featuredmedia":[{"embeddable":true,"href":"https:\/\/www.em.com.br\/emfoco\/wp-json\/wp\/v2\/media\/201627"}],"wp:attachment":[{"href":"https:\/\/www.em.com.br\/emfoco\/wp-json\/wp\/v2\/media?parent=201295"}],"wp:term":[{"taxonomy":"category","embeddable":true,"href":"https:\/\/www.em.com.br\/emfoco\/wp-json\/wp\/v2\/categories?post=201295"},{"taxonomy":"post_tag","embeddable":true,"href":"https:\/\/www.em.com.br\/emfoco\/wp-json\/wp\/v2\/tags?post=201295"}],"curies":[{"name":"wp","href":"https:\/\/api.w.org\/{rel}","templated":true}]}}