{"id":201287,"date":"2026-04-30T10:05:00","date_gmt":"2026-04-30T13:05:00","guid":{"rendered":"https:\/\/www.em.com.br\/emfoco\/?p=201287"},"modified":"2026-04-29T16:46:06","modified_gmt":"2026-04-29T19:46:06","slug":"queda-no-movimento-leva-shoppings-a-reduzir-horario-de-funcionamento-e-lojistas-ja-discutem-fechar-mais-cedo","status":"publish","type":"post","link":"https:\/\/www.em.com.br\/emfoco\/2026\/04\/30\/queda-no-movimento-leva-shoppings-a-reduzir-horario-de-funcionamento-e-lojistas-ja-discutem-fechar-mais-cedo\/","title":{"rendered":"Queda no movimento leva shoppings a reduzir hor\u00e1rio de funcionamento e lojistas j\u00e1 discutem fechar mais cedo"},"content":{"rendered":"\n<p>A revis\u00e3o dos hor\u00e1rios de funcionamento em<strong> shopping centers<\/strong> voltou ao centro do debate no varejo brasileiro, em um contexto de queda no fluxo de pessoas, avan\u00e7o acelerado do com\u00e9rcio eletr\u00f4nico e necessidade urgente de redu\u00e7\u00e3o de custos. Redes e lojistas come\u00e7am a questionar se manter as portas abertas por longas jornadas ainda faz sentido frente ao novo comportamento de consumo, ao papel mais estrat\u00e9gico das lojas f\u00edsicas e \u00e0 press\u00e3o por maior efici\u00eancia operacional.<\/p>\n\n\n\n<h2 class=\"wp-block-heading\">Queda no fluxo e mudan\u00e7a no comportamento do consumidor<\/h2>\n\n\n\n<p>Nos \u00faltimos anos, o consumidor passou a comprar com mais frequ\u00eancia pela internet, deslocando para o digital parte das demandas que antes dependiam exclusivamente das <a href=\"https:\/\/www.em.com.br\/emfoco\/2026\/04\/28\/a-partir-de-novembro-as-lojas-serao-obrigadas-a-cobrar-uma-taxa-por-cada-garrafa-e-lata-vendida\/\" target=\"_blank\" rel=\"noreferrer noopener\">lojas <\/a>f\u00edsicas. Ao mesmo tempo, quem ainda frequenta os shoppings busca mais experi\u00eancias, servi\u00e7os, alimenta\u00e7\u00e3o e lazer, o que altera o fluxo ao longo do dia e cria per\u00edodos de corredores vazios com custos altos.<\/p>\n\n\n\n<p>Entre 2019 e 2025, dados da <strong>Associa\u00e7\u00e3o Brasileira de Shopping Centers<\/strong> (Abrasce) mostram queda de 6,2% no n\u00famero de visitas mensais. Embora o faturamento nominal tenha crescido, o desempenho real das vendas recuou cerca de 25% ap\u00f3s a infla\u00e7\u00e3o, indicando perda de poder de compra e menor disposi\u00e7\u00e3o para consumir em lojas f\u00edsicas tradicionais.<\/p>\n\n\n\n<figure class=\"wp-block-image\"><img decoding=\"async\" src=\"https:\/\/www.em.com.br\/emfoco\/wp-content\/uploads\/2025\/11\/Shopping-fechado_1762351457109-1024x576.jpg\" alt=\"\"\/><figcaption class=\"wp-element-caption\">Fechamento marca nova fase &#8211; Cr\u00e9ditos: depositphotos.com \/ KhunTa<\/figcaption><\/figure>\n\n\n\n<h2 class=\"wp-block-heading\">Como o avan\u00e7o do e-commerce muda o papel das lojas f\u00edsicas<\/h2>\n\n\n\n<p>O e-commerce se consolidou como canal relevante e, em muitos casos, mais conveniente para o consumidor. No segmento de celulares, a participa\u00e7\u00e3o das vendas online saltou de 25% em 2020 para aproximadamente 45% em 2026, e em v\u00e1rios segmentos a internet j\u00e1 supera muitos shoppings em faturamento.<\/p>\n\n\n\n<p>Diante desse cen\u00e1rio, as lojas f\u00edsicas deixam de ser apenas pontos de venda e assumem fun\u00e7\u00e3o mais estrat\u00e9gica, voltada \u00e0 experi\u00eancia, relacionamento e apoio ao canal digital. A distribuidora Allied, por exemplo, reduziu a opera\u00e7\u00e3o de 180 para 95 lojas Samsung desde 2020, focando em pontos mais rent\u00e1veis e com fluxo mais qualificado, em vez de apostar apenas em quantidade.<\/p>\n\n\n\n<h2 class=\"wp-block-heading\">Hor\u00e1rio atual de shopping centers ainda \u00e9 sustent\u00e1vel?<\/h2>\n\n\n\n<p>A discuss\u00e3o sobre hor\u00e1rio de funcionamento gira em torno do equil\u00edbrio entre custos e retorno. Muitos shoppings seguem abertos at\u00e9 as 22h, inclusive em dias de baixo movimento, obrigando lojistas a manter equipes, ilumina\u00e7\u00e3o, ar-condicionado e servi\u00e7os em per\u00edodos em que as vendas n\u00e3o cobrem o gasto operacional.<\/p>\n\n\n\n<p>Diante disso, surgem propostas de modelos mais flex\u00edveis de jornada, com ajustes conforme o fluxo real de clientes e o perfil de cada segmento dentro do shopping. Entre as alternativas que v\u00eam sendo debatidas est\u00e3o:<\/p>\n\n\n\n<ul class=\"wp-block-list\">\n<li>Redu\u00e7\u00e3o do expediente em dias de menor movimento, como segundas e ter\u00e7as-feiras;<\/li>\n\n\n\n<li>Abertura mais tarde em dias \u00fateis, concentrando esfor\u00e7os nos hor\u00e1rios de pico;<\/li>\n\n\n\n<li>Hor\u00e1rios diferenciados para setores espec\u00edficos, como servi\u00e7os, sa\u00fade e alimenta\u00e7\u00e3o;<\/li>\n\n\n\n<li>Escalas de trabalho revisadas, com turnos mais curtos e melhor distribui\u00e7\u00e3o semanal.<\/li>\n<\/ul>\n\n\n\n<figure class=\"wp-block-image\"><img decoding=\"async\" src=\"https:\/\/www.em.com.br\/emfoco\/wp-content\/uploads\/2025\/09\/shopping_1759109813079-1024x576.jpg\" alt=\"\"\/><figcaption class=\"wp-element-caption\">Shopping Fechamento marca nova fase &#8211; Cr\u00e9ditos: depositphotos.com \/ sergeypeterman<\/figcaption><\/figure>\n\n\n\n<h2 class=\"wp-block-heading\">Quais s\u00e3o os impactos para lojistas, trabalhadores e consumidores<\/h2>\n\n\n\n<p>Para os lojistas, <a href=\"https:\/\/pesquisa.ie.unicamp.br\/cesit\/dossie-fim-da-escala-6x1\/por-uma-jornada-mais-humana-impactos-da-reducao-da-carga-horaria-na-saude-laboral\/\" target=\"_blank\" rel=\"noreferrer noopener\">jornadas mais curtas podem reduzir gastos <\/a>com folha de pagamento, energia, climatiza\u00e7\u00e3o, seguran\u00e7a e limpeza em hor\u00e1rios de baixa demanda. Em um cen\u00e1rio de margens apertadas, cada hora de funcionamento sem faturamento compat\u00edvel pesa no resultado.<\/p>\n\n\n\n<p>Para trabalhadores, mudan\u00e7as de hor\u00e1rio podem significar menos horas extras, readequa\u00e7\u00e3o de escalas e melhor compatibilidade com transporte p\u00fablico e vida pessoal, dependendo de negocia\u00e7\u00e3o coletiva. J\u00e1 os consumidores podem precisar ajustar a rotina de compras e lazer, mas muitos j\u00e1 recorrem ao e-commerce quando encontram lojas fechadas, diminuindo a depend\u00eancia de hor\u00e1rios estendidos.<\/p>\n\n\n\n<h2 class=\"wp-block-heading\">Qual \u00e9 o futuro dos shoppings e por que agir agora<\/h2>\n\n\n\n<p>Pressionados pelo digital, muitos shoppings ampliam o foco em servi\u00e7os, gastronomia e entretenimento, com restaurantes, cinemas, academias, cl\u00ednicas e espa\u00e7os infantis ganhando protagonismo. Isso exige repensar hor\u00e1rios por segmento, permitindo que \u00e1reas de lazer e alimenta\u00e7\u00e3o funcionem mais tarde, enquanto o varejo tradicional opera em janelas mais eficientes.<\/p>\n\n\n\n<p>A decis\u00e3o sobre rever hor\u00e1rios n\u00e3o pode mais ser adiada: quem ajustar cedo seu modelo de funcionamento ter\u00e1 vantagem competitiva em custos, experi\u00eancia do cliente e integra\u00e7\u00e3o com o e-commerce. Se voc\u00ea atua em shopping, este \u00e9 o momento de analisar dados de fluxo, negociar formatos mais flex\u00edveis e testar novos hor\u00e1rios antes que o mercado e o consumidor decidam por voc\u00ea.<\/p>\n","protected":false},"excerpt":{"rendered":"<p>A revis\u00e3o dos hor\u00e1rios de funcionamento em shopping centers voltou ao centro do debate no varejo brasileiro, em um contexto de queda no fluxo de pessoas, avan\u00e7o acelerado do com\u00e9rcio eletr\u00f4nico e necessidade urgente de redu\u00e7\u00e3o de custos. Redes e lojistas come\u00e7am a questionar se manter as portas abertas por longas jornadas ainda faz sentido [&hellip;]<\/p>\n","protected":false},"author":11,"featured_media":201623,"comment_status":"open","ping_status":"open","sticky":false,"template":"","format":"standard","meta":{"jnews-multi-image_gallery":[],"jnews_single_post":{"format":"standard"},"jnews_primary_category":[],"jnews_social_meta":[],"jnews_override_counter":[],"footnotes":""},"categories":[28],"tags":[28979,20535,28978,409,28000],"class_list":["post-201287","post","type-post","status-publish","format-standard","has-post-thumbnail","hentry","category-economia","tag-comportamento-do-consumidor","tag-horario","tag-horarios-de-shoppings","tag-jornada-de-trabalho","tag-shoppings"],"yoast_head":"<!-- This site is optimized with the Yoast SEO plugin v23.8 - https:\/\/yoast.com\/wordpress\/plugins\/seo\/ -->\n<title>Queda no movimento leva shoppings a reduzir hor\u00e1rio de funcionamento e lojistas j\u00e1 discutem fechar mais cedo - Estado de Minas - Em foco<\/title>\n<meta name=\"description\" content=\"Shoppings estudam reduzir hor\u00e1rios por causa do e-commerce e queda no fluxo. Entenda o que pode mudar no varejo.\" \/>\n<meta name=\"robots\" content=\"index, follow, max-snippet:-1, max-image-preview:large, max-video-preview:-1\" \/>\n<link rel=\"canonical\" href=\"https:\/\/www.em.com.br\/emfoco\/2026\/04\/30\/queda-no-movimento-leva-shoppings-a-reduzir-horario-de-funcionamento-e-lojistas-ja-discutem-fechar-mais-cedo\/\" \/>\n<meta property=\"og:locale\" content=\"pt_BR\" \/>\n<meta property=\"og:type\" content=\"article\" \/>\n<meta property=\"og:title\" content=\"Queda no movimento leva shoppings a reduzir hor\u00e1rio de funcionamento e lojistas j\u00e1 discutem fechar mais cedo - Estado de Minas - Em foco\" \/>\n<meta property=\"og:description\" content=\"Shoppings estudam reduzir hor\u00e1rios por causa do e-commerce e queda no fluxo. Entenda o que pode mudar no varejo.\" \/>\n<meta property=\"og:url\" content=\"https:\/\/www.em.com.br\/emfoco\/2026\/04\/30\/queda-no-movimento-leva-shoppings-a-reduzir-horario-de-funcionamento-e-lojistas-ja-discutem-fechar-mais-cedo\/\" \/>\n<meta property=\"og:site_name\" content=\"Estado de Minas - Em foco\" \/>\n<meta property=\"article:published_time\" content=\"2026-04-30T13:05:00+00:00\" \/>\n<meta property=\"article:modified_time\" content=\"2026-04-29T19:46:06+00:00\" \/>\n<meta property=\"og:image\" content=\"https:\/\/www.em.com.br\/emfoco\/wp-content\/uploads\/2026\/04\/EmFoco_25-8.jpg\" \/>\n\t<meta property=\"og:image:width\" content=\"1280\" \/>\n\t<meta property=\"og:image:height\" content=\"720\" \/>\n\t<meta property=\"og:image:type\" content=\"image\/jpeg\" \/>\n<meta name=\"author\" content=\"Andre\u0301 Rangel\u00a0\" \/>\n<meta name=\"twitter:card\" content=\"summary_large_image\" \/>\n<meta name=\"twitter:label1\" content=\"Escrito por\" \/>\n\t<meta name=\"twitter:data1\" content=\"Andre\u0301 Rangel\u00a0\" \/>\n\t<meta name=\"twitter:label2\" content=\"Est. tempo de leitura\" \/>\n\t<meta name=\"twitter:data2\" content=\"5 minutos\" \/>\n<!-- \/ Yoast SEO plugin. -->","yoast_head_json":{"title":"Queda no movimento leva shoppings a reduzir hor\u00e1rio de funcionamento e lojistas j\u00e1 discutem fechar mais cedo - Estado de Minas - Em foco","description":"Shoppings estudam reduzir hor\u00e1rios por causa do e-commerce e queda no fluxo. Entenda o que pode mudar no varejo.","robots":{"index":"index","follow":"follow","max-snippet":"max-snippet:-1","max-image-preview":"max-image-preview:large","max-video-preview":"max-video-preview:-1"},"canonical":"https:\/\/www.em.com.br\/emfoco\/2026\/04\/30\/queda-no-movimento-leva-shoppings-a-reduzir-horario-de-funcionamento-e-lojistas-ja-discutem-fechar-mais-cedo\/","og_locale":"pt_BR","og_type":"article","og_title":"Queda no movimento leva shoppings a reduzir hor\u00e1rio de funcionamento e lojistas j\u00e1 discutem fechar mais cedo - Estado de Minas - Em foco","og_description":"Shoppings estudam reduzir hor\u00e1rios por causa do e-commerce e queda no fluxo. Entenda o que pode mudar no varejo.","og_url":"https:\/\/www.em.com.br\/emfoco\/2026\/04\/30\/queda-no-movimento-leva-shoppings-a-reduzir-horario-de-funcionamento-e-lojistas-ja-discutem-fechar-mais-cedo\/","og_site_name":"Estado de Minas - Em foco","article_published_time":"2026-04-30T13:05:00+00:00","article_modified_time":"2026-04-29T19:46:06+00:00","og_image":[{"width":1280,"height":720,"url":"https:\/\/www.em.com.br\/emfoco\/wp-content\/uploads\/2026\/04\/EmFoco_25-8.jpg","type":"image\/jpeg"}],"author":"Andre\u0301 Rangel\u00a0","twitter_card":"summary_large_image","twitter_misc":{"Escrito por":"Andre\u0301 Rangel\u00a0","Est. tempo de leitura":"5 minutos"},"schema":{"@context":"https:\/\/schema.org","@graph":[{"@type":"WebPage","@id":"https:\/\/www.em.com.br\/emfoco\/2026\/04\/30\/queda-no-movimento-leva-shoppings-a-reduzir-horario-de-funcionamento-e-lojistas-ja-discutem-fechar-mais-cedo\/","url":"https:\/\/www.em.com.br\/emfoco\/2026\/04\/30\/queda-no-movimento-leva-shoppings-a-reduzir-horario-de-funcionamento-e-lojistas-ja-discutem-fechar-mais-cedo\/","name":"Queda no movimento leva shoppings a reduzir hor\u00e1rio de funcionamento e lojistas j\u00e1 discutem fechar mais cedo - Estado de Minas - Em foco","isPartOf":{"@id":"https:\/\/www.em.com.br\/emfoco\/#website"},"primaryImageOfPage":{"@id":"https:\/\/www.em.com.br\/emfoco\/2026\/04\/30\/queda-no-movimento-leva-shoppings-a-reduzir-horario-de-funcionamento-e-lojistas-ja-discutem-fechar-mais-cedo\/#primaryimage"},"image":{"@id":"https:\/\/www.em.com.br\/emfoco\/2026\/04\/30\/queda-no-movimento-leva-shoppings-a-reduzir-horario-de-funcionamento-e-lojistas-ja-discutem-fechar-mais-cedo\/#primaryimage"},"thumbnailUrl":"https:\/\/www.em.com.br\/emfoco\/wp-content\/uploads\/2026\/04\/EmFoco_25-8.jpg","datePublished":"2026-04-30T13:05:00+00:00","dateModified":"2026-04-29T19:46:06+00:00","author":{"@id":"https:\/\/www.em.com.br\/emfoco\/#\/schema\/person\/60eda09c1fedf0d6891f4cef4b60b8b8"},"description":"Shoppings estudam reduzir hor\u00e1rios por causa do e-commerce e queda no fluxo. Entenda o que pode mudar no varejo.","breadcrumb":{"@id":"https:\/\/www.em.com.br\/emfoco\/2026\/04\/30\/queda-no-movimento-leva-shoppings-a-reduzir-horario-de-funcionamento-e-lojistas-ja-discutem-fechar-mais-cedo\/#breadcrumb"},"inLanguage":"pt-BR","potentialAction":[{"@type":"ReadAction","target":["https:\/\/www.em.com.br\/emfoco\/2026\/04\/30\/queda-no-movimento-leva-shoppings-a-reduzir-horario-de-funcionamento-e-lojistas-ja-discutem-fechar-mais-cedo\/"]}]},{"@type":"ImageObject","inLanguage":"pt-BR","@id":"https:\/\/www.em.com.br\/emfoco\/2026\/04\/30\/queda-no-movimento-leva-shoppings-a-reduzir-horario-de-funcionamento-e-lojistas-ja-discutem-fechar-mais-cedo\/#primaryimage","url":"https:\/\/www.em.com.br\/emfoco\/wp-content\/uploads\/2026\/04\/EmFoco_25-8.jpg","contentUrl":"https:\/\/www.em.com.br\/emfoco\/wp-content\/uploads\/2026\/04\/EmFoco_25-8.jpg","width":1280,"height":720,"caption":"Revis\u00e3o de jornadas operacionais busca equilibrar custos frente ao avan\u00e7o do com\u00e9rcio digital"},{"@type":"BreadcrumbList","@id":"https:\/\/www.em.com.br\/emfoco\/2026\/04\/30\/queda-no-movimento-leva-shoppings-a-reduzir-horario-de-funcionamento-e-lojistas-ja-discutem-fechar-mais-cedo\/#breadcrumb","itemListElement":[{"@type":"ListItem","position":1,"name":"In\u00edcio","item":"https:\/\/www.em.com.br\/emfoco\/"},{"@type":"ListItem","position":2,"name":"Queda no movimento leva shoppings a reduzir hor\u00e1rio de funcionamento e lojistas j\u00e1 discutem fechar mais cedo"}]},{"@type":"WebSite","@id":"https:\/\/www.em.com.br\/emfoco\/#website","url":"https:\/\/www.em.com.br\/emfoco\/","name":"Estado de Minas - Em foco","description":"Acompanhe as \u00faltimas not\u00edcias e fique bem informado sobre tudo o que acontece em Minas Gerais, Brasil e no mundo.","potentialAction":[{"@type":"SearchAction","target":{"@type":"EntryPoint","urlTemplate":"https:\/\/www.em.com.br\/emfoco\/?s={search_term_string}"},"query-input":{"@type":"PropertyValueSpecification","valueRequired":true,"valueName":"search_term_string"}}],"inLanguage":"pt-BR"},{"@type":"Person","@id":"https:\/\/www.em.com.br\/emfoco\/#\/schema\/person\/60eda09c1fedf0d6891f4cef4b60b8b8","name":"Andre\u0301 Rangel\u00a0","image":{"@type":"ImageObject","inLanguage":"pt-BR","@id":"https:\/\/www.em.com.br\/emfoco\/#\/schema\/person\/image\/","url":"https:\/\/secure.gravatar.com\/avatar\/6234dc814c77c8ef6d8bba622c787efc?s=96&d=mm&r=g","contentUrl":"https:\/\/secure.gravatar.com\/avatar\/6234dc814c77c8ef6d8bba622c787efc?s=96&d=mm&r=g","caption":"Andre\u0301 Rangel\u00a0"},"url":"https:\/\/www.em.com.br\/emfoco\/author\/luizmyth\/"}]}},"_links":{"self":[{"href":"https:\/\/www.em.com.br\/emfoco\/wp-json\/wp\/v2\/posts\/201287","targetHints":{"allow":["GET"]}}],"collection":[{"href":"https:\/\/www.em.com.br\/emfoco\/wp-json\/wp\/v2\/posts"}],"about":[{"href":"https:\/\/www.em.com.br\/emfoco\/wp-json\/wp\/v2\/types\/post"}],"author":[{"embeddable":true,"href":"https:\/\/www.em.com.br\/emfoco\/wp-json\/wp\/v2\/users\/11"}],"replies":[{"embeddable":true,"href":"https:\/\/www.em.com.br\/emfoco\/wp-json\/wp\/v2\/comments?post=201287"}],"version-history":[{"count":3,"href":"https:\/\/www.em.com.br\/emfoco\/wp-json\/wp\/v2\/posts\/201287\/revisions"}],"predecessor-version":[{"id":201293,"href":"https:\/\/www.em.com.br\/emfoco\/wp-json\/wp\/v2\/posts\/201287\/revisions\/201293"}],"wp:featuredmedia":[{"embeddable":true,"href":"https:\/\/www.em.com.br\/emfoco\/wp-json\/wp\/v2\/media\/201623"}],"wp:attachment":[{"href":"https:\/\/www.em.com.br\/emfoco\/wp-json\/wp\/v2\/media?parent=201287"}],"wp:term":[{"taxonomy":"category","embeddable":true,"href":"https:\/\/www.em.com.br\/emfoco\/wp-json\/wp\/v2\/categories?post=201287"},{"taxonomy":"post_tag","embeddable":true,"href":"https:\/\/www.em.com.br\/emfoco\/wp-json\/wp\/v2\/tags?post=201287"}],"curies":[{"name":"wp","href":"https:\/\/api.w.org\/{rel}","templated":true}]}}