{"id":201278,"date":"2026-05-01T16:25:00","date_gmt":"2026-05-01T19:25:00","guid":{"rendered":"https:\/\/www.em.com.br\/emfoco\/?p=201278"},"modified":"2026-04-30T15:47:57","modified_gmt":"2026-04-30T18:47:57","slug":"sentir-se-vazio-mesmo-com-pessoas-por-perto-pode-ter-explicacoes-emocionais-profundas","status":"publish","type":"post","link":"https:\/\/www.em.com.br\/emfoco\/2026\/05\/01\/sentir-se-vazio-mesmo-com-pessoas-por-perto-pode-ter-explicacoes-emocionais-profundas\/","title":{"rendered":"Sentir-se vazio mesmo com pessoas por perto pode ter explica\u00e7\u00f5es emocionais profundas"},"content":{"rendered":"\n<p>Sentir-se <strong>vazio<\/strong> mesmo estando perto de outras pessoas \u00e9 uma experi\u00eancia frequente relatada em consult\u00f3rios de psicologia. Esse sentimento costuma ser descrito como um \u201cburaco interno\u201d, uma falta de sentido ou desconex\u00e3o que aparece mesmo em situa\u00e7\u00f5es de conviv\u00eancia, festas de fam\u00edlia ou encontros com amigos. A presen\u00e7a de outros n\u00e3o parece preencher um espa\u00e7o que permanece silencioso por dentro, afetando a forma como a pessoa se enxerga e se relaciona com o mundo.<\/p>\n\n\n\n<h2 class=\"wp-block-heading\">O que significa se sentir vazio segundo a psicologia?<\/h2>\n\n\n\n<p>Na psicologia, o <strong>sentimento<\/strong> de vazio emocional \u00e9 entendido como um estado em que a pessoa tem dificuldade de acessar, nomear ou compartilhar o que sente. N\u00e3o \u00e9 apenas tristeza ou solid\u00e3o, mas uma esp\u00e9cie de aus\u00eancia de conte\u00fado interno, como se emo\u00e7\u00f5es e interesses tivessem perdido a cor, podendo interferir no trabalho, nos <a href=\"https:\/\/www.em.com.br\/emfoco\/2026\/04\/28\/quem-se-compara-demais-com-os-outros-pode-estar-preso-a-um-padrao-emocional-silencioso\/\" target=\"_blank\" rel=\"noreferrer noopener\">relacionamentos <\/a>e na autoestima.<\/p>\n\n\n\n<p>Para alguns autores, sentir-se vazio mesmo acompanhado indica uma <strong>desconex\u00e3o<\/strong> entre o mundo interno e o externo. A pessoa est\u00e1 fisicamente presente, conversa e interage, mas n\u00e3o se percebe verdadeiramente envolvida, como se estivesse \u201cno autom\u00e1tico\u201d, cumprindo pap\u00e9is sociais sem sentir que aquilo faz sentido ou dialoga com suas necessidades emocionais.<\/p>\n\n\n\n<figure class=\"wp-block-image size-large\"><img loading=\"lazy\" decoding=\"async\" width=\"1024\" height=\"576\" src=\"https:\/\/www.em.com.br\/emfoco\/wp-content\/uploads\/2026\/05\/Texto-do-seu-paragrafo-2026-04-29T104419.287-1024x576.jpg\" alt=\"Sentir-se vazio mesmo com pessoas por perto pode ter explica\u00e7\u00f5es emocionais profundas\" class=\"wp-image-201280\" srcset=\"https:\/\/www.em.com.br\/emfoco\/wp-content\/uploads\/2026\/05\/Texto-do-seu-paragrafo-2026-04-29T104419.287-1024x576.jpg 1024w, https:\/\/www.em.com.br\/emfoco\/wp-content\/uploads\/2026\/05\/Texto-do-seu-paragrafo-2026-04-29T104419.287-300x169.jpg 300w, https:\/\/www.em.com.br\/emfoco\/wp-content\/uploads\/2026\/05\/Texto-do-seu-paragrafo-2026-04-29T104419.287-768x432.jpg 768w, https:\/\/www.em.com.br\/emfoco\/wp-content\/uploads\/2026\/05\/Texto-do-seu-paragrafo-2026-04-29T104419.287-750x422.jpg 750w, https:\/\/www.em.com.br\/emfoco\/wp-content\/uploads\/2026\/05\/Texto-do-seu-paragrafo-2026-04-29T104419.287-1140x641.jpg 1140w, https:\/\/www.em.com.br\/emfoco\/wp-content\/uploads\/2026\/05\/Texto-do-seu-paragrafo-2026-04-29T104419.287.jpg 1280w\" sizes=\"auto, (max-width: 1024px) 100vw, 1024px\" \/><figcaption class=\"wp-element-caption\">O vazio emocional pode surgir mesmo com companhia quando falta conex\u00e3o verdadeira<\/figcaption><\/figure>\n\n\n\n<h2 class=\"wp-block-heading\">Por que algu\u00e9m se sente vazio mesmo estando acompanhado?<\/h2>\n\n\n\n<p>Entre as explica\u00e7\u00f5es usadas na psicologia, uma das mais recorrentes aponta para <strong>rela\u00e7\u00f5es<\/strong> superficiais ou pouco aut\u00eanticas. Estar cercado de gente n\u00e3o garante conex\u00e3o emocional, e quando o contato se limita a conversas rasas, falta de escuta ou intera\u00e7\u00f5es baseadas apenas em apar\u00eancias, o vazio pode ser refor\u00e7ado em vez de aliviado.<\/p>\n\n\n\n<p>Outro ponto importante \u00e9 a rela\u00e7\u00e3o com a pr\u00f3pria <strong>hist\u00f3ria<\/strong> emocional. Quem aprendeu desde cedo a esconder sentimentos, evitar conflitos ou agradar a todo custo tende a se afastar de suas necessidades internas, o que com o tempo pode ser vivido como um \u201cnada por dentro\u201d e se associar a quadros como depress\u00e3o, luto n\u00e3o elaborado ou <a href=\"https:\/\/www.em.com.br\/emfoco\/2026\/04\/28\/ficar-sempre-esperando-o-pior-pode-ser-um-padrao-mental-ligado-a-forma-de-protecao-emocional\/\" target=\"_blank\" rel=\"noreferrer noopener\">esgotamento <\/a>emocional.<\/p>\n\n\n\n<ul class=\"wp-block-list\">\n<li><strong>Hist\u00f3rico<\/strong> de rejei\u00e7\u00e3o ou abandono: experi\u00eancias repetidas de n\u00e3o acolhimento podem levar \u00e0 cren\u00e7a de que n\u00e3o vale a pena se abrir.<\/li>\n\n\n\n<li><strong>Perfeccionismo<\/strong> e autoexig\u00eancia: focar apenas em desempenho e resultados pode afastar a pessoa das pr\u00f3prias emo\u00e7\u00f5es.<\/li>\n\n\n\n<li><strong>Uso<\/strong> excessivo de distra\u00e7\u00f5es: trabalho, redes sociais e afazeres constantes podem funcionar como fuga tempor\u00e1ria desse vazio.<\/li>\n\n\n\n<li><strong>Dificuldade<\/strong> de reconhecer necessidades emocionais: quando n\u00e3o se sabe o que se sente, torna-se mais dif\u00edcil criar v\u00ednculos profundos.<\/li>\n<\/ul>\n\n\n\n<p>Conte\u00fado do canal <strong>Tam\u00edris Kreibich<\/strong>, com mais de 1.63 mil de inscritos e cerca de 490 de visualiza\u00e7\u00f5es:<\/p>\n\n\n\n<figure class=\"wp-block-embed is-type-video is-provider-youtube wp-block-embed-youtube wp-embed-aspect-16-9 wp-has-aspect-ratio\"><div class=\"wp-block-embed__wrapper\">\n<div class=\"jeg_video_container jeg_video_content\"><iframe loading=\"lazy\" title=\"Sensa\u00e7\u00e3o de VAZIO: Por que sentimos? Como lidar?\" width=\"500\" height=\"281\" src=\"https:\/\/www.youtube.com\/embed\/X3bZB0zEH6o?feature=oembed\" frameborder=\"0\" allow=\"accelerometer; autoplay; clipboard-write; encrypted-media; gyroscope; picture-in-picture; web-share\" referrerpolicy=\"strict-origin-when-cross-origin\" allowfullscreen><\/iframe><\/div>\n<\/div><\/figure>\n\n\n\n<h2 class=\"wp-block-heading\">Como o vazio emocional aparece no dia a dia?<\/h2>\n\n\n\n<p>O sentimento de vazio emocional se manifesta em detalhes da rotina, muitas vezes de forma silenciosa. Algumas pessoas relatam <strong>indiferen\u00e7a<\/strong>, como se tanto fizesse estar em casa ou com amigos, enquanto outras percebem um contraste entre a imagem que passam e o que acontece por dentro, sentindo-se desmotivadas, deslocadas ou sem um motivo claro para manter a rotina.<\/p>\n\n\n\n<p>Esse quadro pode se refletir em atitudes como trocar frequentemente de grupos, atividades ou <a href=\"https:\/\/pubmed.ncbi.nlm.nih.gov\/18299951\/\" target=\"_blank\" rel=\"noreferrer noopener\">relacionamentos <\/a>em busca de algo que \u201cpreencha\u201d, sem encontrar <strong>satisfa\u00e7\u00e3o<\/strong> duradoura. Em certos casos, o indiv\u00edduo mant\u00e9m conversas sociais, mas evita falar sobre si, seus medos e desejos, alimentando um c\u00edrculo de isolamento silencioso mesmo no meio da multid\u00e3o.<\/p>\n\n\n\n<ol class=\"wp-block-list\">\n<li><strong>Desinteresse<\/strong> persistente por atividades que antes faziam sentido.<\/li>\n\n\n\n<li><strong>Percep\u00e7\u00e3o<\/strong> de estar desconectado em encontros, festas ou eventos familiares.<\/li>\n\n\n\n<li><strong>Sensa\u00e7\u00e3o<\/strong> de viver no \u201cmodo autom\u00e1tico\u201d, cumprindo tarefas sem envolvimento emocional.<\/li>\n\n\n\n<li><strong>Dificuldade<\/strong> de identificar o que se sente, recorrendo a express\u00f5es vagas como \u201cn\u00e3o sei\u201d.<\/li>\n\n\n\n<li><strong>Busca<\/strong> constante por distra\u00e7\u00f5es para evitar ficar sozinho com os pr\u00f3prios pensamentos.<\/li>\n<\/ol>\n\n\n\n<h2 class=\"wp-block-heading\">Como a psicologia ajuda a lidar com o vazio emocional?<\/h2>\n\n\n\n<p>Profissionais de sa\u00fade mental destacam que entender o <em>significado<\/em> de se sentir vazio \u00e9 um passo relevante para lidar com o problema. Em geral, o trabalho terap\u00eautico investiga o contexto em que esse sentimento surgiu, como ele se repete nas rela\u00e7\u00f5es e quais necessidades emocionais est\u00e3o sendo ignoradas ou sufocadas no cotidiano.<\/p>\n\n\n\n<p>Em muitos casos, a <strong>psicoterapia<\/strong> ajuda a reconhecer e nomear emo\u00e7\u00f5es, testar maneiras mais aut\u00eanticas de se relacionar e revisar cren\u00e7as sobre afeto, valor pessoal e pertencimento. <a href=\"https:\/\/pubmed.ncbi.nlm.nih.gov\/18552225\/\" target=\"_blank\" rel=\"noreferrer noopener\">Reorganizar <\/a>a rotina para incluir atividades significativas, fortalecer la\u00e7os de confian\u00e7a e aprender a estabelecer limites transforma o vazio em um sinal de que a vida emocional precisa de aten\u00e7\u00e3o cuidadosa, n\u00e3o em um defeito pessoal.<\/p>\n","protected":false},"excerpt":{"rendered":"<p>Sentir-se vazio mesmo estando perto de outras pessoas \u00e9 uma experi\u00eancia frequente relatada em consult\u00f3rios de psicologia. Esse sentimento costuma ser descrito como um \u201cburaco interno\u201d, uma falta de sentido ou desconex\u00e3o que aparece mesmo em situa\u00e7\u00f5es de conviv\u00eancia, festas de fam\u00edlia ou encontros com amigos. A presen\u00e7a de outros n\u00e3o parece preencher um espa\u00e7o [&hellip;]<\/p>\n","protected":false},"author":15,"featured_media":202058,"comment_status":"open","ping_status":"open","sticky":false,"template":"","format":"standard","meta":{"jnews-multi-image_gallery":[],"jnews_single_post":{"format":"standard"},"jnews_primary_category":[],"jnews_social_meta":[],"jnews_override_counter":[],"footnotes":""},"categories":[8819],"tags":[711,5155,415],"class_list":["post-201278","post","type-post","status-publish","format-standard","has-post-thumbnail","hentry","category-curiosidades","tag-bem-estar","tag-psicologia","tag-saude"],"yoast_head":"<!-- This site is optimized with the Yoast SEO plugin v23.8 - https:\/\/yoast.com\/wordpress\/plugins\/seo\/ -->\n<title>Sentir-se vazio mesmo com pessoas por perto pode ter explica\u00e7\u00f5es emocionais profundas - Estado de Minas - Em foco<\/title>\n<meta name=\"description\" content=\"Sentir-se vazio mesmo acompanhado pode indicar falta de conex\u00e3o emocional, mesmo quando h\u00e1 pessoas por perto no dia a dia.\" \/>\n<meta name=\"robots\" content=\"index, follow, max-snippet:-1, max-image-preview:large, max-video-preview:-1\" \/>\n<link rel=\"canonical\" href=\"https:\/\/www.em.com.br\/emfoco\/2026\/05\/01\/sentir-se-vazio-mesmo-com-pessoas-por-perto-pode-ter-explicacoes-emocionais-profundas\/\" \/>\n<meta property=\"og:locale\" content=\"pt_BR\" \/>\n<meta property=\"og:type\" content=\"article\" \/>\n<meta property=\"og:title\" content=\"Sentir-se vazio mesmo com pessoas por perto pode ter explica\u00e7\u00f5es emocionais profundas - Estado de Minas - Em foco\" \/>\n<meta property=\"og:description\" content=\"Sentir-se vazio mesmo acompanhado pode indicar falta de conex\u00e3o emocional, mesmo quando h\u00e1 pessoas por perto no dia a dia.\" \/>\n<meta property=\"og:url\" content=\"https:\/\/www.em.com.br\/emfoco\/2026\/05\/01\/sentir-se-vazio-mesmo-com-pessoas-por-perto-pode-ter-explicacoes-emocionais-profundas\/\" \/>\n<meta property=\"og:site_name\" content=\"Estado de Minas - Em foco\" \/>\n<meta property=\"article:published_time\" content=\"2026-05-01T19:25:00+00:00\" \/>\n<meta property=\"article:modified_time\" content=\"2026-04-30T18:47:57+00:00\" \/>\n<meta property=\"og:image\" content=\"https:\/\/www.em.com.br\/emfoco\/wp-content\/uploads\/2026\/05\/EmFoco_06.jpg\" \/>\n\t<meta property=\"og:image:width\" content=\"1280\" \/>\n\t<meta property=\"og:image:height\" content=\"720\" \/>\n\t<meta property=\"og:image:type\" content=\"image\/jpeg\" \/>\n<meta name=\"author\" content=\"Douglas Myth\" \/>\n<meta name=\"twitter:card\" content=\"summary_large_image\" \/>\n<meta name=\"twitter:label1\" content=\"Escrito por\" \/>\n\t<meta name=\"twitter:data1\" content=\"Douglas Myth\" \/>\n\t<meta name=\"twitter:label2\" content=\"Est. tempo de leitura\" \/>\n\t<meta name=\"twitter:data2\" content=\"5 minutos\" \/>\n<!-- \/ Yoast SEO plugin. -->","yoast_head_json":{"title":"Sentir-se vazio mesmo com pessoas por perto pode ter explica\u00e7\u00f5es emocionais profundas - Estado de Minas - Em foco","description":"Sentir-se vazio mesmo acompanhado pode indicar falta de conex\u00e3o emocional, mesmo quando h\u00e1 pessoas por perto no dia a dia.","robots":{"index":"index","follow":"follow","max-snippet":"max-snippet:-1","max-image-preview":"max-image-preview:large","max-video-preview":"max-video-preview:-1"},"canonical":"https:\/\/www.em.com.br\/emfoco\/2026\/05\/01\/sentir-se-vazio-mesmo-com-pessoas-por-perto-pode-ter-explicacoes-emocionais-profundas\/","og_locale":"pt_BR","og_type":"article","og_title":"Sentir-se vazio mesmo com pessoas por perto pode ter explica\u00e7\u00f5es emocionais profundas - Estado de Minas - Em foco","og_description":"Sentir-se vazio mesmo acompanhado pode indicar falta de conex\u00e3o emocional, mesmo quando h\u00e1 pessoas por perto no dia a dia.","og_url":"https:\/\/www.em.com.br\/emfoco\/2026\/05\/01\/sentir-se-vazio-mesmo-com-pessoas-por-perto-pode-ter-explicacoes-emocionais-profundas\/","og_site_name":"Estado de Minas - Em foco","article_published_time":"2026-05-01T19:25:00+00:00","article_modified_time":"2026-04-30T18:47:57+00:00","og_image":[{"width":1280,"height":720,"url":"https:\/\/www.em.com.br\/emfoco\/wp-content\/uploads\/2026\/05\/EmFoco_06.jpg","type":"image\/jpeg"}],"author":"Douglas Myth","twitter_card":"summary_large_image","twitter_misc":{"Escrito por":"Douglas Myth","Est. tempo de leitura":"5 minutos"},"schema":{"@context":"https:\/\/schema.org","@graph":[{"@type":"WebPage","@id":"https:\/\/www.em.com.br\/emfoco\/2026\/05\/01\/sentir-se-vazio-mesmo-com-pessoas-por-perto-pode-ter-explicacoes-emocionais-profundas\/","url":"https:\/\/www.em.com.br\/emfoco\/2026\/05\/01\/sentir-se-vazio-mesmo-com-pessoas-por-perto-pode-ter-explicacoes-emocionais-profundas\/","name":"Sentir-se vazio mesmo com pessoas por perto pode ter explica\u00e7\u00f5es emocionais profundas - Estado de Minas - Em foco","isPartOf":{"@id":"https:\/\/www.em.com.br\/emfoco\/#website"},"primaryImageOfPage":{"@id":"https:\/\/www.em.com.br\/emfoco\/2026\/05\/01\/sentir-se-vazio-mesmo-com-pessoas-por-perto-pode-ter-explicacoes-emocionais-profundas\/#primaryimage"},"image":{"@id":"https:\/\/www.em.com.br\/emfoco\/2026\/05\/01\/sentir-se-vazio-mesmo-com-pessoas-por-perto-pode-ter-explicacoes-emocionais-profundas\/#primaryimage"},"thumbnailUrl":"https:\/\/www.em.com.br\/emfoco\/wp-content\/uploads\/2026\/05\/EmFoco_06.jpg","datePublished":"2026-05-01T19:25:00+00:00","dateModified":"2026-04-30T18:47:57+00:00","author":{"@id":"https:\/\/www.em.com.br\/emfoco\/#\/schema\/person\/bba594b7eebe9b9885fec3a5c7837089"},"description":"Sentir-se vazio mesmo acompanhado pode indicar falta de conex\u00e3o emocional, mesmo quando h\u00e1 pessoas por perto no dia a dia.","breadcrumb":{"@id":"https:\/\/www.em.com.br\/emfoco\/2026\/05\/01\/sentir-se-vazio-mesmo-com-pessoas-por-perto-pode-ter-explicacoes-emocionais-profundas\/#breadcrumb"},"inLanguage":"pt-BR","potentialAction":[{"@type":"ReadAction","target":["https:\/\/www.em.com.br\/emfoco\/2026\/05\/01\/sentir-se-vazio-mesmo-com-pessoas-por-perto-pode-ter-explicacoes-emocionais-profundas\/"]}]},{"@type":"ImageObject","inLanguage":"pt-BR","@id":"https:\/\/www.em.com.br\/emfoco\/2026\/05\/01\/sentir-se-vazio-mesmo-com-pessoas-por-perto-pode-ter-explicacoes-emocionais-profundas\/#primaryimage","url":"https:\/\/www.em.com.br\/emfoco\/wp-content\/uploads\/2026\/05\/EmFoco_06.jpg","contentUrl":"https:\/\/www.em.com.br\/emfoco\/wp-content\/uploads\/2026\/05\/EmFoco_06.jpg","width":1280,"height":720,"caption":"Sentimento de vazio acompanhado sinaliza aus\u00eancia de conex\u00e3o emocional profunda interna"},{"@type":"BreadcrumbList","@id":"https:\/\/www.em.com.br\/emfoco\/2026\/05\/01\/sentir-se-vazio-mesmo-com-pessoas-por-perto-pode-ter-explicacoes-emocionais-profundas\/#breadcrumb","itemListElement":[{"@type":"ListItem","position":1,"name":"In\u00edcio","item":"https:\/\/www.em.com.br\/emfoco\/"},{"@type":"ListItem","position":2,"name":"Sentir-se vazio mesmo com pessoas por perto pode ter explica\u00e7\u00f5es emocionais profundas"}]},{"@type":"WebSite","@id":"https:\/\/www.em.com.br\/emfoco\/#website","url":"https:\/\/www.em.com.br\/emfoco\/","name":"Estado de Minas - Em foco","description":"Acompanhe as \u00faltimas not\u00edcias e fique bem informado sobre tudo o que acontece em Minas Gerais, Brasil e no mundo.","potentialAction":[{"@type":"SearchAction","target":{"@type":"EntryPoint","urlTemplate":"https:\/\/www.em.com.br\/emfoco\/?s={search_term_string}"},"query-input":{"@type":"PropertyValueSpecification","valueRequired":true,"valueName":"search_term_string"}}],"inLanguage":"pt-BR"},{"@type":"Person","@id":"https:\/\/www.em.com.br\/emfoco\/#\/schema\/person\/bba594b7eebe9b9885fec3a5c7837089","name":"Douglas Myth","image":{"@type":"ImageObject","inLanguage":"pt-BR","@id":"https:\/\/www.em.com.br\/emfoco\/#\/schema\/person\/image\/","url":"https:\/\/secure.gravatar.com\/avatar\/1ac3cf50d0e68642c697dc0c960c802f?s=96&d=mm&r=g","contentUrl":"https:\/\/secure.gravatar.com\/avatar\/1ac3cf50d0e68642c697dc0c960c802f?s=96&d=mm&r=g","caption":"Douglas Myth"},"url":"https:\/\/www.em.com.br\/emfoco\/author\/douglasmyth\/"}]}},"_links":{"self":[{"href":"https:\/\/www.em.com.br\/emfoco\/wp-json\/wp\/v2\/posts\/201278","targetHints":{"allow":["GET"]}}],"collection":[{"href":"https:\/\/www.em.com.br\/emfoco\/wp-json\/wp\/v2\/posts"}],"about":[{"href":"https:\/\/www.em.com.br\/emfoco\/wp-json\/wp\/v2\/types\/post"}],"author":[{"embeddable":true,"href":"https:\/\/www.em.com.br\/emfoco\/wp-json\/wp\/v2\/users\/15"}],"replies":[{"embeddable":true,"href":"https:\/\/www.em.com.br\/emfoco\/wp-json\/wp\/v2\/comments?post=201278"}],"version-history":[{"count":2,"href":"https:\/\/www.em.com.br\/emfoco\/wp-json\/wp\/v2\/posts\/201278\/revisions"}],"predecessor-version":[{"id":201281,"href":"https:\/\/www.em.com.br\/emfoco\/wp-json\/wp\/v2\/posts\/201278\/revisions\/201281"}],"wp:featuredmedia":[{"embeddable":true,"href":"https:\/\/www.em.com.br\/emfoco\/wp-json\/wp\/v2\/media\/202058"}],"wp:attachment":[{"href":"https:\/\/www.em.com.br\/emfoco\/wp-json\/wp\/v2\/media?parent=201278"}],"wp:term":[{"taxonomy":"category","embeddable":true,"href":"https:\/\/www.em.com.br\/emfoco\/wp-json\/wp\/v2\/categories?post=201278"},{"taxonomy":"post_tag","embeddable":true,"href":"https:\/\/www.em.com.br\/emfoco\/wp-json\/wp\/v2\/tags?post=201278"}],"curies":[{"name":"wp","href":"https:\/\/api.w.org\/{rel}","templated":true}]}}