{"id":201274,"date":"2026-05-01T14:15:00","date_gmt":"2026-05-01T17:15:00","guid":{"rendered":"https:\/\/www.em.com.br\/emfoco\/?p=201274"},"modified":"2026-04-30T15:47:42","modified_gmt":"2026-04-30T18:47:42","slug":"guardar-tudo-para-si-pode-ter-explicacoes-emocionais-que-vao-alem-da-personalidade","status":"publish","type":"post","link":"https:\/\/www.em.com.br\/emfoco\/2026\/05\/01\/guardar-tudo-para-si-pode-ter-explicacoes-emocionais-que-vao-alem-da-personalidade\/","title":{"rendered":"Guardar tudo para si pode ter explica\u00e7\u00f5es emocionais que v\u00e3o al\u00e9m da personalidade"},"content":{"rendered":"\n<p>Em muitas situa\u00e7\u00f5es do dia a dia, algumas pessoas preferem guardar tudo para si, evitando desabafar, pedir ajuda ou expor o que sentem. Essa postura aparece em relacionamentos, no ambiente de trabalho e at\u00e9 dentro da pr\u00f3pria fam\u00edlia. A <strong>psicologia<\/strong> busca entender esse comportamento, suas origens e os impactos emocionais de quem escolhe o sil\u00eancio para lidar com os problemas.<\/p>\n\n\n\n<h2 class=\"wp-block-heading\">O que a psicologia diz sobre quem guarda tudo para si?<\/h2>\n\n\n\n<p>Segundo diferentes abordagens psicol\u00f3gicas, quem guarda tudo para si costuma apresentar um padr\u00e3o de <strong>repress\u00e3o<\/strong> emocional ou de evita\u00e7\u00e3o de conflitos. A pessoa pode acreditar que falar sobre seus sentimentos causar\u00e1 problemas, ser\u00e1 mal interpretada ou provocar\u00e1 rejei\u00e7\u00e3o, mantendo-se em sil\u00eancio mesmo em situa\u00e7\u00f5es de sofrimento intenso.<\/p>\n\n\n\n<p>Em muitos casos, h\u00e1 medo de ser visto como fraco, <a href=\"https:\/\/www.em.com.br\/emfoco\/2026\/04\/28\/quem-se-compara-demais-com-os-outros-pode-estar-preso-a-um-padrao-emocional-silencioso\/\" target=\"_blank\" rel=\"noreferrer noopener\">dram\u00e1tico <\/a>ou incapaz de lidar com a pr\u00f3pria vida, o que refor\u00e7a a ideia de que sentir \u00e9 perigoso. A psicologia cl\u00ednica tamb\u00e9m observa que esse padr\u00e3o pode dificultar o <strong>autoconhecimento<\/strong>, j\u00e1 que a pessoa evita olhar com profundidade para o que sente.<\/p>\n\n\n\n<figure class=\"wp-block-image size-large\"><img loading=\"lazy\" decoding=\"async\" width=\"1024\" height=\"576\" src=\"https:\/\/www.em.com.br\/emfoco\/wp-content\/uploads\/2026\/05\/Texto-do-seu-paragrafo-2026-04-29T103744.875-1024x576.jpg\" alt=\"Guardar tudo para si pode ter explica\u00e7\u00f5es emocionais que v\u00e3o al\u00e9m da personalidade\" class=\"wp-image-201276\" srcset=\"https:\/\/www.em.com.br\/emfoco\/wp-content\/uploads\/2026\/05\/Texto-do-seu-paragrafo-2026-04-29T103744.875-1024x576.jpg 1024w, https:\/\/www.em.com.br\/emfoco\/wp-content\/uploads\/2026\/05\/Texto-do-seu-paragrafo-2026-04-29T103744.875-300x169.jpg 300w, https:\/\/www.em.com.br\/emfoco\/wp-content\/uploads\/2026\/05\/Texto-do-seu-paragrafo-2026-04-29T103744.875-768x432.jpg 768w, https:\/\/www.em.com.br\/emfoco\/wp-content\/uploads\/2026\/05\/Texto-do-seu-paragrafo-2026-04-29T103744.875-750x422.jpg 750w, https:\/\/www.em.com.br\/emfoco\/wp-content\/uploads\/2026\/05\/Texto-do-seu-paragrafo-2026-04-29T103744.875-1140x641.jpg 1140w, https:\/\/www.em.com.br\/emfoco\/wp-content\/uploads\/2026\/05\/Texto-do-seu-paragrafo-2026-04-29T103744.875.jpg 1280w\" sizes=\"auto, (max-width: 1024px) 100vw, 1024px\" \/><figcaption class=\"wp-element-caption\">Quem guarda tudo para si pode estar tentando se proteger sem perceber<\/figcaption><\/figure>\n\n\n\n<h2 class=\"wp-block-heading\">Quais s\u00e3o as principais causas de guardar sentimentos em sil\u00eancio?<\/h2>\n\n\n\n<p>A tend\u00eancia a guardar tudo para si geralmente n\u00e3o surge do nada e costuma estar ligada a experi\u00eancias anteriores e padr\u00f5es aprendidos na inf\u00e2ncia. Fatores familiares, sociais e culturais se combinam ao longo do tempo, refor\u00e7ando a cren\u00e7a de que \u00e9 melhor se calar do que correr o risco de se machucar.<\/p>\n\n\n\n<p>Esses fatores podem aparecer de formas diferentes na vida de cada pessoa, mas alguns s\u00e3o observados com frequ\u00eancia em atendimentos psicol\u00f3gicos e estudos cl\u00ednicos:<\/p>\n\n\n\n<ul class=\"wp-block-list\">\n<li><strong>Hist\u00f3rico<\/strong> familiar: crescer em ambientes onde n\u00e3o se falava sobre sentimentos, onde choro era desencorajado ou onde conflitos eram evitados tende a ensinar que o melhor \u00e9 ficar calado.<\/li>\n\n\n\n<li>Experi\u00eancias de <strong>cr\u00edtica<\/strong> ou ridiculariza\u00e7\u00e3o: pessoas que j\u00e1 foram julgadas ao se abrir podem passar a considerar mais seguro esconder o que sentem.<\/li>\n\n\n\n<li>Medo de <strong>rejei\u00e7\u00e3o<\/strong> ou abandono: a cren\u00e7a de que revelar fragilidades afastar\u00e1 os outros leva muitos a se fecharem emocionalmente.<\/li>\n\n\n\n<li><strong>Perfeccionismo<\/strong> e autocobran\u00e7a: quem se cobra ser forte e autossuficiente pode interpretar o ato de pedir ajuda como sinal de fracasso.<\/li>\n\n\n\n<li><strong>Traumas<\/strong> e situa\u00e7\u00f5es marcantes: eventos dif\u00edceis podem fazer com que a pessoa aprenda a n\u00e3o confiar totalmente nos outros.<\/li>\n<\/ul>\n\n\n\n<h2 class=\"wp-block-heading\">Quais s\u00e3o os efeitos de guardar tudo para si por muito tempo?<\/h2>\n\n\n\n<p>Os efeitos de guardar sentimentos em sil\u00eancio variam conforme a hist\u00f3ria de vida, o contexto e os recursos emocionais de cada um. Ainda assim, a psicologia tem identificado impactos recorrentes quando esse padr\u00e3o se mant\u00e9m por longos per\u00edodos, afetando tanto o corpo quanto as rela\u00e7\u00f5es.<\/p>\n\n\n\n<p>Pesquisas em psicologia cl\u00ednica apontam que a supress\u00e3o constante de emo\u00e7\u00f5es est\u00e1 associada a <a href=\"https:\/\/www.em.com.br\/emfoco\/2026\/04\/28\/ficar-sempre-esperando-o-pior-pode-ser-um-padrao-mental-ligado-a-forma-de-protecao-emocional\/\" target=\"_blank\" rel=\"noreferrer noopener\">sintomas <\/a>de <strong>ansiedade<\/strong>, tens\u00e3o constante, dificuldade para dormir e at\u00e9 queixas f\u00edsicas, como dores de cabe\u00e7a e problemas gastrointestinais. Al\u00e9m disso, o ac\u00famulo emocional pode favorecer explos\u00f5es de raiva ou choro aparentemente \u201csem motivo\u201d.<\/p>\n\n\n\n<ol class=\"wp-block-list\">\n<li>Ac\u00famulo de <strong>tens\u00e3o<\/strong> emocional: quando n\u00e3o h\u00e1 espa\u00e7o para express\u00e3o, emo\u00e7\u00f5es como tristeza, raiva e frustra\u00e7\u00e3o tendem a se acumular e podem surgir de forma intensa em momentos de estresse.<\/li>\n\n\n\n<li>Dificuldades de <strong>relacionamento<\/strong>: parceiros, amigos e familiares podem sentir dist\u00e2ncia, frieza ou falta de confian\u00e7a, por n\u00e3o entenderem o que a pessoa sente ou pensa.<\/li>\n\n\n\n<li>Comunica\u00e7\u00e3o <strong>confusa<\/strong>: o h\u00e1bito de n\u00e3o falar sobre o que incomoda pode levar a mal-entendidos, conflitos silenciosos e ressentimentos prolongados.<\/li>\n\n\n\n<li>Risco maior de <strong>isolamento<\/strong>: com o tempo, a pessoa pode se afastar de intera\u00e7\u00f5es mais profundas, mantendo rela\u00e7\u00f5es superficiais para evitar exposi\u00e7\u00e3o emocional.<\/li>\n\n\n\n<li>Sintomas emocionais e <strong>f\u00edsicos<\/strong>: em alguns casos, esse padr\u00e3o est\u00e1 ligado ao surgimento ou intensifica\u00e7\u00e3o de quadros de ansiedade, depress\u00e3o e queixas som\u00e1ticas.<\/li>\n<\/ol>\n\n\n\n<p>Conte\u00fado do canal <strong>Fred Elboni<\/strong>, com mais de 1.94 milh\u00f5es de inscritos e cerca de 9.6 mil de visualiza\u00e7\u00f5es:<\/p>\n\n\n\n<figure class=\"wp-block-embed is-type-video is-provider-youtube wp-block-embed-youtube wp-embed-aspect-16-9 wp-has-aspect-ratio\"><div class=\"wp-block-embed__wrapper\">\n<div class=\"jeg_video_container jeg_video_content\"><iframe loading=\"lazy\" title=\"At\u00e9 que ponto devemos guardar o que sentimos? | Fred Sem Edi\u00e7\u00e3o #271\" width=\"500\" height=\"281\" src=\"https:\/\/www.youtube.com\/embed\/sa1JAJJwX3I?feature=oembed\" frameborder=\"0\" allow=\"accelerometer; autoplay; clipboard-write; encrypted-media; gyroscope; picture-in-picture; web-share\" referrerpolicy=\"strict-origin-when-cross-origin\" allowfullscreen><\/iframe><\/div>\n<\/div><\/figure>\n\n\n\n<h2 class=\"wp-block-heading\">Como a psicologia orienta quem prefere guardar tudo para si?<\/h2>\n\n\n\n<p>A psicologia n\u00e3o trata esse comportamento como defeito de car\u00e1ter, e sim como um padr\u00e3o aprendido que pode ser compreendido e, se a pessoa desejar, gradualmente transformado. O trabalho <strong>terap\u00eautico<\/strong> busca ampliar a <a href=\"https:\/\/pubmed.ncbi.nlm.nih.gov\/9129472\/\" target=\"_blank\" rel=\"noreferrer noopener\">consci\u00eancia <\/a>sobre emo\u00e7\u00f5es, cren\u00e7as e medos envolvidos nesse sil\u00eancio constante, oferecendo um espa\u00e7o seguro para experimentar novas formas de express\u00e3o.<\/p>\n\n\n\n<p>De modo geral, diferentes abordagens terap\u00eauticas utilizam estrat\u00e9gias para fortalecer recursos internos e flexibilizar esse padr\u00e3o. A ideia n\u00e3o \u00e9 obrigar ningu\u00e9m a se expor o tempo todo, mas ampliar possibilidades para que a pessoa possa escolher quando e como se abrir, sem sentir que est\u00e1 em perigo.<\/p>\n\n\n\n<ul class=\"wp-block-list\">\n<li>Identifica\u00e7\u00e3o de <strong>sentimentos<\/strong>: aprendizado para reconhecer e nomear emo\u00e7\u00f5es, evitando trat\u00e1-las apenas como \u201ccoisas ruins\u201d ou \u201cfraqueza\u201d.<\/li>\n\n\n\n<li>Explora\u00e7\u00e3o da <strong>hist\u00f3ria<\/strong> de vida: an\u00e1lise de experi\u00eancias passadas que contribu\u00edram para o h\u00e1bito de guardar tudo para si.<\/li>\n\n\n\n<li>Treino de <strong>comunica\u00e7\u00e3o<\/strong>: desenvolvimento de formas mais claras e respeitosas de expressar necessidades e limites, sem agressividade.<\/li>\n\n\n\n<li>Testes graduais de <strong>abertura<\/strong>: incentivo para ensaiar pequenas partilhas com pessoas de confian\u00e7a, observando como isso afeta as rela\u00e7\u00f5es.<\/li>\n\n\n\n<li>Revis\u00e3o de cren\u00e7as <strong>r\u00edgidas<\/strong>: questionamento de ideias como \u201csentir \u00e9 fraqueza\u201d ou \u201cningu\u00e9m quer ouvir problemas alheios\u201d.<\/li>\n<\/ul>\n\n\n\n<h2 class=\"wp-block-heading\">Quando \u00e9 hora de buscar ajuda profissional para lidar com o sil\u00eancio emocional?<\/h2>\n\n\n\n<p>Nem sempre guardar algo \u00e9 um problema, pois em alguns contextos pode ser uma escolha estrat\u00e9gica ou uma forma de autoprote\u00e7\u00e3o tempor\u00e1ria. O ponto de aten\u00e7\u00e3o surge quando o sil\u00eancio se torna a \u00fanica maneira de lidar com qualquer <a href=\"https:\/\/pubmed.ncbi.nlm.nih.gov\/12150727\/\" target=\"_blank\" rel=\"noreferrer noopener\">emo\u00e7\u00e3o <\/a>mais complexa, gerando sofrimento cont\u00ednuo e sensa\u00e7\u00e3o de solid\u00e3o mesmo perto de outras pessoas.<\/p>\n\n\n\n<p>Procurar ajuda psicol\u00f3gica \u00e9 recomendado quando o h\u00e1bito de se calar come\u00e7a a prejudicar a <strong>sa\u00fade<\/strong> emocional, os relacionamentos ou o desempenho no trabalho e nos estudos. Um psic\u00f3logo pode auxiliar na constru\u00e7\u00e3o de um modo de se expressar que respeite o ritmo individual, fortalecendo a capacidade de se relacionar de forma mais aut\u00eantica e menos sobrecarregada.<\/p>\n","protected":false},"excerpt":{"rendered":"<p>Em muitas situa\u00e7\u00f5es do dia a dia, algumas pessoas preferem guardar tudo para si, evitando desabafar, pedir ajuda ou expor o que sentem. Essa postura aparece em relacionamentos, no ambiente de trabalho e at\u00e9 dentro da pr\u00f3pria fam\u00edlia. A psicologia busca entender esse comportamento, suas origens e os impactos emocionais de quem escolhe o sil\u00eancio [&hellip;]<\/p>\n","protected":false},"author":15,"featured_media":202060,"comment_status":"open","ping_status":"open","sticky":false,"template":"","format":"standard","meta":{"jnews-multi-image_gallery":[],"jnews_single_post":{"format":"standard"},"jnews_primary_category":[],"jnews_social_meta":[],"jnews_override_counter":[],"footnotes":""},"categories":[8819],"tags":[711,5155,415],"class_list":["post-201274","post","type-post","status-publish","format-standard","has-post-thumbnail","hentry","category-curiosidades","tag-bem-estar","tag-psicologia","tag-saude"],"yoast_head":"<!-- This site is optimized with the Yoast SEO plugin v23.8 - https:\/\/yoast.com\/wordpress\/plugins\/seo\/ -->\n<title>Guardar tudo para si pode ter explica\u00e7\u00f5es emocionais que v\u00e3o al\u00e9m da personalidade - Estado de Minas - Em foco<\/title>\n<meta name=\"description\" content=\"Guardar tudo para si pode estar ligado a prote\u00e7\u00e3o emocional, medo de julgamento e h\u00e1bitos formados ao longo da vida que afetam o bem-estar.\" \/>\n<meta name=\"robots\" content=\"index, follow, max-snippet:-1, max-image-preview:large, max-video-preview:-1\" \/>\n<link rel=\"canonical\" href=\"https:\/\/www.em.com.br\/emfoco\/2026\/05\/01\/guardar-tudo-para-si-pode-ter-explicacoes-emocionais-que-vao-alem-da-personalidade\/\" \/>\n<meta property=\"og:locale\" content=\"pt_BR\" \/>\n<meta property=\"og:type\" content=\"article\" \/>\n<meta property=\"og:title\" content=\"Guardar tudo para si pode ter explica\u00e7\u00f5es emocionais que v\u00e3o al\u00e9m da personalidade - Estado de Minas - Em foco\" \/>\n<meta property=\"og:description\" content=\"Guardar tudo para si pode estar ligado a prote\u00e7\u00e3o emocional, medo de julgamento e h\u00e1bitos formados ao longo da vida que afetam o bem-estar.\" \/>\n<meta property=\"og:url\" content=\"https:\/\/www.em.com.br\/emfoco\/2026\/05\/01\/guardar-tudo-para-si-pode-ter-explicacoes-emocionais-que-vao-alem-da-personalidade\/\" \/>\n<meta property=\"og:site_name\" content=\"Estado de Minas - Em foco\" \/>\n<meta property=\"article:published_time\" content=\"2026-05-01T17:15:00+00:00\" \/>\n<meta property=\"article:modified_time\" content=\"2026-04-30T18:47:42+00:00\" \/>\n<meta property=\"og:image\" content=\"https:\/\/www.em.com.br\/emfoco\/wp-content\/uploads\/2026\/05\/EmFoco_04.jpg\" \/>\n\t<meta property=\"og:image:width\" content=\"1280\" \/>\n\t<meta property=\"og:image:height\" content=\"720\" \/>\n\t<meta property=\"og:image:type\" content=\"image\/jpeg\" \/>\n<meta name=\"author\" content=\"Douglas Myth\" \/>\n<meta name=\"twitter:card\" content=\"summary_large_image\" \/>\n<meta name=\"twitter:label1\" content=\"Escrito por\" \/>\n\t<meta name=\"twitter:data1\" content=\"Douglas Myth\" \/>\n\t<meta name=\"twitter:label2\" content=\"Est. tempo de leitura\" \/>\n\t<meta name=\"twitter:data2\" content=\"6 minutos\" \/>\n<!-- \/ Yoast SEO plugin. -->","yoast_head_json":{"title":"Guardar tudo para si pode ter explica\u00e7\u00f5es emocionais que v\u00e3o al\u00e9m da personalidade - Estado de Minas - Em foco","description":"Guardar tudo para si pode estar ligado a prote\u00e7\u00e3o emocional, medo de julgamento e h\u00e1bitos formados ao longo da vida que afetam o bem-estar.","robots":{"index":"index","follow":"follow","max-snippet":"max-snippet:-1","max-image-preview":"max-image-preview:large","max-video-preview":"max-video-preview:-1"},"canonical":"https:\/\/www.em.com.br\/emfoco\/2026\/05\/01\/guardar-tudo-para-si-pode-ter-explicacoes-emocionais-que-vao-alem-da-personalidade\/","og_locale":"pt_BR","og_type":"article","og_title":"Guardar tudo para si pode ter explica\u00e7\u00f5es emocionais que v\u00e3o al\u00e9m da personalidade - Estado de Minas - Em foco","og_description":"Guardar tudo para si pode estar ligado a prote\u00e7\u00e3o emocional, medo de julgamento e h\u00e1bitos formados ao longo da vida que afetam o bem-estar.","og_url":"https:\/\/www.em.com.br\/emfoco\/2026\/05\/01\/guardar-tudo-para-si-pode-ter-explicacoes-emocionais-que-vao-alem-da-personalidade\/","og_site_name":"Estado de Minas - Em foco","article_published_time":"2026-05-01T17:15:00+00:00","article_modified_time":"2026-04-30T18:47:42+00:00","og_image":[{"width":1280,"height":720,"url":"https:\/\/www.em.com.br\/emfoco\/wp-content\/uploads\/2026\/05\/EmFoco_04.jpg","type":"image\/jpeg"}],"author":"Douglas Myth","twitter_card":"summary_large_image","twitter_misc":{"Escrito por":"Douglas Myth","Est. tempo de leitura":"6 minutos"},"schema":{"@context":"https:\/\/schema.org","@graph":[{"@type":"WebPage","@id":"https:\/\/www.em.com.br\/emfoco\/2026\/05\/01\/guardar-tudo-para-si-pode-ter-explicacoes-emocionais-que-vao-alem-da-personalidade\/","url":"https:\/\/www.em.com.br\/emfoco\/2026\/05\/01\/guardar-tudo-para-si-pode-ter-explicacoes-emocionais-que-vao-alem-da-personalidade\/","name":"Guardar tudo para si pode ter explica\u00e7\u00f5es emocionais que v\u00e3o al\u00e9m da personalidade - Estado de Minas - Em foco","isPartOf":{"@id":"https:\/\/www.em.com.br\/emfoco\/#website"},"primaryImageOfPage":{"@id":"https:\/\/www.em.com.br\/emfoco\/2026\/05\/01\/guardar-tudo-para-si-pode-ter-explicacoes-emocionais-que-vao-alem-da-personalidade\/#primaryimage"},"image":{"@id":"https:\/\/www.em.com.br\/emfoco\/2026\/05\/01\/guardar-tudo-para-si-pode-ter-explicacoes-emocionais-que-vao-alem-da-personalidade\/#primaryimage"},"thumbnailUrl":"https:\/\/www.em.com.br\/emfoco\/wp-content\/uploads\/2026\/05\/EmFoco_04.jpg","datePublished":"2026-05-01T17:15:00+00:00","dateModified":"2026-04-30T18:47:42+00:00","author":{"@id":"https:\/\/www.em.com.br\/emfoco\/#\/schema\/person\/bba594b7eebe9b9885fec3a5c7837089"},"description":"Guardar tudo para si pode estar ligado a prote\u00e7\u00e3o emocional, medo de julgamento e h\u00e1bitos formados ao longo da vida que afetam o bem-estar.","breadcrumb":{"@id":"https:\/\/www.em.com.br\/emfoco\/2026\/05\/01\/guardar-tudo-para-si-pode-ter-explicacoes-emocionais-que-vao-alem-da-personalidade\/#breadcrumb"},"inLanguage":"pt-BR","potentialAction":[{"@type":"ReadAction","target":["https:\/\/www.em.com.br\/emfoco\/2026\/05\/01\/guardar-tudo-para-si-pode-ter-explicacoes-emocionais-que-vao-alem-da-personalidade\/"]}]},{"@type":"ImageObject","inLanguage":"pt-BR","@id":"https:\/\/www.em.com.br\/emfoco\/2026\/05\/01\/guardar-tudo-para-si-pode-ter-explicacoes-emocionais-que-vao-alem-da-personalidade\/#primaryimage","url":"https:\/\/www.em.com.br\/emfoco\/wp-content\/uploads\/2026\/05\/EmFoco_04.jpg","contentUrl":"https:\/\/www.em.com.br\/emfoco\/wp-content\/uploads\/2026\/05\/EmFoco_04.jpg","width":1280,"height":720,"caption":"Sil\u00eancio emocional cr\u00f4nico gera impactos f\u00edsicos e dificulta conex\u00f5es interpessoais aut\u00eanticas"},{"@type":"BreadcrumbList","@id":"https:\/\/www.em.com.br\/emfoco\/2026\/05\/01\/guardar-tudo-para-si-pode-ter-explicacoes-emocionais-que-vao-alem-da-personalidade\/#breadcrumb","itemListElement":[{"@type":"ListItem","position":1,"name":"In\u00edcio","item":"https:\/\/www.em.com.br\/emfoco\/"},{"@type":"ListItem","position":2,"name":"Guardar tudo para si pode ter explica\u00e7\u00f5es emocionais que v\u00e3o al\u00e9m da personalidade"}]},{"@type":"WebSite","@id":"https:\/\/www.em.com.br\/emfoco\/#website","url":"https:\/\/www.em.com.br\/emfoco\/","name":"Estado de Minas - Em foco","description":"Acompanhe as \u00faltimas not\u00edcias e fique bem informado sobre tudo o que acontece em Minas Gerais, Brasil e no mundo.","potentialAction":[{"@type":"SearchAction","target":{"@type":"EntryPoint","urlTemplate":"https:\/\/www.em.com.br\/emfoco\/?s={search_term_string}"},"query-input":{"@type":"PropertyValueSpecification","valueRequired":true,"valueName":"search_term_string"}}],"inLanguage":"pt-BR"},{"@type":"Person","@id":"https:\/\/www.em.com.br\/emfoco\/#\/schema\/person\/bba594b7eebe9b9885fec3a5c7837089","name":"Douglas Myth","image":{"@type":"ImageObject","inLanguage":"pt-BR","@id":"https:\/\/www.em.com.br\/emfoco\/#\/schema\/person\/image\/","url":"https:\/\/secure.gravatar.com\/avatar\/1ac3cf50d0e68642c697dc0c960c802f?s=96&d=mm&r=g","contentUrl":"https:\/\/secure.gravatar.com\/avatar\/1ac3cf50d0e68642c697dc0c960c802f?s=96&d=mm&r=g","caption":"Douglas Myth"},"url":"https:\/\/www.em.com.br\/emfoco\/author\/douglasmyth\/"}]}},"_links":{"self":[{"href":"https:\/\/www.em.com.br\/emfoco\/wp-json\/wp\/v2\/posts\/201274","targetHints":{"allow":["GET"]}}],"collection":[{"href":"https:\/\/www.em.com.br\/emfoco\/wp-json\/wp\/v2\/posts"}],"about":[{"href":"https:\/\/www.em.com.br\/emfoco\/wp-json\/wp\/v2\/types\/post"}],"author":[{"embeddable":true,"href":"https:\/\/www.em.com.br\/emfoco\/wp-json\/wp\/v2\/users\/15"}],"replies":[{"embeddable":true,"href":"https:\/\/www.em.com.br\/emfoco\/wp-json\/wp\/v2\/comments?post=201274"}],"version-history":[{"count":2,"href":"https:\/\/www.em.com.br\/emfoco\/wp-json\/wp\/v2\/posts\/201274\/revisions"}],"predecessor-version":[{"id":201277,"href":"https:\/\/www.em.com.br\/emfoco\/wp-json\/wp\/v2\/posts\/201274\/revisions\/201277"}],"wp:featuredmedia":[{"embeddable":true,"href":"https:\/\/www.em.com.br\/emfoco\/wp-json\/wp\/v2\/media\/202060"}],"wp:attachment":[{"href":"https:\/\/www.em.com.br\/emfoco\/wp-json\/wp\/v2\/media?parent=201274"}],"wp:term":[{"taxonomy":"category","embeddable":true,"href":"https:\/\/www.em.com.br\/emfoco\/wp-json\/wp\/v2\/categories?post=201274"},{"taxonomy":"post_tag","embeddable":true,"href":"https:\/\/www.em.com.br\/emfoco\/wp-json\/wp\/v2\/tags?post=201274"}],"curies":[{"name":"wp","href":"https:\/\/api.w.org\/{rel}","templated":true}]}}