{"id":201267,"date":"2026-05-01T20:35:00","date_gmt":"2026-05-01T23:35:00","guid":{"rendered":"https:\/\/www.em.com.br\/emfoco\/?p=201267"},"modified":"2026-04-30T15:48:14","modified_gmt":"2026-04-30T18:48:14","slug":"a-maior-caverna-do-mundo-fica-no-vietna-e-esconde-floresta-rio-e-nuvens-internas","status":"publish","type":"post","link":"https:\/\/www.em.com.br\/emfoco\/2026\/05\/01\/a-maior-caverna-do-mundo-fica-no-vietna-e-esconde-floresta-rio-e-nuvens-internas\/","title":{"rendered":"A maior caverna do mundo fica no Vietn\u00e3 e esconde floresta, rio e nuvens internas"},"content":{"rendered":"\n<p>Escondida entre montanhas calc\u00e1rias e floresta tropical no centro do Vietn\u00e3, a maior <strong>caverna<\/strong> do mundo chama a aten\u00e7\u00e3o pela combina\u00e7\u00e3o de dimens\u00f5es extraordin\u00e1rias e ambiente interno singular. Localizada no Parque Nacional Phong Nha\u2013K\u1ebb B\u00e0ng, pr\u00f3ximo \u00e0 fronteira com o Laos, a forma\u00e7\u00e3o impressiona n\u00e3o apenas pelo tamanho, mas tamb\u00e9m por abrigar um rio subterr\u00e2neo, \u00e1reas de vegeta\u00e7\u00e3o densa e um <strong>microclima<\/strong> pr\u00f3prio que inclui n\u00e9voa e nuvens internas.<\/p>\n\n\n\n<h2 class=\"wp-block-heading\">O que \u00e9 a caverna S\u01a1n \u0110o\u00f2ng e onde ela fica?<\/h2>\n\n\n\n<p>A maior caverna do mundo em volume \u00e9 S\u01a1n \u0110o\u00f2ng, localizada no Parque Nacional <strong>Phong Nha\u2013K\u1ebb B\u00e0ng<\/strong>, no centro do Vietn\u00e3, perto da fronteira com o Laos. Escondida por muito tempo em meio \u00e0 mata fechada, sua origem <a href=\"https:\/\/www.em.com.br\/emfoco\/2026\/04\/28\/saiba-identificar-rapido-problemas-no-rim-e-proteger-seus-rins-antes-que-os-sinais-se-agravem\/\" target=\"_blank\" rel=\"noreferrer noopener\">geol\u00f3gica <\/a>remonta a milh\u00f5es de anos de eros\u00e3o em rochas calc\u00e1rias.<\/p>\n\n\n\n<p>A primeira entrada humana registrada ocorreu em 1990, quando o morador local H\u1ed3 Khanh encontrou a boca da caverna. Em 2009, uma expedi\u00e7\u00e3o de <strong>espele\u00f3logos<\/strong> brit\u00e2nicos e vietnamitas mediu com precis\u00e3o o sistema e confirmou que se tratava da maior caverna do mundo em volume interno conhecido.<\/p>\n\n\n\n<figure class=\"wp-block-image size-large\"><img loading=\"lazy\" decoding=\"async\" width=\"1024\" height=\"576\" src=\"https:\/\/www.em.com.br\/emfoco\/wp-content\/uploads\/2026\/05\/Texto-do-seu-paragrafo-2026-04-29T102704.404-1024x576.jpg\" alt=\"A maior caverna do mundo fica no Vietn\u00e3 e esconde floresta, rio e nuvens internas\" class=\"wp-image-201272\" srcset=\"https:\/\/www.em.com.br\/emfoco\/wp-content\/uploads\/2026\/05\/Texto-do-seu-paragrafo-2026-04-29T102704.404-1024x576.jpg 1024w, https:\/\/www.em.com.br\/emfoco\/wp-content\/uploads\/2026\/05\/Texto-do-seu-paragrafo-2026-04-29T102704.404-300x169.jpg 300w, https:\/\/www.em.com.br\/emfoco\/wp-content\/uploads\/2026\/05\/Texto-do-seu-paragrafo-2026-04-29T102704.404-768x432.jpg 768w, https:\/\/www.em.com.br\/emfoco\/wp-content\/uploads\/2026\/05\/Texto-do-seu-paragrafo-2026-04-29T102704.404-750x422.jpg 750w, https:\/\/www.em.com.br\/emfoco\/wp-content\/uploads\/2026\/05\/Texto-do-seu-paragrafo-2026-04-29T102704.404-1140x641.jpg 1140w, https:\/\/www.em.com.br\/emfoco\/wp-content\/uploads\/2026\/05\/Texto-do-seu-paragrafo-2026-04-29T102704.404.jpg 1280w\" sizes=\"auto, (max-width: 1024px) 100vw, 1024px\" \/><figcaption class=\"wp-element-caption\">S\u01a1n \u0110o\u00f2ng impressiona como a maior caverna do mundo com floresta tropical escondida<\/figcaption><\/figure>\n\n\n\n<h2 class=\"wp-block-heading\">Por que S\u01a1n \u0110o\u00f2ng \u00e9 considerada a maior caverna do mundo?<\/h2>\n\n\n\n<p>A express\u00e3o \u201cmaior caverna do mundo\u201d pode se referir a extens\u00e3o, \u00e1rea de passagem ou volume. No caso de S\u01a1n \u0110o\u00f2ng, o destaque est\u00e1 no <strong>volume<\/strong> impressionante de cerca de 38,5 milh\u00f5es de metros c\u00fabicos, distribu\u00eddos em passagens com mais de 9 quil\u00f4metros de comprimento j\u00e1 mapeados.<\/p>\n\n\n\n<p>Em alguns trechos, o teto ultrapassa 200 metros de altura, espa\u00e7o suficiente para acomodar um pr\u00e9dio de 40 andares ou grandes aeronaves. <strong>Estalagmites<\/strong> pr\u00f3ximas de 80 metros, sal\u00f5es amplos e paredes de rocha escura criam uma verdadeira \u201cpaisagem subterr\u00e2nea\u201d, frequentemente registrada em document\u00e1rios e produ\u00e7\u00f5es sobre turismo de natureza e aventura.<\/p>\n\n\n\n<h2 class=\"wp-block-heading\">Como \u00e9 o ecossistema e o microclima dentro de S\u01a1n \u0110o\u00f2ng?<\/h2>\n\n\n\n<p>Uma das caracter\u00edsticas mais marcantes da maior caverna do mundo \u00e9 a presen\u00e7a de grandes dolinas, colapsos no teto que abriram claraboias naturais. Por essas aberturas entram luz solar, chuva e ar \u00famido, permitindo o <a href=\"https:\/\/www.em.com.br\/emfoco\/2026\/04\/28\/cada-ambiente-da-casa-favorece-um-tipo-de-planta-e-entender-isso-evita-muitos-erros-comuns\/\" target=\"_blank\" rel=\"noreferrer noopener\">desenvolvimento <\/a>de uma <strong>floresta<\/strong> interna sobre sedimentos acumulados, com \u00e1rvores, samambaias, musgos e outras plantas t\u00edpicas de floresta tropical.<\/p>\n\n\n\n<p>O microclima tamb\u00e9m se destaca pela diferen\u00e7a de temperatura entre interior e exterior, somada \u00e0 alta umidade, que favorece a forma\u00e7\u00e3o de n\u00e9voa e nuvens baixas. Esse cen\u00e1rio criou um ecossistema particular, com esp\u00e9cies de invertebrados, peixes, morcegos e outros animais adaptados \u00e0 altern\u00e2ncia entre escurid\u00e3o total e \u00e1reas banhadas por luz natural.<\/p>\n\n\n\n<ul class=\"wp-block-list\">\n<li><strong>Floresta interna:<\/strong> vegeta\u00e7\u00e3o densa e variada sob claraboias naturais.<\/li>\n\n\n\n<li><strong>Rio subterr\u00e2neo:<\/strong> curso d\u2019\u00e1gua que atravessa a caverna, influenciando temperatura e umidade.<\/li>\n\n\n\n<li><strong>Nuvens e n\u00e9voa:<\/strong> resultado do encontro entre ar quente externo e ar mais frio interno.<\/li>\n\n\n\n<li><strong>Fauna adaptada:<\/strong> animais que vivem entre escurid\u00e3o total e \u00e1reas de penumbra.<\/li>\n<\/ul>\n\n\n\n<p>Conte\u00fado do canal <strong>Document\u00e1rios Ruhi \u00c7enet<\/strong>, com mais de 18 milh\u00f5es de inscritos e cerca de 69 mil de visualiza\u00e7\u00f5es:<\/p>\n\n\n\n<figure class=\"wp-block-embed is-type-video is-provider-youtube wp-block-embed-youtube wp-embed-aspect-16-9 wp-has-aspect-ratio\"><div class=\"wp-block-embed__wrapper\">\n<div class=\"jeg_video_container jeg_video_content\"><iframe loading=\"lazy\" title=\"The World&#039;s Largest Cave: It Has a Forest, a River, and Clouds Inside\" width=\"500\" height=\"281\" src=\"https:\/\/www.youtube.com\/embed\/87Jor5G_NBs?start=6&#038;feature=oembed\" frameborder=\"0\" allow=\"accelerometer; autoplay; clipboard-write; encrypted-media; gyroscope; picture-in-picture; web-share\" referrerpolicy=\"strict-origin-when-cross-origin\" allowfullscreen><\/iframe><\/div>\n<\/div><\/figure>\n\n\n\n<h2 class=\"wp-block-heading\">Por que o acesso \u00e0 caverna S\u01a1n \u0110o\u00f2ng \u00e9 t\u00e3o restrito?<\/h2>\n\n\n\n<p>Ap\u00f3s a divulga\u00e7\u00e3o do potencial tur\u00edstico de S\u01a1n \u0110o\u00f2ng, autoridades vietnamitas e pesquisadores passaram a discutir como permitir visitas sem comprometer o ambiente. Por ser a maior caverna do mundo em volume e abrigar um ecossistema extremamente sens\u00edvel, o parque nacional adotou um modelo de acesso rigorosamente <strong>controlado<\/strong>.<\/p>\n\n\n\n<p>Apenas grupos autorizados, acompanhados por guias especializados e equipe de apoio, podem entrar na cavidade em roteiros pr\u00e9-definidos. O n\u00famero de visitantes por ano \u00e9 limitado, h\u00e1 exig\u00eancia de equipamentos adequados e regras de conduta r\u00edgidas, como n\u00e3o retirar nada do interior, n\u00e3o deixar res\u00edduos e seguir trilhas planejadas para evitar \u00e1reas mais fr\u00e1geis do sistema <strong>subterr\u00e2neo<\/strong>.<\/p>\n\n\n\n<ol class=\"wp-block-list\">\n<li>Monitoramento constante do <strong>impacto<\/strong> das visitas.<\/li>\n\n\n\n<li>Treinamento de moradores para atuar como guias e equipe de apoio.<\/li>\n\n\n\n<li>Planejamento de rotas que evitem \u00e1reas mais sens\u00edveis.<\/li>\n\n\n\n<li>Limita\u00e7\u00e3o de grupos e per\u00edodos de visita\u00e7\u00e3o ao longo do ano.<\/li>\n<\/ol>\n\n\n\n<h2 class=\"wp-block-heading\">Qual a import\u00e2ncia de S\u01a1n \u0110o\u00f2ng para a ci\u00eancia e para o Vietn\u00e3?<\/h2>\n\n\n\n<p>Al\u00e9m do apelo tur\u00edstico, S\u01a1n \u0110o\u00f2ng funciona como um <strong>laborat\u00f3rio<\/strong> natural para geologia, biologia e climatologia. Sua estrutura permite estudar em grande escala a forma\u00e7\u00e3o de cavernas de calc\u00e1rio, a din\u00e2mica da \u00e1gua subterr\u00e2nea e a evolu\u00e7\u00e3o de <a href=\"https:\/\/www.gov.br\/icmbio\/pt-br\/assuntos\/centros-de-pesquisa\/cavernas\/publicacoes\/cartilha_protegendo_as_cavernas_do_brasil.pdf\" target=\"_blank\" rel=\"noreferrer noopener\">ecossistemas <\/a>em ambientes extremos, onde j\u00e1 foram registradas esp\u00e9cies novas para a ci\u00eancia.<\/p>\n\n\n\n<p>Para o Vietn\u00e3, o sistema de cavernas do Parque Nacional Phong Nha\u2013K\u1ebb B\u00e0ng, com S\u01a1n \u0110o\u00f2ng em destaque, representa um patrim\u00f4nio natural estrat\u00e9gico reconhecido como <strong>Patrim\u00f4nio Mundial<\/strong> pela UNESCO. A regi\u00e3o ganhou for\u00e7a em roteiros de turismo de natureza a partir da d\u00e9cada de 2010, impulsionando a economia local com hospedagem, servi\u00e7os e capacita\u00e7\u00e3o de guias, sempre dentro de um modelo de visita\u00e7\u00e3o limitada e de conserva\u00e7\u00e3o ambiental.<\/p>\n","protected":false},"excerpt":{"rendered":"<p>Escondida entre montanhas calc\u00e1rias e floresta tropical no centro do Vietn\u00e3, a maior caverna do mundo chama a aten\u00e7\u00e3o pela combina\u00e7\u00e3o de dimens\u00f5es extraordin\u00e1rias e ambiente interno singular. Localizada no Parque Nacional Phong Nha\u2013K\u1ebb B\u00e0ng, pr\u00f3ximo \u00e0 fronteira com o Laos, a forma\u00e7\u00e3o impressiona n\u00e3o apenas pelo tamanho, mas tamb\u00e9m por abrigar um rio subterr\u00e2neo, [&hellip;]<\/p>\n","protected":false},"author":15,"featured_media":202056,"comment_status":"open","ping_status":"open","sticky":false,"template":"","format":"standard","meta":{"jnews-multi-image_gallery":[],"jnews_single_post":{"format":"standard"},"jnews_primary_category":[],"jnews_social_meta":[],"jnews_override_counter":[],"footnotes":""},"categories":[8819],"tags":[28153,157],"class_list":["post-201267","post","type-post","status-publish","format-standard","has-post-thumbnail","hentry","category-curiosidades","tag-caverna","tag-turismo"],"yoast_head":"<!-- This site is optimized with the Yoast SEO plugin v23.8 - https:\/\/yoast.com\/wordpress\/plugins\/seo\/ -->\n<title>A maior caverna do mundo fica no Vietn\u00e3 e esconde floresta, rio e nuvens internas - Estado de Minas - Em foco<\/title>\n<meta name=\"description\" content=\"S\u01a1n \u0110o\u00f2ng, a maior caverna do mundo por volume, esconde floresta, rio subterr\u00e2neo e nuvens internas em um cen\u00e1rio raro no Vietn\u00e3.\" \/>\n<meta name=\"robots\" content=\"index, follow, max-snippet:-1, max-image-preview:large, max-video-preview:-1\" \/>\n<link rel=\"canonical\" href=\"https:\/\/www.em.com.br\/emfoco\/2026\/05\/01\/a-maior-caverna-do-mundo-fica-no-vietna-e-esconde-floresta-rio-e-nuvens-internas\/\" \/>\n<meta property=\"og:locale\" content=\"pt_BR\" \/>\n<meta property=\"og:type\" content=\"article\" \/>\n<meta property=\"og:title\" content=\"A maior caverna do mundo fica no Vietn\u00e3 e esconde floresta, rio e nuvens internas - Estado de Minas - Em foco\" \/>\n<meta property=\"og:description\" content=\"S\u01a1n \u0110o\u00f2ng, a maior caverna do mundo por volume, esconde floresta, rio subterr\u00e2neo e nuvens internas em um cen\u00e1rio raro no Vietn\u00e3.\" \/>\n<meta property=\"og:url\" content=\"https:\/\/www.em.com.br\/emfoco\/2026\/05\/01\/a-maior-caverna-do-mundo-fica-no-vietna-e-esconde-floresta-rio-e-nuvens-internas\/\" \/>\n<meta property=\"og:site_name\" content=\"Estado de Minas - Em foco\" \/>\n<meta property=\"article:published_time\" content=\"2026-05-01T23:35:00+00:00\" \/>\n<meta property=\"article:modified_time\" content=\"2026-04-30T18:48:14+00:00\" \/>\n<meta property=\"og:image\" content=\"https:\/\/www.em.com.br\/emfoco\/wp-content\/uploads\/2026\/05\/EmFoco_08.jpg\" \/>\n\t<meta property=\"og:image:width\" content=\"1280\" \/>\n\t<meta property=\"og:image:height\" content=\"720\" \/>\n\t<meta property=\"og:image:type\" content=\"image\/jpeg\" \/>\n<meta name=\"author\" content=\"Douglas Myth\" \/>\n<meta name=\"twitter:card\" content=\"summary_large_image\" \/>\n<meta name=\"twitter:label1\" content=\"Escrito por\" \/>\n\t<meta name=\"twitter:data1\" content=\"Douglas Myth\" \/>\n\t<meta name=\"twitter:label2\" content=\"Est. tempo de leitura\" \/>\n\t<meta name=\"twitter:data2\" content=\"5 minutos\" \/>\n<!-- \/ Yoast SEO plugin. -->","yoast_head_json":{"title":"A maior caverna do mundo fica no Vietn\u00e3 e esconde floresta, rio e nuvens internas - Estado de Minas - Em foco","description":"S\u01a1n \u0110o\u00f2ng, a maior caverna do mundo por volume, esconde floresta, rio subterr\u00e2neo e nuvens internas em um cen\u00e1rio raro no Vietn\u00e3.","robots":{"index":"index","follow":"follow","max-snippet":"max-snippet:-1","max-image-preview":"max-image-preview:large","max-video-preview":"max-video-preview:-1"},"canonical":"https:\/\/www.em.com.br\/emfoco\/2026\/05\/01\/a-maior-caverna-do-mundo-fica-no-vietna-e-esconde-floresta-rio-e-nuvens-internas\/","og_locale":"pt_BR","og_type":"article","og_title":"A maior caverna do mundo fica no Vietn\u00e3 e esconde floresta, rio e nuvens internas - Estado de Minas - Em foco","og_description":"S\u01a1n \u0110o\u00f2ng, a maior caverna do mundo por volume, esconde floresta, rio subterr\u00e2neo e nuvens internas em um cen\u00e1rio raro no Vietn\u00e3.","og_url":"https:\/\/www.em.com.br\/emfoco\/2026\/05\/01\/a-maior-caverna-do-mundo-fica-no-vietna-e-esconde-floresta-rio-e-nuvens-internas\/","og_site_name":"Estado de Minas - Em foco","article_published_time":"2026-05-01T23:35:00+00:00","article_modified_time":"2026-04-30T18:48:14+00:00","og_image":[{"width":1280,"height":720,"url":"https:\/\/www.em.com.br\/emfoco\/wp-content\/uploads\/2026\/05\/EmFoco_08.jpg","type":"image\/jpeg"}],"author":"Douglas Myth","twitter_card":"summary_large_image","twitter_misc":{"Escrito por":"Douglas Myth","Est. tempo de leitura":"5 minutos"},"schema":{"@context":"https:\/\/schema.org","@graph":[{"@type":"WebPage","@id":"https:\/\/www.em.com.br\/emfoco\/2026\/05\/01\/a-maior-caverna-do-mundo-fica-no-vietna-e-esconde-floresta-rio-e-nuvens-internas\/","url":"https:\/\/www.em.com.br\/emfoco\/2026\/05\/01\/a-maior-caverna-do-mundo-fica-no-vietna-e-esconde-floresta-rio-e-nuvens-internas\/","name":"A maior caverna do mundo fica no Vietn\u00e3 e esconde floresta, rio e nuvens internas - Estado de Minas - Em foco","isPartOf":{"@id":"https:\/\/www.em.com.br\/emfoco\/#website"},"primaryImageOfPage":{"@id":"https:\/\/www.em.com.br\/emfoco\/2026\/05\/01\/a-maior-caverna-do-mundo-fica-no-vietna-e-esconde-floresta-rio-e-nuvens-internas\/#primaryimage"},"image":{"@id":"https:\/\/www.em.com.br\/emfoco\/2026\/05\/01\/a-maior-caverna-do-mundo-fica-no-vietna-e-esconde-floresta-rio-e-nuvens-internas\/#primaryimage"},"thumbnailUrl":"https:\/\/www.em.com.br\/emfoco\/wp-content\/uploads\/2026\/05\/EmFoco_08.jpg","datePublished":"2026-05-01T23:35:00+00:00","dateModified":"2026-04-30T18:48:14+00:00","author":{"@id":"https:\/\/www.em.com.br\/emfoco\/#\/schema\/person\/bba594b7eebe9b9885fec3a5c7837089"},"description":"S\u01a1n \u0110o\u00f2ng, a maior caverna do mundo por volume, esconde floresta, rio subterr\u00e2neo e nuvens internas em um cen\u00e1rio raro no Vietn\u00e3.","breadcrumb":{"@id":"https:\/\/www.em.com.br\/emfoco\/2026\/05\/01\/a-maior-caverna-do-mundo-fica-no-vietna-e-esconde-floresta-rio-e-nuvens-internas\/#breadcrumb"},"inLanguage":"pt-BR","potentialAction":[{"@type":"ReadAction","target":["https:\/\/www.em.com.br\/emfoco\/2026\/05\/01\/a-maior-caverna-do-mundo-fica-no-vietna-e-esconde-floresta-rio-e-nuvens-internas\/"]}]},{"@type":"ImageObject","inLanguage":"pt-BR","@id":"https:\/\/www.em.com.br\/emfoco\/2026\/05\/01\/a-maior-caverna-do-mundo-fica-no-vietna-e-esconde-floresta-rio-e-nuvens-internas\/#primaryimage","url":"https:\/\/www.em.com.br\/emfoco\/wp-content\/uploads\/2026\/05\/EmFoco_08.jpg","contentUrl":"https:\/\/www.em.com.br\/emfoco\/wp-content\/uploads\/2026\/05\/EmFoco_08.jpg","width":1280,"height":720,"caption":"Maior caverna do mundo abriga ecossistema \u00fanico com floresta e microclima"},{"@type":"BreadcrumbList","@id":"https:\/\/www.em.com.br\/emfoco\/2026\/05\/01\/a-maior-caverna-do-mundo-fica-no-vietna-e-esconde-floresta-rio-e-nuvens-internas\/#breadcrumb","itemListElement":[{"@type":"ListItem","position":1,"name":"In\u00edcio","item":"https:\/\/www.em.com.br\/emfoco\/"},{"@type":"ListItem","position":2,"name":"A maior caverna do mundo fica no Vietn\u00e3 e esconde floresta, rio e nuvens internas"}]},{"@type":"WebSite","@id":"https:\/\/www.em.com.br\/emfoco\/#website","url":"https:\/\/www.em.com.br\/emfoco\/","name":"Estado de Minas - Em foco","description":"Acompanhe as \u00faltimas not\u00edcias e fique bem informado sobre tudo o que acontece em Minas Gerais, Brasil e no mundo.","potentialAction":[{"@type":"SearchAction","target":{"@type":"EntryPoint","urlTemplate":"https:\/\/www.em.com.br\/emfoco\/?s={search_term_string}"},"query-input":{"@type":"PropertyValueSpecification","valueRequired":true,"valueName":"search_term_string"}}],"inLanguage":"pt-BR"},{"@type":"Person","@id":"https:\/\/www.em.com.br\/emfoco\/#\/schema\/person\/bba594b7eebe9b9885fec3a5c7837089","name":"Douglas Myth","image":{"@type":"ImageObject","inLanguage":"pt-BR","@id":"https:\/\/www.em.com.br\/emfoco\/#\/schema\/person\/image\/","url":"https:\/\/secure.gravatar.com\/avatar\/1ac3cf50d0e68642c697dc0c960c802f?s=96&d=mm&r=g","contentUrl":"https:\/\/secure.gravatar.com\/avatar\/1ac3cf50d0e68642c697dc0c960c802f?s=96&d=mm&r=g","caption":"Douglas Myth"},"url":"https:\/\/www.em.com.br\/emfoco\/author\/douglasmyth\/"}]}},"_links":{"self":[{"href":"https:\/\/www.em.com.br\/emfoco\/wp-json\/wp\/v2\/posts\/201267","targetHints":{"allow":["GET"]}}],"collection":[{"href":"https:\/\/www.em.com.br\/emfoco\/wp-json\/wp\/v2\/posts"}],"about":[{"href":"https:\/\/www.em.com.br\/emfoco\/wp-json\/wp\/v2\/types\/post"}],"author":[{"embeddable":true,"href":"https:\/\/www.em.com.br\/emfoco\/wp-json\/wp\/v2\/users\/15"}],"replies":[{"embeddable":true,"href":"https:\/\/www.em.com.br\/emfoco\/wp-json\/wp\/v2\/comments?post=201267"}],"version-history":[{"count":2,"href":"https:\/\/www.em.com.br\/emfoco\/wp-json\/wp\/v2\/posts\/201267\/revisions"}],"predecessor-version":[{"id":201273,"href":"https:\/\/www.em.com.br\/emfoco\/wp-json\/wp\/v2\/posts\/201267\/revisions\/201273"}],"wp:featuredmedia":[{"embeddable":true,"href":"https:\/\/www.em.com.br\/emfoco\/wp-json\/wp\/v2\/media\/202056"}],"wp:attachment":[{"href":"https:\/\/www.em.com.br\/emfoco\/wp-json\/wp\/v2\/media?parent=201267"}],"wp:term":[{"taxonomy":"category","embeddable":true,"href":"https:\/\/www.em.com.br\/emfoco\/wp-json\/wp\/v2\/categories?post=201267"},{"taxonomy":"post_tag","embeddable":true,"href":"https:\/\/www.em.com.br\/emfoco\/wp-json\/wp\/v2\/tags?post=201267"}],"curies":[{"name":"wp","href":"https:\/\/api.w.org\/{rel}","templated":true}]}}