{"id":201262,"date":"2026-05-01T19:05:00","date_gmt":"2026-05-01T22:05:00","guid":{"rendered":"https:\/\/www.em.com.br\/emfoco\/?p=201262"},"modified":"2026-04-30T15:48:05","modified_gmt":"2026-04-30T18:48:05","slug":"habitos-que-fortalecem-o-cerebro-e-ajudam-a-preservar-a-memoria-ao-longo-dos-anos","status":"publish","type":"post","link":"https:\/\/www.em.com.br\/emfoco\/2026\/05\/01\/habitos-que-fortalecem-o-cerebro-e-ajudam-a-preservar-a-memoria-ao-longo-dos-anos\/","title":{"rendered":"H\u00e1bitos que fortalecem o c\u00e9rebro e ajudam a preservar a mem\u00f3ria ao longo dos anos"},"content":{"rendered":"\n<p>A preocupa\u00e7\u00e3o em <strong>evitar dem\u00eancia<\/strong> e preservar a <strong>mem\u00f3ria<\/strong> deixou de ser um tema restrito a especialistas. Cada vez mais pessoas percebem que pequenos esquecimentos podem gerar d\u00favidas sobre o futuro cognitivo, sobretudo quando h\u00e1 casos de Alzheimer na fam\u00edlia. Em vez de esperar por sinais mais graves, cresce o interesse por atitudes simples que ajudem a manter o c\u00e9rebro funcional, ativo e protegido ao longo dos anos.<\/p>\n\n\n\n<h2 class=\"wp-block-heading\">O que significa evitar dem\u00eancia na pr\u00e1tica?<\/h2>\n\n\n\n<p>Quando se fala em <strong>evitar dem\u00eancia<\/strong>, n\u00e3o se trata de uma prote\u00e7\u00e3o absoluta, e sim de reduzir riscos e atrasar ao m\u00e1ximo o aparecimento de sintomas. A ideia \u00e9 criar uma \u201cmargem de seguran\u00e7a\u201d para o c\u00e9rebro, aumentando sua capacidade de lidar com perdas naturais do envelhecimento e poss\u00edveis les\u00f5es ao longo da vida.<\/p>\n\n\n\n<p>Pesquisadores utilizam o conceito de <em>reserva cognitiva<\/em> para explicar essa prote\u00e7\u00e3o: quanto mais o c\u00e9rebro \u00e9 desafiado, nutrido e bem irrigado, maior sua resist\u00eancia. Essa reserva se forma aos poucos, com estudos, <a href=\"https:\/\/www.em.com.br\/emfoco\/2026\/04\/28\/saiba-identificar-rapido-problemas-no-rim-e-proteger-seus-rins-antes-que-os-sinais-se-agravem\/\" target=\"_blank\" rel=\"noreferrer noopener\">experi\u00eancias <\/a>variadas, contato social e controle de doen\u00e7as como diabetes, hipertens\u00e3o e colesterol, o que contribui para a <strong>preven\u00e7\u00e3o<\/strong> do Alzheimer e de outras doen\u00e7as degenerativas.<\/p>\n\n\n\n<figure class=\"wp-block-image size-large\"><img loading=\"lazy\" decoding=\"async\" width=\"1024\" height=\"576\" src=\"https:\/\/www.em.com.br\/emfoco\/wp-content\/uploads\/2026\/05\/Texto-do-seu-paragrafo-2026-04-29T101338.602-1024x576.jpg\" alt=\"H\u00e1bitos que fortalecem o c\u00e9rebro e ajudam a preservar a mem\u00f3ria ao longo dos anos\" class=\"wp-image-201265\" srcset=\"https:\/\/www.em.com.br\/emfoco\/wp-content\/uploads\/2026\/05\/Texto-do-seu-paragrafo-2026-04-29T101338.602-1024x576.jpg 1024w, https:\/\/www.em.com.br\/emfoco\/wp-content\/uploads\/2026\/05\/Texto-do-seu-paragrafo-2026-04-29T101338.602-300x169.jpg 300w, https:\/\/www.em.com.br\/emfoco\/wp-content\/uploads\/2026\/05\/Texto-do-seu-paragrafo-2026-04-29T101338.602-768x432.jpg 768w, https:\/\/www.em.com.br\/emfoco\/wp-content\/uploads\/2026\/05\/Texto-do-seu-paragrafo-2026-04-29T101338.602-750x422.jpg 750w, https:\/\/www.em.com.br\/emfoco\/wp-content\/uploads\/2026\/05\/Texto-do-seu-paragrafo-2026-04-29T101338.602-1140x641.jpg 1140w, https:\/\/www.em.com.br\/emfoco\/wp-content\/uploads\/2026\/05\/Texto-do-seu-paragrafo-2026-04-29T101338.602.jpg 1280w\" sizes=\"auto, (max-width: 1024px) 100vw, 1024px\" \/><figcaption class=\"wp-element-caption\">Sono, alimenta\u00e7\u00e3o, est\u00edmulo mental e vida social ajudam a proteger o c\u00e9rebro com o tempo<\/figcaption><\/figure>\n\n\n\n<h2 class=\"wp-block-heading\">Como o estilo de vida influencia a sa\u00fade do c\u00e9rebro?<\/h2>\n\n\n\n<p>As publica\u00e7\u00f5es cient\u00edficas at\u00e9 2026 indicam que a forma como algu\u00e9m vive hoje interfere diretamente na chance de manter uma boa <strong>sa\u00fade do c\u00e9rebro<\/strong> no futuro. Fatores como press\u00e3o arterial, n\u00edvel de a\u00e7\u00facar no sangue, sono, alimenta\u00e7\u00e3o, rotina de exerc\u00edcios e vida social comp\u00f5em um cen\u00e1rio que pode favorecer ou dificultar o desempenho mental.<\/p>\n\n\n\n<p>A gen\u00e9tica tem seu peso, mas o <strong>estilo de vida<\/strong> ajuda a definir como esse potencial ser\u00e1 aproveitado ao longo dos anos. Mesmo quem tem hist\u00f3rico familiar de dem\u00eancia pode, com h\u00e1bitos consistentes, ampliar a reserva cognitiva, melhorar a mem\u00f3ria e preservar a autonomia nas tarefas di\u00e1rias.<\/p>\n\n\n\n<h2 class=\"wp-block-heading\">Quais h\u00e1bitos di\u00e1rios ajudam a melhorar a mem\u00f3ria?<\/h2>\n\n\n\n<p>Especialistas em envelhecimento e neurologia costumam apontar um conjunto de <a href=\"https:\/\/www.em.com.br\/emfoco\/2026\/04\/28\/cada-ambiente-da-casa-favorece-um-tipo-de-planta-e-entender-isso-evita-muitos-erros-comuns\/\" target=\"_blank\" rel=\"noreferrer noopener\">h\u00e1bitos <\/a>que, combinados, favorecem a mem\u00f3ria e o racioc\u00ednio. Essas atitudes funcionam melhor quando incorporadas de forma progressiva, sem metas extremas, com ajustes pequenos mantidos por meses.<\/p>\n\n\n\n<ul class=\"wp-block-list\">\n<li><strong>Movimento<\/strong> regular do corpo: caminhadas, aulas de dan\u00e7a, muscula\u00e7\u00e3o leve ou bicicleta estimulam circula\u00e7\u00e3o e levam oxig\u00eanio ao c\u00e9rebro.<\/li>\n\n\n\n<li>Desafios cognitivos constantes: leitura variada, cursos curtos, jogos de tabuleiro, palavras cruzadas e novas habilidades mant\u00eam o c\u00e9rebro <strong>ativo<\/strong>.<\/li>\n\n\n\n<li>Intera\u00e7\u00e3o social frequente: conversas presenciais, grupos, visitas a familiares e amigos exigem aten\u00e7\u00e3o, mem\u00f3ria e interpreta\u00e7\u00e3o de <strong>emo\u00e7\u00f5es<\/strong>.<\/li>\n\n\n\n<li>Rotina de sono organizada: hor\u00e1rios semelhantes para dormir e acordar, ambiente escuro e silencioso favorecem a <strong>consolida\u00e7\u00e3o<\/strong> de lembran\u00e7as.<\/li>\n\n\n\n<li>Alimenta\u00e7\u00e3o planejada: frutas, legumes, verduras, gr\u00e3os integrais, peixes e azeite, com menos ultraprocessados, colaboram com a <strong>sa\u00fade do c\u00e9rebro<\/strong>.<\/li>\n<\/ul>\n\n\n\n<p>Conte\u00fado do canal <strong>Dr. Antonio Cascelli<\/strong>, com mais de 1.1 milh\u00f5es de inscritos e cerca de 1.5 mil de visualiza\u00e7\u00f5es:<\/p>\n\n\n\n<figure class=\"wp-block-embed is-type-video is-provider-youtube wp-block-embed-youtube wp-embed-aspect-16-9 wp-has-aspect-ratio\"><div class=\"wp-block-embed__wrapper\">\n<div class=\"jeg_video_container jeg_video_content\"><iframe loading=\"lazy\" title=\"12 H\u00e1bitos Pr\u00e1ticos para Evitar a Dem\u00eancia e Melhorar a Mem\u00f3ria Hoje\" width=\"500\" height=\"281\" src=\"https:\/\/www.youtube.com\/embed\/1fNDKkOEQjY?feature=oembed\" frameborder=\"0\" allow=\"accelerometer; autoplay; clipboard-write; encrypted-media; gyroscope; picture-in-picture; web-share\" referrerpolicy=\"strict-origin-when-cross-origin\" allowfullscreen><\/iframe><\/div>\n<\/div><\/figure>\n\n\n\n<h2 class=\"wp-block-heading\">Quais s\u00e3o 12 h\u00e1bitos pr\u00e1ticos para evitar dem\u00eancia hoje?<\/h2>\n\n\n\n<p>Para facilitar a aplica\u00e7\u00e3o dessas ideias no dia a dia, \u00e9 poss\u00edvel reunir a\u00e7\u00f5es concretas que sirvam como guia para quem quer melhorar a mem\u00f3ria e proteger o c\u00e9rebro. Esses h\u00e1bitos complementam o acompanhamento m\u00e9dico regular e podem ser adaptados conforme idade, rotina e condi\u00e7\u00f5es de sa\u00fade.<\/p>\n\n\n\n<figure class=\"wp-block-table\"><table class=\"has-fixed-layout\"><thead><tr><th>H\u00e1bito<\/th><th>Descri\u00e7\u00e3o<\/th><th>Como pode ajudar hoje<\/th><\/tr><\/thead><tbody><tr><td>Checar a audi\u00e7\u00e3o com regularidade<\/td><td>Observar perdas auditivas e buscar avalia\u00e7\u00e3o quando conversas, TV ou chamadas come\u00e7arem a ficar mais dif\u00edceis.<\/td><td>Perda auditiva n\u00e3o tratada est\u00e1 ligada a maior risco de decl\u00ednio cognitivo, e o uso de aparelhos auditivos pode ajudar em parte dos casos. :contentReference[oaicite:0]{index=0}<\/td><\/tr><tr><td>Cuidar da vis\u00e3o<\/td><td>Manter grau atualizado e tratar problemas como catarata e outras altera\u00e7\u00f5es visuais.<\/td><td>Ver melhor ajuda o c\u00e9rebro a receber informa\u00e7\u00f5es mais claras do ambiente, e a perda visual \u00e9 citada entre fatores de risco modific\u00e1veis. :contentReference[oaicite:1]{index=1}<\/td><\/tr><tr><td>Monitorar a press\u00e3o arterial<\/td><td>Acompanhar a press\u00e3o com regularidade e seguir o tratamento quando houver hipertens\u00e3o.<\/td><td>Controlar a press\u00e3o ajuda a proteger os vasos sangu\u00edneos, inclusive os do c\u00e9rebro, e faz parte das estrat\u00e9gias mais aceitas de redu\u00e7\u00e3o de risco. :contentReference[oaicite:2]{index=2}<\/td><\/tr><tr><td>Acompanhar glicemia e colesterol<\/td><td>Fazer exames de rotina e tratar diabetes, pr\u00e9-diabetes e altera\u00e7\u00f5es metab\u00f3licas conforme orienta\u00e7\u00e3o m\u00e9dica.<\/td><td>Essas condi\u00e7\u00f5es se relacionam \u00e0 sa\u00fade vascular e podem aumentar o risco de comprometimento cognitivo quando ficam descontroladas. :contentReference[oaicite:3]{index=3}<\/td><\/tr><tr><td>Praticar atividade aer\u00f3bica v\u00e1rias vezes na semana<\/td><td>Incluir caminhada, bicicleta, dan\u00e7a ou outra atividade que eleve o ritmo do corpo de forma regular.<\/td><td>Atividade f\u00edsica \u00e9 uma das medidas mais recomendadas para sa\u00fade cerebral e redu\u00e7\u00e3o de risco de decl\u00ednio cognitivo. :contentReference[oaicite:4]{index=4}<\/td><\/tr><tr><td>Incluir exerc\u00edcios de for\u00e7a<\/td><td>Usar peso do corpo, el\u00e1sticos ou muscula\u00e7\u00e3o para manter m\u00fasculos e equil\u00edbrio.<\/td><td>Al\u00e9m de apoiar a mobilidade, isso ajuda a reduzir quedas e refor\u00e7a uma rotina de atividade f\u00edsica protetora para o c\u00e9rebro. :contentReference[oaicite:5]{index=5}<\/td><\/tr><tr><td>Regular o sono<\/td><td>Buscar um sono mais est\u00e1vel, reduzir telas \u00e0 noite e procurar ajuda para ins\u00f4nia ou ronco importante.<\/td><td>Dormir bem ajuda aten\u00e7\u00e3o, mem\u00f3ria e recupera\u00e7\u00e3o do c\u00e9rebro, e o NIA destaca o sono como parte importante da sa\u00fade cognitiva. :contentReference[oaicite:6]{index=6}<\/td><\/tr><tr><td>Estimular o c\u00e9rebro diariamente<\/td><td>Reservar tempo para leitura, estudo, jogos mentais ou aprendizado de algo novo.<\/td><td>Manter o c\u00e9rebro ativo ajuda a fortalecer conex\u00f5es neurais e \u00e9 recomendado como parte de um estilo de vida favor\u00e1vel \u00e0 cogni\u00e7\u00e3o. :contentReference[oaicite:7]{index=7}<\/td><\/tr><tr><td>Valorizar v\u00ednculos sociais<\/td><td>Manter contato com amigos, familiares e grupos presenciais ou comunit\u00e1rios.<\/td><td>O isolamento social aparece entre os fatores ligados a pior sa\u00fade cognitiva, enquanto a conviv\u00eancia ajuda a preservar est\u00edmulo mental e emocional. :contentReference[oaicite:8]{index=8}<\/td><\/tr><tr><td>Reduzir \u00e1lcool e abandonar o cigarro<\/td><td>Diminuir a exposi\u00e7\u00e3o a bebidas alco\u00f3licas em excesso e interromper o tabagismo.<\/td><td>Tabaco e \u00e1lcool em excesso est\u00e3o entre os fatores modific\u00e1veis associados a maior risco de dem\u00eancia e outros danos cerebrais e vasculares. :contentReference[oaicite:9]{index=9}<\/td><\/tr><tr><td>Proteger-se de traumas na cabe\u00e7a<\/td><td>Usar capacete quando necess\u00e1rio e adaptar a casa para reduzir risco de quedas.<\/td><td>Prevenir traumatismos cranianos \u00e9 uma medida reconhecida de prote\u00e7\u00e3o cerebral ao longo da vida. :contentReference[oaicite:10]{index=10}<\/td><\/tr><tr><td>Avaliar poss\u00edveis defici\u00eancias nutricionais<\/td><td>Investigar com profissional de sa\u00fade car\u00eancias como vitamina B12 e outras quando houver indica\u00e7\u00e3o cl\u00ednica.<\/td><td>Corrigir defici\u00eancias que afetam mem\u00f3ria, aten\u00e7\u00e3o e sistema nervoso pode evitar piora cognitiva por causas trat\u00e1veis. :contentReference[oaicite:11]{index=11}<\/td><\/tr><\/tbody><\/table><\/figure>\n\n\n\n<h2 class=\"wp-block-heading\">Em que idade a preven\u00e7\u00e3o do Alzheimer deve come\u00e7ar?<\/h2>\n\n\n\n<p>As evid\u00eancias atuais sugerem que a constru\u00e7\u00e3o de um c\u00e9rebro mais resistente come\u00e7a muito antes da aposentadoria. Estudos observacionais relacionam anos de estudo, leitura frequente e engajamento <a href=\"https:\/\/bvsms.saude.gov.br\/bvs\/publicacoes\/14_prioridades_prevenir_demencias.pdf\" target=\"_blank\" rel=\"noreferrer noopener\">intelectual <\/a>na juventude e na meia-idade a menor risco de dem\u00eancia d\u00e9cadas depois.<\/p>\n\n\n\n<p>Isso n\u00e3o significa que mudan\u00e7as tardias sejam in\u00fateis. Para quem j\u00e1 passa dos 60 ou 70 anos, ajustar rotinas ainda pode gerar bons resultados: mais disposi\u00e7\u00e3o, melhor organiza\u00e7\u00e3o do pensamento e maior autonomia. Em qualquer fase, combinar movimento, est\u00edmulo mental, rela\u00e7\u00f5es sociais, sono adequado, dieta equilibrada e controle de doen\u00e7as cr\u00f4nicas forma uma base s\u00f3lida para evitar dem\u00eancia tanto quanto poss\u00edvel e <strong>melhorar<\/strong> a mem\u00f3ria no presente.<\/p>\n","protected":false},"excerpt":{"rendered":"<p>A preocupa\u00e7\u00e3o em evitar dem\u00eancia e preservar a mem\u00f3ria deixou de ser um tema restrito a especialistas. Cada vez mais pessoas percebem que pequenos esquecimentos podem gerar d\u00favidas sobre o futuro cognitivo, sobretudo quando h\u00e1 casos de Alzheimer na fam\u00edlia. Em vez de esperar por sinais mais graves, cresce o interesse por atitudes simples que [&hellip;]<\/p>\n","protected":false},"author":15,"featured_media":202057,"comment_status":"open","ping_status":"open","sticky":false,"template":"","format":"standard","meta":{"jnews-multi-image_gallery":[],"jnews_single_post":{"format":"standard"},"jnews_primary_category":[],"jnews_social_meta":[],"jnews_override_counter":[],"footnotes":""},"categories":[8819],"tags":[711,327,415],"class_list":["post-201262","post","type-post","status-publish","format-standard","has-post-thumbnail","hentry","category-curiosidades","tag-bem-estar","tag-qualidade-de-vida","tag-saude"],"yoast_head":"<!-- This site is optimized with the Yoast SEO plugin v23.8 - https:\/\/yoast.com\/wordpress\/plugins\/seo\/ -->\n<title>H\u00e1bitos que fortalecem o c\u00e9rebro e ajudam a preservar a mem\u00f3ria ao longo dos anos - Estado de Minas - Em foco<\/title>\n<meta name=\"description\" content=\"H\u00e1bitos simples como sono, exerc\u00edcio e est\u00edmulo mental ajudam a proteger o c\u00e9rebro, melhorar a mem\u00f3ria e reduzir o risco de dem\u00eancia\" \/>\n<meta name=\"robots\" content=\"index, follow, max-snippet:-1, max-image-preview:large, max-video-preview:-1\" \/>\n<link rel=\"canonical\" href=\"https:\/\/www.em.com.br\/emfoco\/2026\/05\/01\/habitos-que-fortalecem-o-cerebro-e-ajudam-a-preservar-a-memoria-ao-longo-dos-anos\/\" \/>\n<meta property=\"og:locale\" content=\"pt_BR\" \/>\n<meta property=\"og:type\" content=\"article\" \/>\n<meta property=\"og:title\" content=\"H\u00e1bitos que fortalecem o c\u00e9rebro e ajudam a preservar a mem\u00f3ria ao longo dos anos - Estado de Minas - Em foco\" \/>\n<meta property=\"og:description\" content=\"H\u00e1bitos simples como sono, exerc\u00edcio e est\u00edmulo mental ajudam a proteger o c\u00e9rebro, melhorar a mem\u00f3ria e reduzir o risco de dem\u00eancia\" \/>\n<meta property=\"og:url\" content=\"https:\/\/www.em.com.br\/emfoco\/2026\/05\/01\/habitos-que-fortalecem-o-cerebro-e-ajudam-a-preservar-a-memoria-ao-longo-dos-anos\/\" \/>\n<meta property=\"og:site_name\" content=\"Estado de Minas - Em foco\" \/>\n<meta property=\"article:published_time\" content=\"2026-05-01T22:05:00+00:00\" \/>\n<meta property=\"article:modified_time\" content=\"2026-04-30T18:48:05+00:00\" \/>\n<meta property=\"og:image\" content=\"https:\/\/www.em.com.br\/emfoco\/wp-content\/uploads\/2026\/05\/EmFoco_07.jpg\" \/>\n\t<meta property=\"og:image:width\" content=\"1280\" \/>\n\t<meta property=\"og:image:height\" content=\"720\" \/>\n\t<meta property=\"og:image:type\" content=\"image\/jpeg\" \/>\n<meta name=\"author\" content=\"Douglas Myth\" \/>\n<meta name=\"twitter:card\" content=\"summary_large_image\" \/>\n<meta name=\"twitter:label1\" content=\"Escrito por\" \/>\n\t<meta name=\"twitter:data1\" content=\"Douglas Myth\" \/>\n\t<meta name=\"twitter:label2\" content=\"Est. tempo de leitura\" \/>\n\t<meta name=\"twitter:data2\" content=\"7 minutos\" \/>\n<!-- \/ Yoast SEO plugin. -->","yoast_head_json":{"title":"H\u00e1bitos que fortalecem o c\u00e9rebro e ajudam a preservar a mem\u00f3ria ao longo dos anos - Estado de Minas - Em foco","description":"H\u00e1bitos simples como sono, exerc\u00edcio e est\u00edmulo mental ajudam a proteger o c\u00e9rebro, melhorar a mem\u00f3ria e reduzir o risco de dem\u00eancia","robots":{"index":"index","follow":"follow","max-snippet":"max-snippet:-1","max-image-preview":"max-image-preview:large","max-video-preview":"max-video-preview:-1"},"canonical":"https:\/\/www.em.com.br\/emfoco\/2026\/05\/01\/habitos-que-fortalecem-o-cerebro-e-ajudam-a-preservar-a-memoria-ao-longo-dos-anos\/","og_locale":"pt_BR","og_type":"article","og_title":"H\u00e1bitos que fortalecem o c\u00e9rebro e ajudam a preservar a mem\u00f3ria ao longo dos anos - Estado de Minas - Em foco","og_description":"H\u00e1bitos simples como sono, exerc\u00edcio e est\u00edmulo mental ajudam a proteger o c\u00e9rebro, melhorar a mem\u00f3ria e reduzir o risco de dem\u00eancia","og_url":"https:\/\/www.em.com.br\/emfoco\/2026\/05\/01\/habitos-que-fortalecem-o-cerebro-e-ajudam-a-preservar-a-memoria-ao-longo-dos-anos\/","og_site_name":"Estado de Minas - Em foco","article_published_time":"2026-05-01T22:05:00+00:00","article_modified_time":"2026-04-30T18:48:05+00:00","og_image":[{"width":1280,"height":720,"url":"https:\/\/www.em.com.br\/emfoco\/wp-content\/uploads\/2026\/05\/EmFoco_07.jpg","type":"image\/jpeg"}],"author":"Douglas Myth","twitter_card":"summary_large_image","twitter_misc":{"Escrito por":"Douglas Myth","Est. tempo de leitura":"7 minutos"},"schema":{"@context":"https:\/\/schema.org","@graph":[{"@type":"WebPage","@id":"https:\/\/www.em.com.br\/emfoco\/2026\/05\/01\/habitos-que-fortalecem-o-cerebro-e-ajudam-a-preservar-a-memoria-ao-longo-dos-anos\/","url":"https:\/\/www.em.com.br\/emfoco\/2026\/05\/01\/habitos-que-fortalecem-o-cerebro-e-ajudam-a-preservar-a-memoria-ao-longo-dos-anos\/","name":"H\u00e1bitos que fortalecem o c\u00e9rebro e ajudam a preservar a mem\u00f3ria ao longo dos anos - Estado de Minas - Em foco","isPartOf":{"@id":"https:\/\/www.em.com.br\/emfoco\/#website"},"primaryImageOfPage":{"@id":"https:\/\/www.em.com.br\/emfoco\/2026\/05\/01\/habitos-que-fortalecem-o-cerebro-e-ajudam-a-preservar-a-memoria-ao-longo-dos-anos\/#primaryimage"},"image":{"@id":"https:\/\/www.em.com.br\/emfoco\/2026\/05\/01\/habitos-que-fortalecem-o-cerebro-e-ajudam-a-preservar-a-memoria-ao-longo-dos-anos\/#primaryimage"},"thumbnailUrl":"https:\/\/www.em.com.br\/emfoco\/wp-content\/uploads\/2026\/05\/EmFoco_07.jpg","datePublished":"2026-05-01T22:05:00+00:00","dateModified":"2026-04-30T18:48:05+00:00","author":{"@id":"https:\/\/www.em.com.br\/emfoco\/#\/schema\/person\/bba594b7eebe9b9885fec3a5c7837089"},"description":"H\u00e1bitos simples como sono, exerc\u00edcio e est\u00edmulo mental ajudam a proteger o c\u00e9rebro, melhorar a mem\u00f3ria e reduzir o risco de dem\u00eancia","breadcrumb":{"@id":"https:\/\/www.em.com.br\/emfoco\/2026\/05\/01\/habitos-que-fortalecem-o-cerebro-e-ajudam-a-preservar-a-memoria-ao-longo-dos-anos\/#breadcrumb"},"inLanguage":"pt-BR","potentialAction":[{"@type":"ReadAction","target":["https:\/\/www.em.com.br\/emfoco\/2026\/05\/01\/habitos-que-fortalecem-o-cerebro-e-ajudam-a-preservar-a-memoria-ao-longo-dos-anos\/"]}]},{"@type":"ImageObject","inLanguage":"pt-BR","@id":"https:\/\/www.em.com.br\/emfoco\/2026\/05\/01\/habitos-que-fortalecem-o-cerebro-e-ajudam-a-preservar-a-memoria-ao-longo-dos-anos\/#primaryimage","url":"https:\/\/www.em.com.br\/emfoco\/wp-content\/uploads\/2026\/05\/EmFoco_07.jpg","contentUrl":"https:\/\/www.em.com.br\/emfoco\/wp-content\/uploads\/2026\/05\/EmFoco_07.jpg","width":1280,"height":720,"caption":"Reserva cognitiva e estilo de vida saud\u00e1vel protegem c\u00e9rebro contra dem\u00eancias"},{"@type":"BreadcrumbList","@id":"https:\/\/www.em.com.br\/emfoco\/2026\/05\/01\/habitos-que-fortalecem-o-cerebro-e-ajudam-a-preservar-a-memoria-ao-longo-dos-anos\/#breadcrumb","itemListElement":[{"@type":"ListItem","position":1,"name":"In\u00edcio","item":"https:\/\/www.em.com.br\/emfoco\/"},{"@type":"ListItem","position":2,"name":"H\u00e1bitos que fortalecem o c\u00e9rebro e ajudam a preservar a mem\u00f3ria ao longo dos anos"}]},{"@type":"WebSite","@id":"https:\/\/www.em.com.br\/emfoco\/#website","url":"https:\/\/www.em.com.br\/emfoco\/","name":"Estado de Minas - Em foco","description":"Acompanhe as \u00faltimas not\u00edcias e fique bem informado sobre tudo o que acontece em Minas Gerais, Brasil e no mundo.","potentialAction":[{"@type":"SearchAction","target":{"@type":"EntryPoint","urlTemplate":"https:\/\/www.em.com.br\/emfoco\/?s={search_term_string}"},"query-input":{"@type":"PropertyValueSpecification","valueRequired":true,"valueName":"search_term_string"}}],"inLanguage":"pt-BR"},{"@type":"Person","@id":"https:\/\/www.em.com.br\/emfoco\/#\/schema\/person\/bba594b7eebe9b9885fec3a5c7837089","name":"Douglas Myth","image":{"@type":"ImageObject","inLanguage":"pt-BR","@id":"https:\/\/www.em.com.br\/emfoco\/#\/schema\/person\/image\/","url":"https:\/\/secure.gravatar.com\/avatar\/1ac3cf50d0e68642c697dc0c960c802f?s=96&d=mm&r=g","contentUrl":"https:\/\/secure.gravatar.com\/avatar\/1ac3cf50d0e68642c697dc0c960c802f?s=96&d=mm&r=g","caption":"Douglas Myth"},"url":"https:\/\/www.em.com.br\/emfoco\/author\/douglasmyth\/"}]}},"_links":{"self":[{"href":"https:\/\/www.em.com.br\/emfoco\/wp-json\/wp\/v2\/posts\/201262","targetHints":{"allow":["GET"]}}],"collection":[{"href":"https:\/\/www.em.com.br\/emfoco\/wp-json\/wp\/v2\/posts"}],"about":[{"href":"https:\/\/www.em.com.br\/emfoco\/wp-json\/wp\/v2\/types\/post"}],"author":[{"embeddable":true,"href":"https:\/\/www.em.com.br\/emfoco\/wp-json\/wp\/v2\/users\/15"}],"replies":[{"embeddable":true,"href":"https:\/\/www.em.com.br\/emfoco\/wp-json\/wp\/v2\/comments?post=201262"}],"version-history":[{"count":2,"href":"https:\/\/www.em.com.br\/emfoco\/wp-json\/wp\/v2\/posts\/201262\/revisions"}],"predecessor-version":[{"id":201266,"href":"https:\/\/www.em.com.br\/emfoco\/wp-json\/wp\/v2\/posts\/201262\/revisions\/201266"}],"wp:featuredmedia":[{"embeddable":true,"href":"https:\/\/www.em.com.br\/emfoco\/wp-json\/wp\/v2\/media\/202057"}],"wp:attachment":[{"href":"https:\/\/www.em.com.br\/emfoco\/wp-json\/wp\/v2\/media?parent=201262"}],"wp:term":[{"taxonomy":"category","embeddable":true,"href":"https:\/\/www.em.com.br\/emfoco\/wp-json\/wp\/v2\/categories?post=201262"},{"taxonomy":"post_tag","embeddable":true,"href":"https:\/\/www.em.com.br\/emfoco\/wp-json\/wp\/v2\/tags?post=201262"}],"curies":[{"name":"wp","href":"https:\/\/api.w.org\/{rel}","templated":true}]}}