{"id":201254,"date":"2026-05-01T12:25:00","date_gmt":"2026-05-01T15:25:00","guid":{"rendered":"https:\/\/www.em.com.br\/emfoco\/?p=201254"},"modified":"2026-04-30T15:47:33","modified_gmt":"2026-04-30T18:47:33","slug":"como-escolher-o-sapato-ideal-para-cada-calca-e-deixar-o-look-mais-elegante","status":"publish","type":"post","link":"https:\/\/www.em.com.br\/emfoco\/2026\/05\/01\/como-escolher-o-sapato-ideal-para-cada-calca-e-deixar-o-look-mais-elegante\/","title":{"rendered":"Como escolher o sapato ideal para cada cal\u00e7a e deixar o look mais elegante"},"content":{"rendered":"\n<p>Em qualquer guarda-roupa feminino, a combina\u00e7\u00e3o entre <strong>cal\u00e7a<\/strong> e cal\u00e7ado costuma determinar se o visual parece alinhado ou pouco favorecedor. Muitas pe\u00e7as recebem a culpa por \u201cengordar\u201d, encurtar a perna ou pesar a produ\u00e7\u00e3o quando, na pr\u00e1tica, o maior impacto est\u00e1 nos sapatos escolhidos para acompanhar a modelagem da cal\u00e7a. Entender qual \u00e9 o <strong>sapato<\/strong> ideal para cada cal\u00e7a ajuda a alongar a silhueta, organizar as propor\u00e7\u00f5es do corpo e transmitir uma imagem mais sofisticada em diferentes contextos.<\/p>\n\n\n\n<h2 class=\"wp-block-heading\">Como combinar sapato com cal\u00e7a sem errar nas propor\u00e7\u00f5es?<\/h2>\n\n\n\n<p>O ponto central ao combinar cal\u00e7a e <strong>sapato feminino<\/strong> \u00e9 observar propor\u00e7\u00e3o e equil\u00edbrio. Cal\u00e7as muito amplas, como wide leg, pantalona ou palazzo, pedem uma base visual que sustente o volume, com modelos mais <a href=\"https:\/\/www.em.com.br\/emfoco\/2026\/04\/28\/saiba-identificar-rapido-problemas-no-rim-e-proteger-seus-rins-antes-que-os-sinais-se-agravem\/\" target=\"_blank\" rel=\"noreferrer noopener\">estruturados <\/a>e solados firmes para \u201cancorar\u201d a pe\u00e7a.<\/p>\n\n\n\n<p>J\u00e1 cal\u00e7as justas ou encurtadas, como skinny, cigarrete e pantacourt, funcionam melhor com sapatos mais <strong>limpos<\/strong>, que desenhem o contorno do p\u00e9. Nesses casos, mostrar parte do tornozelo e evitar cortes bruscos na regi\u00e3o ajuda a deixar a silhueta mais leve e cont\u00ednua.<\/p>\n\n\n\n<figure class=\"wp-block-image size-large\"><img loading=\"lazy\" decoding=\"async\" width=\"1024\" height=\"576\" src=\"https:\/\/www.em.com.br\/emfoco\/wp-content\/uploads\/2026\/05\/Texto-do-seu-paragrafo-2026-04-29T094718.433-1024x576.jpg\" alt=\"Como escolher o sapato ideal para cada cal\u00e7a e deixar o look mais elegante\" class=\"wp-image-201256\" srcset=\"https:\/\/www.em.com.br\/emfoco\/wp-content\/uploads\/2026\/05\/Texto-do-seu-paragrafo-2026-04-29T094718.433-1024x576.jpg 1024w, https:\/\/www.em.com.br\/emfoco\/wp-content\/uploads\/2026\/05\/Texto-do-seu-paragrafo-2026-04-29T094718.433-300x169.jpg 300w, https:\/\/www.em.com.br\/emfoco\/wp-content\/uploads\/2026\/05\/Texto-do-seu-paragrafo-2026-04-29T094718.433-768x432.jpg 768w, https:\/\/www.em.com.br\/emfoco\/wp-content\/uploads\/2026\/05\/Texto-do-seu-paragrafo-2026-04-29T094718.433-750x422.jpg 750w, https:\/\/www.em.com.br\/emfoco\/wp-content\/uploads\/2026\/05\/Texto-do-seu-paragrafo-2026-04-29T094718.433-1140x641.jpg 1140w, https:\/\/www.em.com.br\/emfoco\/wp-content\/uploads\/2026\/05\/Texto-do-seu-paragrafo-2026-04-29T094718.433.jpg 1280w\" sizes=\"auto, (max-width: 1024px) 100vw, 1024px\" \/><figcaption class=\"wp-element-caption\">Sapato ideal para cada cal\u00e7a ajuda a alongar a silhueta e equilibrar o visual<\/figcaption><\/figure>\n\n\n\n<h2 class=\"wp-block-heading\">Quais sapatos alongam a silhueta com cada modelo de cal\u00e7a?<\/h2>\n\n\n\n<p>Entre os sapatos que alongam a <strong>silhueta<\/strong>, o bico levemente fino \u00e9 um dos recursos mais eficientes. Com cal\u00e7as de alfaiataria, jeans escuro ou modelos flare, ele cria uma linha cont\u00ednua que projeta a perna visualmente para a frente, especialmente quando aparece apenas como uma \u201cponta\u201d sob barras mais longas.<\/p>\n\n\n\n<p>Para refor\u00e7ar esse efeito alongador, alguns cuidados simples fazem diferen\u00e7a no dia a dia. Eles ajudam a manter o visual <strong>elegante<\/strong> sem precisar recorrer sempre ao salto alto ou a pe\u00e7as muito justas.<\/p>\n\n\n\n<ol class=\"wp-block-list\">\n<li>Priorizar sapatos de bico fino ou levemente afilado para <strong>cal\u00e7as longas<\/strong>.<\/li>\n\n\n\n<li>Evitar contrastes extremos entre a cor da cal\u00e7a e do <strong>cal\u00e7ado<\/strong>.<\/li>\n\n\n\n<li>Manter o peito do p\u00e9 aparente sempre que poss\u00edvel, especialmente em barras encurtadas.<\/li>\n\n\n\n<li>Ajustar a barra da cal\u00e7a para que n\u00e3o se acumule em excesso sobre o <strong>sapato<\/strong>.<\/li>\n<\/ol>\n\n\n\n<h2 class=\"wp-block-heading\">Qual \u00e9 o sapato ideal para cada tipo de cal\u00e7a?<\/h2>\n\n\n\n<p>A escolha do sapato ideal para cada cal\u00e7a passa por observar tanto o <strong>caimento<\/strong> quanto a mensagem que se deseja transmitir. Em produ\u00e7\u00f5es casuais, t\u00eanis de linhas limpas, com poucos recortes e cores neutras, equilibram bem jeans reto, mom jeans, wide leg e at\u00e9 alfaiataria mais relax, garantindo conforto com apar\u00eancia arrumada.<\/p>\n\n\n\n<p>Os mocassins tamb\u00e9m se tornaram pe\u00e7a-chave em looks elegantes femininos, <a href=\"https:\/\/www.em.com.br\/emfoco\/2026\/04\/28\/cada-ambiente-da-casa-favorece-um-tipo-de-planta-e-entender-isso-evita-muitos-erros-comuns\/\" target=\"_blank\" rel=\"noreferrer noopener\">especialmente <\/a>com <strong>cal\u00e7as de alfaiataria<\/strong>, cortes retos e barras na altura do tornozelo. Para facilitar a escolha, vale observar como cada modelagem de cal\u00e7a conversa melhor com alguns tipos de sapato no dia a dia.<\/p>\n\n\n\n<ul class=\"wp-block-list\">\n<li>Cal\u00e7as amplas (pantalona, wide leg, palazzo): mocassins estruturados, <strong>saltos bloco<\/strong>, scarpins de bico fino ou sand\u00e1lias com tiras mais consistentes.<\/li>\n\n\n\n<li>Cal\u00e7as retas e jeans cl\u00e1ssicos: <strong>t\u00eanis<\/strong> minimalistas, loafers, botins de cano curto e scarpins discretos.<\/li>\n\n\n\n<li>Cal\u00e7as ajustadas (skinny, cigarrete, capri): sapatilhas elegantes, sand\u00e1lias que deixem o <strong>peito do p\u00e9<\/strong> livre, bicos finos delicados.<\/li>\n\n\n\n<li>Pantacourt e barras mais curtas: sapatos que mostrem o <strong>tornozelo<\/strong>, preferencialmente em tons pr\u00f3ximos \u00e0 pele para n\u00e3o encurtar a perna.<\/li>\n<\/ul>\n\n\n\n<p>Conte\u00fado do canal <strong>Liza Block<\/strong>, com mais de 329 mil de inscritos e cerca de 18 mil de visualiza\u00e7\u00f5es:<\/p>\n\n\n\n<figure class=\"wp-block-embed is-type-video is-provider-youtube wp-block-embed-youtube wp-embed-aspect-16-9 wp-has-aspect-ratio\"><div class=\"wp-block-embed__wrapper\">\n<div class=\"jeg_video_container jeg_video_content\"><iframe loading=\"lazy\" title=\"Como Escolher Seus Sapatos Elegantes e Modernos\" width=\"500\" height=\"281\" src=\"https:\/\/www.youtube.com\/embed\/3eS97-JTPJY?feature=oembed\" frameborder=\"0\" allow=\"accelerometer; autoplay; clipboard-write; encrypted-media; gyroscope; picture-in-picture; web-share\" referrerpolicy=\"strict-origin-when-cross-origin\" allowfullscreen><\/iframe><\/div>\n<\/div><\/figure>\n\n\n\n<h2 class=\"wp-block-heading\">Como usar botins e t\u00eanis sem encurtar a perna?<\/h2>\n\n\n\n<p>Botins de cano curto s\u00e3o aliados importantes no frio, desde que a <strong>barra da cal\u00e7a<\/strong> converse com a altura do cano. Quando a cal\u00e7a cobre parcialmente o botim ou termina poucos cent\u00edmetros acima, sem formar pregas excessivas, o visual ganha continuidade e a perna n\u00e3o parece encurtada.<\/p>\n\n\n\n<p>No caso dos t\u00eanis, modelos muito esportivos podem pesar o look com alfaiataria ou tecidos mais <a href=\"https:\/\/bvsms.saude.gov.br\/saude-dos-pes-sapatos\/\" target=\"_blank\" rel=\"noreferrer noopener\">estruturados<\/a>. Preferir <strong>t\u00eanis minimalistas<\/strong>, de cores neutras e design limpo, ajuda a manter o conjunto elegante e equilibrado, principalmente com jeans reto, wide leg e cal\u00e7as de corte cl\u00e1ssico.<\/p>\n\n\n\n<h2 class=\"wp-block-heading\">Como montar looks elegantes femininos no dia a dia?<\/h2>\n\n\n\n<p>Para montar looks elegantes femininos sem esfor\u00e7o, a chave est\u00e1 em trabalhar com uma base de <strong>cores neutras<\/strong> e linhas simples. Cal\u00e7as em tons de preto, bege, off-white, marinho ou cinza combinadas a sapatos da mesma paleta criam uma imagem coesa e sofisticada, mesmo em produ\u00e7\u00f5es casuais.<\/p>\n\n\n\n<p>Sand\u00e1lias rasteiras e sapatilhas tamb\u00e9m podem compor visuais elegantes, desde que tenham bom acabamento, materiais estruturados e desenho delicado. Trocar um t\u00eanis esportivo por um modelo minimalista, substituir um salto muito fino por um bloco m\u00e9dio ou aproximar a cor do sapato da cal\u00e7a ou da pele costuma ser suficiente para alongar a <strong>silhueta<\/strong> e deixar a imagem mais segura em qualquer idade.<\/p>\n","protected":false},"excerpt":{"rendered":"<p>Em qualquer guarda-roupa feminino, a combina\u00e7\u00e3o entre cal\u00e7a e cal\u00e7ado costuma determinar se o visual parece alinhado ou pouco favorecedor. Muitas pe\u00e7as recebem a culpa por \u201cengordar\u201d, encurtar a perna ou pesar a produ\u00e7\u00e3o quando, na pr\u00e1tica, o maior impacto est\u00e1 nos sapatos escolhidos para acompanhar a modelagem da cal\u00e7a. Entender qual \u00e9 o sapato [&hellip;]<\/p>\n","protected":false},"author":15,"featured_media":202061,"comment_status":"open","ping_status":"open","sticky":false,"template":"","format":"standard","meta":{"jnews-multi-image_gallery":[],"jnews_single_post":{"format":"standard"},"jnews_primary_category":[],"jnews_social_meta":[],"jnews_override_counter":[],"footnotes":""},"categories":[8819],"tags":[4977,18807],"class_list":["post-201254","post","type-post","status-publish","format-standard","has-post-thumbnail","hentry","category-curiosidades","tag-moda","tag-sapato"],"yoast_head":"<!-- This site is optimized with the Yoast SEO plugin v23.8 - https:\/\/yoast.com\/wordpress\/plugins\/seo\/ -->\n<title>Como escolher o sapato ideal para cada cal\u00e7a e deixar o look mais elegante - Estado de Minas - Em foco<\/title>\n<meta name=\"description\" content=\"Escolher o sapato ideal para cada cal\u00e7a ajuda a alongar a silhueta, equilibrar o caimento e deixar o visual mais elegante.\" \/>\n<meta name=\"robots\" content=\"index, follow, max-snippet:-1, max-image-preview:large, max-video-preview:-1\" \/>\n<link rel=\"canonical\" href=\"https:\/\/www.em.com.br\/emfoco\/2026\/05\/01\/como-escolher-o-sapato-ideal-para-cada-calca-e-deixar-o-look-mais-elegante\/\" \/>\n<meta property=\"og:locale\" content=\"pt_BR\" \/>\n<meta property=\"og:type\" content=\"article\" \/>\n<meta property=\"og:title\" content=\"Como escolher o sapato ideal para cada cal\u00e7a e deixar o look mais elegante - Estado de Minas - Em foco\" \/>\n<meta property=\"og:description\" content=\"Escolher o sapato ideal para cada cal\u00e7a ajuda a alongar a silhueta, equilibrar o caimento e deixar o visual mais elegante.\" \/>\n<meta property=\"og:url\" content=\"https:\/\/www.em.com.br\/emfoco\/2026\/05\/01\/como-escolher-o-sapato-ideal-para-cada-calca-e-deixar-o-look-mais-elegante\/\" \/>\n<meta property=\"og:site_name\" content=\"Estado de Minas - Em foco\" \/>\n<meta property=\"article:published_time\" content=\"2026-05-01T15:25:00+00:00\" \/>\n<meta property=\"article:modified_time\" content=\"2026-04-30T18:47:33+00:00\" \/>\n<meta property=\"og:image\" content=\"https:\/\/www.em.com.br\/emfoco\/wp-content\/uploads\/2026\/05\/EmFoco_03.jpg\" \/>\n\t<meta property=\"og:image:width\" content=\"1280\" \/>\n\t<meta property=\"og:image:height\" content=\"720\" \/>\n\t<meta property=\"og:image:type\" content=\"image\/jpeg\" \/>\n<meta name=\"author\" content=\"Douglas Myth\" \/>\n<meta name=\"twitter:card\" content=\"summary_large_image\" \/>\n<meta name=\"twitter:label1\" content=\"Escrito por\" \/>\n\t<meta name=\"twitter:data1\" content=\"Douglas Myth\" \/>\n\t<meta name=\"twitter:label2\" content=\"Est. tempo de leitura\" \/>\n\t<meta name=\"twitter:data2\" content=\"5 minutos\" \/>\n<!-- \/ Yoast SEO plugin. -->","yoast_head_json":{"title":"Como escolher o sapato ideal para cada cal\u00e7a e deixar o look mais elegante - Estado de Minas - Em foco","description":"Escolher o sapato ideal para cada cal\u00e7a ajuda a alongar a silhueta, equilibrar o caimento e deixar o visual mais elegante.","robots":{"index":"index","follow":"follow","max-snippet":"max-snippet:-1","max-image-preview":"max-image-preview:large","max-video-preview":"max-video-preview:-1"},"canonical":"https:\/\/www.em.com.br\/emfoco\/2026\/05\/01\/como-escolher-o-sapato-ideal-para-cada-calca-e-deixar-o-look-mais-elegante\/","og_locale":"pt_BR","og_type":"article","og_title":"Como escolher o sapato ideal para cada cal\u00e7a e deixar o look mais elegante - Estado de Minas - Em foco","og_description":"Escolher o sapato ideal para cada cal\u00e7a ajuda a alongar a silhueta, equilibrar o caimento e deixar o visual mais elegante.","og_url":"https:\/\/www.em.com.br\/emfoco\/2026\/05\/01\/como-escolher-o-sapato-ideal-para-cada-calca-e-deixar-o-look-mais-elegante\/","og_site_name":"Estado de Minas - Em foco","article_published_time":"2026-05-01T15:25:00+00:00","article_modified_time":"2026-04-30T18:47:33+00:00","og_image":[{"width":1280,"height":720,"url":"https:\/\/www.em.com.br\/emfoco\/wp-content\/uploads\/2026\/05\/EmFoco_03.jpg","type":"image\/jpeg"}],"author":"Douglas Myth","twitter_card":"summary_large_image","twitter_misc":{"Escrito por":"Douglas Myth","Est. tempo de leitura":"5 minutos"},"schema":{"@context":"https:\/\/schema.org","@graph":[{"@type":"WebPage","@id":"https:\/\/www.em.com.br\/emfoco\/2026\/05\/01\/como-escolher-o-sapato-ideal-para-cada-calca-e-deixar-o-look-mais-elegante\/","url":"https:\/\/www.em.com.br\/emfoco\/2026\/05\/01\/como-escolher-o-sapato-ideal-para-cada-calca-e-deixar-o-look-mais-elegante\/","name":"Como escolher o sapato ideal para cada cal\u00e7a e deixar o look mais elegante - Estado de Minas - Em foco","isPartOf":{"@id":"https:\/\/www.em.com.br\/emfoco\/#website"},"primaryImageOfPage":{"@id":"https:\/\/www.em.com.br\/emfoco\/2026\/05\/01\/como-escolher-o-sapato-ideal-para-cada-calca-e-deixar-o-look-mais-elegante\/#primaryimage"},"image":{"@id":"https:\/\/www.em.com.br\/emfoco\/2026\/05\/01\/como-escolher-o-sapato-ideal-para-cada-calca-e-deixar-o-look-mais-elegante\/#primaryimage"},"thumbnailUrl":"https:\/\/www.em.com.br\/emfoco\/wp-content\/uploads\/2026\/05\/EmFoco_03.jpg","datePublished":"2026-05-01T15:25:00+00:00","dateModified":"2026-04-30T18:47:33+00:00","author":{"@id":"https:\/\/www.em.com.br\/emfoco\/#\/schema\/person\/bba594b7eebe9b9885fec3a5c7837089"},"description":"Escolher o sapato ideal para cada cal\u00e7a ajuda a alongar a silhueta, equilibrar o caimento e deixar o visual mais elegante.","breadcrumb":{"@id":"https:\/\/www.em.com.br\/emfoco\/2026\/05\/01\/como-escolher-o-sapato-ideal-para-cada-calca-e-deixar-o-look-mais-elegante\/#breadcrumb"},"inLanguage":"pt-BR","potentialAction":[{"@type":"ReadAction","target":["https:\/\/www.em.com.br\/emfoco\/2026\/05\/01\/como-escolher-o-sapato-ideal-para-cada-calca-e-deixar-o-look-mais-elegante\/"]}]},{"@type":"ImageObject","inLanguage":"pt-BR","@id":"https:\/\/www.em.com.br\/emfoco\/2026\/05\/01\/como-escolher-o-sapato-ideal-para-cada-calca-e-deixar-o-look-mais-elegante\/#primaryimage","url":"https:\/\/www.em.com.br\/emfoco\/wp-content\/uploads\/2026\/05\/EmFoco_03.jpg","contentUrl":"https:\/\/www.em.com.br\/emfoco\/wp-content\/uploads\/2026\/05\/EmFoco_03.jpg","width":1280,"height":720,"caption":"Equil\u00edbrio entre propor\u00e7\u00f5es de cal\u00e7as e cal\u00e7ados valoriza silhueta feminina cotidiana"},{"@type":"BreadcrumbList","@id":"https:\/\/www.em.com.br\/emfoco\/2026\/05\/01\/como-escolher-o-sapato-ideal-para-cada-calca-e-deixar-o-look-mais-elegante\/#breadcrumb","itemListElement":[{"@type":"ListItem","position":1,"name":"In\u00edcio","item":"https:\/\/www.em.com.br\/emfoco\/"},{"@type":"ListItem","position":2,"name":"Como escolher o sapato ideal para cada cal\u00e7a e deixar o look mais elegante"}]},{"@type":"WebSite","@id":"https:\/\/www.em.com.br\/emfoco\/#website","url":"https:\/\/www.em.com.br\/emfoco\/","name":"Estado de Minas - Em foco","description":"Acompanhe as \u00faltimas not\u00edcias e fique bem informado sobre tudo o que acontece em Minas Gerais, Brasil e no mundo.","potentialAction":[{"@type":"SearchAction","target":{"@type":"EntryPoint","urlTemplate":"https:\/\/www.em.com.br\/emfoco\/?s={search_term_string}"},"query-input":{"@type":"PropertyValueSpecification","valueRequired":true,"valueName":"search_term_string"}}],"inLanguage":"pt-BR"},{"@type":"Person","@id":"https:\/\/www.em.com.br\/emfoco\/#\/schema\/person\/bba594b7eebe9b9885fec3a5c7837089","name":"Douglas Myth","image":{"@type":"ImageObject","inLanguage":"pt-BR","@id":"https:\/\/www.em.com.br\/emfoco\/#\/schema\/person\/image\/","url":"https:\/\/secure.gravatar.com\/avatar\/1ac3cf50d0e68642c697dc0c960c802f?s=96&d=mm&r=g","contentUrl":"https:\/\/secure.gravatar.com\/avatar\/1ac3cf50d0e68642c697dc0c960c802f?s=96&d=mm&r=g","caption":"Douglas Myth"},"url":"https:\/\/www.em.com.br\/emfoco\/author\/douglasmyth\/"}]}},"_links":{"self":[{"href":"https:\/\/www.em.com.br\/emfoco\/wp-json\/wp\/v2\/posts\/201254","targetHints":{"allow":["GET"]}}],"collection":[{"href":"https:\/\/www.em.com.br\/emfoco\/wp-json\/wp\/v2\/posts"}],"about":[{"href":"https:\/\/www.em.com.br\/emfoco\/wp-json\/wp\/v2\/types\/post"}],"author":[{"embeddable":true,"href":"https:\/\/www.em.com.br\/emfoco\/wp-json\/wp\/v2\/users\/15"}],"replies":[{"embeddable":true,"href":"https:\/\/www.em.com.br\/emfoco\/wp-json\/wp\/v2\/comments?post=201254"}],"version-history":[{"count":2,"href":"https:\/\/www.em.com.br\/emfoco\/wp-json\/wp\/v2\/posts\/201254\/revisions"}],"predecessor-version":[{"id":201257,"href":"https:\/\/www.em.com.br\/emfoco\/wp-json\/wp\/v2\/posts\/201254\/revisions\/201257"}],"wp:featuredmedia":[{"embeddable":true,"href":"https:\/\/www.em.com.br\/emfoco\/wp-json\/wp\/v2\/media\/202061"}],"wp:attachment":[{"href":"https:\/\/www.em.com.br\/emfoco\/wp-json\/wp\/v2\/media?parent=201254"}],"wp:term":[{"taxonomy":"category","embeddable":true,"href":"https:\/\/www.em.com.br\/emfoco\/wp-json\/wp\/v2\/categories?post=201254"},{"taxonomy":"post_tag","embeddable":true,"href":"https:\/\/www.em.com.br\/emfoco\/wp-json\/wp\/v2\/tags?post=201254"}],"curies":[{"name":"wp","href":"https:\/\/api.w.org\/{rel}","templated":true}]}}