{"id":201244,"date":"2026-05-01T09:35:00","date_gmt":"2026-05-01T12:35:00","guid":{"rendered":"https:\/\/www.em.com.br\/emfoco\/?p=201244"},"modified":"2026-04-30T15:48:29","modified_gmt":"2026-04-30T18:48:29","slug":"como-e-a-vida-em-itapemirim-es-cidade-onde-o-mar-sustenta-historias-e-tradicoes","status":"publish","type":"post","link":"https:\/\/www.em.com.br\/emfoco\/2026\/05\/01\/como-e-a-vida-em-itapemirim-es-cidade-onde-o-mar-sustenta-historias-e-tradicoes\/","title":{"rendered":"Como \u00e9 a vida em Itapemirim ES, cidade onde o mar sustenta hist\u00f3rias e tradi\u00e7\u00f5es"},"content":{"rendered":"\n<p>Entre o mar aberto e o ritmo calmo do interior, <strong>Itapemirim<\/strong>, no sul do Esp\u00edrito Santo, tem a rotina guiada pela \u00e1gua salgada. O munic\u00edpio cresceu olhando para o oceano e, em 2026, continua associado \u00e0 <strong>pesca<\/strong>, \u00e0s praias e \u00e0 vida simples das vilas litor\u00e2neas. A estimativa populacional gira em torno de pouco mais de 44 mil habitantes, mas a influ\u00eancia da cidade costuma ultrapassar seus limites, especialmente quando o assunto \u00e9 pescado.<\/p>\n\n\n\n<h2 class=\"wp-block-heading\">Como \u00e9 a vida em Itapemirim no dia a dia?<\/h2>\n\n\n\n<p>A vida em Itapemirim \u00e9 marcada por uma din\u00e2mica pr\u00f3pria, diferente da de grandes centros urbanos. O tr\u00e2nsito costuma ser mais leve, as dist\u00e2ncias s\u00e3o curtas e o contato entre moradores \u00e9 frequente, criando um ambiente de conviv\u00eancia pr\u00f3xima.<\/p>\n\n\n\n<p>Em muitos bairros, \u00e9 comum que as pessoas se conhe\u00e7am pelo nome e mantenham rela\u00e7\u00f5es de <a href=\"https:\/\/www.em.com.br\/emfoco\/2026\/04\/28\/saiba-identificar-rapido-problemas-no-rim-e-proteger-seus-rins-antes-que-os-sinais-se-agravem\/\" target=\"_blank\" rel=\"noreferrer noopener\">confian\u00e7a <\/a>duradouras. A presen\u00e7a do mar, vis\u00edvel ou sentida pelo vento e pelo cheiro de sal, cria um pano de fundo constante para as atividades di\u00e1rias e para o <strong>com\u00e9rcio<\/strong> local.<\/p>\n\n\n\n<figure class=\"wp-block-image size-large\"><img loading=\"lazy\" decoding=\"async\" width=\"1024\" height=\"576\" src=\"https:\/\/www.em.com.br\/emfoco\/wp-content\/uploads\/2026\/04\/paraiso-litoral-espirito-santo-praias-paradisiacas-vista-aerea-do-litoral-do-espirito-santo-com-praias-de-areia-1024x576.jpg\" alt=\"Como \u00e9 a vida em Itapemirim ES, cidade onde o mar sustenta hist\u00f3rias e tradi\u00e7\u00f5es\" class=\"wp-image-201245\" srcset=\"https:\/\/www.em.com.br\/emfoco\/wp-content\/uploads\/2026\/04\/paraiso-litoral-espirito-santo-praias-paradisiacas-vista-aerea-do-litoral-do-espirito-santo-com-praias-de-areia-1024x576.jpg 1024w, https:\/\/www.em.com.br\/emfoco\/wp-content\/uploads\/2026\/04\/paraiso-litoral-espirito-santo-praias-paradisiacas-vista-aerea-do-litoral-do-espirito-santo-com-praias-de-areia-300x169.jpg 300w, https:\/\/www.em.com.br\/emfoco\/wp-content\/uploads\/2026\/04\/paraiso-litoral-espirito-santo-praias-paradisiacas-vista-aerea-do-litoral-do-espirito-santo-com-praias-de-areia-768x432.jpg 768w, https:\/\/www.em.com.br\/emfoco\/wp-content\/uploads\/2026\/04\/paraiso-litoral-espirito-santo-praias-paradisiacas-vista-aerea-do-litoral-do-espirito-santo-com-praias-de-areia-750x422.jpg 750w, https:\/\/www.em.com.br\/emfoco\/wp-content\/uploads\/2026\/04\/paraiso-litoral-espirito-santo-praias-paradisiacas-vista-aerea-do-litoral-do-espirito-santo-com-praias-de-areia-1140x641.jpg 1140w, https:\/\/www.em.com.br\/emfoco\/wp-content\/uploads\/2026\/04\/paraiso-litoral-espirito-santo-praias-paradisiacas-vista-aerea-do-litoral-do-espirito-santo-com-praias-de-areia.jpg 1280w\" sizes=\"auto, (max-width: 1024px) 100vw, 1024px\" \/><figcaption class=\"wp-element-caption\">A\u00e9rea do litoral do Esp\u00edrito Santo com praias de areia dourada e \u00e1guas turquesas<\/figcaption><\/figure>\n\n\n\n<h2 class=\"wp-block-heading\">Qual \u00e9 o papel da pesca na economia de Itapemirim?<\/h2>\n\n\n\n<p>Grande parte da <strong>economia<\/strong> local se organiza em torno da pesca e dos servi\u00e7os que a acompanham. Itapemirim \u00e9 reconhecida oficialmente como <strong>Capital Estadual do Atum e do Dourado<\/strong>, t\u00edtulo que traduz o peso do setor pesqueiro para o munic\u00edpio e para a regi\u00e3o.<\/p>\n\n\n\n<p>Mais de seiscentas embarca\u00e7\u00f5es registradas movimentam empregos em manuten\u00e7\u00e3o de barcos, venda de gelo, armazenamento, transporte e beneficiamento. Pequenas ind\u00fastrias de <strong>processamento<\/strong> e unidades familiares atuam lado a lado, fortalecendo a renda de muitas comunidades costeiras.<\/p>\n\n\n\n<h2 class=\"wp-block-heading\">Como o mar influencia o cotidiano e os h\u00e1bitos da popula\u00e7\u00e3o?<\/h2>\n\n\n\n<p>O mar funciona quase como um <strong>rel\u00f3gio<\/strong> para quem vive em Itapemirim, orientando hor\u00e1rios de sa\u00edda dos barcos, varia\u00e7\u00e3o das mar\u00e9s e organiza\u00e7\u00e3o do trabalho. Em muitos lares, o dia come\u00e7a antes do nascer do sol, com pescadores se preparando para embarcar e <a href=\"https:\/\/www.em.com.br\/emfoco\/2026\/04\/28\/cada-ambiente-da-casa-favorece-um-tipo-de-planta-e-entender-isso-evita-muitos-erros-comuns\/\" target=\"_blank\" rel=\"noreferrer noopener\">fam\u00edlias <\/a>dando suporte em terra.<\/p>\n\n\n\n<p>Essa rela\u00e7\u00e3o intensa com o oceano aparece tamb\u00e9m na <strong>gastronomia<\/strong>, em feiras e mercados onde o peixe fresco tem grande destaque. Abaixo, alguns aspectos do cotidiano que ajudam a entender melhor como o mar est\u00e1 presente na rotina da cidade:<\/p>\n\n\n\n<ul class=\"wp-block-list\">\n<li>Rotina marcada pelo hor\u00e1rio da mar\u00e9, do desembarque do <strong>pescado<\/strong> e pelas condi\u00e7\u00f5es clim\u00e1ticas.<\/li>\n\n\n\n<li>Com\u00e9rcio de peixe fresco em feiras, mercados, peixarias especializadas e direto nos cais.<\/li>\n\n\n\n<li>Trabalho de marisqueiras, filetagem e limpeza de peixe em pequenas unidades de <strong>processamento<\/strong>.<\/li>\n\n\n\n<li>Gera\u00e7\u00e3o de renda em transporte, armazenamento, exporta\u00e7\u00e3o e na cadeia de frio do pescado.<\/li>\n<\/ul>\n\n\n\n<h2 class=\"wp-block-heading\">Como a prefeitura apoia a pesca e a aquicultura em Itapemirim?<\/h2>\n\n\n\n<p>O munic\u00edpio mant\u00e9m estrutura p\u00fablica voltada \u00e0 <strong>aquicultura<\/strong> e \u00e0 pesca, refor\u00e7ando o papel estrat\u00e9gico desse segmento na economia local. Projetos de capacita\u00e7\u00e3o procuram atualizar pescadores sobre t\u00e9cnicas mais seguras, manejo sustent\u00e1vel e exig\u00eancias sanit\u00e1rias.<\/p>\n\n\n\n<p>Tamb\u00e9m h\u00e1 iniciativas de acompanhamento t\u00e9cnico e <strong>regulariza\u00e7\u00e3o<\/strong> de embarca\u00e7\u00f5es e de pontos de desembarque. Essas a\u00e7\u00f5es ajudam a manter a atividade dentro de padr\u00f5es legais, ampliam a qualidade do produto final e facilitam o acesso a novos mercados regionais e nacionais.<\/p>\n\n\n\n<p>Conte\u00fado do canal <strong>Boa Sorte Viajante &#8211; Matheus Boa Sorte<\/strong>, com mais de 889 mil de inscritos e cerca de 56 mil de visualiza\u00e7\u00f5es:<\/p>\n\n\n\n<figure class=\"wp-block-embed is-type-video is-provider-youtube wp-block-embed-youtube wp-embed-aspect-16-9 wp-has-aspect-ratio\"><div class=\"wp-block-embed__wrapper\">\n<div class=\"jeg_video_container jeg_video_content\"><iframe loading=\"lazy\" title=\"Um PARA\u00cdSO no litoral do Esp\u00edrito Santo!\" width=\"500\" height=\"281\" src=\"https:\/\/www.youtube.com\/embed\/i9ul01AHpWQ?feature=oembed\" frameborder=\"0\" allow=\"accelerometer; autoplay; clipboard-write; encrypted-media; gyroscope; picture-in-picture; web-share\" referrerpolicy=\"strict-origin-when-cross-origin\" allowfullscreen><\/iframe><\/div>\n<\/div><\/figure>\n\n\n\n<h2 class=\"wp-block-heading\">O que torna as praias e paisagens de Itapemirim especiais?<\/h2>\n\n\n\n<p>O litoral de Itapemirim combina trechos de mar calmo, forma\u00e7\u00f5es rochosas e \u00e1reas com perfil mais urbano, agradando quem busca descanso ou movimento moderado. Praias como <strong>Itaoca<\/strong> e Itaipava re\u00fanem quiosques, pousadas e pequenos restaurantes com clima t\u00edpico de vila costeira.<\/p>\n\n\n\n<p>Fora da faixa de areia, a <strong>Ilha dos Franceses<\/strong>, a cerca de 3,5 km da costa, se destaca pelas \u00e1guas claras e paisagem que mistura rochas e vegeta\u00e7\u00e3o. O desembarque n\u00e3o \u00e9 liberado, mas o entorno da ilha \u00e9 muito procurado em passeios de barco para observar o mar aberto e a costa capixaba de outro \u00e2ngulo.<\/p>\n\n\n\n<h2 class=\"wp-block-heading\">Quais s\u00e3o as tradi\u00e7\u00f5es e festas que marcam o ano em Itapemirim?<\/h2>\n\n\n\n<p>O calend\u00e1rio local \u00e9 marcado por festas religiosas, prociss\u00f5es ligadas a santos padroeiros e <a href=\"https:\/\/www.itapemirim.es.gov.br\/\" target=\"_blank\" rel=\"noreferrer noopener\">eventos <\/a>voltados \u00e0 <strong>pesca<\/strong>. Em diferentes \u00e9pocas do ano, comunidades se re\u00fanem em celebra\u00e7\u00f5es que misturam f\u00e9, m\u00fasica, gastronomia e homenagens aos trabalhadores do mar.<\/p>\n\n\n\n<p>A rotina alterna per\u00edodos de mar intensamente produtivo, dias destinados \u00e0 manuten\u00e7\u00e3o de barcos e momentos de encontro em fam\u00edlia. Assim, o munic\u00edpio se apresenta como um lugar em que o <strong>peixe<\/strong> \u00e9 sustento, trabalho e mem\u00f3ria, e em que o mar continua sendo o eixo que organiza a hist\u00f3ria e o presente de Itapemirim.<\/p>\n","protected":false},"excerpt":{"rendered":"<p>Entre o mar aberto e o ritmo calmo do interior, Itapemirim, no sul do Esp\u00edrito Santo, tem a rotina guiada pela \u00e1gua salgada. O munic\u00edpio cresceu olhando para o oceano e, em 2026, continua associado \u00e0 pesca, \u00e0s praias e \u00e0 vida simples das vilas litor\u00e2neas. A estimativa populacional gira em torno de pouco mais [&hellip;]<\/p>\n","protected":false},"author":15,"featured_media":202071,"comment_status":"open","ping_status":"open","sticky":false,"template":"","format":"standard","meta":{"jnews-multi-image_gallery":[],"jnews_single_post":{"format":"standard"},"jnews_primary_category":[],"jnews_social_meta":[],"jnews_override_counter":[],"footnotes":""},"categories":[8819],"tags":[158,183,157],"class_list":["post-201244","post","type-post","status-publish","format-standard","has-post-thumbnail","hentry","category-curiosidades","tag-brasil","tag-cidades","tag-turismo"],"yoast_head":"<!-- This site is optimized with the Yoast SEO plugin v23.8 - https:\/\/yoast.com\/wordpress\/plugins\/seo\/ -->\n<title>Como \u00e9 a vida em Itapemirim ES, cidade onde o mar sustenta hist\u00f3rias e tradi\u00e7\u00f5es - Estado de Minas - Em foco<\/title>\n<meta name=\"description\" content=\"Itapemirim, no sul do Esp\u00edrito Santo, une praias, pesca, moqueca e tradi\u00e7\u00e3o em uma cidade onde o mar sustenta hist\u00f3rias e orgulho local.\" \/>\n<meta name=\"robots\" content=\"index, follow, max-snippet:-1, max-image-preview:large, max-video-preview:-1\" \/>\n<link rel=\"canonical\" href=\"https:\/\/www.em.com.br\/emfoco\/2026\/05\/01\/como-e-a-vida-em-itapemirim-es-cidade-onde-o-mar-sustenta-historias-e-tradicoes\/\" \/>\n<meta property=\"og:locale\" content=\"pt_BR\" \/>\n<meta property=\"og:type\" content=\"article\" \/>\n<meta property=\"og:title\" content=\"Como \u00e9 a vida em Itapemirim ES, cidade onde o mar sustenta hist\u00f3rias e tradi\u00e7\u00f5es - Estado de Minas - Em foco\" \/>\n<meta property=\"og:description\" content=\"Itapemirim, no sul do Esp\u00edrito Santo, une praias, pesca, moqueca e tradi\u00e7\u00e3o em uma cidade onde o mar sustenta hist\u00f3rias e orgulho local.\" \/>\n<meta property=\"og:url\" content=\"https:\/\/www.em.com.br\/emfoco\/2026\/05\/01\/como-e-a-vida-em-itapemirim-es-cidade-onde-o-mar-sustenta-historias-e-tradicoes\/\" \/>\n<meta property=\"og:site_name\" content=\"Estado de Minas - Em foco\" \/>\n<meta property=\"article:published_time\" content=\"2026-05-01T12:35:00+00:00\" \/>\n<meta property=\"article:modified_time\" content=\"2026-04-30T18:48:29+00:00\" \/>\n<meta property=\"og:image\" content=\"https:\/\/www.em.com.br\/emfoco\/wp-content\/uploads\/2026\/05\/EmFoco_09.jpg\" \/>\n\t<meta property=\"og:image:width\" content=\"1280\" \/>\n\t<meta property=\"og:image:height\" content=\"720\" \/>\n\t<meta property=\"og:image:type\" content=\"image\/jpeg\" \/>\n<meta name=\"author\" content=\"Douglas Myth\" \/>\n<meta name=\"twitter:card\" content=\"summary_large_image\" \/>\n<meta name=\"twitter:label1\" content=\"Escrito por\" \/>\n\t<meta name=\"twitter:data1\" content=\"Douglas Myth\" \/>\n\t<meta name=\"twitter:label2\" content=\"Est. tempo de leitura\" \/>\n\t<meta name=\"twitter:data2\" content=\"5 minutos\" \/>\n<!-- \/ Yoast SEO plugin. -->","yoast_head_json":{"title":"Como \u00e9 a vida em Itapemirim ES, cidade onde o mar sustenta hist\u00f3rias e tradi\u00e7\u00f5es - Estado de Minas - Em foco","description":"Itapemirim, no sul do Esp\u00edrito Santo, une praias, pesca, moqueca e tradi\u00e7\u00e3o em uma cidade onde o mar sustenta hist\u00f3rias e orgulho local.","robots":{"index":"index","follow":"follow","max-snippet":"max-snippet:-1","max-image-preview":"max-image-preview:large","max-video-preview":"max-video-preview:-1"},"canonical":"https:\/\/www.em.com.br\/emfoco\/2026\/05\/01\/como-e-a-vida-em-itapemirim-es-cidade-onde-o-mar-sustenta-historias-e-tradicoes\/","og_locale":"pt_BR","og_type":"article","og_title":"Como \u00e9 a vida em Itapemirim ES, cidade onde o mar sustenta hist\u00f3rias e tradi\u00e7\u00f5es - Estado de Minas - Em foco","og_description":"Itapemirim, no sul do Esp\u00edrito Santo, une praias, pesca, moqueca e tradi\u00e7\u00e3o em uma cidade onde o mar sustenta hist\u00f3rias e orgulho local.","og_url":"https:\/\/www.em.com.br\/emfoco\/2026\/05\/01\/como-e-a-vida-em-itapemirim-es-cidade-onde-o-mar-sustenta-historias-e-tradicoes\/","og_site_name":"Estado de Minas - Em foco","article_published_time":"2026-05-01T12:35:00+00:00","article_modified_time":"2026-04-30T18:48:29+00:00","og_image":[{"width":1280,"height":720,"url":"https:\/\/www.em.com.br\/emfoco\/wp-content\/uploads\/2026\/05\/EmFoco_09.jpg","type":"image\/jpeg"}],"author":"Douglas Myth","twitter_card":"summary_large_image","twitter_misc":{"Escrito por":"Douglas Myth","Est. tempo de leitura":"5 minutos"},"schema":{"@context":"https:\/\/schema.org","@graph":[{"@type":"WebPage","@id":"https:\/\/www.em.com.br\/emfoco\/2026\/05\/01\/como-e-a-vida-em-itapemirim-es-cidade-onde-o-mar-sustenta-historias-e-tradicoes\/","url":"https:\/\/www.em.com.br\/emfoco\/2026\/05\/01\/como-e-a-vida-em-itapemirim-es-cidade-onde-o-mar-sustenta-historias-e-tradicoes\/","name":"Como \u00e9 a vida em Itapemirim ES, cidade onde o mar sustenta hist\u00f3rias e tradi\u00e7\u00f5es - Estado de Minas - Em foco","isPartOf":{"@id":"https:\/\/www.em.com.br\/emfoco\/#website"},"primaryImageOfPage":{"@id":"https:\/\/www.em.com.br\/emfoco\/2026\/05\/01\/como-e-a-vida-em-itapemirim-es-cidade-onde-o-mar-sustenta-historias-e-tradicoes\/#primaryimage"},"image":{"@id":"https:\/\/www.em.com.br\/emfoco\/2026\/05\/01\/como-e-a-vida-em-itapemirim-es-cidade-onde-o-mar-sustenta-historias-e-tradicoes\/#primaryimage"},"thumbnailUrl":"https:\/\/www.em.com.br\/emfoco\/wp-content\/uploads\/2026\/05\/EmFoco_09.jpg","datePublished":"2026-05-01T12:35:00+00:00","dateModified":"2026-04-30T18:48:29+00:00","author":{"@id":"https:\/\/www.em.com.br\/emfoco\/#\/schema\/person\/bba594b7eebe9b9885fec3a5c7837089"},"description":"Itapemirim, no sul do Esp\u00edrito Santo, une praias, pesca, moqueca e tradi\u00e7\u00e3o em uma cidade onde o mar sustenta hist\u00f3rias e orgulho local.","breadcrumb":{"@id":"https:\/\/www.em.com.br\/emfoco\/2026\/05\/01\/como-e-a-vida-em-itapemirim-es-cidade-onde-o-mar-sustenta-historias-e-tradicoes\/#breadcrumb"},"inLanguage":"pt-BR","potentialAction":[{"@type":"ReadAction","target":["https:\/\/www.em.com.br\/emfoco\/2026\/05\/01\/como-e-a-vida-em-itapemirim-es-cidade-onde-o-mar-sustenta-historias-e-tradicoes\/"]}]},{"@type":"ImageObject","inLanguage":"pt-BR","@id":"https:\/\/www.em.com.br\/emfoco\/2026\/05\/01\/como-e-a-vida-em-itapemirim-es-cidade-onde-o-mar-sustenta-historias-e-tradicoes\/#primaryimage","url":"https:\/\/www.em.com.br\/emfoco\/wp-content\/uploads\/2026\/05\/EmFoco_09.jpg","contentUrl":"https:\/\/www.em.com.br\/emfoco\/wp-content\/uploads\/2026\/05\/EmFoco_09.jpg","width":1280,"height":720,"caption":"Economia e rotina de Itapemirim gravitam em torno da pesca artesanal"},{"@type":"BreadcrumbList","@id":"https:\/\/www.em.com.br\/emfoco\/2026\/05\/01\/como-e-a-vida-em-itapemirim-es-cidade-onde-o-mar-sustenta-historias-e-tradicoes\/#breadcrumb","itemListElement":[{"@type":"ListItem","position":1,"name":"In\u00edcio","item":"https:\/\/www.em.com.br\/emfoco\/"},{"@type":"ListItem","position":2,"name":"Como \u00e9 a vida em Itapemirim ES, cidade onde o mar sustenta hist\u00f3rias e tradi\u00e7\u00f5es"}]},{"@type":"WebSite","@id":"https:\/\/www.em.com.br\/emfoco\/#website","url":"https:\/\/www.em.com.br\/emfoco\/","name":"Estado de Minas - Em foco","description":"Acompanhe as \u00faltimas not\u00edcias e fique bem informado sobre tudo o que acontece em Minas Gerais, Brasil e no mundo.","potentialAction":[{"@type":"SearchAction","target":{"@type":"EntryPoint","urlTemplate":"https:\/\/www.em.com.br\/emfoco\/?s={search_term_string}"},"query-input":{"@type":"PropertyValueSpecification","valueRequired":true,"valueName":"search_term_string"}}],"inLanguage":"pt-BR"},{"@type":"Person","@id":"https:\/\/www.em.com.br\/emfoco\/#\/schema\/person\/bba594b7eebe9b9885fec3a5c7837089","name":"Douglas Myth","image":{"@type":"ImageObject","inLanguage":"pt-BR","@id":"https:\/\/www.em.com.br\/emfoco\/#\/schema\/person\/image\/","url":"https:\/\/secure.gravatar.com\/avatar\/1ac3cf50d0e68642c697dc0c960c802f?s=96&d=mm&r=g","contentUrl":"https:\/\/secure.gravatar.com\/avatar\/1ac3cf50d0e68642c697dc0c960c802f?s=96&d=mm&r=g","caption":"Douglas Myth"},"url":"https:\/\/www.em.com.br\/emfoco\/author\/douglasmyth\/"}]}},"_links":{"self":[{"href":"https:\/\/www.em.com.br\/emfoco\/wp-json\/wp\/v2\/posts\/201244","targetHints":{"allow":["GET"]}}],"collection":[{"href":"https:\/\/www.em.com.br\/emfoco\/wp-json\/wp\/v2\/posts"}],"about":[{"href":"https:\/\/www.em.com.br\/emfoco\/wp-json\/wp\/v2\/types\/post"}],"author":[{"embeddable":true,"href":"https:\/\/www.em.com.br\/emfoco\/wp-json\/wp\/v2\/users\/15"}],"replies":[{"embeddable":true,"href":"https:\/\/www.em.com.br\/emfoco\/wp-json\/wp\/v2\/comments?post=201244"}],"version-history":[{"count":2,"href":"https:\/\/www.em.com.br\/emfoco\/wp-json\/wp\/v2\/posts\/201244\/revisions"}],"predecessor-version":[{"id":201248,"href":"https:\/\/www.em.com.br\/emfoco\/wp-json\/wp\/v2\/posts\/201244\/revisions\/201248"}],"wp:featuredmedia":[{"embeddable":true,"href":"https:\/\/www.em.com.br\/emfoco\/wp-json\/wp\/v2\/media\/202071"}],"wp:attachment":[{"href":"https:\/\/www.em.com.br\/emfoco\/wp-json\/wp\/v2\/media?parent=201244"}],"wp:term":[{"taxonomy":"category","embeddable":true,"href":"https:\/\/www.em.com.br\/emfoco\/wp-json\/wp\/v2\/categories?post=201244"},{"taxonomy":"post_tag","embeddable":true,"href":"https:\/\/www.em.com.br\/emfoco\/wp-json\/wp\/v2\/tags?post=201244"}],"curies":[{"name":"wp","href":"https:\/\/api.w.org\/{rel}","templated":true}]}}