{"id":201223,"date":"2026-04-30T06:20:00","date_gmt":"2026-04-30T09:20:00","guid":{"rendered":"https:\/\/www.em.com.br\/emfoco\/?p=201223"},"modified":"2026-04-30T05:27:42","modified_gmt":"2026-04-30T08:27:42","slug":"sapatos-vermelhos-muito-elegantes-para-usar-aos-50-anos-ou-mais-no-outono-de-2026","status":"publish","type":"post","link":"https:\/\/www.em.com.br\/emfoco\/2026\/04\/30\/sapatos-vermelhos-muito-elegantes-para-usar-aos-50-anos-ou-mais-no-outono-de-2026\/","title":{"rendered":"Sapatos vermelhos muito elegantes para usar aos 50 anos ou mais no outono de 2026"},"content":{"rendered":"\n<p>Os <strong>sapatos vermelhos elegantes para 50+<\/strong> s\u00e3o a aposta mais poderosa do outono de 2026, e voc\u00ea vai adorar saber que nunca foi t\u00e3o f\u00e1cil arrasar com esse cl\u00e1ssico cheio de personalidade. Por isso, se voc\u00ea ainda hesita em apostar nessa cor vibrante, chegou a hora de mudar isso! Bora l\u00e1 descobrir como o vermelho pode transformar qualquer look com sofistica\u00e7\u00e3o e atitude?<\/p>\n\n\n\n<h2 class=\"wp-block-heading\">Por que os sapatos vermelhos s\u00e3o tend\u00eancia no outono 2026?<\/h2>\n\n\n\n<p>O vermelho voltou com tudo \u00e0s passarelas internacionais, e as especialistas de moda confirmam: essa cor \u00e9 sin\u00f4nimo de poder, eleg\u00e2ncia e autoestima. Al\u00e9m disso, o outono de 2026 trouxe uma paleta de neutros quentes que combina perfeitamente com o vermelho intenso, criando looks refinados e modernos.<\/p>\n\n\n\n<p>Por isso, investir em um bom par agora \u00e9 uma decis\u00e3o inteligente e estilosa. Voc\u00ea estar\u00e1 alinhada com as tend\u00eancias e, ao mesmo tempo, apostando em uma pe\u00e7a atemporal que dura por muitas temporadas.<\/p>\n\n\n\n<h2 class=\"wp-block-heading\">Quais s\u00e3o os modelos de sapatos vermelhos mais elegantes para usar aos 50 anos?<\/h2>\n\n\n\n<ul class=\"wp-block-list\">\n<li>O <strong>scarpin de salto m\u00e9dio<\/strong> \u00e9 cl\u00e1ssico, confort\u00e1vel e eleva qualquer produ\u00e7\u00e3o instantaneamente.<\/li>\n\n\n\n<li>A <strong>mule de bico fino<\/strong> \u00e9 sofisticada, moderna e perfeita para eventos diurnos e noturnos.<\/li>\n\n\n\n<li>O <strong>loafer vermelho envernizado<\/strong> combina estilo e praticidade como nenhum outro modelo.<\/li>\n\n\n\n<li>A <strong>bota de cano curto<\/strong> \u00e9 ideal para o frio do outono sem abrir m\u00e3o do charme vermelho.<\/li>\n\n\n\n<li>A <strong>sapatilha com detalhe met\u00e1lico<\/strong> une conforto e eleg\u00e2ncia num look despojado e chique.<\/li>\n<\/ul>\n\n\n\n<figure class=\"wp-block-image size-large\"><img loading=\"lazy\" decoding=\"async\" width=\"1024\" height=\"576\" src=\"https:\/\/www.em.com.br\/emfoco\/wp-content\/uploads\/2026\/04\/ChatGPT-Image-29-de-abr.-de-2026-12_15_51-1024x576.png\" alt=\"\" class=\"wp-image-201224\" srcset=\"https:\/\/www.em.com.br\/emfoco\/wp-content\/uploads\/2026\/04\/ChatGPT-Image-29-de-abr.-de-2026-12_15_51-1024x576.png 1024w, https:\/\/www.em.com.br\/emfoco\/wp-content\/uploads\/2026\/04\/ChatGPT-Image-29-de-abr.-de-2026-12_15_51-300x169.png 300w, https:\/\/www.em.com.br\/emfoco\/wp-content\/uploads\/2026\/04\/ChatGPT-Image-29-de-abr.-de-2026-12_15_51-768x432.png 768w, https:\/\/www.em.com.br\/emfoco\/wp-content\/uploads\/2026\/04\/ChatGPT-Image-29-de-abr.-de-2026-12_15_51-1536x864.png 1536w, https:\/\/www.em.com.br\/emfoco\/wp-content\/uploads\/2026\/04\/ChatGPT-Image-29-de-abr.-de-2026-12_15_51-750x422.png 750w, https:\/\/www.em.com.br\/emfoco\/wp-content\/uploads\/2026\/04\/ChatGPT-Image-29-de-abr.-de-2026-12_15_51-1140x642.png 1140w, https:\/\/www.em.com.br\/emfoco\/wp-content\/uploads\/2026\/04\/ChatGPT-Image-29-de-abr.-de-2026-12_15_51.png 1672w\" sizes=\"auto, (max-width: 1024px) 100vw, 1024px\" \/><figcaption class=\"wp-element-caption\">Sapatos vermelhos elegantes para 50+ dominam o outono 2026 e transformam looks com sofistica\u00e7\u00e3o<\/figcaption><\/figure>\n\n\n\n<h2 class=\"wp-block-heading\">Como combinar sapatos vermelhos elegantes para 50+ no dia a dia?<\/h2>\n\n\n\n<p>Combinar <strong>sapatos vermelhos elegantes para 50+<\/strong> \u00e9 mais simples do que parece! Amei a regra dos neutros: cal\u00e7a bege, blazer camel ou vestido preto s\u00e3o parceiros perfeitos para o vermelho brilhar sem competi\u00e7\u00e3o. Contudo, n\u00e3o tenha medo de ousar com estampas discretas tamb\u00e9m.<\/p>\n\n\n\n<p>Ent\u00e3o, para o trabalho, aposte no scarpin vermelho com uma cal\u00e7a de alfaiataria cinza. Para o fim de semana, a mule ou o loafer deixam o visual descontra\u00eddo e cheio de personalidade. O segredo \u00e9 deixar o sapato ser o protagonista!<\/p>\n\n\n\n<h2 class=\"wp-block-heading\">Quais tecidos e cores de roupa valorizam os sapatos vermelhos no outono?<\/h2>\n\n\n\n<p>O outono pede tecidos encorpados e aconchegantes, e eles combinam lindamente com o vermelho. Al\u00e9m disso, tons como caramelo, terracota, bege e vinho criam uma harmonia sofisticada e muito feminina com qualquer modelo de <strong>sapatos vermelhos elegantes para 50+<\/strong>.<\/p>\n\n\n\n<figure class=\"wp-block-image size-large\"><img loading=\"lazy\" decoding=\"async\" width=\"1024\" height=\"576\" src=\"https:\/\/www.em.com.br\/emfoco\/wp-content\/uploads\/2026\/04\/ChatGPT-Image-29-de-abr.-de-2026-12_14_09-1024x576.png\" alt=\"\" class=\"wp-image-201225\" srcset=\"https:\/\/www.em.com.br\/emfoco\/wp-content\/uploads\/2026\/04\/ChatGPT-Image-29-de-abr.-de-2026-12_14_09-1024x576.png 1024w, https:\/\/www.em.com.br\/emfoco\/wp-content\/uploads\/2026\/04\/ChatGPT-Image-29-de-abr.-de-2026-12_14_09-300x169.png 300w, https:\/\/www.em.com.br\/emfoco\/wp-content\/uploads\/2026\/04\/ChatGPT-Image-29-de-abr.-de-2026-12_14_09-768x432.png 768w, https:\/\/www.em.com.br\/emfoco\/wp-content\/uploads\/2026\/04\/ChatGPT-Image-29-de-abr.-de-2026-12_14_09-1536x864.png 1536w, https:\/\/www.em.com.br\/emfoco\/wp-content\/uploads\/2026\/04\/ChatGPT-Image-29-de-abr.-de-2026-12_14_09-750x422.png 750w, https:\/\/www.em.com.br\/emfoco\/wp-content\/uploads\/2026\/04\/ChatGPT-Image-29-de-abr.-de-2026-12_14_09-1140x642.png 1140w, https:\/\/www.em.com.br\/emfoco\/wp-content\/uploads\/2026\/04\/ChatGPT-Image-29-de-abr.-de-2026-12_14_09.png 1672w\" sizes=\"auto, (max-width: 1024px) 100vw, 1024px\" \/><figcaption class=\"wp-element-caption\">Mulheres 50+ apostam em sapatos vermelhos no outono 2026 e elevam o visual com atitude<\/figcaption><\/figure>\n\n\n\n<p>Por isso, invista em pe\u00e7as de l\u00e3, tweed e veludo para compor looks outono completos e cheios de classe. Contudo, o preto e o off-white tamb\u00e9m nunca erram e garantem um resultado elegante e seguro para qualquer ocasi\u00e3o.<\/p>\n\n\n<table style=\"width:100%; border-collapse:separate; border:2px solid #e63946; border-radius:12px; box-shadow:0 10px 30px rgba(0,0,0,0.08); overflow:hidden;\">\n<thead>\n<tr style=\"background-color:#c1121f; color:#ffffff;\">\n<th style=\"padding:12px; border:1px solid #e63946;\">Modelo<\/th>\n<th style=\"padding:12px; border:1px solid #e63946;\">Ocasi\u00e3o<\/th>\n<th style=\"padding:12px; border:1px solid #e63946;\">Combo Perfeito<\/th>\n<\/tr>\n<\/thead>\n<tbody>\n<tr>\n<td style=\"padding:12px; border:1px solid #e63946;\">Scarpin salto m\u00e9dio<\/td>\n<td style=\"padding:12px; border:1px solid #e63946;\">Trabalho e jantares<\/td>\n<td style=\"padding:12px; border:1px solid #e63946;\">Cal\u00e7a preta + blazer camel<\/td>\n<\/tr>\n<tr style=\"background:#fff5f5;\">\n<td style=\"padding:12px; border:1px solid #e63946;\">Mule bico fino<\/td>\n<td style=\"padding:12px; border:1px solid #e63946;\">Eventos e passeios<\/td>\n<td style=\"padding:12px; border:1px solid #e63946;\">Vestido midi + bolsa nude<\/td>\n<\/tr>\n<tr>\n<td style=\"padding:12px; border:1px solid #e63946;\">Loafer envernizado<\/td>\n<td style=\"padding:12px; border:1px solid #e63946;\">Casual chique<\/td>\n<td style=\"padding:12px; border:1px solid #e63946;\">Mom jeans + trench coat bege<\/td>\n<\/tr>\n<tr style=\"background:#fff5f5;\">\n<td style=\"padding:12px; border:1px solid #e63946;\">Bota cano curto<\/td>\n<td style=\"padding:12px; border:1px solid #e63946;\">Frio e conforto<\/td>\n<td style=\"padding:12px; border:1px solid #e63946;\">Saia midi + su\u00e9ter terracota<\/td>\n<\/tr>\n<\/tbody>\n<\/table>\n\n\n\n<h2 class=\"wp-block-heading\">Vale a pena investir em sapatos vermelhos de couro de qualidade aos 50 anos?<\/h2>\n\n\n\n<p>Vale muito a pena! Os <strong>sapatos vermelhos elegantes para 50+<\/strong> de couro genu\u00edno duram anos e ficam ainda mais bonitos com o tempo. Al\u00e9m disso, o couro molda ao p\u00e9 e proporciona muito mais conforto, especialmente para quem passa horas em p\u00e9 ou caminhando.<\/p>\n\n\n\n<p>Ent\u00e3o, priorize marcas que oferecem palmilha anat\u00f4mica e salto est\u00e1vel. Contudo, o couro envernizado e o nubuck vermelho tamb\u00e9m s\u00e3o \u00f3timas op\u00e7\u00f5es com excelente custo-benef\u00edcio. Voc\u00ea vai adorar o resultado a longo prazo!<\/p>\n\n\n\n<h2 class=\"wp-block-heading\">Voc\u00ea est\u00e1 pronta para se apaixonar pelo vermelho este outono?<\/h2>\n\n\n\n<p>Essa cor \u00e9 muito mais do que uma tend\u00eancia passageira: ela representa ousadia, eleg\u00e2ncia e a seguran\u00e7a de uma mulher que sabe exatamente quem ela \u00e9. Por isso, aos 50 anos ou mais, o vermelho \u00e9 quase uma declara\u00e7\u00e3o de amor pr\u00f3prio. Cada passo com esse sapato \u00e9 um recado para o mundo de que voc\u00ea chegou, est\u00e1 confiante e est\u00e1 arrasando!<\/p>\n\n\n\n<p>Al\u00e9m disso, o outono de 2026 \u00e9 o cen\u00e1rio perfeito para voc\u00ea se renovar e experimentar o que talvez tenha deixado para depois. Ent\u00e3o, que tal come\u00e7ar agora? Escolha o modelo que mais combina com a sua vida, solte o vermelho que existe em voc\u00ea e aproveite cada look com leveza e muita alegria. Voc\u00ea merece!<\/p>\n\n\n\n<p><\/p>\n","protected":false},"excerpt":{"rendered":"<p>Os sapatos vermelhos elegantes para 50+ s\u00e3o a aposta mais poderosa do outono de 2026, e voc\u00ea vai adorar saber que nunca foi t\u00e3o f\u00e1cil arrasar com esse cl\u00e1ssico cheio de personalidade. Por isso, se voc\u00ea ainda hesita em apostar nessa cor vibrante, chegou a hora de mudar isso! Bora l\u00e1 descobrir como o vermelho [&hellip;]<\/p>\n","protected":false},"author":19,"featured_media":201226,"comment_status":"open","ping_status":"open","sticky":false,"template":"","format":"standard","meta":{"jnews-multi-image_gallery":[],"jnews_single_post":{"format":"standard"},"jnews_primary_category":[],"jnews_social_meta":[],"jnews_override_counter":[],"footnotes":""},"categories":[8819],"tags":[18848,29029,18936],"class_list":["post-201223","post","type-post","status-publish","format-standard","has-post-thumbnail","hentry","category-curiosidades","tag-sapato-feminino","tag-sapato-vermelho","tag-vermelho"],"yoast_head":"<!-- This site is optimized with the Yoast SEO plugin v23.8 - https:\/\/yoast.com\/wordpress\/plugins\/seo\/ -->\n<title>Sapatos vermelhos muito elegantes para usar aos 50 anos ou mais no outono de 2026 - Estado de Minas - Em foco<\/title>\n<meta name=\"description\" content=\"Sapatos vermelhos elegantes para 50+ s\u00e3o a trend do outono 2026! Veja modelos, combina\u00e7\u00f5es e dicas para arrasar com estilo e conforto.\" \/>\n<meta name=\"robots\" content=\"index, follow, max-snippet:-1, max-image-preview:large, max-video-preview:-1\" \/>\n<link rel=\"canonical\" href=\"https:\/\/www.em.com.br\/emfoco\/2026\/04\/30\/sapatos-vermelhos-muito-elegantes-para-usar-aos-50-anos-ou-mais-no-outono-de-2026\/\" \/>\n<meta property=\"og:locale\" content=\"pt_BR\" \/>\n<meta property=\"og:type\" content=\"article\" \/>\n<meta property=\"og:title\" content=\"Sapatos vermelhos muito elegantes para usar aos 50 anos ou mais no outono de 2026 - Estado de Minas - Em foco\" \/>\n<meta property=\"og:description\" content=\"Sapatos vermelhos elegantes para 50+ s\u00e3o a trend do outono 2026! Veja modelos, combina\u00e7\u00f5es e dicas para arrasar com estilo e conforto.\" \/>\n<meta property=\"og:url\" content=\"https:\/\/www.em.com.br\/emfoco\/2026\/04\/30\/sapatos-vermelhos-muito-elegantes-para-usar-aos-50-anos-ou-mais-no-outono-de-2026\/\" \/>\n<meta property=\"og:site_name\" content=\"Estado de Minas - Em foco\" \/>\n<meta property=\"article:published_time\" content=\"2026-04-30T09:20:00+00:00\" \/>\n<meta property=\"article:modified_time\" content=\"2026-04-30T08:27:42+00:00\" \/>\n<meta property=\"og:image\" content=\"https:\/\/www.em.com.br\/emfoco\/wp-content\/uploads\/2026\/04\/ChatGPT-Image-29-de-abr.-de-2026-12_17_47-1024x576.png\" \/>\n\t<meta property=\"og:image:width\" content=\"1024\" \/>\n\t<meta property=\"og:image:height\" content=\"576\" \/>\n\t<meta property=\"og:image:type\" content=\"image\/png\" \/>\n<meta name=\"author\" content=\"Vanessa Tavares\" \/>\n<meta name=\"twitter:card\" content=\"summary_large_image\" \/>\n<meta name=\"twitter:label1\" content=\"Escrito por\" \/>\n\t<meta name=\"twitter:data1\" content=\"Vanessa Tavares\" \/>\n\t<meta name=\"twitter:label2\" content=\"Est. tempo de leitura\" \/>\n\t<meta name=\"twitter:data2\" content=\"5 minutos\" \/>\n<!-- \/ Yoast SEO plugin. -->","yoast_head_json":{"title":"Sapatos vermelhos muito elegantes para usar aos 50 anos ou mais no outono de 2026 - Estado de Minas - Em foco","description":"Sapatos vermelhos elegantes para 50+ s\u00e3o a trend do outono 2026! Veja modelos, combina\u00e7\u00f5es e dicas para arrasar com estilo e conforto.","robots":{"index":"index","follow":"follow","max-snippet":"max-snippet:-1","max-image-preview":"max-image-preview:large","max-video-preview":"max-video-preview:-1"},"canonical":"https:\/\/www.em.com.br\/emfoco\/2026\/04\/30\/sapatos-vermelhos-muito-elegantes-para-usar-aos-50-anos-ou-mais-no-outono-de-2026\/","og_locale":"pt_BR","og_type":"article","og_title":"Sapatos vermelhos muito elegantes para usar aos 50 anos ou mais no outono de 2026 - Estado de Minas - Em foco","og_description":"Sapatos vermelhos elegantes para 50+ s\u00e3o a trend do outono 2026! Veja modelos, combina\u00e7\u00f5es e dicas para arrasar com estilo e conforto.","og_url":"https:\/\/www.em.com.br\/emfoco\/2026\/04\/30\/sapatos-vermelhos-muito-elegantes-para-usar-aos-50-anos-ou-mais-no-outono-de-2026\/","og_site_name":"Estado de Minas - Em foco","article_published_time":"2026-04-30T09:20:00+00:00","article_modified_time":"2026-04-30T08:27:42+00:00","og_image":[{"width":1024,"height":576,"url":"https:\/\/www.em.com.br\/emfoco\/wp-content\/uploads\/2026\/04\/ChatGPT-Image-29-de-abr.-de-2026-12_17_47-1024x576.png","type":"image\/png"}],"author":"Vanessa Tavares","twitter_card":"summary_large_image","twitter_misc":{"Escrito por":"Vanessa Tavares","Est. tempo de leitura":"5 minutos"},"schema":{"@context":"https:\/\/schema.org","@graph":[{"@type":"WebPage","@id":"https:\/\/www.em.com.br\/emfoco\/2026\/04\/30\/sapatos-vermelhos-muito-elegantes-para-usar-aos-50-anos-ou-mais-no-outono-de-2026\/","url":"https:\/\/www.em.com.br\/emfoco\/2026\/04\/30\/sapatos-vermelhos-muito-elegantes-para-usar-aos-50-anos-ou-mais-no-outono-de-2026\/","name":"Sapatos vermelhos muito elegantes para usar aos 50 anos ou mais no outono de 2026 - Estado de Minas - Em foco","isPartOf":{"@id":"https:\/\/www.em.com.br\/emfoco\/#website"},"primaryImageOfPage":{"@id":"https:\/\/www.em.com.br\/emfoco\/2026\/04\/30\/sapatos-vermelhos-muito-elegantes-para-usar-aos-50-anos-ou-mais-no-outono-de-2026\/#primaryimage"},"image":{"@id":"https:\/\/www.em.com.br\/emfoco\/2026\/04\/30\/sapatos-vermelhos-muito-elegantes-para-usar-aos-50-anos-ou-mais-no-outono-de-2026\/#primaryimage"},"thumbnailUrl":"https:\/\/www.em.com.br\/emfoco\/wp-content\/uploads\/2026\/04\/ChatGPT-Image-29-de-abr.-de-2026-12_17_47.png","datePublished":"2026-04-30T09:20:00+00:00","dateModified":"2026-04-30T08:27:42+00:00","author":{"@id":"https:\/\/www.em.com.br\/emfoco\/#\/schema\/person\/4a7a157aac450b98edc86f15a7434f0b"},"description":"Sapatos vermelhos elegantes para 50+ s\u00e3o a trend do outono 2026! Veja modelos, combina\u00e7\u00f5es e dicas para arrasar com estilo e conforto.","breadcrumb":{"@id":"https:\/\/www.em.com.br\/emfoco\/2026\/04\/30\/sapatos-vermelhos-muito-elegantes-para-usar-aos-50-anos-ou-mais-no-outono-de-2026\/#breadcrumb"},"inLanguage":"pt-BR","potentialAction":[{"@type":"ReadAction","target":["https:\/\/www.em.com.br\/emfoco\/2026\/04\/30\/sapatos-vermelhos-muito-elegantes-para-usar-aos-50-anos-ou-mais-no-outono-de-2026\/"]}]},{"@type":"ImageObject","inLanguage":"pt-BR","@id":"https:\/\/www.em.com.br\/emfoco\/2026\/04\/30\/sapatos-vermelhos-muito-elegantes-para-usar-aos-50-anos-ou-mais-no-outono-de-2026\/#primaryimage","url":"https:\/\/www.em.com.br\/emfoco\/wp-content\/uploads\/2026\/04\/ChatGPT-Image-29-de-abr.-de-2026-12_17_47.png","contentUrl":"https:\/\/www.em.com.br\/emfoco\/wp-content\/uploads\/2026\/04\/ChatGPT-Image-29-de-abr.-de-2026-12_17_47.png","width":1672,"height":941,"caption":"Sapatos vermelhos elegantes para 50+ ganham destaque no outono 2026 com modelos sofisticados"},{"@type":"BreadcrumbList","@id":"https:\/\/www.em.com.br\/emfoco\/2026\/04\/30\/sapatos-vermelhos-muito-elegantes-para-usar-aos-50-anos-ou-mais-no-outono-de-2026\/#breadcrumb","itemListElement":[{"@type":"ListItem","position":1,"name":"In\u00edcio","item":"https:\/\/www.em.com.br\/emfoco\/"},{"@type":"ListItem","position":2,"name":"Sapatos vermelhos muito elegantes para usar aos 50 anos ou mais no outono de 2026"}]},{"@type":"WebSite","@id":"https:\/\/www.em.com.br\/emfoco\/#website","url":"https:\/\/www.em.com.br\/emfoco\/","name":"Estado de Minas - Em foco","description":"Acompanhe as \u00faltimas not\u00edcias e fique bem informado sobre tudo o que acontece em Minas Gerais, Brasil e no mundo.","potentialAction":[{"@type":"SearchAction","target":{"@type":"EntryPoint","urlTemplate":"https:\/\/www.em.com.br\/emfoco\/?s={search_term_string}"},"query-input":{"@type":"PropertyValueSpecification","valueRequired":true,"valueName":"search_term_string"}}],"inLanguage":"pt-BR"},{"@type":"Person","@id":"https:\/\/www.em.com.br\/emfoco\/#\/schema\/person\/4a7a157aac450b98edc86f15a7434f0b","name":"Vanessa Tavares","image":{"@type":"ImageObject","inLanguage":"pt-BR","@id":"https:\/\/www.em.com.br\/emfoco\/#\/schema\/person\/image\/","url":"https:\/\/secure.gravatar.com\/avatar\/088c9372da58da00f00f8e508f13d635?s=96&d=mm&r=g","contentUrl":"https:\/\/secure.gravatar.com\/avatar\/088c9372da58da00f00f8e508f13d635?s=96&d=mm&r=g","caption":"Vanessa Tavares"},"sameAs":["https:\/\/www.em.com.br\/emfoco"],"url":"https:\/\/www.em.com.br\/emfoco\/author\/vanessamyth\/"}]}},"_links":{"self":[{"href":"https:\/\/www.em.com.br\/emfoco\/wp-json\/wp\/v2\/posts\/201223","targetHints":{"allow":["GET"]}}],"collection":[{"href":"https:\/\/www.em.com.br\/emfoco\/wp-json\/wp\/v2\/posts"}],"about":[{"href":"https:\/\/www.em.com.br\/emfoco\/wp-json\/wp\/v2\/types\/post"}],"author":[{"embeddable":true,"href":"https:\/\/www.em.com.br\/emfoco\/wp-json\/wp\/v2\/users\/19"}],"replies":[{"embeddable":true,"href":"https:\/\/www.em.com.br\/emfoco\/wp-json\/wp\/v2\/comments?post=201223"}],"version-history":[{"count":1,"href":"https:\/\/www.em.com.br\/emfoco\/wp-json\/wp\/v2\/posts\/201223\/revisions"}],"predecessor-version":[{"id":201227,"href":"https:\/\/www.em.com.br\/emfoco\/wp-json\/wp\/v2\/posts\/201223\/revisions\/201227"}],"wp:featuredmedia":[{"embeddable":true,"href":"https:\/\/www.em.com.br\/emfoco\/wp-json\/wp\/v2\/media\/201226"}],"wp:attachment":[{"href":"https:\/\/www.em.com.br\/emfoco\/wp-json\/wp\/v2\/media?parent=201223"}],"wp:term":[{"taxonomy":"category","embeddable":true,"href":"https:\/\/www.em.com.br\/emfoco\/wp-json\/wp\/v2\/categories?post=201223"},{"taxonomy":"post_tag","embeddable":true,"href":"https:\/\/www.em.com.br\/emfoco\/wp-json\/wp\/v2\/tags?post=201223"}],"curies":[{"name":"wp","href":"https:\/\/api.w.org\/{rel}","templated":true}]}}