{"id":201195,"date":"2026-04-29T06:38:00","date_gmt":"2026-04-29T09:38:00","guid":{"rendered":"https:\/\/www.em.com.br\/emfoco\/?p=201195"},"modified":"2026-04-29T05:35:01","modified_gmt":"2026-04-29T08:35:01","slug":"brasil-se-juntou-a-alemanha-italia-e-reino-unido-prato-favorito-dos-bilionarios-que-virou-crime-no-brasil","status":"publish","type":"post","link":"https:\/\/www.em.com.br\/emfoco\/2026\/04\/29\/brasil-se-juntou-a-alemanha-italia-e-reino-unido-prato-favorito-dos-bilionarios-que-virou-crime-no-brasil\/","title":{"rendered":"Brasil se juntou \u00e0 Alemanha, It\u00e1lia e Reino Unido: prato favorito dos bilion\u00e1rios que virou crime no Brasil"},"content":{"rendered":"\n<p>Voc\u00ea provavelmente j\u00e1 ouviu falar do foie gras, aquela iguaria francesa servida em restaurantes sofisticados. Mas talvez nunca tenha parado para pensar em como ela \u00e9 produzida \u2014 e o que o Congresso brasileiro est\u00e1 fazendo para mudar esse cen\u00e1rio.<\/p>\n\n\n\n<h2 class=\"wp-block-heading\">A t\u00e9cnica que est\u00e1 no centro do debate<\/h2>\n\n\n\n<p>O <strong>foie gras<\/strong> \u00e9 feito do f\u00edgado de patos e gansos submetidos a um processo chamado <em>gavage<\/em>: um tubo \u00e9 inserido na garganta da ave repetidamente para for\u00e7ar a ingest\u00e3o de alimento em quantidade muito al\u00e9m do natural. O resultado \u00e9 um f\u00edgado hipertrofiado que pode chegar a <strong>10 a 12 vezes o tamanho normal<\/strong>, segundo dados da <a href=\"https:\/\/animalequality.org.br\/campanha\/stop-foie-gras\/\" target=\"_blank\" rel=\"noreferrer noopener\">Animal Equality<\/a>. \u00c9 essa gordura excessiva que d\u00e1 ao produto sua textura caracter\u00edstica.<\/p>\n\n\n\n<p>A pr\u00e1tica \u00e9 proibida em v\u00e1rios pa\u00edses europeus, incluindo Alemanha, It\u00e1lia e Reino Unido. No Brasil, o debate chegou ao Congresso com o <a href=\"https:\/\/www.camara.leg.br\/propostas-legislativas\/2236001\" target=\"_blank\" rel=\"noreferrer noopener\">Projeto de Lei 90\/2020<\/a>, que pro\u00edbe a produ\u00e7\u00e3o e a comercializa\u00e7\u00e3o de qualquer produto obtido por m\u00e9todos de alimenta\u00e7\u00e3o for\u00e7ada de animais.<\/p>\n\n\n\n<blockquote class=\"instagram-media\" data-instgrm-permalink=\"https:\/\/www.instagram.com\/p\/DXsdklQkYFi\/?utm_source=ig_embed&amp;utm_campaign=loading\" data-instgrm-version=\"14\" style=\" background:#FFF; border:0; border-radius:3px; box-shadow:0 0 1px 0 rgba(0,0,0,0.5),0 1px 10px 0 rgba(0,0,0,0.15); margin: 1px; max-width:540px; min-width:326px; padding:0; width:99.375%; width:-webkit-calc(100% - 2px); width:calc(100% - 2px);\"><div style=\"padding:16px;\"> <a href=\"https:\/\/www.instagram.com\/p\/DXsdklQkYFi\/?utm_source=ig_embed&amp;utm_campaign=loading\" style=\" background:#FFFFFF; line-height:0; padding:0 0; text-align:center; text-decoration:none; width:100%;\" target=\"_blank\"> <div style=\" display: flex; flex-direction: row; align-items: center;\"> <div style=\"background-color: #F4F4F4; border-radius: 50%; flex-grow: 0; height: 40px; margin-right: 14px; width: 40px;\"><\/div> <div style=\"display: flex; flex-direction: column; flex-grow: 1; justify-content: center;\"> <div style=\" background-color: #F4F4F4; border-radius: 4px; flex-grow: 0; height: 14px; margin-bottom: 6px; width: 100px;\"><\/div> <div style=\" background-color: #F4F4F4; border-radius: 4px; flex-grow: 0; height: 14px; width: 60px;\"><\/div><\/div><\/div><div style=\"padding: 19% 0;\"><\/div> <div style=\"display:block; height:50px; margin:0 auto 12px; width:50px;\"><svg width=\"50px\" height=\"50px\" viewBox=\"0 0 60 60\" version=\"1.1\" xmlns=\"https:\/\/www.w3.org\/2000\/svg\" xmlns:xlink=\"https:\/\/www.w3.org\/1999\/xlink\"><g stroke=\"none\" stroke-width=\"1\" fill=\"none\" fill-rule=\"evenodd\"><g transform=\"translate(-511.000000, -20.000000)\" fill=\"#000000\"><g><path d=\"M556.869,30.41 C554.814,30.41 553.148,32.076 553.148,34.131 C553.148,36.186 554.814,37.852 556.869,37.852 C558.924,37.852 560.59,36.186 560.59,34.131 C560.59,32.076 558.924,30.41 556.869,30.41 M541,60.657 C535.114,60.657 530.342,55.887 530.342,50 C530.342,44.114 535.114,39.342 541,39.342 C546.887,39.342 551.658,44.114 551.658,50 C551.658,55.887 546.887,60.657 541,60.657 M541,33.886 C532.1,33.886 524.886,41.1 524.886,50 C524.886,58.899 532.1,66.113 541,66.113 C549.9,66.113 557.115,58.899 557.115,50 C557.115,41.1 549.9,33.886 541,33.886 M565.378,62.101 C565.244,65.022 564.756,66.606 564.346,67.663 C563.803,69.06 563.154,70.057 562.106,71.106 C561.058,72.155 560.06,72.803 558.662,73.347 C557.607,73.757 556.021,74.244 553.102,74.378 C549.944,74.521 548.997,74.552 541,74.552 C533.003,74.552 532.056,74.521 528.898,74.378 C525.979,74.244 524.393,73.757 523.338,73.347 C521.94,72.803 520.942,72.155 519.894,71.106 C518.846,70.057 518.197,69.06 517.654,67.663 C517.244,66.606 516.755,65.022 516.623,62.101 C516.479,58.943 516.448,57.996 516.448,50 C516.448,42.003 516.479,41.056 516.623,37.899 C516.755,34.978 517.244,33.391 517.654,32.338 C518.197,30.938 518.846,29.942 519.894,28.894 C520.942,27.846 521.94,27.196 523.338,26.654 C524.393,26.244 525.979,25.756 528.898,25.623 C532.057,25.479 533.004,25.448 541,25.448 C548.997,25.448 549.943,25.479 553.102,25.623 C556.021,25.756 557.607,26.244 558.662,26.654 C560.06,27.196 561.058,27.846 562.106,28.894 C563.154,29.942 563.803,30.938 564.346,32.338 C564.756,33.391 565.244,34.978 565.378,37.899 C565.522,41.056 565.552,42.003 565.552,50 C565.552,57.996 565.522,58.943 565.378,62.101 M570.82,37.631 C570.674,34.438 570.167,32.258 569.425,30.349 C568.659,28.377 567.633,26.702 565.965,25.035 C564.297,23.368 562.623,22.342 560.652,21.575 C558.743,20.834 556.562,20.326 553.369,20.18 C550.169,20.033 549.148,20 541,20 C532.853,20 531.831,20.033 528.631,20.18 C525.438,20.326 523.257,20.834 521.349,21.575 C519.376,22.342 517.703,23.368 516.035,25.035 C514.368,26.702 513.342,28.377 512.574,30.349 C511.834,32.258 511.326,34.438 511.181,37.631 C511.035,40.831 511,41.851 511,50 C511,58.147 511.035,59.17 511.181,62.369 C511.326,65.562 511.834,67.743 512.574,69.651 C513.342,71.625 514.368,73.296 516.035,74.965 C517.703,76.634 519.376,77.658 521.349,78.425 C523.257,79.167 525.438,79.673 528.631,79.82 C531.831,79.965 532.853,80.001 541,80.001 C549.148,80.001 550.169,79.965 553.369,79.82 C556.562,79.673 558.743,79.167 560.652,78.425 C562.623,77.658 564.297,76.634 565.965,74.965 C567.633,73.296 568.659,71.625 569.425,69.651 C570.167,67.743 570.674,65.562 570.82,62.369 C570.966,59.17 571,58.147 571,50 C571,41.851 570.966,40.831 570.82,37.631\"><\/path><\/g><\/g><\/g><\/svg><\/div><div style=\"padding-top: 8px;\"> <div style=\" color:#3897f0; font-family:Arial,sans-serif; font-size:14px; font-style:normal; font-weight:550; line-height:18px;\">Ver esta publica\u00e7\u00e3o no Instagram<\/div><\/div><div style=\"padding: 12.5% 0;\"><\/div> <div style=\"display: flex; flex-direction: row; margin-bottom: 14px; align-items: center;\"><div> <div style=\"background-color: #F4F4F4; border-radius: 50%; height: 12.5px; width: 12.5px; transform: translateX(0px) translateY(7px);\"><\/div> <div style=\"background-color: #F4F4F4; height: 12.5px; transform: rotate(-45deg) translateX(3px) translateY(1px); width: 12.5px; flex-grow: 0; margin-right: 14px; margin-left: 2px;\"><\/div> <div style=\"background-color: #F4F4F4; border-radius: 50%; height: 12.5px; width: 12.5px; transform: translateX(9px) translateY(-18px);\"><\/div><\/div><div style=\"margin-left: 8px;\"> <div style=\" background-color: #F4F4F4; border-radius: 50%; flex-grow: 0; height: 20px; width: 20px;\"><\/div> <div style=\" width: 0; height: 0; border-top: 2px solid transparent; border-left: 6px solid #f4f4f4; border-bottom: 2px solid transparent; transform: translateX(16px) translateY(-4px) rotate(30deg)\"><\/div><\/div><div style=\"margin-left: auto;\"> <div style=\" width: 0px; border-top: 8px solid #F4F4F4; border-right: 8px solid transparent; transform: translateY(16px);\"><\/div> <div style=\" background-color: #F4F4F4; flex-grow: 0; height: 12px; width: 16px; transform: translateY(-4px);\"><\/div> <div style=\" width: 0; height: 0; border-top: 8px solid #F4F4F4; border-left: 8px solid transparent; transform: translateY(-4px) translateX(8px);\"><\/div><\/div><\/div> <div style=\"display: flex; flex-direction: column; flex-grow: 1; justify-content: center; margin-bottom: 24px;\"> <div style=\" background-color: #F4F4F4; border-radius: 4px; flex-grow: 0; height: 14px; margin-bottom: 6px; width: 224px;\"><\/div> <div style=\" background-color: #F4F4F4; border-radius: 4px; flex-grow: 0; height: 14px; width: 144px;\"><\/div><\/div><\/a><p style=\" color:#c9c8cd; font-family:Arial,sans-serif; font-size:14px; line-height:17px; margin-bottom:0; margin-top:8px; overflow:hidden; padding:8px 0 7px; text-align:center; text-overflow:ellipsis; white-space:nowrap;\"><a href=\"https:\/\/www.instagram.com\/p\/DXsdklQkYFi\/?utm_source=ig_embed&amp;utm_campaign=loading\" style=\" color:#c9c8cd; font-family:Arial,sans-serif; font-size:14px; font-style:normal; font-weight:normal; line-height:17px; text-decoration:none;\" target=\"_blank\">Uma publica\u00e7\u00e3o partilhada por Mario Motta (@mariomottaoficial)<\/a><\/p><\/div><\/blockquote>\n<script async src=\"\/\/www.instagram.com\/embed.js\"><\/script>\n\n\n\n<h2 class=\"wp-block-heading\">O que a aprova\u00e7\u00e3o na CCJC significa na pr\u00e1tica<\/h2>\n\n\n\n<p>No dia 28 de abril de 2026, a <strong>Comiss\u00e3o de Constitui\u00e7\u00e3o e Justi\u00e7a e de Cidadania (CCJC)<\/strong> da C\u00e2mara dos Deputados aprovou o projeto. Essa comiss\u00e3o analisa se uma proposta \u00e9 constitucional e juridicamente admiss\u00edvel, ou seja, se ela pode seguir em frente. Com esse aval, o PL 90\/2020 est\u00e1 pronto para ir ao Plen\u00e1rio da C\u00e2mara, onde todos os deputados votam.<\/p>\n\n\n\n<p>\u00c9 um passo importante na tramita\u00e7\u00e3o legislativa brasileira. A <strong>prote\u00e7\u00e3o animal<\/strong> ganhou for\u00e7a institucional, e a proibi\u00e7\u00e3o do foie gras pode se tornar lei federal em breve, cobrindo todo o territ\u00f3rio nacional.<\/p>\n\n\n\n<figure class=\"wp-block-image size-large\"><img loading=\"lazy\" decoding=\"async\" width=\"1024\" height=\"576\" src=\"https:\/\/www.em.com.br\/emfoco\/wp-content\/uploads\/2026\/04\/Brasil-se-juntou-a-Alemanha-Italia-e-Reino-Unido-prato-favorito-dos-bilionarios-que-virou-crime-no-Brasil-1-1024x576.jpg\" alt=\"Brasil se juntou \u00e0 Alemanha, It\u00e1lia e Reino Unido: prato favorito dos bilion\u00e1rios que virou crime no Brasil\" class=\"wp-image-201202\" srcset=\"https:\/\/www.em.com.br\/emfoco\/wp-content\/uploads\/2026\/04\/Brasil-se-juntou-a-Alemanha-Italia-e-Reino-Unido-prato-favorito-dos-bilionarios-que-virou-crime-no-Brasil-1-1024x576.jpg 1024w, https:\/\/www.em.com.br\/emfoco\/wp-content\/uploads\/2026\/04\/Brasil-se-juntou-a-Alemanha-Italia-e-Reino-Unido-prato-favorito-dos-bilionarios-que-virou-crime-no-Brasil-1-300x169.jpg 300w, https:\/\/www.em.com.br\/emfoco\/wp-content\/uploads\/2026\/04\/Brasil-se-juntou-a-Alemanha-Italia-e-Reino-Unido-prato-favorito-dos-bilionarios-que-virou-crime-no-Brasil-1-768x432.jpg 768w, https:\/\/www.em.com.br\/emfoco\/wp-content\/uploads\/2026\/04\/Brasil-se-juntou-a-Alemanha-Italia-e-Reino-Unido-prato-favorito-dos-bilionarios-que-virou-crime-no-Brasil-1-750x422.jpg 750w, https:\/\/www.em.com.br\/emfoco\/wp-content\/uploads\/2026\/04\/Brasil-se-juntou-a-Alemanha-Italia-e-Reino-Unido-prato-favorito-dos-bilionarios-que-virou-crime-no-Brasil-1-1140x641.jpg 1140w, https:\/\/www.em.com.br\/emfoco\/wp-content\/uploads\/2026\/04\/Brasil-se-juntou-a-Alemanha-Italia-e-Reino-Unido-prato-favorito-dos-bilionarios-que-virou-crime-no-Brasil-1.jpg 1280w\" sizes=\"auto, (max-width: 1024px) 100vw, 1024px\" \/><figcaption class=\"wp-element-caption\">Projeto de lei ganha for\u00e7a na C\u00e2mara.<\/figcaption><\/figure>\n\n\n\n<h2 class=\"wp-block-heading\">Quem descumprir pode responder criminalmente<\/h2>\n\n\n\n<p>O texto do projeto prev\u00ea puni\u00e7\u00f5es s\u00e9rias. Veja o que pode acontecer com quem produzir ou comercializar produtos obtidos por alimenta\u00e7\u00e3o for\u00e7ada, caso a lei seja aprovada:<\/p>\n\n\n\n<ul class=\"wp-block-list\">\n<li>Deten\u00e7\u00e3o de <strong>tr\u00eas meses a um ano<\/strong>, conforme as penas da <a href=\"https:\/\/www.planalto.gov.br\/ccivil_03\/leis\/l9605.htm\" target=\"_blank\" rel=\"noreferrer noopener\">Lei de Crimes Ambientais (Lei n\u00ba 9.605\/1998)<\/a> para maus-tratos a animais<\/li>\n\n\n\n<li>Aplica\u00e7\u00e3o de <strong>multa<\/strong> administrativa<\/li>\n\n\n\n<li>Outras san\u00e7\u00f5es administrativas, que podem incluir apreens\u00e3o do produto e interdi\u00e7\u00e3o do estabelecimento<\/li>\n\n\n\n<li>A proibi\u00e7\u00e3o abrange tanto produtos <strong>in natura<\/strong> quanto industrializados obtidos pelo m\u00e9todo do gavage<\/li>\n\n\n\n<li>A norma valeria para toda a cadeia: quem produz, distribui e vende<\/li>\n<\/ul>\n\n\n\n<div style=\"background-color:#f8f9fa;border-radius:12px;padding:24px 28px;margin:32px auto;box-shadow:0 2px 12px rgba(30,80,200,0.08);font-family:'Inter',sans-serif;max-width:680px;\">\r\n  <p style=\"text-align:center;font-weight:700;font-size:15px;color:#1a1a2e;margin-bottom:18px;letter-spacing:0.04em;text-transform:uppercase;\">Pontos-chave<\/p>\r\n  <div style=\"display:flex;flex-direction:column;gap:12px;\">\r\n    <div style=\"background:#fff;border-radius:8px;padding:14px 18px;box-shadow:0 1px 6px rgba(30,80,200,0.07);\">\r\n      <p style=\"margin:0;font-size:14px;color:#222;line-height:1.5;\"><strong>\ud83d\udccb Origem do projeto<\/strong><br>O PL 90\/2020 foi apresentado no Senado pelo senador Eduardo Gir\u00e3o, quando era filiado ao Podemos. Hoje, ele integra o partido NOVO, mas a autoria do projeto permanece associada ao per\u00edodo em que militava pela pauta animal dentro do Podemos.<\/p>\r\n    <\/div>\r\n    <div style=\"background:#fff;border-radius:8px;padding:14px 18px;box-shadow:0 1px 6px rgba(30,80,200,0.07);\">\r\n      <p style=\"margin:0;font-size:14px;color:#222;line-height:1.5;\"><strong>\ud83c\udfd9\ufe0f S\u00e3o Paulo tentou antes<\/strong><br>Em 2015, a cidade de SP aprovou lei municipal proibindo o foie gras, mas o Tribunal de Justi\u00e7a a declarou inconstitucional por entender que cabe \u00e0 Uni\u00e3o legislar sobre o com\u00e9rcio do produto.<\/p>\r\n    <\/div>\r\n    <div style=\"background:#fff;border-radius:8px;padding:14px 18px;box-shadow:0 1px 6px rgba(30,80,200,0.07);\">\r\n      <p style=\"margin:0;font-size:14px;color:#222;line-height:1.5;\"><strong>\ud83c\udf0d Tend\u00eancia global<\/strong><br>V\u00e1rios pa\u00edses europeus j\u00e1 proibiram o gavage. A aprova\u00e7\u00e3o no Brasil seguiria uma tend\u00eancia internacional crescente de legisla\u00e7\u00e3o em defesa dos direitos animais.<\/p>\r\n    <\/div>\r\n  <\/div>\r\n<\/div>\n\n\n\n<h2 class=\"wp-block-heading\">Por que isso chega at\u00e9 a sua mesa<\/h2>\n\n\n\n<p>O foie gras n\u00e3o \u00e9 um produto do dia a dia da maioria dos brasileiros, mas o debate que ele levanta afeta a todos. A legisla\u00e7\u00e3o de <strong>bem-estar animal<\/strong> no Brasil ainda tem muitas lacunas, e cada avan\u00e7o no Congresso sinaliza como a sociedade est\u00e1 evoluindo em rela\u00e7\u00e3o ao tratamento dado a outros seres vivos.<\/p>\n\n\n\n<p>Al\u00e9m disso, o hist\u00f3rico de S\u00e3o Paulo mostra que tentar resolver o assunto em n\u00edvel municipal n\u00e3o funciona. S\u00f3 uma lei federal resolve a quest\u00e3o de forma definitiva, e \u00e9 exatamente isso que o <strong>PL 90\/2020<\/strong> busca fazer.<\/p>\n\n\n\n<h2 class=\"wp-block-heading\">O pr\u00f3ximo passo: o Plen\u00e1rio decide<\/h2>\n\n\n\n<p>Com a aprova\u00e7\u00e3o na CCJC, o projeto segue para vota\u00e7\u00e3o no Plen\u00e1rio da C\u00e2mara dos Deputados, onde a decis\u00e3o final ser\u00e1 tomada por todos os parlamentares. Se aprovado, o texto segue para san\u00e7\u00e3o presidencial. A <strong>prote\u00e7\u00e3o animal<\/strong> como pauta legislativa tem ganhado mais espa\u00e7o e visibilidade nos \u00faltimos anos, e esse projeto pode ser um marco importante nessa trajet\u00f3ria.<\/p>\n\n\n\n<p>Seja qual for o resultado, o debate deixa uma mensagem clara: cada vez mais, a sociedade brasileira quer que a legisla\u00e7\u00e3o reflita o cuidado com os animais \u2014 e n\u00e3o apenas com os que vivem em nossas casas.<\/p>\n\n\n\n<p>Se esse assunto te fez pensar, compartilhe com algu\u00e9m que tamb\u00e9m se preocupa com o bem-estar animal. Espalhar informa\u00e7\u00e3o de qualidade \u00e9 a melhor forma de manter o debate vivo.<\/p>\n","protected":false},"excerpt":{"rendered":"<p>Voc\u00ea provavelmente j\u00e1 ouviu falar do foie gras, aquela iguaria francesa servida em restaurantes sofisticados. Mas talvez nunca tenha parado para pensar em como ela \u00e9 produzida \u2014 e o que o Congresso brasileiro est\u00e1 fazendo para mudar esse cen\u00e1rio. A t\u00e9cnica que est\u00e1 no centro do debate O foie gras \u00e9 feito do f\u00edgado [&hellip;]<\/p>\n","protected":false},"author":5,"featured_media":201203,"comment_status":"open","ping_status":"open","sticky":false,"template":"","format":"standard","meta":{"jnews-multi-image_gallery":[],"jnews_single_post":{"format":"standard"},"jnews_primary_category":[],"jnews_social_meta":[],"jnews_override_counter":[],"footnotes":""},"categories":[1],"tags":[28974,28971,28972,28973],"class_list":["post-201195","post","type-post","status-publish","format-standard","has-post-thumbnail","hentry","category-noticias","tag-ccjc","tag-congresso-brasileiro","tag-foie-gras","tag-projeto-de-lei-90-2020"],"yoast_head":"<!-- This site is optimized with the Yoast SEO plugin v23.8 - https:\/\/yoast.com\/wordpress\/plugins\/seo\/ -->\n<title>Brasil se juntou \u00e0 Alemanha, It\u00e1lia e Reino Unido: prato favorito dos bilion\u00e1rios que virou crime no Brasil - Estado de Minas - Em foco<\/title>\n<meta name=\"description\" content=\"A aprova\u00e7\u00e3o recente abre caminho para uma decis\u00e3o importante que envolve consumo, regras e um tema que divide opini\u00f5es.\" \/>\n<meta name=\"robots\" content=\"index, follow, max-snippet:-1, max-image-preview:large, max-video-preview:-1\" \/>\n<link rel=\"canonical\" href=\"https:\/\/www.em.com.br\/emfoco\/2026\/04\/29\/brasil-se-juntou-a-alemanha-italia-e-reino-unido-prato-favorito-dos-bilionarios-que-virou-crime-no-brasil\/\" \/>\n<meta property=\"og:locale\" content=\"pt_BR\" \/>\n<meta property=\"og:type\" content=\"article\" \/>\n<meta property=\"og:title\" content=\"Brasil se juntou \u00e0 Alemanha, It\u00e1lia e Reino Unido: prato favorito dos bilion\u00e1rios que virou crime no Brasil - Estado de Minas - Em foco\" \/>\n<meta property=\"og:description\" content=\"A aprova\u00e7\u00e3o recente abre caminho para uma decis\u00e3o importante que envolve consumo, regras e um tema que divide opini\u00f5es.\" \/>\n<meta property=\"og:url\" content=\"https:\/\/www.em.com.br\/emfoco\/2026\/04\/29\/brasil-se-juntou-a-alemanha-italia-e-reino-unido-prato-favorito-dos-bilionarios-que-virou-crime-no-brasil\/\" \/>\n<meta property=\"og:site_name\" content=\"Estado de Minas - Em foco\" \/>\n<meta property=\"article:published_time\" content=\"2026-04-29T09:38:00+00:00\" \/>\n<meta property=\"article:modified_time\" content=\"2026-04-29T08:35:01+00:00\" \/>\n<meta property=\"og:image\" content=\"https:\/\/www.em.com.br\/emfoco\/wp-content\/uploads\/2026\/04\/Brasil-se-juntou-a-Alemanha-Italia-e-Reino-Unido-prato-favorito-dos-bilionarios-que-virou-crime-no-Brasil.jpg\" \/>\n\t<meta property=\"og:image:width\" content=\"1280\" \/>\n\t<meta property=\"og:image:height\" content=\"720\" \/>\n\t<meta property=\"og:image:type\" content=\"image\/jpeg\" \/>\n<meta name=\"author\" content=\"N\u00fabia Rangel\" \/>\n<meta name=\"twitter:card\" content=\"summary_large_image\" \/>\n<meta name=\"twitter:label1\" content=\"Escrito por\" \/>\n\t<meta name=\"twitter:data1\" content=\"N\u00fabia Rangel\" \/>\n\t<meta name=\"twitter:label2\" content=\"Est. tempo de leitura\" \/>\n\t<meta name=\"twitter:data2\" content=\"5 minutos\" \/>\n<!-- \/ Yoast SEO plugin. -->","yoast_head_json":{"title":"Brasil se juntou \u00e0 Alemanha, It\u00e1lia e Reino Unido: prato favorito dos bilion\u00e1rios que virou crime no Brasil - Estado de Minas - Em foco","description":"A aprova\u00e7\u00e3o recente abre caminho para uma decis\u00e3o importante que envolve consumo, regras e um tema que divide opini\u00f5es.","robots":{"index":"index","follow":"follow","max-snippet":"max-snippet:-1","max-image-preview":"max-image-preview:large","max-video-preview":"max-video-preview:-1"},"canonical":"https:\/\/www.em.com.br\/emfoco\/2026\/04\/29\/brasil-se-juntou-a-alemanha-italia-e-reino-unido-prato-favorito-dos-bilionarios-que-virou-crime-no-brasil\/","og_locale":"pt_BR","og_type":"article","og_title":"Brasil se juntou \u00e0 Alemanha, It\u00e1lia e Reino Unido: prato favorito dos bilion\u00e1rios que virou crime no Brasil - Estado de Minas - Em foco","og_description":"A aprova\u00e7\u00e3o recente abre caminho para uma decis\u00e3o importante que envolve consumo, regras e um tema que divide opini\u00f5es.","og_url":"https:\/\/www.em.com.br\/emfoco\/2026\/04\/29\/brasil-se-juntou-a-alemanha-italia-e-reino-unido-prato-favorito-dos-bilionarios-que-virou-crime-no-brasil\/","og_site_name":"Estado de Minas - Em foco","article_published_time":"2026-04-29T09:38:00+00:00","article_modified_time":"2026-04-29T08:35:01+00:00","og_image":[{"width":1280,"height":720,"url":"https:\/\/www.em.com.br\/emfoco\/wp-content\/uploads\/2026\/04\/Brasil-se-juntou-a-Alemanha-Italia-e-Reino-Unido-prato-favorito-dos-bilionarios-que-virou-crime-no-Brasil.jpg","type":"image\/jpeg"}],"author":"N\u00fabia Rangel","twitter_card":"summary_large_image","twitter_misc":{"Escrito por":"N\u00fabia Rangel","Est. tempo de leitura":"5 minutos"},"schema":{"@context":"https:\/\/schema.org","@graph":[{"@type":"WebPage","@id":"https:\/\/www.em.com.br\/emfoco\/2026\/04\/29\/brasil-se-juntou-a-alemanha-italia-e-reino-unido-prato-favorito-dos-bilionarios-que-virou-crime-no-brasil\/","url":"https:\/\/www.em.com.br\/emfoco\/2026\/04\/29\/brasil-se-juntou-a-alemanha-italia-e-reino-unido-prato-favorito-dos-bilionarios-que-virou-crime-no-brasil\/","name":"Brasil se juntou \u00e0 Alemanha, It\u00e1lia e Reino Unido: prato favorito dos bilion\u00e1rios que virou crime no Brasil - Estado de Minas - Em foco","isPartOf":{"@id":"https:\/\/www.em.com.br\/emfoco\/#website"},"primaryImageOfPage":{"@id":"https:\/\/www.em.com.br\/emfoco\/2026\/04\/29\/brasil-se-juntou-a-alemanha-italia-e-reino-unido-prato-favorito-dos-bilionarios-que-virou-crime-no-brasil\/#primaryimage"},"image":{"@id":"https:\/\/www.em.com.br\/emfoco\/2026\/04\/29\/brasil-se-juntou-a-alemanha-italia-e-reino-unido-prato-favorito-dos-bilionarios-que-virou-crime-no-brasil\/#primaryimage"},"thumbnailUrl":"https:\/\/www.em.com.br\/emfoco\/wp-content\/uploads\/2026\/04\/Brasil-se-juntou-a-Alemanha-Italia-e-Reino-Unido-prato-favorito-dos-bilionarios-que-virou-crime-no-Brasil.jpg","datePublished":"2026-04-29T09:38:00+00:00","dateModified":"2026-04-29T08:35:01+00:00","author":{"@id":"https:\/\/www.em.com.br\/emfoco\/#\/schema\/person\/524437ef54f8a5d32591b143307f2e20"},"description":"A aprova\u00e7\u00e3o recente abre caminho para uma decis\u00e3o importante que envolve consumo, regras e um tema que divide opini\u00f5es.","breadcrumb":{"@id":"https:\/\/www.em.com.br\/emfoco\/2026\/04\/29\/brasil-se-juntou-a-alemanha-italia-e-reino-unido-prato-favorito-dos-bilionarios-que-virou-crime-no-brasil\/#breadcrumb"},"inLanguage":"pt-BR","potentialAction":[{"@type":"ReadAction","target":["https:\/\/www.em.com.br\/emfoco\/2026\/04\/29\/brasil-se-juntou-a-alemanha-italia-e-reino-unido-prato-favorito-dos-bilionarios-que-virou-crime-no-brasil\/"]}]},{"@type":"ImageObject","inLanguage":"pt-BR","@id":"https:\/\/www.em.com.br\/emfoco\/2026\/04\/29\/brasil-se-juntou-a-alemanha-italia-e-reino-unido-prato-favorito-dos-bilionarios-que-virou-crime-no-brasil\/#primaryimage","url":"https:\/\/www.em.com.br\/emfoco\/wp-content\/uploads\/2026\/04\/Brasil-se-juntou-a-Alemanha-Italia-e-Reino-Unido-prato-favorito-dos-bilionarios-que-virou-crime-no-Brasil.jpg","contentUrl":"https:\/\/www.em.com.br\/emfoco\/wp-content\/uploads\/2026\/04\/Brasil-se-juntou-a-Alemanha-Italia-e-Reino-Unido-prato-favorito-dos-bilionarios-que-virou-crime-no-Brasil.jpg","width":1280,"height":720,"caption":"Congresso avan\u00e7a em debate sobre produto famoso."},{"@type":"BreadcrumbList","@id":"https:\/\/www.em.com.br\/emfoco\/2026\/04\/29\/brasil-se-juntou-a-alemanha-italia-e-reino-unido-prato-favorito-dos-bilionarios-que-virou-crime-no-brasil\/#breadcrumb","itemListElement":[{"@type":"ListItem","position":1,"name":"In\u00edcio","item":"https:\/\/www.em.com.br\/emfoco\/"},{"@type":"ListItem","position":2,"name":"Brasil se juntou \u00e0 Alemanha, It\u00e1lia e Reino Unido: prato favorito dos bilion\u00e1rios que virou crime no Brasil"}]},{"@type":"WebSite","@id":"https:\/\/www.em.com.br\/emfoco\/#website","url":"https:\/\/www.em.com.br\/emfoco\/","name":"Estado de Minas - Em foco","description":"Acompanhe as \u00faltimas not\u00edcias e fique bem informado sobre tudo o que acontece em Minas Gerais, Brasil e no mundo.","potentialAction":[{"@type":"SearchAction","target":{"@type":"EntryPoint","urlTemplate":"https:\/\/www.em.com.br\/emfoco\/?s={search_term_string}"},"query-input":{"@type":"PropertyValueSpecification","valueRequired":true,"valueName":"search_term_string"}}],"inLanguage":"pt-BR"},{"@type":"Person","@id":"https:\/\/www.em.com.br\/emfoco\/#\/schema\/person\/524437ef54f8a5d32591b143307f2e20","name":"N\u00fabia Rangel","image":{"@type":"ImageObject","inLanguage":"pt-BR","@id":"https:\/\/www.em.com.br\/emfoco\/#\/schema\/person\/image\/","url":"https:\/\/secure.gravatar.com\/avatar\/47cff2827a5ba23c37e8068c86817ea4?s=96&d=mm&r=g","contentUrl":"https:\/\/secure.gravatar.com\/avatar\/47cff2827a5ba23c37e8068c86817ea4?s=96&d=mm&r=g","caption":"N\u00fabia Rangel"},"sameAs":["https:\/\/www.em.com.br\/emfoco\/"],"url":"https:\/\/www.em.com.br\/emfoco\/author\/nubiamyth\/"}]}},"_links":{"self":[{"href":"https:\/\/www.em.com.br\/emfoco\/wp-json\/wp\/v2\/posts\/201195","targetHints":{"allow":["GET"]}}],"collection":[{"href":"https:\/\/www.em.com.br\/emfoco\/wp-json\/wp\/v2\/posts"}],"about":[{"href":"https:\/\/www.em.com.br\/emfoco\/wp-json\/wp\/v2\/types\/post"}],"author":[{"embeddable":true,"href":"https:\/\/www.em.com.br\/emfoco\/wp-json\/wp\/v2\/users\/5"}],"replies":[{"embeddable":true,"href":"https:\/\/www.em.com.br\/emfoco\/wp-json\/wp\/v2\/comments?post=201195"}],"version-history":[{"count":1,"href":"https:\/\/www.em.com.br\/emfoco\/wp-json\/wp\/v2\/posts\/201195\/revisions"}],"predecessor-version":[{"id":201204,"href":"https:\/\/www.em.com.br\/emfoco\/wp-json\/wp\/v2\/posts\/201195\/revisions\/201204"}],"wp:featuredmedia":[{"embeddable":true,"href":"https:\/\/www.em.com.br\/emfoco\/wp-json\/wp\/v2\/media\/201203"}],"wp:attachment":[{"href":"https:\/\/www.em.com.br\/emfoco\/wp-json\/wp\/v2\/media?parent=201195"}],"wp:term":[{"taxonomy":"category","embeddable":true,"href":"https:\/\/www.em.com.br\/emfoco\/wp-json\/wp\/v2\/categories?post=201195"},{"taxonomy":"post_tag","embeddable":true,"href":"https:\/\/www.em.com.br\/emfoco\/wp-json\/wp\/v2\/tags?post=201195"}],"curies":[{"name":"wp","href":"https:\/\/api.w.org\/{rel}","templated":true}]}}