{"id":201176,"date":"2026-04-29T06:08:00","date_gmt":"2026-04-29T09:08:00","guid":{"rendered":"https:\/\/www.em.com.br\/emfoco\/?p=201176"},"modified":"2026-04-29T16:48:29","modified_gmt":"2026-04-29T19:48:29","slug":"brasil-se-junta-a-estonia-belgica-portugal-e-argentina-ao-unificar-os-dados-na-nova-carteira-de-identidade-nacional-cin-em-2026-o-que-muda-na-seguranca-viagens-no-mercosul-e-acesso-a-servicos-pu","status":"publish","type":"post","link":"https:\/\/www.em.com.br\/emfoco\/2026\/04\/29\/brasil-se-junta-a-estonia-belgica-portugal-e-argentina-ao-unificar-os-dados-na-nova-carteira-de-identidade-nacional-cin-em-2026-o-que-muda-na-seguranca-viagens-no-mercosul-e-acesso-a-servicos-pu\/","title":{"rendered":"Brasil se junta a Est\u00f4nia, B\u00e9lgica, Portugal e Argentina ao unificar os dados na nova Carteira de Identidade Nacional (CIN): o que muda na seguran\u00e7a, viagens no Mercosul e acesso a servi\u00e7os p\u00fablicos"},"content":{"rendered":"\n<p>Quem nasceu no Brasil sabe bem a bagun\u00e7a: cada estado tinha seu pr\u00f3prio n\u00famero de RG, e uma mesma pessoa podia acumular at\u00e9 27 identifica\u00e7\u00f5es diferentes ao longo da vida. Isso est\u00e1 mudando de vez com a <strong>Carteira de Identidade Nacional (CIN)<\/strong>, o novo documento \u00fanico que une seguran\u00e7a, praticidade e modernidade em um s\u00f3 lugar.<\/p>\n\n\n\n<h2 class=\"wp-block-heading\">O fim da identidade fragmentada<\/h2>\n\n\n\n<p>Por d\u00e9cadas, o sistema brasileiro de identifica\u00e7\u00e3o civil funcionou de forma descentralizada. Cada instituto estadual emitia seu pr\u00f3prio RG, com numera\u00e7\u00e3o pr\u00f3pria, sem comunica\u00e7\u00e3o entre os estados. O resultado era confus\u00e3o nos cadastros p\u00fablicos, brechas para fraudes e dificuldades no acesso a servi\u00e7os do governo.<\/p>\n\n\n\n<p>A <strong>CIN<\/strong>, criada com base na <a href=\"https:\/\/www.planalto.gov.br\/ccivil_03\/_ato2019-2022\/2022\/lei\/l14534.htm\" target=\"_blank\" rel=\"noreferrer noopener\">Lei n\u00ba 14.534\/2022<\/a>, resolve esse problema de forma elegante: o <strong>CPF passa a ser o \u00fanico n\u00famero de identifica\u00e7\u00e3o v\u00e1lido<\/strong> em todo o territ\u00f3rio nacional. N\u00e3o importa onde voc\u00ea morou ou quantos RGs acumulou, agora h\u00e1 apenas um n\u00famero que te define.<\/p>\n\n\n\n<h2 class=\"wp-block-heading\">Viagem pelo Mercosul com s\u00f3 um documento na carteira<\/h2>\n\n\n\n<p>Um dos detalhes mais interessantes da nova CIN \u00e9 o <strong>c\u00f3digo MRZ (Machine Readable Zone)<\/strong>, o mesmo padr\u00e3o de leitura \u00f3ptica presente nos passaportes. Com ele, o documento \u00e9 aceito nos postos de imigra\u00e7\u00e3o de pa\u00edses como Argentina, Uruguai, Paraguai, Bol\u00edvia e Chile, sem precisar de passaporte.<\/p>\n\n\n\n<p>Para quem viaja com frequ\u00eancia pelo bloco do <strong>Mercosul<\/strong>, essa \u00e9 uma mudan\u00e7a significativa. O antigo RG j\u00e1 era aceito em alguns pa\u00edses, mas com a CIN a leitura eletr\u00f4nica agiliza a passagem pelas fronteiras e padroniza o processo de identifica\u00e7\u00e3o internacional.<\/p>\n\n\n\n<figure class=\"wp-block-image size-large\"><img loading=\"lazy\" decoding=\"async\" width=\"1024\" height=\"576\" src=\"https:\/\/www.em.com.br\/emfoco\/wp-content\/uploads\/2026\/04\/Brasil-se-junta-a-Estonia-Belgica-Portugal-e-Argentina-1-1024x576.jpg\" alt=\"Brasil se junta a Est\u00f4nia, B\u00e9lgica, Portugal e Argentina ao unificar os dados na nova Carteira de Identidade Nacional (CIN) em 2026: o que muda na seguran\u00e7a, viagens no Mercosul e acesso a servi\u00e7os p\u00fablicos\" class=\"wp-image-201177\" srcset=\"https:\/\/www.em.com.br\/emfoco\/wp-content\/uploads\/2026\/04\/Brasil-se-junta-a-Estonia-Belgica-Portugal-e-Argentina-1-1024x576.jpg 1024w, https:\/\/www.em.com.br\/emfoco\/wp-content\/uploads\/2026\/04\/Brasil-se-junta-a-Estonia-Belgica-Portugal-e-Argentina-1-300x169.jpg 300w, https:\/\/www.em.com.br\/emfoco\/wp-content\/uploads\/2026\/04\/Brasil-se-junta-a-Estonia-Belgica-Portugal-e-Argentina-1-768x432.jpg 768w, https:\/\/www.em.com.br\/emfoco\/wp-content\/uploads\/2026\/04\/Brasil-se-junta-a-Estonia-Belgica-Portugal-e-Argentina-1-750x422.jpg 750w, https:\/\/www.em.com.br\/emfoco\/wp-content\/uploads\/2026\/04\/Brasil-se-junta-a-Estonia-Belgica-Portugal-e-Argentina-1-1140x641.jpg 1140w, https:\/\/www.em.com.br\/emfoco\/wp-content\/uploads\/2026\/04\/Brasil-se-junta-a-Estonia-Belgica-Portugal-e-Argentina-1.jpg 1280w\" sizes=\"auto, (max-width: 1024px) 100vw, 1024px\" \/><figcaption class=\"wp-element-caption\">O CPF passa a ser o n\u00famero principal no pa\u00eds.<\/figcaption><\/figure>\n\n\n\n<h2 class=\"wp-block-heading\">O que cabe dentro desse documento novo<\/h2>\n\n\n\n<p>A CIN vai muito al\u00e9m de uma simples troca de pl\u00e1stico. Ela foi projetada para funcionar como uma plataforma de identifica\u00e7\u00e3o completa, reunindo dados de v\u00e1rios documentos em um s\u00f3 lugar. Veja o que j\u00e1 est\u00e1 dispon\u00edvel ou previsto:<\/p>\n\n\n\n<ul class=\"wp-block-list\">\n<li><strong>QR Code de autenticidade:<\/strong> qualquer pessoa pode verificar se o documento \u00e9 verdadeiro direto pelo celular<\/li>\n\n\n\n<li><strong>Vers\u00e3o digital no app <a href=\"https:\/\/www.gov.br\/pt-br\/apps\/gov-br\" target=\"_blank\" rel=\"noreferrer noopener\">Gov.br<\/a>:<\/strong> com a mesma validade legal do f\u00edsico, sempre no bolso<\/li>\n\n\n\n<li><strong>Integra\u00e7\u00e3o com CNH, t\u00edtulo de eleitor e carteira de trabalho:<\/strong> um documento que concentra v\u00e1rias informa\u00e7\u00f5es<\/li>\n\n\n\n<li><strong>Tipo sangu\u00edneo e op\u00e7\u00e3o por doa\u00e7\u00e3o de \u00f3rg\u00e3os:<\/strong> dados que podem salvar vidas em emerg\u00eancias<\/li>\n\n\n\n<li><strong>Conta ouro autom\u00e1tica no Gov.br:<\/strong> acesso ampliado a servi\u00e7os p\u00fablicos digitais assim que a CIN \u00e9 emitida<\/li>\n<\/ul>\n\n\n\n<div style=\"font-family: 'Inter', sans-serif; max-width: 640px; margin: 28px auto; background: #f8f9fb; border-radius: 14px; padding: 22px 28px; box-shadow: 0 4px 18px rgba(59,130,246,0.10); border: 1px solid #e3eaf5;\">\r\n  <p style=\"text-align: center; font-size: 0.78rem; font-weight: 700; letter-spacing: 0.09em; color: #3b82f6; text-transform: uppercase; margin: 0 0 16px 0;\">\u2726 Pontos-chave<\/p>\r\n  <div style=\"display: flex; flex-direction: column; gap: 12px;\">\r\n    <div style=\"background: #fff; border-radius: 9px; padding: 14px 16px; box-shadow: 0 2px 8px rgba(59,130,246,0.07); display: flex; align-items: flex-start; gap: 12px;\">\r\n      <span style=\"font-size: 1.3rem; line-height: 1;\">\ud83d\udccb<\/span>\r\n      <div>\r\n        <span style=\"font-size: 0.93rem; font-weight: 700; color: #1e293b;\">Prazo para troca<\/span>\r\n        <p style=\"font-size: 0.84rem; color: #475569; margin: 4px 0 0 0;\">Para os demais cidad\u00e3os, o antigo RG continua v\u00e1lido at\u00e9 2032. J\u00e1 para quem recebe benef\u00edcios sociais, o processo de exig\u00eancia da CIN come\u00e7a antes \u2014 veja os detalhes no texto.<\/p>\r\n      <\/div>\r\n    <\/div>\r\n    <div style=\"background: #fff; border-radius: 9px; padding: 14px 16px; box-shadow: 0 2px 8px rgba(59,130,246,0.07); display: flex; align-items: flex-start; gap: 12px;\">\r\n      <span style=\"font-size: 1.3rem; line-height: 1;\">\ud83d\udd12<\/span>\r\n      <div>\r\n        <span style=\"font-size: 0.93rem; font-weight: 700; color: #1e293b;\">Seguran\u00e7a refor\u00e7ada<\/span>\r\n        <p style=\"font-size: 0.84rem; color: #475569; margin: 4px 0 0 0;\">A unifica\u00e7\u00e3o pelo CPF reduz fraudes e golpes, j\u00e1 que elimina a possibilidade de m\u00faltiplos registros inconsistentes.<\/p>\r\n      <\/div>\r\n    <\/div>\r\n    <div style=\"background: #fff; border-radius: 9px; padding: 14px 16px; box-shadow: 0 2px 8px rgba(59,130,246,0.07); display: flex; align-items: flex-start; gap: 12px;\">\r\n      <span style=\"font-size: 1.3rem; line-height: 1;\">\ud83d\udcb3<\/span>\r\n      <div>\r\n        <span style=\"font-size: 0.93rem; font-weight: 700; color: #1e293b;\">Gratuita na primeira via<\/span>\r\n        <p style=\"font-size: 0.84rem; color: #475569; margin: 4px 0 0 0;\">A emiss\u00e3o da CIN n\u00e3o tem custo na primeira solicita\u00e7\u00e3o, garantindo acesso igual para todos os cidad\u00e3os.<\/p>\r\n      <\/div>\r\n    <\/div>\r\n  <\/div>\r\n<\/div>\n\n\n\n<h2 class=\"wp-block-heading\">Benefici\u00e1rios sociais j\u00e1 sentem a mudan\u00e7a em 2026<\/h2>\n\n\n\n<p>A <strong><a href=\"https:\/\/www.gov.br\/governodigital\/pt-br\/identidade\/identificacao-do-cidadao-e-carteira-de-identidade-nacional\" target=\"_blank\" rel=\"noreferrer noopener\">Carteira de Identidade Nacional<\/a><\/strong> ultrapassou a marca de 50 milh\u00f5es de emiss\u00f5es em abril de 2026, segundo o <a href=\"https:\/\/www.gov.br\/gestao\/pt-br\/assuntos\/noticias\/2026\/abril\/gestao-estabelece-novo-cronograma-para-uso-da-cin-na-concessao-ou-renovacao-de-beneficios-sociais\" target=\"_blank\" rel=\"noreferrer noopener\">Minist\u00e9rio da Gest\u00e3o e da Inova\u00e7\u00e3o em Servi\u00e7os P\u00fablicos<\/a>. Para quem recebe <strong>Bolsa Fam\u00edlia<\/strong>, <strong>BPC<\/strong>, aposentadoria ou outros benef\u00edcios do <a href=\"https:\/\/www.gov.br\/inss\/pt-br\" target=\"_blank\" rel=\"noreferrer noopener\">INSS<\/a>, a transi\u00e7\u00e3o j\u00e1 est\u00e1 em curso: a partir de <strong><strong>janeiro de 2027<\/strong> (para quem n\u00e3o tem biometria) e <strong>janeiro de 2028<\/strong> (para quem j\u00e1 tem biometria do TSE, CNH ou passaporte)<\/strong>.<\/p>\n\n\n\n<p>No dia a dia, a diferen\u00e7a aparece tamb\u00e9m na abertura de contas banc\u00e1rias, na solicita\u00e7\u00e3o de cr\u00e9dito e no acesso a servi\u00e7os p\u00fablicos digitais. Com um n\u00famero \u00fanico, a verifica\u00e7\u00e3o de dados fica mais r\u00e1pida e segura, tanto para empresas quanto para \u00f3rg\u00e3os p\u00fablicos.<\/p>\n\n\n\n<h2 class=\"wp-block-heading\">Brasil em boa companhia na corrida pela identidade digital<\/h2>\n\n\n\n<p>Ao adotar um documento de identidade unificado com padr\u00e3o internacional, o Brasil segue o caminho de pa\u00edses como Est\u00f4nia, pioneira em identidade digital, B\u00e9lgica, Portugal e Argentina. A tend\u00eancia global aponta para documentos que funcionam tanto no mundo f\u00edsico quanto no digital, e a CIN coloca o pa\u00eds nesse mesmo trilho, com uma vers\u00e3o eletr\u00f4nica completa dispon\u00edvel direto no aplicativo <strong>Gov.br<\/strong>.<\/p>\n\n\n\n<p>A moderniza\u00e7\u00e3o do sistema de identifica\u00e7\u00e3o civil \u00e9 uma dessas mudan\u00e7as que parecem burocr\u00e1ticas \u00e0 primeira vista, mas que afetam diretamente o cotidiano de cada brasileiro, do acesso a servi\u00e7os p\u00fablicos digitais at\u00e9 a travessia de uma fronteira no Mercosul com um \u00fanico documento no bolso.<\/p>\n\n\n\n<p>Se este conte\u00fado foi \u00fatil para voc\u00ea, compartilhe com algu\u00e9m que ainda tem d\u00favidas sobre a nova Carteira de Identidade Nacional. Quanto mais gente informada, mais f\u00e1cil fica a transi\u00e7\u00e3o para o documento \u00fanico.<\/p>\n","protected":false},"excerpt":{"rendered":"<p>Quem nasceu no Brasil sabe bem a bagun\u00e7a: cada estado tinha seu pr\u00f3prio n\u00famero de RG, e uma mesma pessoa podia acumular at\u00e9 27 identifica\u00e7\u00f5es diferentes ao longo da vida. Isso est\u00e1 mudando de vez com a Carteira de Identidade Nacional (CIN), o novo documento \u00fanico que une seguran\u00e7a, praticidade e modernidade em um s\u00f3 [&hellip;]<\/p>\n","protected":false},"author":5,"featured_media":201178,"comment_status":"open","ping_status":"open","sticky":false,"template":"","format":"standard","meta":{"jnews-multi-image_gallery":[],"jnews_single_post":{"format":"standard"},"jnews_primary_category":[],"jnews_social_meta":[],"jnews_override_counter":[],"footnotes":""},"categories":[1],"tags":[18085,12929,28970],"class_list":["post-201176","post","type-post","status-publish","format-standard","has-post-thumbnail","hentry","category-noticias","tag-carteira-de-identidade-nacional","tag-cin","tag-cpf-como-identificacao"],"yoast_head":"<!-- This site is optimized with the Yoast SEO plugin v23.8 - https:\/\/yoast.com\/wordpress\/plugins\/seo\/ -->\n<title>Brasil se junta a Est\u00f4nia, B\u00e9lgica, Portugal e Argentina ao unificar os dados na nova Carteira de Identidade Nacional (CIN): o que muda na seguran\u00e7a, viagens no Mercosul e acesso a servi\u00e7os p\u00fablicos - Estado de Minas - Em foco<\/title>\n<meta name=\"description\" content=\"Um modelo mais moderno de identifica\u00e7\u00e3o j\u00e1 est\u00e1 em uso e impacta desde cadastros at\u00e9 servi\u00e7os digitais de forma mais pr\u00e1tica.\" \/>\n<meta name=\"robots\" content=\"index, follow, max-snippet:-1, max-image-preview:large, max-video-preview:-1\" \/>\n<link rel=\"canonical\" href=\"https:\/\/www.em.com.br\/emfoco\/2026\/04\/29\/brasil-se-junta-a-estonia-belgica-portugal-e-argentina-ao-unificar-os-dados-na-nova-carteira-de-identidade-nacional-cin-em-2026-o-que-muda-na-seguranca-viagens-no-mercosul-e-acesso-a-servicos-pu\/\" \/>\n<meta property=\"og:locale\" content=\"pt_BR\" \/>\n<meta property=\"og:type\" content=\"article\" \/>\n<meta property=\"og:title\" content=\"Brasil se junta a Est\u00f4nia, B\u00e9lgica, Portugal e Argentina ao unificar os dados na nova Carteira de Identidade Nacional (CIN): o que muda na seguran\u00e7a, viagens no Mercosul e acesso a servi\u00e7os p\u00fablicos - Estado de Minas - Em foco\" \/>\n<meta property=\"og:description\" content=\"Um modelo mais moderno de identifica\u00e7\u00e3o j\u00e1 est\u00e1 em uso e impacta desde cadastros at\u00e9 servi\u00e7os digitais de forma mais pr\u00e1tica.\" \/>\n<meta property=\"og:url\" content=\"https:\/\/www.em.com.br\/emfoco\/2026\/04\/29\/brasil-se-junta-a-estonia-belgica-portugal-e-argentina-ao-unificar-os-dados-na-nova-carteira-de-identidade-nacional-cin-em-2026-o-que-muda-na-seguranca-viagens-no-mercosul-e-acesso-a-servicos-pu\/\" \/>\n<meta property=\"og:site_name\" content=\"Estado de Minas - Em foco\" \/>\n<meta property=\"article:published_time\" content=\"2026-04-29T09:08:00+00:00\" \/>\n<meta property=\"article:modified_time\" content=\"2026-04-29T19:48:29+00:00\" \/>\n<meta property=\"og:image\" content=\"https:\/\/www.em.com.br\/emfoco\/wp-content\/uploads\/2026\/04\/Brasil-se-junta-a-Estonia-Belgica-Portugal-e-Argentina-.jpg\" \/>\n\t<meta property=\"og:image:width\" content=\"1280\" \/>\n\t<meta property=\"og:image:height\" content=\"720\" \/>\n\t<meta property=\"og:image:type\" content=\"image\/jpeg\" \/>\n<meta name=\"author\" content=\"N\u00fabia Rangel\" \/>\n<meta name=\"twitter:card\" content=\"summary_large_image\" \/>\n<meta name=\"twitter:label1\" content=\"Escrito por\" \/>\n\t<meta name=\"twitter:data1\" content=\"N\u00fabia Rangel\" \/>\n\t<meta name=\"twitter:label2\" content=\"Est. tempo de leitura\" \/>\n\t<meta name=\"twitter:data2\" content=\"5 minutos\" \/>\n<!-- \/ Yoast SEO plugin. -->","yoast_head_json":{"title":"Brasil se junta a Est\u00f4nia, B\u00e9lgica, Portugal e Argentina ao unificar os dados na nova Carteira de Identidade Nacional (CIN): o que muda na seguran\u00e7a, viagens no Mercosul e acesso a servi\u00e7os p\u00fablicos - Estado de Minas - Em foco","description":"Um modelo mais moderno de identifica\u00e7\u00e3o j\u00e1 est\u00e1 em uso e impacta desde cadastros at\u00e9 servi\u00e7os digitais de forma mais pr\u00e1tica.","robots":{"index":"index","follow":"follow","max-snippet":"max-snippet:-1","max-image-preview":"max-image-preview:large","max-video-preview":"max-video-preview:-1"},"canonical":"https:\/\/www.em.com.br\/emfoco\/2026\/04\/29\/brasil-se-junta-a-estonia-belgica-portugal-e-argentina-ao-unificar-os-dados-na-nova-carteira-de-identidade-nacional-cin-em-2026-o-que-muda-na-seguranca-viagens-no-mercosul-e-acesso-a-servicos-pu\/","og_locale":"pt_BR","og_type":"article","og_title":"Brasil se junta a Est\u00f4nia, B\u00e9lgica, Portugal e Argentina ao unificar os dados na nova Carteira de Identidade Nacional (CIN): o que muda na seguran\u00e7a, viagens no Mercosul e acesso a servi\u00e7os p\u00fablicos - Estado de Minas - Em foco","og_description":"Um modelo mais moderno de identifica\u00e7\u00e3o j\u00e1 est\u00e1 em uso e impacta desde cadastros at\u00e9 servi\u00e7os digitais de forma mais pr\u00e1tica.","og_url":"https:\/\/www.em.com.br\/emfoco\/2026\/04\/29\/brasil-se-junta-a-estonia-belgica-portugal-e-argentina-ao-unificar-os-dados-na-nova-carteira-de-identidade-nacional-cin-em-2026-o-que-muda-na-seguranca-viagens-no-mercosul-e-acesso-a-servicos-pu\/","og_site_name":"Estado de Minas - Em foco","article_published_time":"2026-04-29T09:08:00+00:00","article_modified_time":"2026-04-29T19:48:29+00:00","og_image":[{"width":1280,"height":720,"url":"https:\/\/www.em.com.br\/emfoco\/wp-content\/uploads\/2026\/04\/Brasil-se-junta-a-Estonia-Belgica-Portugal-e-Argentina-.jpg","type":"image\/jpeg"}],"author":"N\u00fabia Rangel","twitter_card":"summary_large_image","twitter_misc":{"Escrito por":"N\u00fabia Rangel","Est. tempo de leitura":"5 minutos"},"schema":{"@context":"https:\/\/schema.org","@graph":[{"@type":"WebPage","@id":"https:\/\/www.em.com.br\/emfoco\/2026\/04\/29\/brasil-se-junta-a-estonia-belgica-portugal-e-argentina-ao-unificar-os-dados-na-nova-carteira-de-identidade-nacional-cin-em-2026-o-que-muda-na-seguranca-viagens-no-mercosul-e-acesso-a-servicos-pu\/","url":"https:\/\/www.em.com.br\/emfoco\/2026\/04\/29\/brasil-se-junta-a-estonia-belgica-portugal-e-argentina-ao-unificar-os-dados-na-nova-carteira-de-identidade-nacional-cin-em-2026-o-que-muda-na-seguranca-viagens-no-mercosul-e-acesso-a-servicos-pu\/","name":"Brasil se junta a Est\u00f4nia, B\u00e9lgica, Portugal e Argentina ao unificar os dados na nova Carteira de Identidade Nacional (CIN): o que muda na seguran\u00e7a, viagens no Mercosul e acesso a servi\u00e7os p\u00fablicos - Estado de Minas - Em foco","isPartOf":{"@id":"https:\/\/www.em.com.br\/emfoco\/#website"},"primaryImageOfPage":{"@id":"https:\/\/www.em.com.br\/emfoco\/2026\/04\/29\/brasil-se-junta-a-estonia-belgica-portugal-e-argentina-ao-unificar-os-dados-na-nova-carteira-de-identidade-nacional-cin-em-2026-o-que-muda-na-seguranca-viagens-no-mercosul-e-acesso-a-servicos-pu\/#primaryimage"},"image":{"@id":"https:\/\/www.em.com.br\/emfoco\/2026\/04\/29\/brasil-se-junta-a-estonia-belgica-portugal-e-argentina-ao-unificar-os-dados-na-nova-carteira-de-identidade-nacional-cin-em-2026-o-que-muda-na-seguranca-viagens-no-mercosul-e-acesso-a-servicos-pu\/#primaryimage"},"thumbnailUrl":"https:\/\/www.em.com.br\/emfoco\/wp-content\/uploads\/2026\/04\/Brasil-se-junta-a-Estonia-Belgica-Portugal-e-Argentina-.jpg","datePublished":"2026-04-29T09:08:00+00:00","dateModified":"2026-04-29T19:48:29+00:00","author":{"@id":"https:\/\/www.em.com.br\/emfoco\/#\/schema\/person\/524437ef54f8a5d32591b143307f2e20"},"description":"Um modelo mais moderno de identifica\u00e7\u00e3o j\u00e1 est\u00e1 em uso e impacta desde cadastros at\u00e9 servi\u00e7os digitais de forma mais pr\u00e1tica.","breadcrumb":{"@id":"https:\/\/www.em.com.br\/emfoco\/2026\/04\/29\/brasil-se-junta-a-estonia-belgica-portugal-e-argentina-ao-unificar-os-dados-na-nova-carteira-de-identidade-nacional-cin-em-2026-o-que-muda-na-seguranca-viagens-no-mercosul-e-acesso-a-servicos-pu\/#breadcrumb"},"inLanguage":"pt-BR","potentialAction":[{"@type":"ReadAction","target":["https:\/\/www.em.com.br\/emfoco\/2026\/04\/29\/brasil-se-junta-a-estonia-belgica-portugal-e-argentina-ao-unificar-os-dados-na-nova-carteira-de-identidade-nacional-cin-em-2026-o-que-muda-na-seguranca-viagens-no-mercosul-e-acesso-a-servicos-pu\/"]}]},{"@type":"ImageObject","inLanguage":"pt-BR","@id":"https:\/\/www.em.com.br\/emfoco\/2026\/04\/29\/brasil-se-junta-a-estonia-belgica-portugal-e-argentina-ao-unificar-os-dados-na-nova-carteira-de-identidade-nacional-cin-em-2026-o-que-muda-na-seguranca-viagens-no-mercosul-e-acesso-a-servicos-pu\/#primaryimage","url":"https:\/\/www.em.com.br\/emfoco\/wp-content\/uploads\/2026\/04\/Brasil-se-junta-a-Estonia-Belgica-Portugal-e-Argentina-.jpg","contentUrl":"https:\/\/www.em.com.br\/emfoco\/wp-content\/uploads\/2026\/04\/Brasil-se-junta-a-Estonia-Belgica-Portugal-e-Argentina-.jpg","width":1280,"height":720,"caption":"A nova identidade unifica dados em um s\u00f3 documento."},{"@type":"BreadcrumbList","@id":"https:\/\/www.em.com.br\/emfoco\/2026\/04\/29\/brasil-se-junta-a-estonia-belgica-portugal-e-argentina-ao-unificar-os-dados-na-nova-carteira-de-identidade-nacional-cin-em-2026-o-que-muda-na-seguranca-viagens-no-mercosul-e-acesso-a-servicos-pu\/#breadcrumb","itemListElement":[{"@type":"ListItem","position":1,"name":"In\u00edcio","item":"https:\/\/www.em.com.br\/emfoco\/"},{"@type":"ListItem","position":2,"name":"Brasil se junta a Est\u00f4nia, B\u00e9lgica, Portugal e Argentina ao unificar os dados na nova Carteira de Identidade Nacional (CIN): o que muda na seguran\u00e7a, viagens no Mercosul e acesso a servi\u00e7os p\u00fablicos"}]},{"@type":"WebSite","@id":"https:\/\/www.em.com.br\/emfoco\/#website","url":"https:\/\/www.em.com.br\/emfoco\/","name":"Estado de Minas - Em foco","description":"Acompanhe as \u00faltimas not\u00edcias e fique bem informado sobre tudo o que acontece em Minas Gerais, Brasil e no mundo.","potentialAction":[{"@type":"SearchAction","target":{"@type":"EntryPoint","urlTemplate":"https:\/\/www.em.com.br\/emfoco\/?s={search_term_string}"},"query-input":{"@type":"PropertyValueSpecification","valueRequired":true,"valueName":"search_term_string"}}],"inLanguage":"pt-BR"},{"@type":"Person","@id":"https:\/\/www.em.com.br\/emfoco\/#\/schema\/person\/524437ef54f8a5d32591b143307f2e20","name":"N\u00fabia Rangel","image":{"@type":"ImageObject","inLanguage":"pt-BR","@id":"https:\/\/www.em.com.br\/emfoco\/#\/schema\/person\/image\/","url":"https:\/\/secure.gravatar.com\/avatar\/47cff2827a5ba23c37e8068c86817ea4?s=96&d=mm&r=g","contentUrl":"https:\/\/secure.gravatar.com\/avatar\/47cff2827a5ba23c37e8068c86817ea4?s=96&d=mm&r=g","caption":"N\u00fabia Rangel"},"sameAs":["https:\/\/www.em.com.br\/emfoco\/"],"url":"https:\/\/www.em.com.br\/emfoco\/author\/nubiamyth\/"}]}},"_links":{"self":[{"href":"https:\/\/www.em.com.br\/emfoco\/wp-json\/wp\/v2\/posts\/201176","targetHints":{"allow":["GET"]}}],"collection":[{"href":"https:\/\/www.em.com.br\/emfoco\/wp-json\/wp\/v2\/posts"}],"about":[{"href":"https:\/\/www.em.com.br\/emfoco\/wp-json\/wp\/v2\/types\/post"}],"author":[{"embeddable":true,"href":"https:\/\/www.em.com.br\/emfoco\/wp-json\/wp\/v2\/users\/5"}],"replies":[{"embeddable":true,"href":"https:\/\/www.em.com.br\/emfoco\/wp-json\/wp\/v2\/comments?post=201176"}],"version-history":[{"count":2,"href":"https:\/\/www.em.com.br\/emfoco\/wp-json\/wp\/v2\/posts\/201176\/revisions"}],"predecessor-version":[{"id":201635,"href":"https:\/\/www.em.com.br\/emfoco\/wp-json\/wp\/v2\/posts\/201176\/revisions\/201635"}],"wp:featuredmedia":[{"embeddable":true,"href":"https:\/\/www.em.com.br\/emfoco\/wp-json\/wp\/v2\/media\/201178"}],"wp:attachment":[{"href":"https:\/\/www.em.com.br\/emfoco\/wp-json\/wp\/v2\/media?parent=201176"}],"wp:term":[{"taxonomy":"category","embeddable":true,"href":"https:\/\/www.em.com.br\/emfoco\/wp-json\/wp\/v2\/categories?post=201176"},{"taxonomy":"post_tag","embeddable":true,"href":"https:\/\/www.em.com.br\/emfoco\/wp-json\/wp\/v2\/tags?post=201176"}],"curies":[{"name":"wp","href":"https:\/\/api.w.org\/{rel}","templated":true}]}}