{"id":201078,"date":"2026-04-30T08:15:00","date_gmt":"2026-04-30T11:15:00","guid":{"rendered":"https:\/\/www.em.com.br\/emfoco\/?p=201078"},"modified":"2026-04-29T17:08:49","modified_gmt":"2026-04-29T20:08:49","slug":"o-jeans-voltou-para-ficar-aqui-estao-duas-maneiras-faceis-e-estilosas-de-usa-lo","status":"publish","type":"post","link":"https:\/\/www.em.com.br\/emfoco\/2026\/04\/30\/o-jeans-voltou-para-ficar-aqui-estao-duas-maneiras-faceis-e-estilosas-de-usa-lo\/","title":{"rendered":"O jeans voltou para ficar: aqui est\u00e3o duas maneiras f\u00e1ceis e estilosas de us\u00e1-lo"},"content":{"rendered":"\n<p>Muitas pessoas buscam renovar o guarda-roupa utilizando o cl\u00e1ssico <strong>estilo jeans moderno<\/strong> de formas totalmente inesperadas. As passarelas recentes mostraram combina\u00e7\u00f5es que desafiam a simplicidade desse tecido e prometem transformar sua apar\u00eancia di\u00e1ria.<\/p>\n\n\n\n<h2 class=\"wp-block-heading\">Como usar jeans sobre jeans com sofistica\u00e7\u00e3o?<\/h2>\n\n\n\n<p>A sobreposi\u00e7\u00e3o de pe\u00e7as em denim exige aten\u00e7\u00e3o especial para criar um visual harmonioso e atual. Escolher tonalidades semelhantes ajuda a manter a unidade visual sem sobrecarregar a silhueta feminina. <strong>Apostar em lavagens<\/strong> escuras garante um ar mais refinado enquanto os cortes amplos trazem conforto.<\/p>\n\n\n\n<p>Acess\u00f3rios em couro podem quebrar a monotonia do azul e adicionar um toque de luxo imediato. O uso de cintos largos define a cintura e valoriza as curvas de maneira bastante sutil. <strong>Misturar texturas<\/strong> diferentes dentro do pr\u00f3prio tecido cria uma profundidade visual que atrai olhares interessados.<\/p>\n\n\n\n<figure class=\"wp-block-embed is-type-rich is-provider-pinterest wp-block-embed-pinterest\"><div class=\"wp-block-embed__wrapper\">\n<iframe loading=\"lazy\" title=\" \" src=\"https:\/\/assets.pinterest.com\/ext\/embed.html?id=703756187585928&#038;src=oembed\" height=\"899\" width=\"450\" frameborder=\"0\" scrolling=\"no\" ><\/iframe>\n<\/div><\/figure>\n\n\n\n<h2 class=\"wp-block-heading\">Qual o papel das saias longas na moda atual?<\/h2>\n\n\n\n<p>As saias longas em denim voltaram com for\u00e7a total e ocupam um lugar de destaque nas vitrines internacionais. Elas oferecem uma alternativa vers\u00e1til para quem deseja fugir das cal\u00e7as tradicionais sem perder a praticidade. <strong>Combinar com botas<\/strong> de cano alto resulta em uma est\u00e9tica urbana poderosa e cheia de personalidade.<\/p>\n\n\n\n<p>Antes de escolher sua pe\u00e7a favorita, vale considerar os detalhes que tornam essa tend\u00eancia \u00fanica e f\u00e1cil de aplicar no cotidiano. Existem varia\u00e7\u00f5es que atendem a todos os gostos e tipos de corpo conforme a lista abaixo demonstra.<\/p>\n\n\n\n<ul class=\"wp-block-list\">\n<li>Modelagens com fenda frontal para proporcionar maior mobilidade.<\/li>\n\n\n\n<li>Acabamentos desfiados que conferem um visual despojado e jovem.<\/li>\n\n\n\n<li>Cintura alta para alongar a percep\u00e7\u00e3o das pernas naturalmente.<\/li>\n<\/ul>\n\n\n<div class=\"wp-block-image\">\n<figure class=\"aligncenter size-large\"><img loading=\"lazy\" decoding=\"async\" width=\"1024\" height=\"576\" src=\"https:\/\/www.em.com.br\/emfoco\/wp-content\/uploads\/2026\/04\/Estilo-jeans-moderno-1024x576.jpg\" alt=\"Estilo jeans moderno\" class=\"wp-image-201393\" srcset=\"https:\/\/www.em.com.br\/emfoco\/wp-content\/uploads\/2026\/04\/Estilo-jeans-moderno-1024x576.jpg 1024w, https:\/\/www.em.com.br\/emfoco\/wp-content\/uploads\/2026\/04\/Estilo-jeans-moderno-300x169.jpg 300w, https:\/\/www.em.com.br\/emfoco\/wp-content\/uploads\/2026\/04\/Estilo-jeans-moderno-768x432.jpg 768w, https:\/\/www.em.com.br\/emfoco\/wp-content\/uploads\/2026\/04\/Estilo-jeans-moderno-750x422.jpg 750w, https:\/\/www.em.com.br\/emfoco\/wp-content\/uploads\/2026\/04\/Estilo-jeans-moderno-1140x641.jpg 1140w, https:\/\/www.em.com.br\/emfoco\/wp-content\/uploads\/2026\/04\/Estilo-jeans-moderno.jpg 1280w\" sizes=\"auto, (max-width: 1024px) 100vw, 1024px\" \/><figcaption class=\"wp-element-caption\">Antes de escolher sua pe\u00e7a favorita, vale considerar os detalhes que tornam essa tend\u00eancia \u00fanica e f\u00e1cil de aplicar no cotidiano<\/figcaption><\/figure><\/div>\n\n\n<p>Leia tamb\u00e9m: <a href=\"https:\/\/www.em.com.br\/emfoco\/2026\/03\/23\/grades-tradicionais-estao-fora-de-moda-a-nova-tendencia-aposta-em-cercas-vivas-elegantes\/\" target=\"_blank\" rel=\"noreferrer noopener\">Grades tradicionais est\u00e3o fora de moda! A nova tend\u00eancia aposta em cercas vivas elegantes<\/a><\/p>\n\n\n\n<h2 class=\"wp-block-heading\">O impacto do estilo jeans moderno no cotidiano<\/h2>\n\n\n\n<p>A versatilidade do <strong>estilo jeans moderno<\/strong> permite transitar entre o ambiente de trabalho e eventos sociais sem esfor\u00e7o. Pe\u00e7as bem cortadas funcionam como uma tela em branco para expressar sua criatividade atrav\u00e9s da moda. <strong>Selecionar blazers<\/strong> estruturados eleva o n\u00edvel da produ\u00e7\u00e3o b\u00e1sica para algo extremamente profissional.<\/p>\n\n\n\n<p>O segredo reside na escolha de itens que equilibram o peso do denim com tecidos mais leves e nobres. Camisas de seda ou blusas de linho criam um contraste interessante para os dias quentes. <strong>Priorizar o caimento<\/strong> correto evita que o look pare\u00e7a desleixado ou excessivamente casual para certas ocasi\u00f5es.<\/p>\n\n\n\n<figure class=\"wp-block-embed is-type-rich is-provider-pinterest wp-block-embed-pinterest\"><div class=\"wp-block-embed__wrapper\">\n<iframe loading=\"lazy\" title=\" \" src=\"https:\/\/assets.pinterest.com\/ext\/embed.html?id=70437490767909&#038;src=oembed\" height=\"1060\" width=\"450\" frameborder=\"0\" scrolling=\"no\" ><\/iframe>\n<\/div><\/figure>\n\n\n\n<h2 class=\"wp-block-heading\">Por que as modelagens largas conquistaram tanto espa\u00e7o?<\/h2>\n\n\n\n<p>O conforto tornou-se a prioridade absoluta nas escolhas de vestu\u00e1rio das mulheres contempor\u00e2neas que buscam praticidade. Cal\u00e7as do tipo wide leg oferecem liberdade de movimento sem sacrificar a est\u00e9tica sofisticada das grandes metr\u00f3poles. <strong>Adotar silhuetas<\/strong> amplas exige um equil\u00edbrio visual com partes superiores mais ajustadas ao tronco.<\/p>\n\n\n\n<p>Essa tend\u00eancia resgata influ\u00eancias das d\u00e9cadas passadas com uma roupagem totalmente renovada e adaptada para o agora. O volume extra cria um movimento interessante ao caminhar e transmite uma mensagem de confian\u00e7a muito forte. <strong>Escolher tecidos<\/strong> de gramatura m\u00e9dia assegura que o caimento permane\u00e7a elegante em diferentes biotipos femininos.<\/p>\n\n\n\n<p>Para voc\u00ea que gosta de se vestir bem, separamos um v\u00eddeo do canal da <a href=\"https:\/\/www.youtube.com\/@Vit%C3%B3riaPortes\" target=\"_blank\" rel=\"noreferrer noopener\">Vit\u00f3ria Portes<\/a> com dicas para escolher sua cal\u00e7a jeans:<\/p>\n\n\n\n<figure class=\"wp-block-embed is-type-video is-provider-youtube wp-block-embed-youtube wp-embed-aspect-16-9 wp-has-aspect-ratio\"><div class=\"wp-block-embed__wrapper\">\n<div class=\"jeg_video_container jeg_video_content\"><iframe loading=\"lazy\" title=\"COMO ESCOLHER SUA CAL\u00c7A JEANS - Vit\u00f3ria Portes\" width=\"500\" height=\"281\" src=\"https:\/\/www.youtube.com\/embed\/wDNAaUB7x1s?feature=oembed\" frameborder=\"0\" allow=\"accelerometer; autoplay; clipboard-write; encrypted-media; gyroscope; picture-in-picture; web-share\" referrerpolicy=\"strict-origin-when-cross-origin\" allowfullscreen><\/iframe><\/div>\n<\/div><\/figure>\n\n\n\n<h2 class=\"wp-block-heading\">Quais acess\u00f3rios valorizam o estilo jeans moderno agora?<\/h2>\n\n\n\n<p>Os complementos certos t\u00eam o poder de transformar completamente a percep\u00e7\u00e3o do <strong>estilo jeans moderno<\/strong> em qualquer situa\u00e7\u00e3o. Joias minimalistas em dourado destacam-se contra o fundo azulado e trazem luminosidade para o rosto. <strong>Usar len\u00e7os<\/strong> coloridos amarrados na bolsa ou no pesco\u00e7o adiciona um charme extra e muito aut\u00eantico.<\/p>\n\n\n\n<p>Cal\u00e7ados tamb\u00e9m desempenham uma fun\u00e7\u00e3o crucial na defini\u00e7\u00e3o do tom que voc\u00ea deseja transmitir ao mundo exterior. T\u00eanis brancos mant\u00eam a proposta esportiva enquanto scarpins sugerem uma inten\u00e7\u00e3o muito mais elegante e decidida. <strong>Investir em bolsas<\/strong> de estrutura r\u00edgida equilibra a maleabilidade natural das pe\u00e7as em denim de alta qualidade.<\/p>\n\n\n<div class=\"wp-block-image\">\n<figure class=\"aligncenter size-large\"><img loading=\"lazy\" decoding=\"async\" width=\"1024\" height=\"576\" src=\"https:\/\/www.em.com.br\/emfoco\/wp-content\/uploads\/2026\/04\/Escolhendo-jeans-moderno-1024x576.jpg\" alt=\"Estilo jeans moderno\" class=\"wp-image-201394\" srcset=\"https:\/\/www.em.com.br\/emfoco\/wp-content\/uploads\/2026\/04\/Escolhendo-jeans-moderno-1024x576.jpg 1024w, https:\/\/www.em.com.br\/emfoco\/wp-content\/uploads\/2026\/04\/Escolhendo-jeans-moderno-300x169.jpg 300w, https:\/\/www.em.com.br\/emfoco\/wp-content\/uploads\/2026\/04\/Escolhendo-jeans-moderno-768x432.jpg 768w, https:\/\/www.em.com.br\/emfoco\/wp-content\/uploads\/2026\/04\/Escolhendo-jeans-moderno-750x422.jpg 750w, https:\/\/www.em.com.br\/emfoco\/wp-content\/uploads\/2026\/04\/Escolhendo-jeans-moderno-1140x641.jpg 1140w, https:\/\/www.em.com.br\/emfoco\/wp-content\/uploads\/2026\/04\/Escolhendo-jeans-moderno.jpg 1280w\" sizes=\"auto, (max-width: 1024px) 100vw, 1024px\" \/><figcaption class=\"wp-element-caption\">Cal\u00e7ados tamb\u00e9m desempenham uma fun\u00e7\u00e3o crucial na defini\u00e7\u00e3o do tom que voc\u00ea deseja transmitir ao mundo exterior.<\/figcaption><\/figure><\/div>\n\n\n<h2 class=\"wp-block-heading\">Como manter suas pe\u00e7as impec\u00e1veis por muito tempo?<\/h2>\n\n\n\n<p>Cuidar adequadamente das suas roupas favoritas garante que a durabilidade e a cor permane\u00e7am intactas por anos. Evitar lavagens excessivas preserva as fibras naturais e mant\u00e9m a modelagem original de cada item selecionado. <strong>Seguir as instru\u00e7\u00f5es<\/strong> de secagem \u00e0 sombra impede o desbotamento precoce causado pela exposi\u00e7\u00e3o solar direta.<\/p>\n\n\n\n<p>A manuten\u00e7\u00e3o correta reflete o respeito que voc\u00ea tem pelo seu investimento e pelo meio ambiente. Pequenos reparos manuais podem prolongar a vida \u00fatil de jaquetas e cal\u00e7as que j\u00e1 possuem hist\u00f3ria. <strong>Valorizar o consumo<\/strong> consciente torna sua jornada fashion muito mais gratificante e sustent\u00e1vel para o futuro.<\/p>\n","protected":false},"excerpt":{"rendered":"<p>Muitas pessoas buscam renovar o guarda-roupa utilizando o cl\u00e1ssico estilo jeans moderno de formas totalmente inesperadas. As passarelas recentes mostraram combina\u00e7\u00f5es que desafiam a simplicidade desse tecido e prometem transformar sua apar\u00eancia di\u00e1ria. Como usar jeans sobre jeans com sofistica\u00e7\u00e3o? A sobreposi\u00e7\u00e3o de pe\u00e7as em denim exige aten\u00e7\u00e3o especial para criar um visual harmonioso e [&hellip;]<\/p>\n","protected":false},"author":9,"featured_media":201681,"comment_status":"open","ping_status":"open","sticky":false,"template":"","format":"standard","meta":{"jnews-multi-image_gallery":[],"jnews_single_post":{"format":"standard"},"jnews_primary_category":[],"jnews_social_meta":[],"jnews_override_counter":[],"footnotes":""},"categories":[8691,8819],"tags":[14398,7062,28983],"class_list":["post-201078","post","type-post","status-publish","format-standard","has-post-thumbnail","hentry","category-bem-estar","category-curiosidades","tag-dicas-de-estilo","tag-moda-feminina","tag-tendencias-denim"],"yoast_head":"<!-- This site is optimized with the Yoast SEO plugin v23.8 - https:\/\/yoast.com\/wordpress\/plugins\/seo\/ -->\n<title>O jeans voltou para ficar: aqui est\u00e3o duas maneiras f\u00e1ceis e estilosas de us\u00e1-lo - Estado de Minas - Em foco<\/title>\n<meta name=\"description\" content=\"As novas tend\u00eancias trazem formas criativas de usar o estilo jeans moderno com eleg\u00e2ncia. Veja como renovar seu visual usando pe\u00e7as cl\u00e1ssicas\" \/>\n<meta name=\"robots\" content=\"index, follow, max-snippet:-1, max-image-preview:large, max-video-preview:-1\" \/>\n<link rel=\"canonical\" href=\"https:\/\/www.em.com.br\/emfoco\/2026\/04\/30\/o-jeans-voltou-para-ficar-aqui-estao-duas-maneiras-faceis-e-estilosas-de-usa-lo\/\" \/>\n<meta property=\"og:locale\" content=\"pt_BR\" \/>\n<meta property=\"og:type\" content=\"article\" \/>\n<meta property=\"og:title\" content=\"O jeans voltou para ficar: aqui est\u00e3o duas maneiras f\u00e1ceis e estilosas de us\u00e1-lo - Estado de Minas - Em foco\" \/>\n<meta property=\"og:description\" content=\"As novas tend\u00eancias trazem formas criativas de usar o estilo jeans moderno com eleg\u00e2ncia. Veja como renovar seu visual usando pe\u00e7as cl\u00e1ssicas\" \/>\n<meta property=\"og:url\" content=\"https:\/\/www.em.com.br\/emfoco\/2026\/04\/30\/o-jeans-voltou-para-ficar-aqui-estao-duas-maneiras-faceis-e-estilosas-de-usa-lo\/\" \/>\n<meta property=\"og:site_name\" content=\"Estado de Minas - Em foco\" \/>\n<meta property=\"article:published_time\" content=\"2026-04-30T11:15:00+00:00\" \/>\n<meta property=\"article:modified_time\" content=\"2026-04-29T20:08:49+00:00\" \/>\n<meta property=\"og:image\" content=\"https:\/\/www.em.com.br\/emfoco\/wp-content\/uploads\/2026\/04\/EmFoco_54-8.jpg\" \/>\n\t<meta property=\"og:image:width\" content=\"1280\" \/>\n\t<meta property=\"og:image:height\" content=\"720\" \/>\n\t<meta property=\"og:image:type\" content=\"image\/jpeg\" \/>\n<meta name=\"author\" content=\"Daniely Cardoso\" \/>\n<meta name=\"twitter:card\" content=\"summary_large_image\" \/>\n<meta name=\"twitter:label1\" content=\"Escrito por\" \/>\n\t<meta name=\"twitter:data1\" content=\"Daniely Cardoso\" \/>\n\t<meta name=\"twitter:label2\" content=\"Est. tempo de leitura\" \/>\n\t<meta name=\"twitter:data2\" content=\"5 minutos\" \/>\n<!-- \/ Yoast SEO plugin. -->","yoast_head_json":{"title":"O jeans voltou para ficar: aqui est\u00e3o duas maneiras f\u00e1ceis e estilosas de us\u00e1-lo - Estado de Minas - Em foco","description":"As novas tend\u00eancias trazem formas criativas de usar o estilo jeans moderno com eleg\u00e2ncia. Veja como renovar seu visual usando pe\u00e7as cl\u00e1ssicas","robots":{"index":"index","follow":"follow","max-snippet":"max-snippet:-1","max-image-preview":"max-image-preview:large","max-video-preview":"max-video-preview:-1"},"canonical":"https:\/\/www.em.com.br\/emfoco\/2026\/04\/30\/o-jeans-voltou-para-ficar-aqui-estao-duas-maneiras-faceis-e-estilosas-de-usa-lo\/","og_locale":"pt_BR","og_type":"article","og_title":"O jeans voltou para ficar: aqui est\u00e3o duas maneiras f\u00e1ceis e estilosas de us\u00e1-lo - Estado de Minas - Em foco","og_description":"As novas tend\u00eancias trazem formas criativas de usar o estilo jeans moderno com eleg\u00e2ncia. Veja como renovar seu visual usando pe\u00e7as cl\u00e1ssicas","og_url":"https:\/\/www.em.com.br\/emfoco\/2026\/04\/30\/o-jeans-voltou-para-ficar-aqui-estao-duas-maneiras-faceis-e-estilosas-de-usa-lo\/","og_site_name":"Estado de Minas - Em foco","article_published_time":"2026-04-30T11:15:00+00:00","article_modified_time":"2026-04-29T20:08:49+00:00","og_image":[{"width":1280,"height":720,"url":"https:\/\/www.em.com.br\/emfoco\/wp-content\/uploads\/2026\/04\/EmFoco_54-8.jpg","type":"image\/jpeg"}],"author":"Daniely Cardoso","twitter_card":"summary_large_image","twitter_misc":{"Escrito por":"Daniely Cardoso","Est. tempo de leitura":"5 minutos"},"schema":{"@context":"https:\/\/schema.org","@graph":[{"@type":"WebPage","@id":"https:\/\/www.em.com.br\/emfoco\/2026\/04\/30\/o-jeans-voltou-para-ficar-aqui-estao-duas-maneiras-faceis-e-estilosas-de-usa-lo\/","url":"https:\/\/www.em.com.br\/emfoco\/2026\/04\/30\/o-jeans-voltou-para-ficar-aqui-estao-duas-maneiras-faceis-e-estilosas-de-usa-lo\/","name":"O jeans voltou para ficar: aqui est\u00e3o duas maneiras f\u00e1ceis e estilosas de us\u00e1-lo - Estado de Minas - Em foco","isPartOf":{"@id":"https:\/\/www.em.com.br\/emfoco\/#website"},"primaryImageOfPage":{"@id":"https:\/\/www.em.com.br\/emfoco\/2026\/04\/30\/o-jeans-voltou-para-ficar-aqui-estao-duas-maneiras-faceis-e-estilosas-de-usa-lo\/#primaryimage"},"image":{"@id":"https:\/\/www.em.com.br\/emfoco\/2026\/04\/30\/o-jeans-voltou-para-ficar-aqui-estao-duas-maneiras-faceis-e-estilosas-de-usa-lo\/#primaryimage"},"thumbnailUrl":"https:\/\/www.em.com.br\/emfoco\/wp-content\/uploads\/2026\/04\/EmFoco_54-8.jpg","datePublished":"2026-04-30T11:15:00+00:00","dateModified":"2026-04-29T20:08:49+00:00","author":{"@id":"https:\/\/www.em.com.br\/emfoco\/#\/schema\/person\/0a8186d72f2c3a5c6276d90b41f271a0"},"description":"As novas tend\u00eancias trazem formas criativas de usar o estilo jeans moderno com eleg\u00e2ncia. Veja como renovar seu visual usando pe\u00e7as cl\u00e1ssicas","breadcrumb":{"@id":"https:\/\/www.em.com.br\/emfoco\/2026\/04\/30\/o-jeans-voltou-para-ficar-aqui-estao-duas-maneiras-faceis-e-estilosas-de-usa-lo\/#breadcrumb"},"inLanguage":"pt-BR","potentialAction":[{"@type":"ReadAction","target":["https:\/\/www.em.com.br\/emfoco\/2026\/04\/30\/o-jeans-voltou-para-ficar-aqui-estao-duas-maneiras-faceis-e-estilosas-de-usa-lo\/"]}]},{"@type":"ImageObject","inLanguage":"pt-BR","@id":"https:\/\/www.em.com.br\/emfoco\/2026\/04\/30\/o-jeans-voltou-para-ficar-aqui-estao-duas-maneiras-faceis-e-estilosas-de-usa-lo\/#primaryimage","url":"https:\/\/www.em.com.br\/emfoco\/wp-content\/uploads\/2026\/04\/EmFoco_54-8.jpg","contentUrl":"https:\/\/www.em.com.br\/emfoco\/wp-content\/uploads\/2026\/04\/EmFoco_54-8.jpg","width":1280,"height":720,"caption":"Tend\u00eancia denim valoriza modelagens amplas e acess\u00f3rios em couro para visual sofisticado"},{"@type":"BreadcrumbList","@id":"https:\/\/www.em.com.br\/emfoco\/2026\/04\/30\/o-jeans-voltou-para-ficar-aqui-estao-duas-maneiras-faceis-e-estilosas-de-usa-lo\/#breadcrumb","itemListElement":[{"@type":"ListItem","position":1,"name":"In\u00edcio","item":"https:\/\/www.em.com.br\/emfoco\/"},{"@type":"ListItem","position":2,"name":"O jeans voltou para ficar: aqui est\u00e3o duas maneiras f\u00e1ceis e estilosas de us\u00e1-lo"}]},{"@type":"WebSite","@id":"https:\/\/www.em.com.br\/emfoco\/#website","url":"https:\/\/www.em.com.br\/emfoco\/","name":"Estado de Minas - Em foco","description":"Acompanhe as \u00faltimas not\u00edcias e fique bem informado sobre tudo o que acontece em Minas Gerais, Brasil e no mundo.","potentialAction":[{"@type":"SearchAction","target":{"@type":"EntryPoint","urlTemplate":"https:\/\/www.em.com.br\/emfoco\/?s={search_term_string}"},"query-input":{"@type":"PropertyValueSpecification","valueRequired":true,"valueName":"search_term_string"}}],"inLanguage":"pt-BR"},{"@type":"Person","@id":"https:\/\/www.em.com.br\/emfoco\/#\/schema\/person\/0a8186d72f2c3a5c6276d90b41f271a0","name":"Daniely Cardoso","image":{"@type":"ImageObject","inLanguage":"pt-BR","@id":"https:\/\/www.em.com.br\/emfoco\/#\/schema\/person\/image\/","url":"https:\/\/secure.gravatar.com\/avatar\/4b80ddbd124d1f071b626d52d62e5dff?s=96&d=mm&r=g","contentUrl":"https:\/\/secure.gravatar.com\/avatar\/4b80ddbd124d1f071b626d52d62e5dff?s=96&d=mm&r=g","caption":"Daniely Cardoso"},"url":"https:\/\/www.em.com.br\/emfoco\/author\/danielymyth\/"}]}},"_links":{"self":[{"href":"https:\/\/www.em.com.br\/emfoco\/wp-json\/wp\/v2\/posts\/201078","targetHints":{"allow":["GET"]}}],"collection":[{"href":"https:\/\/www.em.com.br\/emfoco\/wp-json\/wp\/v2\/posts"}],"about":[{"href":"https:\/\/www.em.com.br\/emfoco\/wp-json\/wp\/v2\/types\/post"}],"author":[{"embeddable":true,"href":"https:\/\/www.em.com.br\/emfoco\/wp-json\/wp\/v2\/users\/9"}],"replies":[{"embeddable":true,"href":"https:\/\/www.em.com.br\/emfoco\/wp-json\/wp\/v2\/comments?post=201078"}],"version-history":[{"count":2,"href":"https:\/\/www.em.com.br\/emfoco\/wp-json\/wp\/v2\/posts\/201078\/revisions"}],"predecessor-version":[{"id":201395,"href":"https:\/\/www.em.com.br\/emfoco\/wp-json\/wp\/v2\/posts\/201078\/revisions\/201395"}],"wp:featuredmedia":[{"embeddable":true,"href":"https:\/\/www.em.com.br\/emfoco\/wp-json\/wp\/v2\/media\/201681"}],"wp:attachment":[{"href":"https:\/\/www.em.com.br\/emfoco\/wp-json\/wp\/v2\/media?parent=201078"}],"wp:term":[{"taxonomy":"category","embeddable":true,"href":"https:\/\/www.em.com.br\/emfoco\/wp-json\/wp\/v2\/categories?post=201078"},{"taxonomy":"post_tag","embeddable":true,"href":"https:\/\/www.em.com.br\/emfoco\/wp-json\/wp\/v2\/tags?post=201078"}],"curies":[{"name":"wp","href":"https:\/\/api.w.org\/{rel}","templated":true}]}}