{"id":201059,"date":"2026-05-01T08:55:00","date_gmt":"2026-05-01T11:55:00","guid":{"rendered":"https:\/\/www.em.com.br\/emfoco\/?p=201059"},"modified":"2026-04-30T19:31:43","modified_gmt":"2026-04-30T22:31:43","slug":"nao-jogue-fora-a-louca-velha-ela-e-um-tesouro-em-casa-2-ideias-uteis-para-valoriza-la","status":"publish","type":"post","link":"https:\/\/www.em.com.br\/emfoco\/2026\/05\/01\/nao-jogue-fora-a-louca-velha-ela-e-um-tesouro-em-casa-2-ideias-uteis-para-valoriza-la\/","title":{"rendered":"N\u00e3o jogue fora a lou\u00e7a velha, ela \u00e9 um tesouro em casa: 2 ideias \u00fateis para valoriz\u00e1-la."},"content":{"rendered":"\n<p>Em muitas casas, a lou\u00e7a antiga acaba esquecida no fundo do arm\u00e1rio ou vai direto para o lixo quando quebra um peda\u00e7o, mas o reaproveitamento dom\u00e9stico mostra que esses pratos podem ganhar novos usos pr\u00e1ticos e cheios de mem\u00f3ria afetiva, transformando cer\u00e2micas encostadas em pe\u00e7as \u00fateis e decorativas com solu\u00e7\u00f5es simples e acess\u00edveis.<\/p>\n\n\n\n<h2 class=\"wp-block-heading\">Por que vale a pena reaproveitar lou\u00e7a velha em casa?<\/h2>\n\n\n\n<p>Reaproveitar pratos antigos reduz res\u00edduos, economiza dinheiro e diminui a compra de itens novos, j\u00e1 que a <a href=\"https:\/\/www.em.com.br\/emfoco\/2026\/04\/05\/adeus-aos-vasos-de-ceramica-a-tendencia-inovadora-ajuda-no-crescimento-saudavel-das-plantas\/\" target=\"_blank\" rel=\"noreferrer noopener\">cer\u00e2mica <\/a>\u00e9 um material de dif\u00edcil decomposi\u00e7\u00e3o e costuma ocupar espa\u00e7o em lix\u00f5es e aterros. Ao dar uma nova fun\u00e7\u00e3o a essas pe\u00e7as, voc\u00ea contribui com o meio ambiente e organiza melhor o que j\u00e1 existe em casa.<\/p>\n\n\n\n<p>Muitas lou\u00e7as guardam hist\u00f3rias de fam\u00edlia, celebra\u00e7\u00f5es e momentos marcantes, e podem continuar presentes no dia a dia de forma discreta e funcional. Assim, o reaproveitamento de lou\u00e7a velha vira tamb\u00e9m uma forma de preservar mem\u00f3rias e criar uma decora\u00e7\u00e3o com identidade pr\u00f3pria.<\/p>\n\n\n\n<figure class=\"wp-block-image size-large\"><img loading=\"lazy\" decoding=\"async\" width=\"1024\" height=\"576\" src=\"https:\/\/www.em.com.br\/emfoco\/wp-content\/uploads\/2026\/04\/Gemini_Generated_Image_ol4du1ol4du1ol4d-1-1024x576.png\" alt=\"Voc\u00ea nunca mais vai jogar lou\u00e7a velha fora\" class=\"wp-image-201062\" srcset=\"https:\/\/www.em.com.br\/emfoco\/wp-content\/uploads\/2026\/04\/Gemini_Generated_Image_ol4du1ol4du1ol4d-1-1024x576.png 1024w, https:\/\/www.em.com.br\/emfoco\/wp-content\/uploads\/2026\/04\/Gemini_Generated_Image_ol4du1ol4du1ol4d-1-300x169.png 300w, https:\/\/www.em.com.br\/emfoco\/wp-content\/uploads\/2026\/04\/Gemini_Generated_Image_ol4du1ol4du1ol4d-1-768x432.png 768w, https:\/\/www.em.com.br\/emfoco\/wp-content\/uploads\/2026\/04\/Gemini_Generated_Image_ol4du1ol4du1ol4d-1-750x422.png 750w, https:\/\/www.em.com.br\/emfoco\/wp-content\/uploads\/2026\/04\/Gemini_Generated_Image_ol4du1ol4du1ol4d-1-1140x641.png 1140w, https:\/\/www.em.com.br\/emfoco\/wp-content\/uploads\/2026\/04\/Gemini_Generated_Image_ol4du1ol4du1ol4d-1.png 1280w\" sizes=\"auto, (max-width: 1024px) 100vw, 1024px\" \/><figcaption class=\"wp-element-caption\">Voc\u00ea nunca mais vai jogar lou\u00e7a velha fora<\/figcaption><\/figure>\n\n\n\n<h2 class=\"wp-block-heading\">Como transformar pratos em comedouros suspensos para p\u00e1ssaros<\/h2>\n\n\n\n<p>Entre as ideias de reaproveitamento de lou\u00e7a velha, o comedouro ou bebedouro suspenso para p\u00e1ssaros se destaca pela simplicidade e pelo impacto visual. Um prato fundo de cer\u00e2mica pode virar ponto de encontro para aves em varandas, jardins ou \u00e1reas externas, enriquecendo o ambiente e aproximando a fauna urbana.<\/p>\n\n\n\n<p>Para montar esse tipo de pe\u00e7a, voc\u00ea precisa de poucos materiais b\u00e1sicos e facilmente encontrados em casa ou em lojas de ferragens:<\/p>\n\n\n\n<ul class=\"wp-block-list\">\n<li><strong>Prato de cer\u00e2mica fundo<\/strong>, de prefer\u00eancia ainda resistente;<\/li>\n\n\n\n<li><strong>Corda, fio grosso ou arame<\/strong>\u00a0para sustenta\u00e7\u00e3o;<\/li>\n\n\n\n<li><strong>Cola forte ou silicone<\/strong>\u00a0para refor\u00e7ar os pontos de fixa\u00e7\u00e3o;<\/li>\n\n\n\n<li><strong>Gancho ou suporte<\/strong>\u00a0para pendurar em \u00e1rvore, muro ou teto.<\/li>\n<\/ul>\n\n\n\n<p>Depois da limpeza do prato, basta marcar tr\u00eas ou quatro pontos na borda, prender as cordas com n\u00f3s bem firmes e refor\u00e7ar com cola, formando uma \u201crede\u201d de sustenta\u00e7\u00e3o. Em seguida, una as extremidades das cordas na parte superior, encaixe no gancho, pendure em local seguro e preencha com \u00e1gua ou sementes para atrair os p\u00e1ssaros.<\/p>\n\n\n\n<h2 class=\"wp-block-heading\">Como fazer um rel\u00f3gio de parede com prato de cer\u00e2mica<\/h2>\n\n\n\n<p>Outra ideia simples \u00e9 transformar um prato em um rel\u00f3gio de parede, dando novo uso a pe\u00e7as fora de moda para a mesa, mas perfeitas para a decora\u00e7\u00e3o. Essa reciclagem de pratos em rel\u00f3gios permite criar um item exclusivo, alinhado ao seu estilo, sem precisar investir em um rel\u00f3gio novo.<\/p>\n\n\n\n<p>O projeto exige apenas aten\u00e7\u00e3o na perfura\u00e7\u00e3o do centro do prato e no encaixe do mecanismo. Use broca diamantada com \u00e1gua para furar devagar, evitando trincas, e proteja os olhos e as m\u00e3os. Depois, limpe bem a pe\u00e7a, instale o mecanismo pela parte de tr\u00e1s, fixe com a ferramenta adequada, encaixe os ponteiros, ajuste o hor\u00e1rio e pendure na parede.<\/p>\n\n\n\n<figure class=\"wp-block-image size-large\"><img loading=\"lazy\" decoding=\"async\" width=\"1024\" height=\"576\" src=\"https:\/\/www.em.com.br\/emfoco\/wp-content\/uploads\/2026\/04\/Gemini_Generated_Image_5vplly5vplly5vpl-1-1024x576.png\" alt=\"Voc\u00ea nunca mais vai jogar lou\u00e7a velha fora\" class=\"wp-image-201063\" srcset=\"https:\/\/www.em.com.br\/emfoco\/wp-content\/uploads\/2026\/04\/Gemini_Generated_Image_5vplly5vplly5vpl-1-1024x576.png 1024w, https:\/\/www.em.com.br\/emfoco\/wp-content\/uploads\/2026\/04\/Gemini_Generated_Image_5vplly5vplly5vpl-1-300x169.png 300w, https:\/\/www.em.com.br\/emfoco\/wp-content\/uploads\/2026\/04\/Gemini_Generated_Image_5vplly5vplly5vpl-1-768x432.png 768w, https:\/\/www.em.com.br\/emfoco\/wp-content\/uploads\/2026\/04\/Gemini_Generated_Image_5vplly5vplly5vpl-1-750x422.png 750w, https:\/\/www.em.com.br\/emfoco\/wp-content\/uploads\/2026\/04\/Gemini_Generated_Image_5vplly5vplly5vpl-1-1140x641.png 1140w, https:\/\/www.em.com.br\/emfoco\/wp-content\/uploads\/2026\/04\/Gemini_Generated_Image_5vplly5vplly5vpl-1.png 1280w\" sizes=\"auto, (max-width: 1024px) 100vw, 1024px\" \/><figcaption class=\"wp-element-caption\">Voc\u00ea nunca mais vai jogar lou\u00e7a velha fora<\/figcaption><\/figure>\n\n\n\n<h2 class=\"wp-block-heading\">Quais cuidados tomar ao reciclar pratos de cer\u00e2mica<\/h2>\n\n\n\n<p>Antes de iniciar qualquer projeto, \u00e9 essencial inspecionar o prato e verificar se h\u00e1 rachaduras profundas ou \u00e1reas muito fr\u00e1geis, que podem quebrar durante o manuseio. Em projetos suspensos, cheque tamb\u00e9m a resist\u00eancia de cordas, ganchos e suportes, para evitar quedas acidentais.<\/p>\n\n\n\n<p>Ao furar cer\u00e2mica, utilize \u00f3culos, m\u00e1scara e, se poss\u00edvel, luvas, al\u00e9m de seguir as orienta\u00e7\u00f5es do fabricante das ferramentas e colas. Em pe\u00e7as que ter\u00e3o contato com alimentos, \u00e1gua ou animais, prefira materiais at\u00f3xicos e adequados para esse tipo de uso, garantindo seguran\u00e7a e maior durabilidade aos novos objetos.<\/p>\n\n\n\n<h2 class=\"wp-block-heading\">Como come\u00e7ar hoje mesmo a reutilizar lou\u00e7a velha com criatividade<\/h2>\n\n\n\n<p>Com alguns cuidados b\u00e1sicos e ideias simples, a reutiliza\u00e7\u00e3o de lou\u00e7a velha se torna um h\u00e1bito sustent\u00e1vel e criativo, ajudando a reduzir desperd\u00edcios, liberar espa\u00e7o nos arm\u00e1rios e transformar lembran\u00e7as guardadas em objetos vivos na decora\u00e7\u00e3o. Cada prato reaproveitado \u00e9 uma oportunidade de economizar, poluir menos e refor\u00e7ar a hist\u00f3ria da sua casa.<\/p>\n\n\n\n<p>N\u00e3o espere as pe\u00e7as quebrarem ou se perderem: separe agora mesmo alguns pratos esquecidos, escolha um dos projetos mais f\u00e1ceis e coloque a m\u00e3o na massa hoje, antes que essa lou\u00e7a cheia de mem\u00f3ria v\u00e1 parar no lixo sem ter a chance de ganhar uma nova vida.<\/p>\n","protected":false},"excerpt":{"rendered":"<p>Em muitas casas, a lou\u00e7a antiga acaba esquecida no fundo do arm\u00e1rio ou vai direto para o lixo quando quebra um peda\u00e7o, mas o reaproveitamento dom\u00e9stico mostra que esses pratos podem ganhar novos usos pr\u00e1ticos e cheios de mem\u00f3ria afetiva, transformando cer\u00e2micas encostadas em pe\u00e7as \u00fateis e decorativas com solu\u00e7\u00f5es simples e acess\u00edveis. Por que [&hellip;]<\/p>\n","protected":false},"author":11,"featured_media":202289,"comment_status":"open","ping_status":"open","sticky":false,"template":"","format":"standard","meta":{"jnews-multi-image_gallery":[],"jnews_single_post":{"format":"standard"},"jnews_primary_category":[],"jnews_social_meta":[],"jnews_override_counter":[],"footnotes":""},"categories":[8819,1],"tags":[10428,5115,28966,836],"class_list":["post-201059","post","type-post","status-publish","format-standard","has-post-thumbnail","hentry","category-curiosidades","category-noticias","tag-decorar","tag-diy","tag-louca-antiga","tag-pratos"],"yoast_head":"<!-- This site is optimized with the Yoast SEO plugin v23.8 - https:\/\/yoast.com\/wordpress\/plugins\/seo\/ -->\n<title>N\u00e3o jogue fora a lou\u00e7a velha, ela \u00e9 um tesouro em casa: 2 ideias \u00fateis para valoriz\u00e1-la. - Estado de Minas - Em foco<\/title>\n<meta name=\"description\" content=\"Reaproveitar lou\u00e7a antiga ajuda a economizar e decorar. Aprenda como transformar pratos em objetos criativos.\" \/>\n<meta name=\"robots\" content=\"index, follow, max-snippet:-1, max-image-preview:large, max-video-preview:-1\" \/>\n<link rel=\"canonical\" href=\"https:\/\/www.em.com.br\/emfoco\/2026\/05\/01\/nao-jogue-fora-a-louca-velha-ela-e-um-tesouro-em-casa-2-ideias-uteis-para-valoriza-la\/\" \/>\n<meta property=\"og:locale\" content=\"pt_BR\" \/>\n<meta property=\"og:type\" content=\"article\" \/>\n<meta property=\"og:title\" content=\"N\u00e3o jogue fora a lou\u00e7a velha, ela \u00e9 um tesouro em casa: 2 ideias \u00fateis para valoriz\u00e1-la. - Estado de Minas - Em foco\" \/>\n<meta property=\"og:description\" content=\"Reaproveitar lou\u00e7a antiga ajuda a economizar e decorar. Aprenda como transformar pratos em objetos criativos.\" \/>\n<meta property=\"og:url\" content=\"https:\/\/www.em.com.br\/emfoco\/2026\/05\/01\/nao-jogue-fora-a-louca-velha-ela-e-um-tesouro-em-casa-2-ideias-uteis-para-valoriza-la\/\" \/>\n<meta property=\"og:site_name\" content=\"Estado de Minas - Em foco\" \/>\n<meta property=\"article:published_time\" content=\"2026-05-01T11:55:00+00:00\" \/>\n<meta property=\"article:modified_time\" content=\"2026-04-30T22:31:43+00:00\" \/>\n<meta property=\"og:image\" content=\"https:\/\/www.em.com.br\/emfoco\/wp-content\/uploads\/2026\/05\/EmFoco_54.jpg\" \/>\n\t<meta property=\"og:image:width\" content=\"1280\" \/>\n\t<meta property=\"og:image:height\" content=\"720\" \/>\n\t<meta property=\"og:image:type\" content=\"image\/jpeg\" \/>\n<meta name=\"author\" content=\"Andre\u0301 Rangel\u00a0\" \/>\n<meta name=\"twitter:card\" content=\"summary_large_image\" \/>\n<meta name=\"twitter:label1\" content=\"Escrito por\" \/>\n\t<meta name=\"twitter:data1\" content=\"Andre\u0301 Rangel\u00a0\" \/>\n\t<meta name=\"twitter:label2\" content=\"Est. tempo de leitura\" \/>\n\t<meta name=\"twitter:data2\" content=\"5 minutos\" \/>\n<!-- \/ Yoast SEO plugin. -->","yoast_head_json":{"title":"N\u00e3o jogue fora a lou\u00e7a velha, ela \u00e9 um tesouro em casa: 2 ideias \u00fateis para valoriz\u00e1-la. - Estado de Minas - Em foco","description":"Reaproveitar lou\u00e7a antiga ajuda a economizar e decorar. Aprenda como transformar pratos em objetos criativos.","robots":{"index":"index","follow":"follow","max-snippet":"max-snippet:-1","max-image-preview":"max-image-preview:large","max-video-preview":"max-video-preview:-1"},"canonical":"https:\/\/www.em.com.br\/emfoco\/2026\/05\/01\/nao-jogue-fora-a-louca-velha-ela-e-um-tesouro-em-casa-2-ideias-uteis-para-valoriza-la\/","og_locale":"pt_BR","og_type":"article","og_title":"N\u00e3o jogue fora a lou\u00e7a velha, ela \u00e9 um tesouro em casa: 2 ideias \u00fateis para valoriz\u00e1-la. - Estado de Minas - Em foco","og_description":"Reaproveitar lou\u00e7a antiga ajuda a economizar e decorar. Aprenda como transformar pratos em objetos criativos.","og_url":"https:\/\/www.em.com.br\/emfoco\/2026\/05\/01\/nao-jogue-fora-a-louca-velha-ela-e-um-tesouro-em-casa-2-ideias-uteis-para-valoriza-la\/","og_site_name":"Estado de Minas - Em foco","article_published_time":"2026-05-01T11:55:00+00:00","article_modified_time":"2026-04-30T22:31:43+00:00","og_image":[{"width":1280,"height":720,"url":"https:\/\/www.em.com.br\/emfoco\/wp-content\/uploads\/2026\/05\/EmFoco_54.jpg","type":"image\/jpeg"}],"author":"Andre\u0301 Rangel\u00a0","twitter_card":"summary_large_image","twitter_misc":{"Escrito por":"Andre\u0301 Rangel\u00a0","Est. tempo de leitura":"5 minutos"},"schema":{"@context":"https:\/\/schema.org","@graph":[{"@type":"WebPage","@id":"https:\/\/www.em.com.br\/emfoco\/2026\/05\/01\/nao-jogue-fora-a-louca-velha-ela-e-um-tesouro-em-casa-2-ideias-uteis-para-valoriza-la\/","url":"https:\/\/www.em.com.br\/emfoco\/2026\/05\/01\/nao-jogue-fora-a-louca-velha-ela-e-um-tesouro-em-casa-2-ideias-uteis-para-valoriza-la\/","name":"N\u00e3o jogue fora a lou\u00e7a velha, ela \u00e9 um tesouro em casa: 2 ideias \u00fateis para valoriz\u00e1-la. - Estado de Minas - Em foco","isPartOf":{"@id":"https:\/\/www.em.com.br\/emfoco\/#website"},"primaryImageOfPage":{"@id":"https:\/\/www.em.com.br\/emfoco\/2026\/05\/01\/nao-jogue-fora-a-louca-velha-ela-e-um-tesouro-em-casa-2-ideias-uteis-para-valoriza-la\/#primaryimage"},"image":{"@id":"https:\/\/www.em.com.br\/emfoco\/2026\/05\/01\/nao-jogue-fora-a-louca-velha-ela-e-um-tesouro-em-casa-2-ideias-uteis-para-valoriza-la\/#primaryimage"},"thumbnailUrl":"https:\/\/www.em.com.br\/emfoco\/wp-content\/uploads\/2026\/05\/EmFoco_54.jpg","datePublished":"2026-05-01T11:55:00+00:00","dateModified":"2026-04-30T22:31:43+00:00","author":{"@id":"https:\/\/www.em.com.br\/emfoco\/#\/schema\/person\/60eda09c1fedf0d6891f4cef4b60b8b8"},"description":"Reaproveitar lou\u00e7a antiga ajuda a economizar e decorar. Aprenda como transformar pratos em objetos criativos.","breadcrumb":{"@id":"https:\/\/www.em.com.br\/emfoco\/2026\/05\/01\/nao-jogue-fora-a-louca-velha-ela-e-um-tesouro-em-casa-2-ideias-uteis-para-valoriza-la\/#breadcrumb"},"inLanguage":"pt-BR","potentialAction":[{"@type":"ReadAction","target":["https:\/\/www.em.com.br\/emfoco\/2026\/05\/01\/nao-jogue-fora-a-louca-velha-ela-e-um-tesouro-em-casa-2-ideias-uteis-para-valoriza-la\/"]}]},{"@type":"ImageObject","inLanguage":"pt-BR","@id":"https:\/\/www.em.com.br\/emfoco\/2026\/05\/01\/nao-jogue-fora-a-louca-velha-ela-e-um-tesouro-em-casa-2-ideias-uteis-para-valoriza-la\/#primaryimage","url":"https:\/\/www.em.com.br\/emfoco\/wp-content\/uploads\/2026\/05\/EmFoco_54.jpg","contentUrl":"https:\/\/www.em.com.br\/emfoco\/wp-content\/uploads\/2026\/05\/EmFoco_54.jpg","width":1280,"height":720,"caption":"Reaproveitamento de cer\u00e2micas antigas que preserva mem\u00f3rias afetivas e reduz res\u00edduos ambientais"},{"@type":"BreadcrumbList","@id":"https:\/\/www.em.com.br\/emfoco\/2026\/05\/01\/nao-jogue-fora-a-louca-velha-ela-e-um-tesouro-em-casa-2-ideias-uteis-para-valoriza-la\/#breadcrumb","itemListElement":[{"@type":"ListItem","position":1,"name":"In\u00edcio","item":"https:\/\/www.em.com.br\/emfoco\/"},{"@type":"ListItem","position":2,"name":"N\u00e3o jogue fora a lou\u00e7a velha, ela \u00e9 um tesouro em casa: 2 ideias \u00fateis para valoriz\u00e1-la."}]},{"@type":"WebSite","@id":"https:\/\/www.em.com.br\/emfoco\/#website","url":"https:\/\/www.em.com.br\/emfoco\/","name":"Estado de Minas - Em foco","description":"Acompanhe as \u00faltimas not\u00edcias e fique bem informado sobre tudo o que acontece em Minas Gerais, Brasil e no mundo.","potentialAction":[{"@type":"SearchAction","target":{"@type":"EntryPoint","urlTemplate":"https:\/\/www.em.com.br\/emfoco\/?s={search_term_string}"},"query-input":{"@type":"PropertyValueSpecification","valueRequired":true,"valueName":"search_term_string"}}],"inLanguage":"pt-BR"},{"@type":"Person","@id":"https:\/\/www.em.com.br\/emfoco\/#\/schema\/person\/60eda09c1fedf0d6891f4cef4b60b8b8","name":"Andre\u0301 Rangel\u00a0","image":{"@type":"ImageObject","inLanguage":"pt-BR","@id":"https:\/\/www.em.com.br\/emfoco\/#\/schema\/person\/image\/","url":"https:\/\/secure.gravatar.com\/avatar\/6234dc814c77c8ef6d8bba622c787efc?s=96&d=mm&r=g","contentUrl":"https:\/\/secure.gravatar.com\/avatar\/6234dc814c77c8ef6d8bba622c787efc?s=96&d=mm&r=g","caption":"Andre\u0301 Rangel\u00a0"},"url":"https:\/\/www.em.com.br\/emfoco\/author\/luizmyth\/"}]}},"_links":{"self":[{"href":"https:\/\/www.em.com.br\/emfoco\/wp-json\/wp\/v2\/posts\/201059","targetHints":{"allow":["GET"]}}],"collection":[{"href":"https:\/\/www.em.com.br\/emfoco\/wp-json\/wp\/v2\/posts"}],"about":[{"href":"https:\/\/www.em.com.br\/emfoco\/wp-json\/wp\/v2\/types\/post"}],"author":[{"embeddable":true,"href":"https:\/\/www.em.com.br\/emfoco\/wp-json\/wp\/v2\/users\/11"}],"replies":[{"embeddable":true,"href":"https:\/\/www.em.com.br\/emfoco\/wp-json\/wp\/v2\/comments?post=201059"}],"version-history":[{"count":2,"href":"https:\/\/www.em.com.br\/emfoco\/wp-json\/wp\/v2\/posts\/201059\/revisions"}],"predecessor-version":[{"id":201064,"href":"https:\/\/www.em.com.br\/emfoco\/wp-json\/wp\/v2\/posts\/201059\/revisions\/201064"}],"wp:featuredmedia":[{"embeddable":true,"href":"https:\/\/www.em.com.br\/emfoco\/wp-json\/wp\/v2\/media\/202289"}],"wp:attachment":[{"href":"https:\/\/www.em.com.br\/emfoco\/wp-json\/wp\/v2\/media?parent=201059"}],"wp:term":[{"taxonomy":"category","embeddable":true,"href":"https:\/\/www.em.com.br\/emfoco\/wp-json\/wp\/v2\/categories?post=201059"},{"taxonomy":"post_tag","embeddable":true,"href":"https:\/\/www.em.com.br\/emfoco\/wp-json\/wp\/v2\/tags?post=201059"}],"curies":[{"name":"wp","href":"https:\/\/api.w.org\/{rel}","templated":true}]}}