{"id":201033,"date":"2026-04-30T21:35:00","date_gmt":"2026-05-01T00:35:00","guid":{"rendered":"https:\/\/www.em.com.br\/emfoco\/?p=201033"},"modified":"2026-04-29T12:12:50","modified_gmt":"2026-04-29T15:12:50","slug":"entrou-em-vigor-a-lei-que-proibe-deixar-caes-sem-supervisao-por-mais-de-24-horas","status":"publish","type":"post","link":"https:\/\/www.em.com.br\/emfoco\/2026\/04\/30\/entrou-em-vigor-a-lei-que-proibe-deixar-caes-sem-supervisao-por-mais-de-24-horas\/","title":{"rendered":"Entrou em vigor a lei que pro\u00edbe deixar c\u00e3es sem supervis\u00e3o por mais de 24 horas"},"content":{"rendered":"\n<p>Ter um animal em casa se tornou algo comum em muitas fam\u00edlias, mas essa conviv\u00eancia vem acompanhada de regras legais claras que visam garantir o bem-estar de c\u00e3es, gatos e outros animais de companhia. Na <strong>Espanha<\/strong>, a\u00a0<strong>Lei de Bem-Estar Animal<\/strong>\u00a0estabelece limites sobre o tempo que um animal pode ficar sozinho, as condi\u00e7\u00f5es m\u00ednimas de cuidado e as san\u00e7\u00f5es em caso de descumprimento, transformando a tutela respons\u00e1vel em um dever jur\u00eddico concreto.<\/p>\n\n\n\n<h2 class=\"wp-block-heading\">Como a legisla\u00e7\u00e3o brasileira trata c\u00e3es sozinhos em casa em 2026<\/h2>\n\n\n\n<p>No <strong>Brasil<\/strong>, em 2026, n\u00e3o existe uma lei federal que fixe um n\u00famero exato de horas (como 24h) para deixar um c\u00e3o sozinho em casa. Ainda assim, a aus\u00eancia prolongada pode ser enquadrada como\u00a0<strong>crime de maus-tratos<\/strong>\u00a0pela<a href=\"https:\/\/www.ibama.gov.br\/sophia\/cnia\/livros\/leidecrimesambientais3ed.pdf\" target=\"_blank\" rel=\"noreferrer noopener\">\u00a0<strong>Lei Federal 9.605\/98<\/strong><\/a>\u00a0(Lei de Crimes Ambientais), especialmente quando gera priva\u00e7\u00e3o de alimento, \u00e1gua, higiene, ou causa sofrimento f\u00edsico e emocional significativo.<\/p>\n\n\n\n<p>A puni\u00e7\u00e3o para maus-tratos a c\u00e3es e gatos foi endurecida pela\u00a0<strong>Lei Sans\u00e3o (Lei 14.064\/2020)<\/strong>, que alterou o <strong>artigo 32 <\/strong>da Lei de Crimes Ambientais e prev\u00ea\u00a0<strong>reclus\u00e3o de 2 a 5 anos<\/strong>, multa e\u00a0<strong>proibi\u00e7\u00e3o da guarda<\/strong>. Conselhos de Medicina Veterin\u00e1ria, como o\u00a0<strong>CRMV-PA<\/strong>, refor\u00e7am em notas t\u00e9cnicas que a neglig\u00eancia prolongada dentro do domic\u00edlio \u00e9 pass\u00edvel de responsabiliza\u00e7\u00e3o, e que den\u00fancias podem ser feitas \u00e0 pol\u00edcia, Minist\u00e9rio P\u00fablico ou \u00f3rg\u00e3os ambientais.<\/p>\n\n\n\n<figure class=\"wp-block-image size-large\"><img loading=\"lazy\" decoding=\"async\" width=\"1024\" height=\"576\" src=\"https:\/\/www.em.com.br\/emfoco\/wp-content\/uploads\/2026\/04\/Gemini_Generated_Image_82e6ub82e6ub82e6-1-1024x576.png\" alt=\"Donos de c\u00e3es se assustam com novas regras\" class=\"wp-image-201037\" srcset=\"https:\/\/www.em.com.br\/emfoco\/wp-content\/uploads\/2026\/04\/Gemini_Generated_Image_82e6ub82e6ub82e6-1-1024x576.png 1024w, https:\/\/www.em.com.br\/emfoco\/wp-content\/uploads\/2026\/04\/Gemini_Generated_Image_82e6ub82e6ub82e6-1-300x169.png 300w, https:\/\/www.em.com.br\/emfoco\/wp-content\/uploads\/2026\/04\/Gemini_Generated_Image_82e6ub82e6ub82e6-1-768x432.png 768w, https:\/\/www.em.com.br\/emfoco\/wp-content\/uploads\/2026\/04\/Gemini_Generated_Image_82e6ub82e6ub82e6-1-750x422.png 750w, https:\/\/www.em.com.br\/emfoco\/wp-content\/uploads\/2026\/04\/Gemini_Generated_Image_82e6ub82e6ub82e6-1-1140x641.png 1140w, https:\/\/www.em.com.br\/emfoco\/wp-content\/uploads\/2026\/04\/Gemini_Generated_Image_82e6ub82e6ub82e6-1.png 1280w\" sizes=\"auto, (max-width: 1024px) 100vw, 1024px\" \/><figcaption class=\"wp-element-caption\">Donos de c\u00e3es se assustam com novas regras<\/figcaption><\/figure>\n\n\n\n<h2 class=\"wp-block-heading\">Quais regras municipais limitam o tempo que o c\u00e3o pode ficar sozinho<\/h2>\n\n\n\n<p>Como n\u00e3o h\u00e1 um limite nacional uniforme, muitos munic\u00edpios criaram normas espec\u00edficas para definir prazos m\u00e1ximos sem supervis\u00e3o humana. Essas regras permitem que a fiscaliza\u00e7\u00e3o atue mesmo quando o animal permanece dentro da resid\u00eancia, ampliando a prote\u00e7\u00e3o contra abandono tempor\u00e1rio ou neglig\u00eancia.<\/p>\n\n\n\n<ul class=\"wp-block-list\">\n<li><strong>Santos (SP)<\/strong>: a\u00a0<strong>Lei Complementar 1.310\/2025<\/strong>\u00a0pro\u00edbe deixar animais sozinhos por mais de\u00a0<strong>36 horas<\/strong>, com multas que podem chegar a cerca de\u00a0<strong>R$ 10.000<\/strong>\u00a0em casos graves ou reincidentes.<\/li>\n\n\n\n<li><strong>Sorocaba (SP)<\/strong>: considera maus-tratos a perman\u00eancia de c\u00e3es e gatos sem supervis\u00e3o por mais de\u00a0<strong>36 horas<\/strong>, habilitando a atua\u00e7\u00e3o da fiscaliza\u00e7\u00e3o municipal.<\/li>\n\n\n\n<li><strong>Vit\u00f3ria (ES)<\/strong>: veda a perman\u00eancia de animais sem companhia humana por mais de\u00a0<strong>48 horas<\/strong>, ainda que tenham \u00e1gua e comida dispon\u00edveis.<\/li>\n<\/ul>\n\n\n\n<h2 class=\"wp-block-heading\">O que a Lei de Bem-Estar Animal determina sobre c\u00e3es sozinhos e espa\u00e7os inadequados<\/h2>\n\n\n\n<p>Na Espanha, a\u00a0<strong>Lei de Bem-Estar Animal<\/strong>\u00a0fixa que nenhum animal de companhia pode ficar sem aten\u00e7\u00e3o por mais de\u00a0<strong>tr\u00eas dias consecutivos<\/strong>. Para <a href=\"https:\/\/www.em.com.br\/emfoco\/2026\/04\/28\/ja-entrou-em-vigor-a-nova-exigencia-para-donos-de-caes-e-gatos-e-obrigatoria-a-partir-de-hoje\/\" target=\"_blank\" rel=\"noreferrer noopener\">c\u00e3es<\/a>, o controle \u00e9 mais rigoroso: eles n\u00e3o podem permanecer sozinhos por mais de\u00a0<strong>24 horas seguidas<\/strong>, e a supervis\u00e3o exige presen\u00e7a efetiva de algu\u00e9m capaz de avaliar seu estado, garantir \u00e1gua, alimento e higiene b\u00e1sica.<\/p>\n\n\n\n<p>A mesma lei pro\u00edbe manter c\u00e3es e gatos, de forma habitual, em&nbsp;<strong>varandas, sacadas, terra\u00e7os, coberturas, quartos de despejo, por\u00f5es, p\u00e1tios fechados, ve\u00edculos<\/strong>&nbsp;ou espa\u00e7os semelhantes sem condi\u00e7\u00f5es adequadas de seguran\u00e7a, ventila\u00e7\u00e3o e conforto. Quando o animal vive permanentemente nesses locais, a situa\u00e7\u00e3o pode ser classificada como&nbsp;<strong>infra\u00e7\u00e3o grave<\/strong>, com san\u00e7\u00f5es econ\u00f4micas elevadas e possibilidade de retirada do animal pelas autoridades.<\/p>\n\n\n\n<figure class=\"wp-block-image\"><img decoding=\"async\" src=\"https:\/\/www.em.com.br\/emfoco\/wp-content\/uploads\/2026\/04\/Gemini_Generated_Image_6vuymz6vuymz6vuy-1-1024x576.png\" alt=\"\"\/><\/figure>\n\n\n\n<h2 class=\"wp-block-heading\">Quais s\u00e3o as principais obriga\u00e7\u00f5es de bem-estar e identifica\u00e7\u00e3o dos animais<\/h2>\n\n\n\n<p>A Lei de Bem-Estar Animal tamb\u00e9m introduz a obrigatoriedade de um&nbsp;<strong>curso de guarda respons\u00e1vel<\/strong>&nbsp;para quem deseja conviver com c\u00e3es, explicando necessidades b\u00e1sicas, custos econ\u00f4micos e responsabilidades legais. Al\u00e9m disso, determina a&nbsp;<strong>identifica\u00e7\u00e3o por microchip<\/strong>, vinculada a um registro oficial, e muitos munic\u00edpios exigem ainda o registro municipal do c\u00e3o, associado a taxas e vacina\u00e7\u00e3o.<\/p>\n\n\n\n<p>Entre as obriga\u00e7\u00f5es centrais est\u00e3o: identificar o c\u00e3o com microchip e registr\u00e1-lo; garantir acesso permanente a \u00e1gua e alimento adequados; oferecer atendimento veterin\u00e1rio preventivo e em caso de doen\u00e7a; evitar estresse, superlota\u00e7\u00e3o ou isolamento prolongado; e cumprir normas de passeio, uso de coleira\/guia e recolhimento das fezes, sob pena de multas e restri\u00e7\u00f5es futuras de guarda.<\/p>\n\n\n\n<h2 class=\"wp-block-heading\">Quais multas e consequ\u00eancias existem e por que agir agora<\/h2>\n\n\n\n<p>As infra\u00e7\u00f5es \u00e0&nbsp;<strong>Lei de Bem-Estar Animal<\/strong>&nbsp;podem ser leves, graves ou muito graves, com multas que variam de&nbsp;<strong>500 a 200.000 euros<\/strong>, al\u00e9m de medidas como proibi\u00e7\u00e3o tempor\u00e1ria ou definitiva de possuir animais e retirada imediata do c\u00e3o em caso de risco. Condutas como deixar o c\u00e3o mais de 24 horas sem supervis\u00e3o, mant\u00ea-lo de forma habitual em varandas ou ve\u00edculos ou n\u00e3o garantir condi\u00e7\u00f5es m\u00ednimas de bem-estar tendem a ser enquadradas como infra\u00e7\u00f5es graves.<\/p>\n\n\n\n<p>Se voc\u00ea convive com um animal, ajuste hoje mesmo sua rotina, planeje aus\u00eancias com responsabilidade e informe-se sobre as regras da sua cidade e pa\u00eds. Cada dia de neglig\u00eancia pode significar sofrimento real para o c\u00e3o e, ao mesmo tempo, um risco concreto de processo, multa alta e perda da guarda: agir agora \u00e9 a forma mais segura de proteger o seu animal e tamb\u00e9m voc\u00ea.<\/p>\n","protected":false},"excerpt":{"rendered":"<p>Ter um animal em casa se tornou algo comum em muitas fam\u00edlias, mas essa conviv\u00eancia vem acompanhada de regras legais claras que visam garantir o bem-estar de c\u00e3es, gatos e outros animais de companhia. Na Espanha, a\u00a0Lei de Bem-Estar Animal\u00a0estabelece limites sobre o tempo que um animal pode ficar sozinho, as condi\u00e7\u00f5es m\u00ednimas de cuidado [&hellip;]<\/p>\n","protected":false},"author":11,"featured_media":201038,"comment_status":"open","ping_status":"open","sticky":false,"template":"","format":"standard","meta":{"jnews-multi-image_gallery":[],"jnews_single_post":{"format":"standard"},"jnews_primary_category":[],"jnews_social_meta":[],"jnews_override_counter":[],"footnotes":""},"categories":[28,1],"tags":[7332,9471,28962,28961,9442],"class_list":["post-201033","post","type-post","status-publish","format-standard","has-post-thumbnail","hentry","category-economia","category-noticias","tag-cachorro","tag-caes","tag-deixar-cachorro-sozinho","tag-lei-de-bem-estar-anima","tag-multa"],"yoast_head":"<!-- This site is optimized with the Yoast SEO plugin v23.8 - https:\/\/yoast.com\/wordpress\/plugins\/seo\/ -->\n<title>Entrou em vigor a lei que pro\u00edbe deixar c\u00e3es sem supervis\u00e3o por mais de 24 horas - Estado de Minas - Em foco<\/title>\n<meta name=\"description\" content=\"Deixar cachorro sozinho pode gerar multa e at\u00e9 perda da guarda. Entenda regras no Brasil e na Espanha em 2026.\" \/>\n<meta name=\"robots\" content=\"index, follow, max-snippet:-1, max-image-preview:large, max-video-preview:-1\" \/>\n<link rel=\"canonical\" href=\"https:\/\/www.em.com.br\/emfoco\/2026\/04\/30\/entrou-em-vigor-a-lei-que-proibe-deixar-caes-sem-supervisao-por-mais-de-24-horas\/\" \/>\n<meta property=\"og:locale\" content=\"pt_BR\" \/>\n<meta property=\"og:type\" content=\"article\" \/>\n<meta property=\"og:title\" content=\"Entrou em vigor a lei que pro\u00edbe deixar c\u00e3es sem supervis\u00e3o por mais de 24 horas - Estado de Minas - Em foco\" \/>\n<meta property=\"og:description\" content=\"Deixar cachorro sozinho pode gerar multa e at\u00e9 perda da guarda. Entenda regras no Brasil e na Espanha em 2026.\" \/>\n<meta property=\"og:url\" content=\"https:\/\/www.em.com.br\/emfoco\/2026\/04\/30\/entrou-em-vigor-a-lei-que-proibe-deixar-caes-sem-supervisao-por-mais-de-24-horas\/\" \/>\n<meta property=\"og:site_name\" content=\"Estado de Minas - Em foco\" \/>\n<meta property=\"article:published_time\" content=\"2026-05-01T00:35:00+00:00\" \/>\n<meta property=\"article:modified_time\" content=\"2026-04-29T15:12:50+00:00\" \/>\n<meta property=\"og:image\" content=\"https:\/\/www.em.com.br\/emfoco\/wp-content\/uploads\/2026\/04\/Gemini_Generated_Image_mcs3vnmcs3vnmcs3-1.png\" \/>\n\t<meta property=\"og:image:width\" content=\"1280\" \/>\n\t<meta property=\"og:image:height\" content=\"720\" \/>\n\t<meta property=\"og:image:type\" content=\"image\/png\" \/>\n<meta name=\"author\" content=\"Andre\u0301 Rangel\u00a0\" \/>\n<meta name=\"twitter:card\" content=\"summary_large_image\" \/>\n<meta name=\"twitter:label1\" content=\"Escrito por\" \/>\n\t<meta name=\"twitter:data1\" content=\"Andre\u0301 Rangel\u00a0\" \/>\n\t<meta name=\"twitter:label2\" content=\"Est. tempo de leitura\" \/>\n\t<meta name=\"twitter:data2\" content=\"5 minutos\" \/>\n<!-- \/ Yoast SEO plugin. -->","yoast_head_json":{"title":"Entrou em vigor a lei que pro\u00edbe deixar c\u00e3es sem supervis\u00e3o por mais de 24 horas - Estado de Minas - Em foco","description":"Deixar cachorro sozinho pode gerar multa e at\u00e9 perda da guarda. Entenda regras no Brasil e na Espanha em 2026.","robots":{"index":"index","follow":"follow","max-snippet":"max-snippet:-1","max-image-preview":"max-image-preview:large","max-video-preview":"max-video-preview:-1"},"canonical":"https:\/\/www.em.com.br\/emfoco\/2026\/04\/30\/entrou-em-vigor-a-lei-que-proibe-deixar-caes-sem-supervisao-por-mais-de-24-horas\/","og_locale":"pt_BR","og_type":"article","og_title":"Entrou em vigor a lei que pro\u00edbe deixar c\u00e3es sem supervis\u00e3o por mais de 24 horas - Estado de Minas - Em foco","og_description":"Deixar cachorro sozinho pode gerar multa e at\u00e9 perda da guarda. Entenda regras no Brasil e na Espanha em 2026.","og_url":"https:\/\/www.em.com.br\/emfoco\/2026\/04\/30\/entrou-em-vigor-a-lei-que-proibe-deixar-caes-sem-supervisao-por-mais-de-24-horas\/","og_site_name":"Estado de Minas - Em foco","article_published_time":"2026-05-01T00:35:00+00:00","article_modified_time":"2026-04-29T15:12:50+00:00","og_image":[{"width":1280,"height":720,"url":"https:\/\/www.em.com.br\/emfoco\/wp-content\/uploads\/2026\/04\/Gemini_Generated_Image_mcs3vnmcs3vnmcs3-1.png","type":"image\/png"}],"author":"Andre\u0301 Rangel\u00a0","twitter_card":"summary_large_image","twitter_misc":{"Escrito por":"Andre\u0301 Rangel\u00a0","Est. tempo de leitura":"5 minutos"},"schema":{"@context":"https:\/\/schema.org","@graph":[{"@type":"WebPage","@id":"https:\/\/www.em.com.br\/emfoco\/2026\/04\/30\/entrou-em-vigor-a-lei-que-proibe-deixar-caes-sem-supervisao-por-mais-de-24-horas\/","url":"https:\/\/www.em.com.br\/emfoco\/2026\/04\/30\/entrou-em-vigor-a-lei-que-proibe-deixar-caes-sem-supervisao-por-mais-de-24-horas\/","name":"Entrou em vigor a lei que pro\u00edbe deixar c\u00e3es sem supervis\u00e3o por mais de 24 horas - Estado de Minas - Em foco","isPartOf":{"@id":"https:\/\/www.em.com.br\/emfoco\/#website"},"primaryImageOfPage":{"@id":"https:\/\/www.em.com.br\/emfoco\/2026\/04\/30\/entrou-em-vigor-a-lei-que-proibe-deixar-caes-sem-supervisao-por-mais-de-24-horas\/#primaryimage"},"image":{"@id":"https:\/\/www.em.com.br\/emfoco\/2026\/04\/30\/entrou-em-vigor-a-lei-que-proibe-deixar-caes-sem-supervisao-por-mais-de-24-horas\/#primaryimage"},"thumbnailUrl":"https:\/\/www.em.com.br\/emfoco\/wp-content\/uploads\/2026\/04\/Gemini_Generated_Image_mcs3vnmcs3vnmcs3-1.png","datePublished":"2026-05-01T00:35:00+00:00","dateModified":"2026-04-29T15:12:50+00:00","author":{"@id":"https:\/\/www.em.com.br\/emfoco\/#\/schema\/person\/60eda09c1fedf0d6891f4cef4b60b8b8"},"description":"Deixar cachorro sozinho pode gerar multa e at\u00e9 perda da guarda. Entenda regras no Brasil e na Espanha em 2026.","breadcrumb":{"@id":"https:\/\/www.em.com.br\/emfoco\/2026\/04\/30\/entrou-em-vigor-a-lei-que-proibe-deixar-caes-sem-supervisao-por-mais-de-24-horas\/#breadcrumb"},"inLanguage":"pt-BR","potentialAction":[{"@type":"ReadAction","target":["https:\/\/www.em.com.br\/emfoco\/2026\/04\/30\/entrou-em-vigor-a-lei-que-proibe-deixar-caes-sem-supervisao-por-mais-de-24-horas\/"]}]},{"@type":"ImageObject","inLanguage":"pt-BR","@id":"https:\/\/www.em.com.br\/emfoco\/2026\/04\/30\/entrou-em-vigor-a-lei-que-proibe-deixar-caes-sem-supervisao-por-mais-de-24-horas\/#primaryimage","url":"https:\/\/www.em.com.br\/emfoco\/wp-content\/uploads\/2026\/04\/Gemini_Generated_Image_mcs3vnmcs3vnmcs3-1.png","contentUrl":"https:\/\/www.em.com.br\/emfoco\/wp-content\/uploads\/2026\/04\/Gemini_Generated_Image_mcs3vnmcs3vnmcs3-1.png","width":1280,"height":720,"caption":"Donos de c\u00e3es se assustam com novas regras"},{"@type":"BreadcrumbList","@id":"https:\/\/www.em.com.br\/emfoco\/2026\/04\/30\/entrou-em-vigor-a-lei-que-proibe-deixar-caes-sem-supervisao-por-mais-de-24-horas\/#breadcrumb","itemListElement":[{"@type":"ListItem","position":1,"name":"In\u00edcio","item":"https:\/\/www.em.com.br\/emfoco\/"},{"@type":"ListItem","position":2,"name":"Entrou em vigor a lei que pro\u00edbe deixar c\u00e3es sem supervis\u00e3o por mais de 24 horas"}]},{"@type":"WebSite","@id":"https:\/\/www.em.com.br\/emfoco\/#website","url":"https:\/\/www.em.com.br\/emfoco\/","name":"Estado de Minas - Em foco","description":"Acompanhe as \u00faltimas not\u00edcias e fique bem informado sobre tudo o que acontece em Minas Gerais, Brasil e no mundo.","potentialAction":[{"@type":"SearchAction","target":{"@type":"EntryPoint","urlTemplate":"https:\/\/www.em.com.br\/emfoco\/?s={search_term_string}"},"query-input":{"@type":"PropertyValueSpecification","valueRequired":true,"valueName":"search_term_string"}}],"inLanguage":"pt-BR"},{"@type":"Person","@id":"https:\/\/www.em.com.br\/emfoco\/#\/schema\/person\/60eda09c1fedf0d6891f4cef4b60b8b8","name":"Andre\u0301 Rangel\u00a0","image":{"@type":"ImageObject","inLanguage":"pt-BR","@id":"https:\/\/www.em.com.br\/emfoco\/#\/schema\/person\/image\/","url":"https:\/\/secure.gravatar.com\/avatar\/6234dc814c77c8ef6d8bba622c787efc?s=96&d=mm&r=g","contentUrl":"https:\/\/secure.gravatar.com\/avatar\/6234dc814c77c8ef6d8bba622c787efc?s=96&d=mm&r=g","caption":"Andre\u0301 Rangel\u00a0"},"url":"https:\/\/www.em.com.br\/emfoco\/author\/luizmyth\/"}]}},"_links":{"self":[{"href":"https:\/\/www.em.com.br\/emfoco\/wp-json\/wp\/v2\/posts\/201033","targetHints":{"allow":["GET"]}}],"collection":[{"href":"https:\/\/www.em.com.br\/emfoco\/wp-json\/wp\/v2\/posts"}],"about":[{"href":"https:\/\/www.em.com.br\/emfoco\/wp-json\/wp\/v2\/types\/post"}],"author":[{"embeddable":true,"href":"https:\/\/www.em.com.br\/emfoco\/wp-json\/wp\/v2\/users\/11"}],"replies":[{"embeddable":true,"href":"https:\/\/www.em.com.br\/emfoco\/wp-json\/wp\/v2\/comments?post=201033"}],"version-history":[{"count":3,"href":"https:\/\/www.em.com.br\/emfoco\/wp-json\/wp\/v2\/posts\/201033\/revisions"}],"predecessor-version":[{"id":201039,"href":"https:\/\/www.em.com.br\/emfoco\/wp-json\/wp\/v2\/posts\/201033\/revisions\/201039"}],"wp:featuredmedia":[{"embeddable":true,"href":"https:\/\/www.em.com.br\/emfoco\/wp-json\/wp\/v2\/media\/201038"}],"wp:attachment":[{"href":"https:\/\/www.em.com.br\/emfoco\/wp-json\/wp\/v2\/media?parent=201033"}],"wp:term":[{"taxonomy":"category","embeddable":true,"href":"https:\/\/www.em.com.br\/emfoco\/wp-json\/wp\/v2\/categories?post=201033"},{"taxonomy":"post_tag","embeddable":true,"href":"https:\/\/www.em.com.br\/emfoco\/wp-json\/wp\/v2\/tags?post=201033"}],"curies":[{"name":"wp","href":"https:\/\/api.w.org\/{rel}","templated":true}]}}