{"id":201022,"date":"2026-04-29T18:30:00","date_gmt":"2026-04-29T21:30:00","guid":{"rendered":"https:\/\/www.em.com.br\/emfoco\/?p=201022"},"modified":"2026-04-28T20:41:29","modified_gmt":"2026-04-28T23:41:29","slug":"lei-garante-que-casas-da-regiao-sejam-pintadas-de-branco-seguindo-o-planejamento-da-cidade","status":"publish","type":"post","link":"https:\/\/www.em.com.br\/emfoco\/2026\/04\/29\/lei-garante-que-casas-da-regiao-sejam-pintadas-de-branco-seguindo-o-planejamento-da-cidade\/","title":{"rendered":"Lei garante que casas da regi\u00e3o sejam pintadas de branco, seguindo o planejamento da cidade"},"content":{"rendered":"\n<p>Nas encostas da <strong>Costa Blanca<\/strong>, no leste da <strong>Espanha<\/strong>, <strong>Altea <\/strong>se destaca como um dos povoados mediterr\u00e2neos mais preservados, com um centro hist\u00f3rico de casas brancas alinhadas a ruas de pedra, resultado de d\u00e9cadas de tradi\u00e7\u00e3o somadas a regras urban\u00edsticas que, em 2026, ainda garantem uma paisagem urbana coerente, bastante explorada pelo turismo e pela economia local.<\/p>\n\n\n\n<h2 class=\"wp-block-heading\">Por que as casas de Altea s\u00e3o tradicionalmente brancas<\/h2>\n\n\n\n<p>A cor branca das casas de Altea tem origem em fatores clim\u00e1ticos, sanit\u00e1rios e culturais. A pintura com cal, comum em todo o <strong>Mediterr\u00e2neo<\/strong>, ajuda a refletir a luz, reduzir a absor\u00e7\u00e3o de calor e manter os interiores mais frescos em ver\u00f5es intensos, antes mesmo da populariza\u00e7\u00e3o do ar-condicionado.<\/p>\n\n\n\n<p>Al\u00e9m do efeito t\u00e9rmico, a cal tem propriedades desinfetantes, ajudando a inibir fungos e micro-organismos em \u00e9pocas de saneamento prec\u00e1rio. Com o tempo, esse uso recorrente consolidou uma est\u00e9tica pr\u00f3pria, associada ao contraste entre paredes brancas, c\u00fapulas azuis da igreja, pavimento de pedra e vistas para a ba\u00eda, formando um cart\u00e3o-postal reconhecido internacionalmente.<\/p>\n\n\n\n<figure class=\"wp-block-image size-large\"><img loading=\"lazy\" decoding=\"async\" width=\"1024\" height=\"576\" src=\"https:\/\/www.em.com.br\/emfoco\/wp-content\/uploads\/2026\/04\/Gemini_Generated_Image_19tf7l19tf7l19tf-1-1024x576.png\" alt=\"Altea preserva casas brancas e encanta turistas\" class=\"wp-image-201030\" srcset=\"https:\/\/www.em.com.br\/emfoco\/wp-content\/uploads\/2026\/04\/Gemini_Generated_Image_19tf7l19tf7l19tf-1-1024x576.png 1024w, https:\/\/www.em.com.br\/emfoco\/wp-content\/uploads\/2026\/04\/Gemini_Generated_Image_19tf7l19tf7l19tf-1-300x169.png 300w, https:\/\/www.em.com.br\/emfoco\/wp-content\/uploads\/2026\/04\/Gemini_Generated_Image_19tf7l19tf7l19tf-1-768x432.png 768w, https:\/\/www.em.com.br\/emfoco\/wp-content\/uploads\/2026\/04\/Gemini_Generated_Image_19tf7l19tf7l19tf-1-750x422.png 750w, https:\/\/www.em.com.br\/emfoco\/wp-content\/uploads\/2026\/04\/Gemini_Generated_Image_19tf7l19tf7l19tf-1-1140x641.png 1140w, https:\/\/www.em.com.br\/emfoco\/wp-content\/uploads\/2026\/04\/Gemini_Generated_Image_19tf7l19tf7l19tf-1.png 1280w\" sizes=\"auto, (max-width: 1024px) 100vw, 1024px\" \/><figcaption class=\"wp-element-caption\">Altea preserva casas brancas e encanta turistas<\/figcaption><\/figure>\n\n\n\n<h2 class=\"wp-block-heading\">Quais normas urban\u00edsticas preservam o branco das fachadas em Altea<\/h2>\n\n\n\n<p>A manuten\u00e7\u00e3o das fachadas brancas em Altea depende de um conjunto de instrumentos legais. O <strong>Plano Geral de Ordena\u00e7\u00e3o Urbana <\/strong>(PGOU) define diretrizes de uso do solo, volumetria, cores e materiais, com foco no <strong>Casco Antiguo<\/strong>, declarado <strong>Bem de Interesse Cultural<\/strong> e tratado como \u00e1rea de alto valor hist\u00f3rico.<\/p>\n\n\n\n<p>O centro hist\u00f3rico integra uma<strong> Zona de Especial Prote\u00e7\u00e3o<\/strong>, com cerca de 14 hectares, onde qualquer reforma, amplia\u00e7\u00e3o ou repintura exige autoriza\u00e7\u00e3o pr\u00e9via. Normas de paisagem e cat\u00e1logos de prote\u00e7\u00e3o detalham cores permitidas, tipos de esquadrias, varandas, elementos em ferro forjado e outros aspectos que evitam a descaracteriza\u00e7\u00e3o visual do \u201cpovoado branco\u201d.<\/p>\n\n\n\n<h2 class=\"wp-block-heading\">Como funcionam os incentivos para manter as fachadas brancas<\/h2>\n\n\n\n<p>Para tornar efetivas as regras de preserva\u00e7\u00e3o, a prefeitura combina fiscaliza\u00e7\u00e3o e apoio econ\u00f4mico. Periodicamente, o governo municipal abre linhas de ajuda para fachadas, que subsidiam parte dos custos de reparo e pintura em im\u00f3veis da \u00e1rea protegida, desde que respeitem as normas em vigor.<\/p>\n\n\n\n<p>Esses programas priorizam especialmente alguns perfis de im\u00f3veis, buscando equilibrar interesses p\u00fablicos e privados e manter o conjunto urbano coerente:<\/p>\n\n\n\n<ul class=\"wp-block-list\">\n<li>Edif\u00edcios em mau estado de conserva\u00e7\u00e3o ou com risco de degrada\u00e7\u00e3o est\u00e9tica;<\/li>\n\n\n\n<li>Im\u00f3veis em pontos de maior visibilidade tur\u00edstica e de circula\u00e7\u00e3o intensa;<\/li>\n\n\n\n<li>Conjuntos residenciais que impactam de forma significativa a paisagem urbana;<\/li>\n\n\n\n<li>Propriet\u00e1rios com menor capacidade financeira para arcar com toda a interven\u00e7\u00e3o.<\/li>\n<\/ul>\n\n\n\n<p>Selecionamos o v\u00eddeo do <a href=\"https:\/\/www.youtube.com\/@Travelside25\/shorts\" target=\"_blank\" rel=\"noreferrer noopener\"><strong>TRAVEL SIDE<\/strong> <\/a>que faz sucesso no YouTube com seus mais de 23 mil seguidores e mostra um pouco da cidade:<\/p>\n\n\n\n<iframe loading=\"lazy\" width=\"315\" height=\"576\" src=\"https:\/\/www.youtube.com\/embed\/-7O5K7nGiEs\" title=\"\ud83c\uddea\ud83c\uddf8 Altea, Spain: Alicante\u2019s White Old Town with Santorini Vibes #travel #spain #altea #alicante\" frameborder=\"0\" allow=\"accelerometer; autoplay; clipboard-write; encrypted-media; gyroscope; picture-in-picture; web-share\" referrerpolicy=\"strict-origin-when-cross-origin\" allowfullscreen><\/iframe>\n\n\n\n<h2 class=\"wp-block-heading\">Quais san\u00e7\u00f5es existem para quem descumpre as regras de cor<\/h2>\n\n\n\n<p>Em \u00e1reas de prote\u00e7\u00e3o mais rigorosa, pintar uma fachada com cor diferente do branco ou reformar sem autoriza\u00e7\u00e3o pode gerar processos administrativos. As penalidades variam de advert\u00eancias a multas, e o propriet\u00e1rio pode ser obrigado a desfazer a altera\u00e7\u00e3o irregular, restaurando a apar\u00eancia original \u00e0s pr\u00f3prias custas.<\/p>\n\n\n\n<p>Mesmo im\u00f3veis antigos que foram alterados no passado podem ser notificados, especialmente quando fogem ao conjunto hist\u00f3rico. A fiscaliza\u00e7\u00e3o se concentra na Zona de Especial Prote\u00e7\u00e3o, mas trechos estrat\u00e9gicos do munic\u00edpio ligados \u00e0 imagem tur\u00edstica de Altea tamb\u00e9m s\u00e3o monitorados por \u00f3rg\u00e3os municipais e regionais.<\/p>\n\n\n\n<h2 class=\"wp-block-heading\">Por que a preserva\u00e7\u00e3o das casas brancas em Altea importa hoje<\/h2>\n\n\n\n<p>O predom\u00ednio do branco no Casco Antiguo mant\u00e9m uma identidade visual \u00fanica, que sustenta a atratividade tur\u00edstica, a economia local e o sentimento de pertencimento dos moradores. Em 2026, esse cen\u00e1rio mostra como tradi\u00e7\u00e3o, legisla\u00e7\u00e3o e interesses econ\u00f4micos podem convergir para proteger um patrim\u00f4nio vivo, e n\u00e3o apenas um cen\u00e1rio congelado no tempo.<\/p>\n\n\n\n<p>Se voc\u00ea planeja visitar ou investir em Altea, este \u00e9 o momento de valorizar e apoiar ativamente a conserva\u00e7\u00e3o desse conjunto hist\u00f3rico: informe-se sobre as normas, respeite as fachadas brancas, escolha neg\u00f3cios comprometidos com o patrim\u00f4nio e aja agora para que esse cart\u00e3o-postal mediterr\u00e2neo continue existindo para as pr\u00f3ximas gera\u00e7\u00f5es.<\/p>\n\n\n\n<p><\/p>\n","protected":false},"excerpt":{"rendered":"<p>Nas encostas da Costa Blanca, no leste da Espanha, Altea se destaca como um dos povoados mediterr\u00e2neos mais preservados, com um centro hist\u00f3rico de casas brancas alinhadas a ruas de pedra, resultado de d\u00e9cadas de tradi\u00e7\u00e3o somadas a regras urban\u00edsticas que, em 2026, ainda garantem uma paisagem urbana coerente, bastante explorada pelo turismo e pela [&hellip;]<\/p>\n","protected":false},"author":11,"featured_media":201029,"comment_status":"open","ping_status":"open","sticky":false,"template":"","format":"standard","meta":{"jnews-multi-image_gallery":[],"jnews_single_post":{"format":"standard"},"jnews_primary_category":[],"jnews_social_meta":[],"jnews_override_counter":[],"footnotes":""},"categories":[26,1],"tags":[15644,28960,11179,2239,157],"class_list":["post-201022","post","type-post","status-publish","format-standard","has-post-thumbnail","hentry","category-cidades","category-noticias","tag-casas","tag-casas-brancas","tag-cidade-2","tag-espanha","tag-turismo"],"yoast_head":"<!-- This site is optimized with the Yoast SEO plugin v23.8 - https:\/\/yoast.com\/wordpress\/plugins\/seo\/ -->\n<title>Lei garante que casas da regi\u00e3o sejam pintadas de branco, seguindo o planejamento da cidade - Estado de Minas - Em foco<\/title>\n<meta name=\"description\" content=\"Altea chama aten\u00e7\u00e3o pelas casas brancas e regras r\u00edgidas. Entenda por que a cidade mant\u00e9m essa tradi\u00e7\u00e3o at\u00e9 hoje.\" \/>\n<meta name=\"robots\" content=\"index, follow, max-snippet:-1, max-image-preview:large, max-video-preview:-1\" \/>\n<link rel=\"canonical\" href=\"https:\/\/www.em.com.br\/emfoco\/2026\/04\/29\/lei-garante-que-casas-da-regiao-sejam-pintadas-de-branco-seguindo-o-planejamento-da-cidade\/\" \/>\n<meta property=\"og:locale\" content=\"pt_BR\" \/>\n<meta property=\"og:type\" content=\"article\" \/>\n<meta property=\"og:title\" content=\"Lei garante que casas da regi\u00e3o sejam pintadas de branco, seguindo o planejamento da cidade - Estado de Minas - Em foco\" \/>\n<meta property=\"og:description\" content=\"Altea chama aten\u00e7\u00e3o pelas casas brancas e regras r\u00edgidas. Entenda por que a cidade mant\u00e9m essa tradi\u00e7\u00e3o at\u00e9 hoje.\" \/>\n<meta property=\"og:url\" content=\"https:\/\/www.em.com.br\/emfoco\/2026\/04\/29\/lei-garante-que-casas-da-regiao-sejam-pintadas-de-branco-seguindo-o-planejamento-da-cidade\/\" \/>\n<meta property=\"og:site_name\" content=\"Estado de Minas - Em foco\" \/>\n<meta property=\"article:published_time\" content=\"2026-04-29T21:30:00+00:00\" \/>\n<meta property=\"article:modified_time\" content=\"2026-04-28T23:41:29+00:00\" \/>\n<meta property=\"og:image\" content=\"https:\/\/www.em.com.br\/emfoco\/wp-content\/uploads\/2026\/04\/Gemini_Generated_Image_odkp0rodkp0rodkp-1.png\" \/>\n\t<meta property=\"og:image:width\" content=\"1280\" \/>\n\t<meta property=\"og:image:height\" content=\"720\" \/>\n\t<meta property=\"og:image:type\" content=\"image\/png\" \/>\n<meta name=\"author\" content=\"Andre\u0301 Rangel\u00a0\" \/>\n<meta name=\"twitter:card\" content=\"summary_large_image\" \/>\n<meta name=\"twitter:label1\" content=\"Escrito por\" \/>\n\t<meta name=\"twitter:data1\" content=\"Andre\u0301 Rangel\u00a0\" \/>\n\t<meta name=\"twitter:label2\" content=\"Est. tempo de leitura\" \/>\n\t<meta name=\"twitter:data2\" content=\"4 minutos\" \/>\n<!-- \/ Yoast SEO plugin. -->","yoast_head_json":{"title":"Lei garante que casas da regi\u00e3o sejam pintadas de branco, seguindo o planejamento da cidade - Estado de Minas - Em foco","description":"Altea chama aten\u00e7\u00e3o pelas casas brancas e regras r\u00edgidas. Entenda por que a cidade mant\u00e9m essa tradi\u00e7\u00e3o at\u00e9 hoje.","robots":{"index":"index","follow":"follow","max-snippet":"max-snippet:-1","max-image-preview":"max-image-preview:large","max-video-preview":"max-video-preview:-1"},"canonical":"https:\/\/www.em.com.br\/emfoco\/2026\/04\/29\/lei-garante-que-casas-da-regiao-sejam-pintadas-de-branco-seguindo-o-planejamento-da-cidade\/","og_locale":"pt_BR","og_type":"article","og_title":"Lei garante que casas da regi\u00e3o sejam pintadas de branco, seguindo o planejamento da cidade - Estado de Minas - Em foco","og_description":"Altea chama aten\u00e7\u00e3o pelas casas brancas e regras r\u00edgidas. Entenda por que a cidade mant\u00e9m essa tradi\u00e7\u00e3o at\u00e9 hoje.","og_url":"https:\/\/www.em.com.br\/emfoco\/2026\/04\/29\/lei-garante-que-casas-da-regiao-sejam-pintadas-de-branco-seguindo-o-planejamento-da-cidade\/","og_site_name":"Estado de Minas - Em foco","article_published_time":"2026-04-29T21:30:00+00:00","article_modified_time":"2026-04-28T23:41:29+00:00","og_image":[{"width":1280,"height":720,"url":"https:\/\/www.em.com.br\/emfoco\/wp-content\/uploads\/2026\/04\/Gemini_Generated_Image_odkp0rodkp0rodkp-1.png","type":"image\/png"}],"author":"Andre\u0301 Rangel\u00a0","twitter_card":"summary_large_image","twitter_misc":{"Escrito por":"Andre\u0301 Rangel\u00a0","Est. tempo de leitura":"4 minutos"},"schema":{"@context":"https:\/\/schema.org","@graph":[{"@type":"WebPage","@id":"https:\/\/www.em.com.br\/emfoco\/2026\/04\/29\/lei-garante-que-casas-da-regiao-sejam-pintadas-de-branco-seguindo-o-planejamento-da-cidade\/","url":"https:\/\/www.em.com.br\/emfoco\/2026\/04\/29\/lei-garante-que-casas-da-regiao-sejam-pintadas-de-branco-seguindo-o-planejamento-da-cidade\/","name":"Lei garante que casas da regi\u00e3o sejam pintadas de branco, seguindo o planejamento da cidade - Estado de Minas - Em foco","isPartOf":{"@id":"https:\/\/www.em.com.br\/emfoco\/#website"},"primaryImageOfPage":{"@id":"https:\/\/www.em.com.br\/emfoco\/2026\/04\/29\/lei-garante-que-casas-da-regiao-sejam-pintadas-de-branco-seguindo-o-planejamento-da-cidade\/#primaryimage"},"image":{"@id":"https:\/\/www.em.com.br\/emfoco\/2026\/04\/29\/lei-garante-que-casas-da-regiao-sejam-pintadas-de-branco-seguindo-o-planejamento-da-cidade\/#primaryimage"},"thumbnailUrl":"https:\/\/www.em.com.br\/emfoco\/wp-content\/uploads\/2026\/04\/Gemini_Generated_Image_odkp0rodkp0rodkp-1.png","datePublished":"2026-04-29T21:30:00+00:00","dateModified":"2026-04-28T23:41:29+00:00","author":{"@id":"https:\/\/www.em.com.br\/emfoco\/#\/schema\/person\/60eda09c1fedf0d6891f4cef4b60b8b8"},"description":"Altea chama aten\u00e7\u00e3o pelas casas brancas e regras r\u00edgidas. Entenda por que a cidade mant\u00e9m essa tradi\u00e7\u00e3o at\u00e9 hoje.","breadcrumb":{"@id":"https:\/\/www.em.com.br\/emfoco\/2026\/04\/29\/lei-garante-que-casas-da-regiao-sejam-pintadas-de-branco-seguindo-o-planejamento-da-cidade\/#breadcrumb"},"inLanguage":"pt-BR","potentialAction":[{"@type":"ReadAction","target":["https:\/\/www.em.com.br\/emfoco\/2026\/04\/29\/lei-garante-que-casas-da-regiao-sejam-pintadas-de-branco-seguindo-o-planejamento-da-cidade\/"]}]},{"@type":"ImageObject","inLanguage":"pt-BR","@id":"https:\/\/www.em.com.br\/emfoco\/2026\/04\/29\/lei-garante-que-casas-da-regiao-sejam-pintadas-de-branco-seguindo-o-planejamento-da-cidade\/#primaryimage","url":"https:\/\/www.em.com.br\/emfoco\/wp-content\/uploads\/2026\/04\/Gemini_Generated_Image_odkp0rodkp0rodkp-1.png","contentUrl":"https:\/\/www.em.com.br\/emfoco\/wp-content\/uploads\/2026\/04\/Gemini_Generated_Image_odkp0rodkp0rodkp-1.png","width":1280,"height":720,"caption":"Altea preserva casas brancas e encanta turistas"},{"@type":"BreadcrumbList","@id":"https:\/\/www.em.com.br\/emfoco\/2026\/04\/29\/lei-garante-que-casas-da-regiao-sejam-pintadas-de-branco-seguindo-o-planejamento-da-cidade\/#breadcrumb","itemListElement":[{"@type":"ListItem","position":1,"name":"In\u00edcio","item":"https:\/\/www.em.com.br\/emfoco\/"},{"@type":"ListItem","position":2,"name":"Lei garante que casas da regi\u00e3o sejam pintadas de branco, seguindo o planejamento da cidade"}]},{"@type":"WebSite","@id":"https:\/\/www.em.com.br\/emfoco\/#website","url":"https:\/\/www.em.com.br\/emfoco\/","name":"Estado de Minas - Em foco","description":"Acompanhe as \u00faltimas not\u00edcias e fique bem informado sobre tudo o que acontece em Minas Gerais, Brasil e no mundo.","potentialAction":[{"@type":"SearchAction","target":{"@type":"EntryPoint","urlTemplate":"https:\/\/www.em.com.br\/emfoco\/?s={search_term_string}"},"query-input":{"@type":"PropertyValueSpecification","valueRequired":true,"valueName":"search_term_string"}}],"inLanguage":"pt-BR"},{"@type":"Person","@id":"https:\/\/www.em.com.br\/emfoco\/#\/schema\/person\/60eda09c1fedf0d6891f4cef4b60b8b8","name":"Andre\u0301 Rangel\u00a0","image":{"@type":"ImageObject","inLanguage":"pt-BR","@id":"https:\/\/www.em.com.br\/emfoco\/#\/schema\/person\/image\/","url":"https:\/\/secure.gravatar.com\/avatar\/6234dc814c77c8ef6d8bba622c787efc?s=96&d=mm&r=g","contentUrl":"https:\/\/secure.gravatar.com\/avatar\/6234dc814c77c8ef6d8bba622c787efc?s=96&d=mm&r=g","caption":"Andre\u0301 Rangel\u00a0"},"url":"https:\/\/www.em.com.br\/emfoco\/author\/luizmyth\/"}]}},"_links":{"self":[{"href":"https:\/\/www.em.com.br\/emfoco\/wp-json\/wp\/v2\/posts\/201022","targetHints":{"allow":["GET"]}}],"collection":[{"href":"https:\/\/www.em.com.br\/emfoco\/wp-json\/wp\/v2\/posts"}],"about":[{"href":"https:\/\/www.em.com.br\/emfoco\/wp-json\/wp\/v2\/types\/post"}],"author":[{"embeddable":true,"href":"https:\/\/www.em.com.br\/emfoco\/wp-json\/wp\/v2\/users\/11"}],"replies":[{"embeddable":true,"href":"https:\/\/www.em.com.br\/emfoco\/wp-json\/wp\/v2\/comments?post=201022"}],"version-history":[{"count":3,"href":"https:\/\/www.em.com.br\/emfoco\/wp-json\/wp\/v2\/posts\/201022\/revisions"}],"predecessor-version":[{"id":201032,"href":"https:\/\/www.em.com.br\/emfoco\/wp-json\/wp\/v2\/posts\/201022\/revisions\/201032"}],"wp:featuredmedia":[{"embeddable":true,"href":"https:\/\/www.em.com.br\/emfoco\/wp-json\/wp\/v2\/media\/201029"}],"wp:attachment":[{"href":"https:\/\/www.em.com.br\/emfoco\/wp-json\/wp\/v2\/media?parent=201022"}],"wp:term":[{"taxonomy":"category","embeddable":true,"href":"https:\/\/www.em.com.br\/emfoco\/wp-json\/wp\/v2\/categories?post=201022"},{"taxonomy":"post_tag","embeddable":true,"href":"https:\/\/www.em.com.br\/emfoco\/wp-json\/wp\/v2\/tags?post=201022"}],"curies":[{"name":"wp","href":"https:\/\/api.w.org\/{rel}","templated":true}]}}