{"id":201015,"date":"2026-04-29T11:00:00","date_gmt":"2026-04-29T14:00:00","guid":{"rendered":"https:\/\/www.em.com.br\/emfoco\/?p=201015"},"modified":"2026-04-28T19:57:52","modified_gmt":"2026-04-28T22:57:52","slug":"motoristas-podem-ter-sua-carteira-de-habilitacao-suspensa-a-partir-de-1o-de-maio-nessas-situacoes","status":"publish","type":"post","link":"https:\/\/www.em.com.br\/emfoco\/2026\/04\/29\/motoristas-podem-ter-sua-carteira-de-habilitacao-suspensa-a-partir-de-1o-de-maio-nessas-situacoes\/","title":{"rendered":"Motoristas podem ter sua carteira de habilita\u00e7\u00e3o suspensa a partir de 1\u00ba de maio nessas situa\u00e7\u00f5es"},"content":{"rendered":"\n<p>Motoristas que deixam de pagar multas de tr\u00e2nsito enfrentam uma s\u00e9rie de consequ\u00eancias, mas nem sempre a suspens\u00e3o imediata da <strong>Carteira Nacional de Habilita\u00e7\u00e3o <\/strong>(CNH) est\u00e1 entre elas. Em 2026, o tema ganhou destaque por causa de prazos que se encerram em abril e maio e de mudan\u00e7as envolvendo ped\u00e1gios no sistema\u00a0<em><strong>free flow<\/strong><\/em>, o que gera d\u00favidas sobre defesa de multas graves, ac\u00famulo de pontos e riscos reais de perder o direito de dirigir.<\/p>\n\n\n\n<h2 class=\"wp-block-heading\">Quando a CNH pode ser suspensa mesmo sem atingir o limite de pontos<\/h2>\n\n\n\n<p>O bloqueio do direito de dirigir geralmente ocorre em duas situa\u00e7\u00f5es: quando a pessoa comete uma infra\u00e7\u00e3o que, por si s\u00f3, gera suspens\u00e3o da CNH, ou quando a soma de pontos em 12 meses ultrapassa os limites previstos em lei. O n\u00e3o pagamento de multas, por outro lado, dificulta servi\u00e7os como licenciamento, transfer\u00eancia de propriedade e pode levar \u00e0 apreens\u00e3o do carro, mas n\u00e3o significa perda autom\u00e1tica da habilita\u00e7\u00e3o.<\/p>\n\n\n\n<p>Determinadas infra\u00e7\u00f5es s\u00e3o classificadas como&nbsp;<strong>autossuspensivas<\/strong>, isto \u00e9, bastam para iniciar um processo de suspens\u00e3o da CNH independentemente da pontua\u00e7\u00e3o acumulada. Nessas situa\u00e7\u00f5es, quando o prazo de defesa se encerra \u2014 por exemplo, em 1\u00ba de maio \u2014 e a penalidade \u00e9 confirmada, o bloqueio do direito de dirigir pode ser decretado ap\u00f3s as notifica\u00e7\u00f5es formais emitidas pelo \u00f3rg\u00e3o de tr\u00e2nsito.<\/p>\n\n\n\n<figure class=\"wp-block-image is-resized\"><img decoding=\"async\" src=\"https:\/\/www.em.com.br\/emfoco\/wp-content\/uploads\/2026\/03\/Gemini_Generated_Image_7ff9ij7ff9ij7ff9-1-1024x576.png\" alt=\"\" style=\"width:1170px;height:auto\"\/><figcaption class=\"wp-element-caption\">Erro comum com multas pode tirar sua CNH<\/figcaption><\/figure>\n\n\n\n<h2 class=\"wp-block-heading\">Quais infra\u00e7\u00f5es geram suspens\u00e3o imediata da CNH<\/h2>\n\n\n\n<p>Algumas condutas no tr\u00e2nsito, consideradas extremamente graves, t\u00eam previs\u00e3o legal de suspens\u00e3o direta da CNH, mesmo sem estourar a pontua\u00e7\u00e3o. Ao fim do prazo de defesa, se o condutor n\u00e3o se manifesta ou tem o recurso negado, o processo administrativo segue para decis\u00e3o e pode resultar em suspens\u00e3o por per\u00edodo determinado em lei.<\/p>\n\n\n\n<p>Entre as infra\u00e7\u00f5es autossuspensivas mais comuns, previstas no C\u00f3digo de Tr\u00e2nsito Brasileiro, destacam-se:<\/p>\n\n\n\n<ul class=\"wp-block-list\">\n<li><strong>Dirigir sob influ\u00eancia de \u00e1lcool<\/strong>\u00a0ou se recusar a fazer o teste do baf\u00f4metro.<\/li>\n\n\n\n<li><strong>Excesso de velocidade acima de 50% do limite da via<\/strong>, registrado por radar.<\/li>\n\n\n\n<li><strong>Manobras perigosas<\/strong>, racha, competi\u00e7\u00e3o n\u00e3o autorizada ou demonstra\u00e7\u00e3o de per\u00edcia.<\/li>\n\n\n\n<li><strong>Omiss\u00e3o de socorro<\/strong>\u00a0\u00e0 v\u00edtima em acidente de tr\u00e2nsito.<\/li>\n\n\n\n<li><strong>Interrup\u00e7\u00e3o deliberada da via<\/strong>, bloqueando o tr\u00e1fego de forma intencional.<\/li>\n<\/ul>\n\n\n\n<h2 class=\"wp-block-heading\">Como o ac\u00famulo de pontos pode levar \u00e0 suspens\u00e3o da habilita\u00e7\u00e3o<\/h2>\n\n\n\n<p>Al\u00e9m das multas autossuspensivas, a&nbsp;<strong>acumula\u00e7\u00e3o de pontos<\/strong>&nbsp;no prontu\u00e1rio tamb\u00e9m pode suspender a CNH. O sistema considera as infra\u00e7\u00f5es cometidas nos \u00faltimos 12 meses, com limites diferentes conforme a quantidade de infra\u00e7\u00f5es grav\u00edssimas, e regras espec\u00edficas para quem exerce atividade remunerada.<\/p>\n\n\n\n<p>Os principais patamares s\u00e3o: 40 pontos quando n\u00e3o h\u00e1 infra\u00e7\u00e3o grav\u00edssima; 30 pontos com 1 infra\u00e7\u00e3o grav\u00edssima; 20 pontos com 2 ou mais infra\u00e7\u00f5es grav\u00edssimas; e 40 pontos fixos para condutores com registro EAR. Ao atingir esses limites, o \u00f3rg\u00e3o de tr\u00e2nsito instaura processo administrativo, e a suspens\u00e3o passa a valer somente ap\u00f3s a conclus\u00e3o e comunica\u00e7\u00e3o oficial ao condutor.<\/p>\n\n\n\n<figure class=\"wp-block-image\"><img decoding=\"async\" src=\"https:\/\/www.em.com.br\/emfoco\/wp-content\/uploads\/2025\/05\/cnh_1746893062331-1024x576.jpg\" alt=\"\"\/><figcaption class=\"wp-element-caption\">Erro comum com multas pode tirar sua CNH &#8211; Cr\u00e9ditos: depositphotos.com \/ rafapress<\/figcaption><\/figure>\n\n\n\n<h2 class=\"wp-block-heading\">Deixar de pagar multas em 1\u00ba de maio suspende automaticamente a CNH<\/h2>\n\n\n\n<p>O simples fato de uma multa vencer em 1\u00ba de maio e n\u00e3o ser paga n\u00e3o gera suspens\u00e3o autom\u00e1tica da CNH. Na pr\u00e1tica, o que ocorre \u00e9 o&nbsp;<strong>impedimento de servi\u00e7os<\/strong>&nbsp;ligados \u00e0 documenta\u00e7\u00e3o do ve\u00edculo, como licenciamento anual ou transfer\u00eancia, o que aumenta o risco de apreens\u00e3o do carro em fiscaliza\u00e7\u00f5es se ele continuar circulando irregularmente.<\/p>\n\n\n\n<p>Em caso de licenciamento atrasado, o ve\u00edculo pode ser removido ao p\u00e1tio, acarretando taxas extras para libera\u00e7\u00e3o. H\u00e1 ainda situa\u00e7\u00f5es em que a CNH \u00e9 bloqueada por decis\u00e3o judicial, como medida coercitiva para cobran\u00e7a de d\u00edvidas, ap\u00f3s esgotadas outras alternativas. Nesses casos, o bloqueio n\u00e3o decorre da inadimpl\u00eancia de multas administrativas, mas sim de ordem expressa do juiz.<\/p>\n\n\n\n<h2 class=\"wp-block-heading\">O que muda com as multas de ped\u00e1gio free flow e por que agir agora<\/h2>\n\n\n\n<p>Em 2026, as multas ligadas ao ped\u00e1gio&nbsp;<em>free flow<\/em>&nbsp;passaram a ter tratamento espec\u00edfico: houve uma&nbsp;<strong>suspens\u00e3o tempor\u00e1ria<\/strong>&nbsp;de multas e pontos por falta de pagamento, por cerca de 200 dias, com t\u00e9rmino previsto para meados de novembro de 2026. Durante esse per\u00edodo, essas infra\u00e7\u00f5es n\u00e3o geram pontos nem impactos imediatos na CNH, mas os d\u00e9bitos continuam existindo e precisam ser quitados no prazo.<\/p>\n\n\n\n<p>Com isso, multas de ped\u00e1gio&nbsp;<em>free flow<\/em>&nbsp;que vencem em abril ou 1\u00ba de maio de 2026 ficam temporariamente sem efeito no prontu\u00e1rio, enquanto as demais infra\u00e7\u00f5es seguem o fluxo normal e podem levar \u00e0 suspens\u00e3o. \u00c9 essencial consultar sua situa\u00e7\u00e3o, regularizar d\u00e9bitos e acompanhar prazos de defesa e recurso imediatamente: deixar para depois pode significar perder o direito de dirigir justamente quando voc\u00ea mais precisar.<\/p>\n","protected":false},"excerpt":{"rendered":"<p>Motoristas que deixam de pagar multas de tr\u00e2nsito enfrentam uma s\u00e9rie de consequ\u00eancias, mas nem sempre a suspens\u00e3o imediata da Carteira Nacional de Habilita\u00e7\u00e3o (CNH) est\u00e1 entre elas. Em 2026, o tema ganhou destaque por causa de prazos que se encerram em abril e maio e de mudan\u00e7as envolvendo ped\u00e1gios no sistema\u00a0free flow, o que [&hellip;]<\/p>\n","protected":false},"author":11,"featured_media":201019,"comment_status":"open","ping_status":"open","sticky":false,"template":"","format":"standard","meta":{"jnews-multi-image_gallery":[],"jnews_single_post":{"format":"standard"},"jnews_primary_category":[],"jnews_social_meta":[],"jnews_override_counter":[],"footnotes":""},"categories":[28,1],"tags":[830,1661,9442,28958,28957,8520,765],"class_list":["post-201015","post","type-post","status-publish","format-standard","has-post-thumbnail","hentry","category-economia","category-noticias","tag-cnh","tag-motoristas","tag-multa","tag-perda-do-direito-de-dirigir","tag-suspensa","tag-suspensao-da-cnh","tag-transito"],"yoast_head":"<!-- This site is optimized with the Yoast SEO plugin v23.8 - https:\/\/yoast.com\/wordpress\/plugins\/seo\/ -->\n<title>Motoristas podem ter sua carteira de habilita\u00e7\u00e3o suspensa a partir de 1\u00ba de maio nessas situa\u00e7\u00f5es - Estado de Minas - Em foco<\/title>\n<meta name=\"description\" content=\"CNH pode ser suspensa em casos espec\u00edficos mesmo sem pagar multa. Veja regras, pontos e situa\u00e7\u00f5es de risco em 2026.\" \/>\n<meta name=\"robots\" content=\"index, follow, max-snippet:-1, max-image-preview:large, max-video-preview:-1\" \/>\n<link rel=\"canonical\" href=\"https:\/\/www.em.com.br\/emfoco\/2026\/04\/29\/motoristas-podem-ter-sua-carteira-de-habilitacao-suspensa-a-partir-de-1o-de-maio-nessas-situacoes\/\" \/>\n<meta property=\"og:locale\" content=\"pt_BR\" \/>\n<meta property=\"og:type\" content=\"article\" \/>\n<meta property=\"og:title\" content=\"Motoristas podem ter sua carteira de habilita\u00e7\u00e3o suspensa a partir de 1\u00ba de maio nessas situa\u00e7\u00f5es - Estado de Minas - Em foco\" \/>\n<meta property=\"og:description\" content=\"CNH pode ser suspensa em casos espec\u00edficos mesmo sem pagar multa. Veja regras, pontos e situa\u00e7\u00f5es de risco em 2026.\" \/>\n<meta property=\"og:url\" content=\"https:\/\/www.em.com.br\/emfoco\/2026\/04\/29\/motoristas-podem-ter-sua-carteira-de-habilitacao-suspensa-a-partir-de-1o-de-maio-nessas-situacoes\/\" \/>\n<meta property=\"og:site_name\" content=\"Estado de Minas - Em foco\" \/>\n<meta property=\"article:published_time\" content=\"2026-04-29T14:00:00+00:00\" \/>\n<meta property=\"article:modified_time\" content=\"2026-04-28T22:57:52+00:00\" \/>\n<meta property=\"og:image\" content=\"https:\/\/www.em.com.br\/emfoco\/wp-content\/uploads\/2026\/04\/Gemini_Generated_Image_yp6wxyp6wxyp6wxy-1.png\" \/>\n\t<meta property=\"og:image:width\" content=\"1280\" \/>\n\t<meta property=\"og:image:height\" content=\"720\" \/>\n\t<meta property=\"og:image:type\" content=\"image\/png\" \/>\n<meta name=\"author\" content=\"Andre\u0301 Rangel\u00a0\" \/>\n<meta name=\"twitter:card\" content=\"summary_large_image\" \/>\n<meta name=\"twitter:label1\" content=\"Escrito por\" \/>\n\t<meta name=\"twitter:data1\" content=\"Andre\u0301 Rangel\u00a0\" \/>\n\t<meta name=\"twitter:label2\" content=\"Est. tempo de leitura\" \/>\n\t<meta name=\"twitter:data2\" content=\"5 minutos\" \/>\n<!-- \/ Yoast SEO plugin. -->","yoast_head_json":{"title":"Motoristas podem ter sua carteira de habilita\u00e7\u00e3o suspensa a partir de 1\u00ba de maio nessas situa\u00e7\u00f5es - Estado de Minas - Em foco","description":"CNH pode ser suspensa em casos espec\u00edficos mesmo sem pagar multa. Veja regras, pontos e situa\u00e7\u00f5es de risco em 2026.","robots":{"index":"index","follow":"follow","max-snippet":"max-snippet:-1","max-image-preview":"max-image-preview:large","max-video-preview":"max-video-preview:-1"},"canonical":"https:\/\/www.em.com.br\/emfoco\/2026\/04\/29\/motoristas-podem-ter-sua-carteira-de-habilitacao-suspensa-a-partir-de-1o-de-maio-nessas-situacoes\/","og_locale":"pt_BR","og_type":"article","og_title":"Motoristas podem ter sua carteira de habilita\u00e7\u00e3o suspensa a partir de 1\u00ba de maio nessas situa\u00e7\u00f5es - Estado de Minas - Em foco","og_description":"CNH pode ser suspensa em casos espec\u00edficos mesmo sem pagar multa. Veja regras, pontos e situa\u00e7\u00f5es de risco em 2026.","og_url":"https:\/\/www.em.com.br\/emfoco\/2026\/04\/29\/motoristas-podem-ter-sua-carteira-de-habilitacao-suspensa-a-partir-de-1o-de-maio-nessas-situacoes\/","og_site_name":"Estado de Minas - Em foco","article_published_time":"2026-04-29T14:00:00+00:00","article_modified_time":"2026-04-28T22:57:52+00:00","og_image":[{"width":1280,"height":720,"url":"https:\/\/www.em.com.br\/emfoco\/wp-content\/uploads\/2026\/04\/Gemini_Generated_Image_yp6wxyp6wxyp6wxy-1.png","type":"image\/png"}],"author":"Andre\u0301 Rangel\u00a0","twitter_card":"summary_large_image","twitter_misc":{"Escrito por":"Andre\u0301 Rangel\u00a0","Est. tempo de leitura":"5 minutos"},"schema":{"@context":"https:\/\/schema.org","@graph":[{"@type":"WebPage","@id":"https:\/\/www.em.com.br\/emfoco\/2026\/04\/29\/motoristas-podem-ter-sua-carteira-de-habilitacao-suspensa-a-partir-de-1o-de-maio-nessas-situacoes\/","url":"https:\/\/www.em.com.br\/emfoco\/2026\/04\/29\/motoristas-podem-ter-sua-carteira-de-habilitacao-suspensa-a-partir-de-1o-de-maio-nessas-situacoes\/","name":"Motoristas podem ter sua carteira de habilita\u00e7\u00e3o suspensa a partir de 1\u00ba de maio nessas situa\u00e7\u00f5es - Estado de Minas - Em foco","isPartOf":{"@id":"https:\/\/www.em.com.br\/emfoco\/#website"},"primaryImageOfPage":{"@id":"https:\/\/www.em.com.br\/emfoco\/2026\/04\/29\/motoristas-podem-ter-sua-carteira-de-habilitacao-suspensa-a-partir-de-1o-de-maio-nessas-situacoes\/#primaryimage"},"image":{"@id":"https:\/\/www.em.com.br\/emfoco\/2026\/04\/29\/motoristas-podem-ter-sua-carteira-de-habilitacao-suspensa-a-partir-de-1o-de-maio-nessas-situacoes\/#primaryimage"},"thumbnailUrl":"https:\/\/www.em.com.br\/emfoco\/wp-content\/uploads\/2026\/04\/Gemini_Generated_Image_yp6wxyp6wxyp6wxy-1.png","datePublished":"2026-04-29T14:00:00+00:00","dateModified":"2026-04-28T22:57:52+00:00","author":{"@id":"https:\/\/www.em.com.br\/emfoco\/#\/schema\/person\/60eda09c1fedf0d6891f4cef4b60b8b8"},"description":"CNH pode ser suspensa em casos espec\u00edficos mesmo sem pagar multa. Veja regras, pontos e situa\u00e7\u00f5es de risco em 2026.","breadcrumb":{"@id":"https:\/\/www.em.com.br\/emfoco\/2026\/04\/29\/motoristas-podem-ter-sua-carteira-de-habilitacao-suspensa-a-partir-de-1o-de-maio-nessas-situacoes\/#breadcrumb"},"inLanguage":"pt-BR","potentialAction":[{"@type":"ReadAction","target":["https:\/\/www.em.com.br\/emfoco\/2026\/04\/29\/motoristas-podem-ter-sua-carteira-de-habilitacao-suspensa-a-partir-de-1o-de-maio-nessas-situacoes\/"]}]},{"@type":"ImageObject","inLanguage":"pt-BR","@id":"https:\/\/www.em.com.br\/emfoco\/2026\/04\/29\/motoristas-podem-ter-sua-carteira-de-habilitacao-suspensa-a-partir-de-1o-de-maio-nessas-situacoes\/#primaryimage","url":"https:\/\/www.em.com.br\/emfoco\/wp-content\/uploads\/2026\/04\/Gemini_Generated_Image_yp6wxyp6wxyp6wxy-1.png","contentUrl":"https:\/\/www.em.com.br\/emfoco\/wp-content\/uploads\/2026\/04\/Gemini_Generated_Image_yp6wxyp6wxyp6wxy-1.png","width":1280,"height":720,"caption":"Motoristas ficam em alerta com risco de perder a CNH"},{"@type":"BreadcrumbList","@id":"https:\/\/www.em.com.br\/emfoco\/2026\/04\/29\/motoristas-podem-ter-sua-carteira-de-habilitacao-suspensa-a-partir-de-1o-de-maio-nessas-situacoes\/#breadcrumb","itemListElement":[{"@type":"ListItem","position":1,"name":"In\u00edcio","item":"https:\/\/www.em.com.br\/emfoco\/"},{"@type":"ListItem","position":2,"name":"Motoristas podem ter sua carteira de habilita\u00e7\u00e3o suspensa a partir de 1\u00ba de maio nessas situa\u00e7\u00f5es"}]},{"@type":"WebSite","@id":"https:\/\/www.em.com.br\/emfoco\/#website","url":"https:\/\/www.em.com.br\/emfoco\/","name":"Estado de Minas - Em foco","description":"Acompanhe as \u00faltimas not\u00edcias e fique bem informado sobre tudo o que acontece em Minas Gerais, Brasil e no mundo.","potentialAction":[{"@type":"SearchAction","target":{"@type":"EntryPoint","urlTemplate":"https:\/\/www.em.com.br\/emfoco\/?s={search_term_string}"},"query-input":{"@type":"PropertyValueSpecification","valueRequired":true,"valueName":"search_term_string"}}],"inLanguage":"pt-BR"},{"@type":"Person","@id":"https:\/\/www.em.com.br\/emfoco\/#\/schema\/person\/60eda09c1fedf0d6891f4cef4b60b8b8","name":"Andre\u0301 Rangel\u00a0","image":{"@type":"ImageObject","inLanguage":"pt-BR","@id":"https:\/\/www.em.com.br\/emfoco\/#\/schema\/person\/image\/","url":"https:\/\/secure.gravatar.com\/avatar\/6234dc814c77c8ef6d8bba622c787efc?s=96&d=mm&r=g","contentUrl":"https:\/\/secure.gravatar.com\/avatar\/6234dc814c77c8ef6d8bba622c787efc?s=96&d=mm&r=g","caption":"Andre\u0301 Rangel\u00a0"},"url":"https:\/\/www.em.com.br\/emfoco\/author\/luizmyth\/"}]}},"_links":{"self":[{"href":"https:\/\/www.em.com.br\/emfoco\/wp-json\/wp\/v2\/posts\/201015","targetHints":{"allow":["GET"]}}],"collection":[{"href":"https:\/\/www.em.com.br\/emfoco\/wp-json\/wp\/v2\/posts"}],"about":[{"href":"https:\/\/www.em.com.br\/emfoco\/wp-json\/wp\/v2\/types\/post"}],"author":[{"embeddable":true,"href":"https:\/\/www.em.com.br\/emfoco\/wp-json\/wp\/v2\/users\/11"}],"replies":[{"embeddable":true,"href":"https:\/\/www.em.com.br\/emfoco\/wp-json\/wp\/v2\/comments?post=201015"}],"version-history":[{"count":2,"href":"https:\/\/www.em.com.br\/emfoco\/wp-json\/wp\/v2\/posts\/201015\/revisions"}],"predecessor-version":[{"id":201020,"href":"https:\/\/www.em.com.br\/emfoco\/wp-json\/wp\/v2\/posts\/201015\/revisions\/201020"}],"wp:featuredmedia":[{"embeddable":true,"href":"https:\/\/www.em.com.br\/emfoco\/wp-json\/wp\/v2\/media\/201019"}],"wp:attachment":[{"href":"https:\/\/www.em.com.br\/emfoco\/wp-json\/wp\/v2\/media?parent=201015"}],"wp:term":[{"taxonomy":"category","embeddable":true,"href":"https:\/\/www.em.com.br\/emfoco\/wp-json\/wp\/v2\/categories?post=201015"},{"taxonomy":"post_tag","embeddable":true,"href":"https:\/\/www.em.com.br\/emfoco\/wp-json\/wp\/v2\/tags?post=201015"}],"curies":[{"name":"wp","href":"https:\/\/api.w.org\/{rel}","templated":true}]}}