{"id":201014,"date":"2026-04-29T08:30:00","date_gmt":"2026-04-29T11:30:00","guid":{"rendered":"https:\/\/www.em.com.br\/emfoco\/?p=201014"},"modified":"2026-04-28T19:53:48","modified_gmt":"2026-04-28T22:53:48","slug":"governo-liberou-pagamento-do-bolsa-familia-em-173-municipios-de-11-estados-brasileiros-antes-do-feriado","status":"publish","type":"post","link":"https:\/\/www.em.com.br\/emfoco\/2026\/04\/29\/governo-liberou-pagamento-do-bolsa-familia-em-173-municipios-de-11-estados-brasileiros-antes-do-feriado\/","title":{"rendered":"Governo liberou pagamento do\u00a0Bolsa Fam\u00edlia\u00a0em\u00a0173 munic\u00edpios\u00a0de 11 estados brasileiros antes do feriado"},"content":{"rendered":"\n<p>Em abril de 2026, o governo federal adotou um esquema especial para o pagamento do\u00a0<strong>Bolsa Fam\u00edlia<\/strong>\u00a0em munic\u00edpios atingidos por desastres naturais e outras situa\u00e7\u00f5es de emerg\u00eancia. Em vez do escalonamento tradicional pelo final do<strong> N\u00famero de Identifica\u00e7\u00e3o Social <\/strong>(NIS), essas cidades receberam o benef\u00edcio de uma s\u00f3 vez, logo no primeiro dia previsto do calend\u00e1rio, garantindo renda r\u00e1pida para fam\u00edlias em maior vulnerabilidade.<\/p>\n\n\n\n<h2 class=\"wp-block-heading\">Como funcionou o pagamento antecipado do Bolsa Fam\u00edlia em abril de 2026<\/h2>\n\n\n\n<p>No calend\u00e1rio especial de abril de 2026, os benefici\u00e1rios do&nbsp;<strong>Bolsa Fam\u00edlia<\/strong>&nbsp;que vivem em cidades com reconhecimento oficial de emerg\u00eancia receberam o valor integral no dia 16 de abril, data de in\u00edcio dos repasses. Nessas localidades, todos os inscritos habilitados tiveram o cr\u00e9dito liberado na mesma data, independentemente do n\u00famero final do NIS.<\/p>\n\n\n\n<p>Essa unifica\u00e7\u00e3o tamb\u00e9m considerou o impacto dos feriados de<strong> Sexta-feira Santa<\/strong> (18 de abril) e <strong>Tiradentes<\/strong> (21 de abril), quando n\u00e3o h\u00e1 compensa\u00e7\u00f5es banc\u00e1rias. Ao concentrar os pagamentos no come\u00e7o do per\u00edodo, o governo evitou atrasos adicionais e reduziu o risco de desassist\u00eancia em meio a enchentes, secas ou outros eventos clim\u00e1ticos extremos.<\/p>\n\n\n\n<figure class=\"wp-block-image\"><img decoding=\"async\" src=\"https:\/\/www.em.com.br\/emfoco\/wp-content\/uploads\/2025\/03\/bolsa-familia-brasil_1742258508803-1024x576.jpg\" alt=\"\"\/><figcaption class=\"wp-element-caption\">Bolsa Fam\u00edlia antecipa pagamento em cidades afetadas &#8211; Cr\u00e9ditos: depositphotos.com \/ joasouza<\/figcaption><\/figure>\n\n\n\n<h2 class=\"wp-block-heading\">Quais munic\u00edpios tiveram o Bolsa Fam\u00edlia unificado em abril de 2026<\/h2>\n\n\n\n<p>A antecipa\u00e7\u00e3o do\u00a0<strong>Bolsa Fam\u00edlia em abril de 2026<\/strong>\u00a0abrangeu 173 munic\u00edpios de 11 estados brasileiros, alcan\u00e7ando todas as grandes regi\u00f5es do pa\u00eds. No <strong>Sudeste<\/strong>, cidades de <strong>Minas Gerais, Rio de Janeiro e S\u00e3o Paulo<\/strong> foram inclu\u00eddas, em muitos casos devido a fortes chuvas, deslizamentos e danos \u00e0 infraestrutura local.<\/p>\n\n\n\n<p>No Nordeste, houve forte presen\u00e7a do <strong>Rio Grande do Norte<\/strong>, com mais de uma centena de munic\u00edpios sob seca prolongada, al\u00e9m de cidades da Bahia e do Piau\u00ed. J\u00e1 nas regi\u00f5es Norte e Sul, receberam o benef\u00edcio antecipado munic\u00edpios do <strong>Amazonas, de Roraima, do Par\u00e1 e do Paran\u00e1<\/strong>, como<strong> Barcelos, Boa Vista, Marituba e Quedas do Igua\u00e7u<\/strong>, todos com decreta\u00e7\u00e3o de emerg\u00eancia ou calamidade p\u00fablica.<\/p>\n\n\n\n<h2 class=\"wp-block-heading\">Como ficou o calend\u00e1rio regular do Bolsa Fam\u00edlia em abril de 2026<\/h2>\n\n\n\n<p>Para benefici\u00e1rios em cidades fora da lista de emerg\u00eancia, o&nbsp;<strong>calend\u00e1rio do Bolsa Fam\u00edlia<\/strong>&nbsp;em abril de 2026 manteve o escalonamento tradicional. As datas foram distribu\u00eddas ao longo dos \u00faltimos dez dias \u00fateis do m\u00eas, respeitando o final do NIS, mesmo com feriados no per\u00edodo.<\/p>\n\n\n\n<p>Confira abaixo como ficaram as datas de pagamento para quem n\u00e3o teve antecipa\u00e7\u00e3o e seguiu o modelo normal, sempre de acordo com o \u00faltimo d\u00edgito do NIS:<\/p>\n\n\n\n<ul class=\"wp-block-list\">\n<li>NIS final 1: 16 de abril de 2026<\/li>\n\n\n\n<li>NIS final 2: 17 de abril de 2026<\/li>\n\n\n\n<li>NIS final 3: 20 de abril de 2026<\/li>\n\n\n\n<li>NIS final 4: 22 de abril de 2026<\/li>\n\n\n\n<li>NIS final 5: 23 de abril de 2026<\/li>\n\n\n\n<li>NIS final 6: 24 de abril de 2026<\/li>\n\n\n\n<li>NIS final 7: 27 de abril de 2026<\/li>\n\n\n\n<li>NIS final 8: 28 de abril de 2026<\/li>\n\n\n\n<li>NIS final 9: 29 de abril de 2026<\/li>\n\n\n\n<li>NIS final 0: 30 de abril de 2026<\/li>\n<\/ul>\n\n\n\n<figure class=\"wp-block-image\"><img decoding=\"async\" src=\"https:\/\/www.em.com.br\/emfoco\/wp-content\/uploads\/2025\/04\/beneficios-brasil_1745256264052-1024x576.jpg\" alt=\"\"\/><figcaption class=\"wp-element-caption\">Bolsa Fam\u00edlia antecipa pagamento em cidades afetadas &#8211; Cr\u00e9ditos: depositphotos.com \/ rafapress<\/figcaption><\/figure>\n\n\n\n<h2 class=\"wp-block-heading\">Como ser\u00e1 o calend\u00e1rio do Bolsa Fam\u00edlia em maio de 2026<\/h2>\n\n\n\n<p>Para maio de 2026, o calend\u00e1rio do\u00a0<strong>Bolsa Fam\u00edlia<\/strong>\u00a0j\u00e1 foi definido pelo<strong> Minist\u00e9rio do Desenvolvimento e Assist\u00eancia Social <\/strong>(MDS). Nesse m\u00eas, o <strong>Dia do Trabalho<\/strong>, em 1\u00ba de maio, n\u00e3o interfere nos repasses, pois ocorre antes do in\u00edcio dos pagamentos, que seguem normalmente pelos \u00faltimos dez dias \u00fateis.<\/p>\n\n\n\n<p>Os dep\u00f3sitos ser\u00e3o realizados entre 18 e 29 de maio, de acordo com o final do NIS, e munic\u00edpios que continuarem em situa\u00e7\u00e3o de emerg\u00eancia tendem a manter o pagamento antecipado no primeiro dia do calend\u00e1rio, em 18 de maio. O cronograma detalhado permanece assim:<\/p>\n\n\n\n<ol class=\"wp-block-list\">\n<li>NIS final 1: 18 de maio de 2026<\/li>\n\n\n\n<li>NIS final 2: 19 de maio de 2026<\/li>\n\n\n\n<li>NIS final 3: 20 de maio de 2026<\/li>\n\n\n\n<li>NIS final 4: 21 de maio de 2026<\/li>\n\n\n\n<li>NIS final 5: 22 de maio de 2026<\/li>\n\n\n\n<li>NIS final 6: 25 de maio de 2026<\/li>\n\n\n\n<li>NIS final 7: 26 de maio de 2026<\/li>\n\n\n\n<li>NIS final 8: 27 de maio de 2026<\/li>\n\n\n\n<li>NIS final 9: 28 de maio de 2026<\/li>\n\n\n\n<li>NIS final 0: 29 de maio de 2026<\/li>\n<\/ol>\n\n\n\n<h2 class=\"wp-block-heading\">Como consultar a antecipa\u00e7\u00e3o do Bolsa Fam\u00edlia e garantir o benef\u00edcio em 2026<\/h2>\n\n\n\n<p>A confirma\u00e7\u00e3o sobre a antecipa\u00e7\u00e3o do&nbsp;<strong>Bolsa Fam\u00edlia em 2026<\/strong>&nbsp;e o valor exato do benef\u00edcio \u00e9 divulgada pr\u00f3ximo ao in\u00edcio dos pagamentos. Para n\u00e3o perder nenhuma informa\u00e7\u00e3o, \u00e9 essencial usar os canais oficiais, que mostram tanto a situa\u00e7\u00e3o do munic\u00edpio quanto os detalhes do cadastro da fam\u00edlia.<\/p>\n\n\n\n<p>Em momentos de emerg\u00eancia, cada dia faz diferen\u00e7a no or\u00e7amento de quem depende do programa. Consulte agora os aplicativos Caixa Tem e Bolsa Fam\u00edlia, ligue para o 121 ou acesse o portal gov.br para verificar se sua cidade teve pagamento unificado e qual \u00e9 a sua data exata. N\u00e3o deixe para depois: acompanhar o calend\u00e1rio e as atualiza\u00e7\u00f5es pode ser decisivo para garantir comida na mesa e mais seguran\u00e7a para sua fam\u00edlia neste per\u00edodo de instabilidade.<\/p>\n","protected":false},"excerpt":{"rendered":"<p>Em abril de 2026, o governo federal adotou um esquema especial para o pagamento do\u00a0Bolsa Fam\u00edlia\u00a0em munic\u00edpios atingidos por desastres naturais e outras situa\u00e7\u00f5es de emerg\u00eancia. Em vez do escalonamento tradicional pelo final do N\u00famero de Identifica\u00e7\u00e3o Social (NIS), essas cidades receberam o benef\u00edcio de uma s\u00f3 vez, logo no primeiro dia previsto do calend\u00e1rio, [&hellip;]<\/p>\n","protected":false},"author":11,"featured_media":172722,"comment_status":"open","ping_status":"open","sticky":false,"template":"","format":"standard","meta":{"jnews-multi-image_gallery":[],"jnews_single_post":{"format":"standard"},"jnews_primary_category":[],"jnews_social_meta":[],"jnews_override_counter":[],"footnotes":""},"categories":[28,1],"tags":[259,209,28955,465,28956],"class_list":["post-201014","post","type-post","status-publish","format-standard","has-post-thumbnail","hentry","category-economia","category-noticias","tag-beneficio","tag-bolsa-familia","tag-cidades-em-emergencia","tag-governo","tag-pagamento-do-bolsa-familia"],"yoast_head":"<!-- This site is optimized with the Yoast SEO plugin v23.8 - https:\/\/yoast.com\/wordpress\/plugins\/seo\/ -->\n<title>Governo liberou pagamento do\u00a0Bolsa Fam\u00edlia\u00a0em\u00a0173 munic\u00edpios\u00a0de 11 estados brasileiros antes do feriado - Estado de Minas - Em foco<\/title>\n<meta name=\"description\" content=\"Bolsa Fam\u00edlia foi antecipado em abril para cidades em emerg\u00eancia. Veja quem recebeu antes e como consultar seu benef\u00edcio.\" \/>\n<meta name=\"robots\" content=\"index, follow, max-snippet:-1, max-image-preview:large, max-video-preview:-1\" \/>\n<link rel=\"canonical\" href=\"https:\/\/www.em.com.br\/emfoco\/2026\/04\/29\/governo-liberou-pagamento-do-bolsa-familia-em-173-municipios-de-11-estados-brasileiros-antes-do-feriado\/\" \/>\n<meta property=\"og:locale\" content=\"pt_BR\" \/>\n<meta property=\"og:type\" content=\"article\" \/>\n<meta property=\"og:title\" content=\"Governo liberou pagamento do\u00a0Bolsa Fam\u00edlia\u00a0em\u00a0173 munic\u00edpios\u00a0de 11 estados brasileiros antes do feriado - Estado de Minas - Em foco\" \/>\n<meta property=\"og:description\" content=\"Bolsa Fam\u00edlia foi antecipado em abril para cidades em emerg\u00eancia. Veja quem recebeu antes e como consultar seu benef\u00edcio.\" \/>\n<meta property=\"og:url\" content=\"https:\/\/www.em.com.br\/emfoco\/2026\/04\/29\/governo-liberou-pagamento-do-bolsa-familia-em-173-municipios-de-11-estados-brasileiros-antes-do-feriado\/\" \/>\n<meta property=\"og:site_name\" content=\"Estado de Minas - Em foco\" \/>\n<meta property=\"article:published_time\" content=\"2026-04-29T11:30:00+00:00\" \/>\n<meta property=\"article:modified_time\" content=\"2026-04-28T22:53:48+00:00\" \/>\n<meta property=\"og:image\" content=\"https:\/\/www.em.com.br\/emfoco\/wp-content\/uploads\/2026\/02\/Gemini_Generated_Image_avn4soavn4soavn4-1.png\" \/>\n\t<meta property=\"og:image:width\" content=\"1280\" \/>\n\t<meta property=\"og:image:height\" content=\"720\" \/>\n\t<meta property=\"og:image:type\" content=\"image\/png\" \/>\n<meta name=\"author\" content=\"Andre\u0301 Rangel\u00a0\" \/>\n<meta name=\"twitter:card\" content=\"summary_large_image\" \/>\n<meta name=\"twitter:label1\" content=\"Escrito por\" \/>\n\t<meta name=\"twitter:data1\" content=\"Andre\u0301 Rangel\u00a0\" \/>\n\t<meta name=\"twitter:label2\" content=\"Est. tempo de leitura\" \/>\n\t<meta name=\"twitter:data2\" content=\"6 minutos\" \/>\n<!-- \/ Yoast SEO plugin. -->","yoast_head_json":{"title":"Governo liberou pagamento do\u00a0Bolsa Fam\u00edlia\u00a0em\u00a0173 munic\u00edpios\u00a0de 11 estados brasileiros antes do feriado - Estado de Minas - Em foco","description":"Bolsa Fam\u00edlia foi antecipado em abril para cidades em emerg\u00eancia. Veja quem recebeu antes e como consultar seu benef\u00edcio.","robots":{"index":"index","follow":"follow","max-snippet":"max-snippet:-1","max-image-preview":"max-image-preview:large","max-video-preview":"max-video-preview:-1"},"canonical":"https:\/\/www.em.com.br\/emfoco\/2026\/04\/29\/governo-liberou-pagamento-do-bolsa-familia-em-173-municipios-de-11-estados-brasileiros-antes-do-feriado\/","og_locale":"pt_BR","og_type":"article","og_title":"Governo liberou pagamento do\u00a0Bolsa Fam\u00edlia\u00a0em\u00a0173 munic\u00edpios\u00a0de 11 estados brasileiros antes do feriado - Estado de Minas - Em foco","og_description":"Bolsa Fam\u00edlia foi antecipado em abril para cidades em emerg\u00eancia. Veja quem recebeu antes e como consultar seu benef\u00edcio.","og_url":"https:\/\/www.em.com.br\/emfoco\/2026\/04\/29\/governo-liberou-pagamento-do-bolsa-familia-em-173-municipios-de-11-estados-brasileiros-antes-do-feriado\/","og_site_name":"Estado de Minas - Em foco","article_published_time":"2026-04-29T11:30:00+00:00","article_modified_time":"2026-04-28T22:53:48+00:00","og_image":[{"width":1280,"height":720,"url":"https:\/\/www.em.com.br\/emfoco\/wp-content\/uploads\/2026\/02\/Gemini_Generated_Image_avn4soavn4soavn4-1.png","type":"image\/png"}],"author":"Andre\u0301 Rangel\u00a0","twitter_card":"summary_large_image","twitter_misc":{"Escrito por":"Andre\u0301 Rangel\u00a0","Est. tempo de leitura":"6 minutos"},"schema":{"@context":"https:\/\/schema.org","@graph":[{"@type":"WebPage","@id":"https:\/\/www.em.com.br\/emfoco\/2026\/04\/29\/governo-liberou-pagamento-do-bolsa-familia-em-173-municipios-de-11-estados-brasileiros-antes-do-feriado\/","url":"https:\/\/www.em.com.br\/emfoco\/2026\/04\/29\/governo-liberou-pagamento-do-bolsa-familia-em-173-municipios-de-11-estados-brasileiros-antes-do-feriado\/","name":"Governo liberou pagamento do\u00a0Bolsa Fam\u00edlia\u00a0em\u00a0173 munic\u00edpios\u00a0de 11 estados brasileiros antes do feriado - Estado de Minas - Em foco","isPartOf":{"@id":"https:\/\/www.em.com.br\/emfoco\/#website"},"primaryImageOfPage":{"@id":"https:\/\/www.em.com.br\/emfoco\/2026\/04\/29\/governo-liberou-pagamento-do-bolsa-familia-em-173-municipios-de-11-estados-brasileiros-antes-do-feriado\/#primaryimage"},"image":{"@id":"https:\/\/www.em.com.br\/emfoco\/2026\/04\/29\/governo-liberou-pagamento-do-bolsa-familia-em-173-municipios-de-11-estados-brasileiros-antes-do-feriado\/#primaryimage"},"thumbnailUrl":"https:\/\/www.em.com.br\/emfoco\/wp-content\/uploads\/2026\/02\/Gemini_Generated_Image_avn4soavn4soavn4-1.png","datePublished":"2026-04-29T11:30:00+00:00","dateModified":"2026-04-28T22:53:48+00:00","author":{"@id":"https:\/\/www.em.com.br\/emfoco\/#\/schema\/person\/60eda09c1fedf0d6891f4cef4b60b8b8"},"description":"Bolsa Fam\u00edlia foi antecipado em abril para cidades em emerg\u00eancia. Veja quem recebeu antes e como consultar seu benef\u00edcio.","breadcrumb":{"@id":"https:\/\/www.em.com.br\/emfoco\/2026\/04\/29\/governo-liberou-pagamento-do-bolsa-familia-em-173-municipios-de-11-estados-brasileiros-antes-do-feriado\/#breadcrumb"},"inLanguage":"pt-BR","potentialAction":[{"@type":"ReadAction","target":["https:\/\/www.em.com.br\/emfoco\/2026\/04\/29\/governo-liberou-pagamento-do-bolsa-familia-em-173-municipios-de-11-estados-brasileiros-antes-do-feriado\/"]}]},{"@type":"ImageObject","inLanguage":"pt-BR","@id":"https:\/\/www.em.com.br\/emfoco\/2026\/04\/29\/governo-liberou-pagamento-do-bolsa-familia-em-173-municipios-de-11-estados-brasileiros-antes-do-feriado\/#primaryimage","url":"https:\/\/www.em.com.br\/emfoco\/wp-content\/uploads\/2026\/02\/Gemini_Generated_Image_avn4soavn4soavn4-1.png","contentUrl":"https:\/\/www.em.com.br\/emfoco\/wp-content\/uploads\/2026\/02\/Gemini_Generated_Image_avn4soavn4soavn4-1.png","width":1280,"height":720,"caption":"Garanta seu Bolsa Fam\u00edlia sem atrasos este m\u00eas"},{"@type":"BreadcrumbList","@id":"https:\/\/www.em.com.br\/emfoco\/2026\/04\/29\/governo-liberou-pagamento-do-bolsa-familia-em-173-municipios-de-11-estados-brasileiros-antes-do-feriado\/#breadcrumb","itemListElement":[{"@type":"ListItem","position":1,"name":"In\u00edcio","item":"https:\/\/www.em.com.br\/emfoco\/"},{"@type":"ListItem","position":2,"name":"Governo liberou pagamento do\u00a0Bolsa Fam\u00edlia\u00a0em\u00a0173 munic\u00edpios\u00a0de 11 estados brasileiros antes do feriado"}]},{"@type":"WebSite","@id":"https:\/\/www.em.com.br\/emfoco\/#website","url":"https:\/\/www.em.com.br\/emfoco\/","name":"Estado de Minas - Em foco","description":"Acompanhe as \u00faltimas not\u00edcias e fique bem informado sobre tudo o que acontece em Minas Gerais, Brasil e no mundo.","potentialAction":[{"@type":"SearchAction","target":{"@type":"EntryPoint","urlTemplate":"https:\/\/www.em.com.br\/emfoco\/?s={search_term_string}"},"query-input":{"@type":"PropertyValueSpecification","valueRequired":true,"valueName":"search_term_string"}}],"inLanguage":"pt-BR"},{"@type":"Person","@id":"https:\/\/www.em.com.br\/emfoco\/#\/schema\/person\/60eda09c1fedf0d6891f4cef4b60b8b8","name":"Andre\u0301 Rangel\u00a0","image":{"@type":"ImageObject","inLanguage":"pt-BR","@id":"https:\/\/www.em.com.br\/emfoco\/#\/schema\/person\/image\/","url":"https:\/\/secure.gravatar.com\/avatar\/6234dc814c77c8ef6d8bba622c787efc?s=96&d=mm&r=g","contentUrl":"https:\/\/secure.gravatar.com\/avatar\/6234dc814c77c8ef6d8bba622c787efc?s=96&d=mm&r=g","caption":"Andre\u0301 Rangel\u00a0"},"url":"https:\/\/www.em.com.br\/emfoco\/author\/luizmyth\/"}]}},"_links":{"self":[{"href":"https:\/\/www.em.com.br\/emfoco\/wp-json\/wp\/v2\/posts\/201014","targetHints":{"allow":["GET"]}}],"collection":[{"href":"https:\/\/www.em.com.br\/emfoco\/wp-json\/wp\/v2\/posts"}],"about":[{"href":"https:\/\/www.em.com.br\/emfoco\/wp-json\/wp\/v2\/types\/post"}],"author":[{"embeddable":true,"href":"https:\/\/www.em.com.br\/emfoco\/wp-json\/wp\/v2\/users\/11"}],"replies":[{"embeddable":true,"href":"https:\/\/www.em.com.br\/emfoco\/wp-json\/wp\/v2\/comments?post=201014"}],"version-history":[{"count":2,"href":"https:\/\/www.em.com.br\/emfoco\/wp-json\/wp\/v2\/posts\/201014\/revisions"}],"predecessor-version":[{"id":201018,"href":"https:\/\/www.em.com.br\/emfoco\/wp-json\/wp\/v2\/posts\/201014\/revisions\/201018"}],"wp:featuredmedia":[{"embeddable":true,"href":"https:\/\/www.em.com.br\/emfoco\/wp-json\/wp\/v2\/media\/172722"}],"wp:attachment":[{"href":"https:\/\/www.em.com.br\/emfoco\/wp-json\/wp\/v2\/media?parent=201014"}],"wp:term":[{"taxonomy":"category","embeddable":true,"href":"https:\/\/www.em.com.br\/emfoco\/wp-json\/wp\/v2\/categories?post=201014"},{"taxonomy":"post_tag","embeddable":true,"href":"https:\/\/www.em.com.br\/emfoco\/wp-json\/wp\/v2\/tags?post=201014"}],"curies":[{"name":"wp","href":"https:\/\/api.w.org\/{rel}","templated":true}]}}