{"id":201001,"date":"2026-04-29T05:20:00","date_gmt":"2026-04-29T08:20:00","guid":{"rendered":"https:\/\/www.em.com.br\/emfoco\/?p=201001"},"modified":"2026-04-29T05:56:10","modified_gmt":"2026-04-29T08:56:10","slug":"parana-se-junta-a-sao-paulo-e-rio-grande-do-sul-com-salario-acima-do-nacional-enquanto-para-amapa-piaui-df-e-outros-19-estados-seguem-com-o-menor-valor-em-2026","status":"publish","type":"post","link":"https:\/\/www.em.com.br\/emfoco\/2026\/04\/29\/parana-se-junta-a-sao-paulo-e-rio-grande-do-sul-com-salario-acima-do-nacional-enquanto-para-amapa-piaui-df-e-outros-19-estados-seguem-com-o-menor-valor-em-2026\/","title":{"rendered":"Paran\u00e1 se junta a S\u00e3o Paulo e Rio Grande do Sul com sal\u00e1rio acima do nacional enquanto Par\u00e1, Amap\u00e1, Piau\u00ed, DF e outros 19 estados seguem com o menor valor em 2026"},"content":{"rendered":"\n<p>O&nbsp;<strong>sal\u00e1rio m\u00ednimo nacional de 2026<\/strong>&nbsp;foi fixado em R$ 1.621 pelo&nbsp;<strong>Decreto n\u00ba 12.797\/2025<\/strong>, com reajuste de 6,79% sobre o valor anterior. Mas esse n\u00famero n\u00e3o \u00e9 o mesmo para todos os brasileiros com carteira assinada. Cinco estados t\u00eam legisla\u00e7\u00e3o pr\u00f3pria que garante pisos acima do federal para determinadas categorias \u2014 e a diferen\u00e7a pode chegar a quase R$ 800 mensais. Para os outros 22 estados e o Distrito Federal, o valor federal \u00e9 o teto m\u00ednimo, e isso concentra nos extremos do pa\u00eds uma divis\u00e3o que vai al\u00e9m de fronteiras geogr\u00e1ficas: \u00e9 uma divis\u00e3o de renda.<\/p>\n\n\n\n<h2 class=\"wp-block-heading\">Quais estados pagam acima do m\u00ednimo nacional em 2026?<\/h2>\n\n\n\n<p>Somente cinco unidades federativas possuem legisla\u00e7\u00e3o de&nbsp;<strong>piso salarial regional<\/strong>, autorizada pela&nbsp;<strong>Lei Complementar 103\/2000<\/strong>, que permite aos estados fixar valores superiores ao nacional para trabalhadores sem piso definido em lei federal ou conven\u00e7\u00e3o coletiva. A regra \u00e9 clara: sempre prevalece o maior valor entre o piso nacional, o estadual e o da conven\u00e7\u00e3o coletiva da categoria. Os cinco estados com piso pr\u00f3prio em 2026 s\u00e3o:<\/p>\n\n\n\n<ul class=\"wp-block-list\">\n<li><strong>Paran\u00e1<\/strong>&nbsp;\u2014 piso mais alto do Brasil, dividido em quatro grupos: de R$ 2.105,34 (agropecu\u00e1rio) a R$ 2.407,90 (t\u00e9cnicos de n\u00edvel m\u00e9dio)<\/li>\n\n\n\n<li><strong>S\u00e3o Paulo<\/strong>&nbsp;\u2014 R$ 1.806,00 \u00fanico para todas as categorias sem piso pr\u00f3prio, R$ 185 acima do nacional<\/li>\n\n\n\n<li><strong>Rio Grande do Sul<\/strong>&nbsp;\u2014 cinco faixas, de R$ 1.789,04 (agricultura e dom\u00e9sticos) a R$ 2.267,27 (t\u00e9cnicos de n\u00edvel m\u00e9dio)<\/li>\n\n\n\n<li><strong>Santa Catarina<\/strong>&nbsp;\u2014 faixas entre R$ 1.612,26 e R$ 1.844,40, com alguns grupos abaixo do nacional<\/li>\n\n\n\n<li><strong>Rio de Janeiro<\/strong>&nbsp;\u2014 situa\u00e7\u00e3o peculiar: valores sem atualiza\u00e7\u00e3o desde 2019, com faixas que v\u00e3o de R$ 1.238,11 a R$ 3.158,96<\/li>\n<\/ul>\n\n\n\n<figure class=\"wp-block-image size-large\"><img loading=\"lazy\" decoding=\"async\" width=\"1024\" height=\"572\" src=\"https:\/\/www.em.com.br\/emfoco\/wp-content\/uploads\/2026\/04\/magnific_mapa-do-brasil-com-alguns_2887635218-1024x572.jpeg\" alt=\"\" class=\"wp-image-201198\" srcset=\"https:\/\/www.em.com.br\/emfoco\/wp-content\/uploads\/2026\/04\/magnific_mapa-do-brasil-com-alguns_2887635218-1024x572.jpeg 1024w, https:\/\/www.em.com.br\/emfoco\/wp-content\/uploads\/2026\/04\/magnific_mapa-do-brasil-com-alguns_2887635218-300x167.jpeg 300w, https:\/\/www.em.com.br\/emfoco\/wp-content\/uploads\/2026\/04\/magnific_mapa-do-brasil-com-alguns_2887635218-768x429.jpeg 768w, https:\/\/www.em.com.br\/emfoco\/wp-content\/uploads\/2026\/04\/magnific_mapa-do-brasil-com-alguns_2887635218-750x419.jpeg 750w, https:\/\/www.em.com.br\/emfoco\/wp-content\/uploads\/2026\/04\/magnific_mapa-do-brasil-com-alguns_2887635218-1140x636.jpeg 1140w, https:\/\/www.em.com.br\/emfoco\/wp-content\/uploads\/2026\/04\/magnific_mapa-do-brasil-com-alguns_2887635218.jpeg 1376w\" sizes=\"auto, (max-width: 1024px) 100vw, 1024px\" \/><figcaption class=\"wp-element-caption\">Cinco estados pagam acima do sal\u00e1rio m\u00ednimo 2026 e diferen\u00e7a chega a quase R$ 800 por m\u00eas<\/figcaption><\/figure>\n\n\n\n<h2 class=\"wp-block-heading\">Como \u00e9 calculado o sal\u00e1rio m\u00ednimo e o que mudou em 2026?<\/h2>\n\n\n\n<p>O reajuste do piso federal segue uma f\u00f3rmula estabelecida pela&nbsp;<strong>Lei n\u00ba 15.077\/2024<\/strong>: infla\u00e7\u00e3o acumulada medida pelo&nbsp;<strong>INPC<\/strong>&nbsp;mais ganho real de 2,5% acima da varia\u00e7\u00e3o dos pre\u00e7os. Em 2026, o INPC acumulado fechou em 4,84%, resultando no aumento total de 6,79% \u2014 ou R$ 103 a mais em rela\u00e7\u00e3o aos R$ 1.518 de 2025. A tabela abaixo mostra o comparativo dos principais pisos vigentes:<\/p>\n\n\n\n<figure class=\"wp-block-table\"><table class=\"has-fixed-layout\"><thead><tr><th>Estado \/ Refer\u00eancia<\/th><th>Piso m\u00ednimo em 2026<\/th><th>Diferen\u00e7a em rela\u00e7\u00e3o ao nacional<\/th><\/tr><\/thead><tbody><tr><td>Paran\u00e1 (faixa mais alta)<\/td><td>R$ 2.407,90<\/td><td>+ R$ 786,90<\/td><\/tr><tr><td>Rio Grande do Sul (faixa mais alta)<\/td><td>R$ 2.267,27<\/td><td>+ R$ 646,27<\/td><\/tr><tr><td>S\u00e3o Paulo<\/td><td>R$ 1.806,00<\/td><td>+ R$ 185,00<\/td><\/tr><tr><td>Brasil (piso nacional)<\/td><td>R$ 1.621,00<\/td><td>refer\u00eancia<\/td><\/tr><tr><td>22 estados + DF<\/td><td>R$ 1.621,00<\/td><td>sem diferen\u00e7a<\/td><\/tr><\/tbody><\/table><\/figure>\n\n\n\n<p>O Paran\u00e1 lidera o ranking dos pisos regionais desde 2022, com reajustes anuais consistentemente acima da infla\u00e7\u00e3o. O Rio Grande do Sul aplicou 8% de corre\u00e7\u00e3o em 2025 por meio da&nbsp;<strong>Lei Estadual n\u00ba 16.311\/2025<\/strong>, colocando as faixas mais altas acima de R$ 2.200. S\u00e3o Paulo mant\u00e9m piso \u00fanico desde julho de 2025, sem previs\u00e3o de novo reajuste para o segundo semestre de 2026.<\/p>\n\n\n\n<h2 class=\"wp-block-heading\">O que significa o piso de R$ 1.621 para quem recebe o valor federal?<\/h2>\n\n\n\n<p>Para os trabalhadores dos 22 estados que seguem o m\u00ednimo nacional \u2014 incluindo todos os estados do Norte e Nordeste \u2014 o valor de R$ 1.621 \u00e9 tanto o ch\u00e3o quanto o teto de quem est\u00e1 na base da pir\u00e2mide salarial. O impacto vai muito al\u00e9m do contracheque mensal. Segundo o&nbsp;<a href=\"https:\/\/agenciabrasil.ebc.com.br\/economia\/noticia\/2026-02\/salario-minimo-de-r-1621-comeca-ser-pago-nesta-segunda\" target=\"_blank\" rel=\"noreferrer noopener\"><strong>Dieese, o novo piso impacta 61,9 milh\u00f5es de brasileiros<\/strong><\/a>&nbsp;e deve injetar R$ 81,7 bilh\u00f5es na economia em 2026. Em munic\u00edpios do Norte e Nordeste, onde a base previdenci\u00e1ria \u00e9 ampla e o emprego formal mais escasso, o piso do&nbsp;<strong>INSS<\/strong>&nbsp;\u2014 atrelado ao m\u00ednimo nacional, n\u00e3o ao regional \u2014 sustenta diretamente o consumo local.<\/p>\n\n\n\n<figure class=\"wp-block-image size-large\"><img loading=\"lazy\" decoding=\"async\" width=\"1024\" height=\"572\" src=\"https:\/\/www.em.com.br\/emfoco\/wp-content\/uploads\/2026\/04\/magnific_notas-de-real-organizadas_2887629763-1024x572.png\" alt=\"\" class=\"wp-image-201199\" srcset=\"https:\/\/www.em.com.br\/emfoco\/wp-content\/uploads\/2026\/04\/magnific_notas-de-real-organizadas_2887629763-1024x572.png 1024w, https:\/\/www.em.com.br\/emfoco\/wp-content\/uploads\/2026\/04\/magnific_notas-de-real-organizadas_2887629763-300x167.png 300w, https:\/\/www.em.com.br\/emfoco\/wp-content\/uploads\/2026\/04\/magnific_notas-de-real-organizadas_2887629763-768x429.png 768w, https:\/\/www.em.com.br\/emfoco\/wp-content\/uploads\/2026\/04\/magnific_notas-de-real-organizadas_2887629763-750x419.png 750w, https:\/\/www.em.com.br\/emfoco\/wp-content\/uploads\/2026\/04\/magnific_notas-de-real-organizadas_2887629763-1140x636.png 1140w, https:\/\/www.em.com.br\/emfoco\/wp-content\/uploads\/2026\/04\/magnific_notas-de-real-organizadas_2887629763.png 1376w\" sizes=\"auto, (max-width: 1024px) 100vw, 1024px\" \/><figcaption class=\"wp-element-caption\">Sal\u00e1rio m\u00ednimo 2026 sobe para R$ 1.621 mas Paran\u00e1, SP e RS garantem valores bem maiores<\/figcaption><\/figure>\n\n\n\n<p>A mesma fonte aponta que o&nbsp;<strong>Dieese<\/strong>&nbsp;estima o sal\u00e1rio m\u00ednimo necess\u00e1rio para uma fam\u00edlia de quatro pessoas em torno de R$ 7.100 em 2026 \u2014 cerca de 4,4 vezes o valor oficial. Esse c\u00e1lculo considera despesas com moradia, alimenta\u00e7\u00e3o, sa\u00fade, educa\u00e7\u00e3o, transporte, vestu\u00e1rio, lazer e previd\u00eancia, conforme previsto na Constitui\u00e7\u00e3o Federal. A diferen\u00e7a entre o m\u00ednimo legal e o m\u00ednimo necess\u00e1rio continua sendo um dos principais indicadores da desigualdade salarial no pa\u00eds.<\/p>\n\n\n\n<h2 class=\"wp-block-heading\">Qual \u00e9 o impacto do m\u00ednimo regional em quem trabalha em SP, PR e RS?<\/h2>\n\n\n\n<p>O piso regional se aplica apenas a trabalhadores sem conven\u00e7\u00e3o coletiva que fixe valor superior \u2014 e apenas no estado onde o empregador est\u00e1 registrado, n\u00e3o onde o trabalhador mora. Isso significa que um profissional contratado por empresa paulista, mas que trabalha remotamente de outro estado, pode ter direito ao piso de S\u00e3o Paulo dependendo das condi\u00e7\u00f5es do contrato. A hierarquia \u00e9 sempre a mesma: prevalece o maior valor entre o piso federal, o estadual e o da conven\u00e7\u00e3o da categoria. Em nenhuma hip\u00f3tese o empregador pode pagar abaixo do maior valor aplic\u00e1vel \u00e0 situa\u00e7\u00e3o do trabalhador. Para verificar o enquadramento correto na sua categoria, o&nbsp;<a href=\"https:\/\/www.gov.br\/trabalho-e-emprego\/pt-br\" target=\"_blank\" rel=\"noreferrer noopener\"><strong>Minist\u00e9rio do Trabalho e Emprego<\/strong><\/a>&nbsp;disponibiliza consulta \u00e0s conven\u00e7\u00f5es coletivas vigentes por setor e estado.<\/p>\n\n\n\n<h2 class=\"wp-block-heading\">Quando vale consultar a conven\u00e7\u00e3o coletiva da sua categoria?<\/h2>\n\n\n\n<p>Sempre, especialmente antes de aceitar uma proposta de emprego ou ao verificar se o sal\u00e1rio atual est\u00e1 correto. O piso regional \u00e9 o m\u00ednimo para quem n\u00e3o tem conven\u00e7\u00e3o coletiva \u2014 mas muitas categorias t\u00eam pisos negociados que superam at\u00e9 mesmo o estadual. Metal\u00fargicos, banc\u00e1rios, profissionais de sa\u00fade e trabalhadores do com\u00e9rcio em geral costumam ter pisos setoriais definidos anualmente em negocia\u00e7\u00e3o com o sindicato patronal. Se a sua categoria tem sindicato ativo, o piso do acordo coletivo \u00e9 o n\u00famero que realmente importa \u2014 e ele pode ser significativamente maior do que o R$ 1.621 federal.<\/p>\n","protected":false},"excerpt":{"rendered":"<p>O&nbsp;sal\u00e1rio m\u00ednimo nacional de 2026&nbsp;foi fixado em R$ 1.621 pelo&nbsp;Decreto n\u00ba 12.797\/2025, com reajuste de 6,79% sobre o valor anterior. Mas esse n\u00famero n\u00e3o \u00e9 o mesmo para todos os brasileiros com carteira assinada. Cinco estados t\u00eam legisla\u00e7\u00e3o pr\u00f3pria que garante pisos acima do federal para determinadas categorias \u2014 e a diferen\u00e7a pode chegar a [&hellip;]<\/p>\n","protected":false},"author":19,"featured_media":201192,"comment_status":"open","ping_status":"open","sticky":false,"template":"","format":"standard","meta":{"jnews-multi-image_gallery":[],"jnews_single_post":{"format":"standard"},"jnews_primary_category":[],"jnews_social_meta":[],"jnews_override_counter":[],"footnotes":""},"categories":[28],"tags":[24109,19853,28954],"class_list":["post-201001","post","type-post","status-publish","format-standard","has-post-thumbnail","hentry","category-economia","tag-piso-salarial-2","tag-salario-minimo-2026","tag-salario-minimo-regional-2026-por-estado"],"yoast_head":"<!-- This site is optimized with the Yoast SEO plugin v23.8 - https:\/\/yoast.com\/wordpress\/plugins\/seo\/ -->\n<title>Paran\u00e1 se junta a S\u00e3o Paulo e Rio Grande do Sul com sal\u00e1rio acima do nacional enquanto Par\u00e1, Amap\u00e1, Piau\u00ed, DF e outros 19 estados seguem com o menor valor em 2026 - Estado de Minas - Em foco<\/title>\n<meta name=\"description\" content=\"Sal\u00e1rio m\u00ednimo 2026 \u00e9 R$ 1.621, mas Paran\u00e1 paga at\u00e9 R$ 2.407. Veja quais 5 estados t\u00eam piso regional acima do nacional e o que muda para quem recebe o valor federal.\" \/>\n<meta name=\"robots\" content=\"index, follow, max-snippet:-1, max-image-preview:large, max-video-preview:-1\" \/>\n<link rel=\"canonical\" href=\"https:\/\/www.em.com.br\/emfoco\/2026\/04\/29\/parana-se-junta-a-sao-paulo-e-rio-grande-do-sul-com-salario-acima-do-nacional-enquanto-para-amapa-piaui-df-e-outros-19-estados-seguem-com-o-menor-valor-em-2026\/\" \/>\n<meta property=\"og:locale\" content=\"pt_BR\" \/>\n<meta property=\"og:type\" content=\"article\" \/>\n<meta property=\"og:title\" content=\"Paran\u00e1 se junta a S\u00e3o Paulo e Rio Grande do Sul com sal\u00e1rio acima do nacional enquanto Par\u00e1, Amap\u00e1, Piau\u00ed, DF e outros 19 estados seguem com o menor valor em 2026 - Estado de Minas - Em foco\" \/>\n<meta property=\"og:description\" content=\"Sal\u00e1rio m\u00ednimo 2026 \u00e9 R$ 1.621, mas Paran\u00e1 paga at\u00e9 R$ 2.407. Veja quais 5 estados t\u00eam piso regional acima do nacional e o que muda para quem recebe o valor federal.\" \/>\n<meta property=\"og:url\" content=\"https:\/\/www.em.com.br\/emfoco\/2026\/04\/29\/parana-se-junta-a-sao-paulo-e-rio-grande-do-sul-com-salario-acima-do-nacional-enquanto-para-amapa-piaui-df-e-outros-19-estados-seguem-com-o-menor-valor-em-2026\/\" \/>\n<meta property=\"og:site_name\" content=\"Estado de Minas - Em foco\" \/>\n<meta property=\"article:published_time\" content=\"2026-04-29T08:20:00+00:00\" \/>\n<meta property=\"article:modified_time\" content=\"2026-04-29T08:56:10+00:00\" \/>\n<meta property=\"og:image\" content=\"https:\/\/www.em.com.br\/emfoco\/wp-content\/uploads\/2026\/04\/magnific_mapa-do-brasil-com-alguns_2887590149.jpeg\" \/>\n\t<meta property=\"og:image:width\" content=\"1376\" \/>\n\t<meta property=\"og:image:height\" content=\"768\" \/>\n\t<meta property=\"og:image:type\" content=\"image\/jpeg\" \/>\n<meta name=\"author\" content=\"Vanessa Tavares\" \/>\n<meta name=\"twitter:card\" content=\"summary_large_image\" \/>\n<meta name=\"twitter:label1\" content=\"Escrito por\" \/>\n\t<meta name=\"twitter:data1\" content=\"Vanessa Tavares\" \/>\n\t<meta name=\"twitter:label2\" content=\"Est. tempo de leitura\" \/>\n\t<meta name=\"twitter:data2\" content=\"6 minutos\" \/>\n<!-- \/ Yoast SEO plugin. -->","yoast_head_json":{"title":"Paran\u00e1 se junta a S\u00e3o Paulo e Rio Grande do Sul com sal\u00e1rio acima do nacional enquanto Par\u00e1, Amap\u00e1, Piau\u00ed, DF e outros 19 estados seguem com o menor valor em 2026 - Estado de Minas - Em foco","description":"Sal\u00e1rio m\u00ednimo 2026 \u00e9 R$ 1.621, mas Paran\u00e1 paga at\u00e9 R$ 2.407. Veja quais 5 estados t\u00eam piso regional acima do nacional e o que muda para quem recebe o valor federal.","robots":{"index":"index","follow":"follow","max-snippet":"max-snippet:-1","max-image-preview":"max-image-preview:large","max-video-preview":"max-video-preview:-1"},"canonical":"https:\/\/www.em.com.br\/emfoco\/2026\/04\/29\/parana-se-junta-a-sao-paulo-e-rio-grande-do-sul-com-salario-acima-do-nacional-enquanto-para-amapa-piaui-df-e-outros-19-estados-seguem-com-o-menor-valor-em-2026\/","og_locale":"pt_BR","og_type":"article","og_title":"Paran\u00e1 se junta a S\u00e3o Paulo e Rio Grande do Sul com sal\u00e1rio acima do nacional enquanto Par\u00e1, Amap\u00e1, Piau\u00ed, DF e outros 19 estados seguem com o menor valor em 2026 - Estado de Minas - Em foco","og_description":"Sal\u00e1rio m\u00ednimo 2026 \u00e9 R$ 1.621, mas Paran\u00e1 paga at\u00e9 R$ 2.407. Veja quais 5 estados t\u00eam piso regional acima do nacional e o que muda para quem recebe o valor federal.","og_url":"https:\/\/www.em.com.br\/emfoco\/2026\/04\/29\/parana-se-junta-a-sao-paulo-e-rio-grande-do-sul-com-salario-acima-do-nacional-enquanto-para-amapa-piaui-df-e-outros-19-estados-seguem-com-o-menor-valor-em-2026\/","og_site_name":"Estado de Minas - Em foco","article_published_time":"2026-04-29T08:20:00+00:00","article_modified_time":"2026-04-29T08:56:10+00:00","og_image":[{"width":1376,"height":768,"url":"https:\/\/www.em.com.br\/emfoco\/wp-content\/uploads\/2026\/04\/magnific_mapa-do-brasil-com-alguns_2887590149.jpeg","type":"image\/jpeg"}],"author":"Vanessa Tavares","twitter_card":"summary_large_image","twitter_misc":{"Escrito por":"Vanessa Tavares","Est. tempo de leitura":"6 minutos"},"schema":{"@context":"https:\/\/schema.org","@graph":[{"@type":"WebPage","@id":"https:\/\/www.em.com.br\/emfoco\/2026\/04\/29\/parana-se-junta-a-sao-paulo-e-rio-grande-do-sul-com-salario-acima-do-nacional-enquanto-para-amapa-piaui-df-e-outros-19-estados-seguem-com-o-menor-valor-em-2026\/","url":"https:\/\/www.em.com.br\/emfoco\/2026\/04\/29\/parana-se-junta-a-sao-paulo-e-rio-grande-do-sul-com-salario-acima-do-nacional-enquanto-para-amapa-piaui-df-e-outros-19-estados-seguem-com-o-menor-valor-em-2026\/","name":"Paran\u00e1 se junta a S\u00e3o Paulo e Rio Grande do Sul com sal\u00e1rio acima do nacional enquanto Par\u00e1, Amap\u00e1, Piau\u00ed, DF e outros 19 estados seguem com o menor valor em 2026 - Estado de Minas - Em foco","isPartOf":{"@id":"https:\/\/www.em.com.br\/emfoco\/#website"},"primaryImageOfPage":{"@id":"https:\/\/www.em.com.br\/emfoco\/2026\/04\/29\/parana-se-junta-a-sao-paulo-e-rio-grande-do-sul-com-salario-acima-do-nacional-enquanto-para-amapa-piaui-df-e-outros-19-estados-seguem-com-o-menor-valor-em-2026\/#primaryimage"},"image":{"@id":"https:\/\/www.em.com.br\/emfoco\/2026\/04\/29\/parana-se-junta-a-sao-paulo-e-rio-grande-do-sul-com-salario-acima-do-nacional-enquanto-para-amapa-piaui-df-e-outros-19-estados-seguem-com-o-menor-valor-em-2026\/#primaryimage"},"thumbnailUrl":"https:\/\/www.em.com.br\/emfoco\/wp-content\/uploads\/2026\/04\/magnific_mapa-do-brasil-com-alguns_2887590149.jpeg","datePublished":"2026-04-29T08:20:00+00:00","dateModified":"2026-04-29T08:56:10+00:00","author":{"@id":"https:\/\/www.em.com.br\/emfoco\/#\/schema\/person\/4a7a157aac450b98edc86f15a7434f0b"},"description":"Sal\u00e1rio m\u00ednimo 2026 \u00e9 R$ 1.621, mas Paran\u00e1 paga at\u00e9 R$ 2.407. Veja quais 5 estados t\u00eam piso regional acima do nacional e o que muda para quem recebe o valor federal.","breadcrumb":{"@id":"https:\/\/www.em.com.br\/emfoco\/2026\/04\/29\/parana-se-junta-a-sao-paulo-e-rio-grande-do-sul-com-salario-acima-do-nacional-enquanto-para-amapa-piaui-df-e-outros-19-estados-seguem-com-o-menor-valor-em-2026\/#breadcrumb"},"inLanguage":"pt-BR","potentialAction":[{"@type":"ReadAction","target":["https:\/\/www.em.com.br\/emfoco\/2026\/04\/29\/parana-se-junta-a-sao-paulo-e-rio-grande-do-sul-com-salario-acima-do-nacional-enquanto-para-amapa-piaui-df-e-outros-19-estados-seguem-com-o-menor-valor-em-2026\/"]}]},{"@type":"ImageObject","inLanguage":"pt-BR","@id":"https:\/\/www.em.com.br\/emfoco\/2026\/04\/29\/parana-se-junta-a-sao-paulo-e-rio-grande-do-sul-com-salario-acima-do-nacional-enquanto-para-amapa-piaui-df-e-outros-19-estados-seguem-com-o-menor-valor-em-2026\/#primaryimage","url":"https:\/\/www.em.com.br\/emfoco\/wp-content\/uploads\/2026\/04\/magnific_mapa-do-brasil-com-alguns_2887590149.jpeg","contentUrl":"https:\/\/www.em.com.br\/emfoco\/wp-content\/uploads\/2026\/04\/magnific_mapa-do-brasil-com-alguns_2887590149.jpeg","width":1376,"height":768,"caption":"Paran\u00e1 lidera sal\u00e1rio m\u00ednimo 2026 e paga at\u00e9 R$ 2.407 enquanto maioria dos estados segue nos R$ 1.621"},{"@type":"BreadcrumbList","@id":"https:\/\/www.em.com.br\/emfoco\/2026\/04\/29\/parana-se-junta-a-sao-paulo-e-rio-grande-do-sul-com-salario-acima-do-nacional-enquanto-para-amapa-piaui-df-e-outros-19-estados-seguem-com-o-menor-valor-em-2026\/#breadcrumb","itemListElement":[{"@type":"ListItem","position":1,"name":"In\u00edcio","item":"https:\/\/www.em.com.br\/emfoco\/"},{"@type":"ListItem","position":2,"name":"Paran\u00e1 se junta a S\u00e3o Paulo e Rio Grande do Sul com sal\u00e1rio acima do nacional enquanto Par\u00e1, Amap\u00e1, Piau\u00ed, DF e outros 19 estados seguem com o menor valor em 2026"}]},{"@type":"WebSite","@id":"https:\/\/www.em.com.br\/emfoco\/#website","url":"https:\/\/www.em.com.br\/emfoco\/","name":"Estado de Minas - Em foco","description":"Acompanhe as \u00faltimas not\u00edcias e fique bem informado sobre tudo o que acontece em Minas Gerais, Brasil e no mundo.","potentialAction":[{"@type":"SearchAction","target":{"@type":"EntryPoint","urlTemplate":"https:\/\/www.em.com.br\/emfoco\/?s={search_term_string}"},"query-input":{"@type":"PropertyValueSpecification","valueRequired":true,"valueName":"search_term_string"}}],"inLanguage":"pt-BR"},{"@type":"Person","@id":"https:\/\/www.em.com.br\/emfoco\/#\/schema\/person\/4a7a157aac450b98edc86f15a7434f0b","name":"Vanessa Tavares","image":{"@type":"ImageObject","inLanguage":"pt-BR","@id":"https:\/\/www.em.com.br\/emfoco\/#\/schema\/person\/image\/","url":"https:\/\/secure.gravatar.com\/avatar\/088c9372da58da00f00f8e508f13d635?s=96&d=mm&r=g","contentUrl":"https:\/\/secure.gravatar.com\/avatar\/088c9372da58da00f00f8e508f13d635?s=96&d=mm&r=g","caption":"Vanessa Tavares"},"sameAs":["https:\/\/www.em.com.br\/emfoco"],"url":"https:\/\/www.em.com.br\/emfoco\/author\/vanessamyth\/"}]}},"_links":{"self":[{"href":"https:\/\/www.em.com.br\/emfoco\/wp-json\/wp\/v2\/posts\/201001","targetHints":{"allow":["GET"]}}],"collection":[{"href":"https:\/\/www.em.com.br\/emfoco\/wp-json\/wp\/v2\/posts"}],"about":[{"href":"https:\/\/www.em.com.br\/emfoco\/wp-json\/wp\/v2\/types\/post"}],"author":[{"embeddable":true,"href":"https:\/\/www.em.com.br\/emfoco\/wp-json\/wp\/v2\/users\/19"}],"replies":[{"embeddable":true,"href":"https:\/\/www.em.com.br\/emfoco\/wp-json\/wp\/v2\/comments?post=201001"}],"version-history":[{"count":2,"href":"https:\/\/www.em.com.br\/emfoco\/wp-json\/wp\/v2\/posts\/201001\/revisions"}],"predecessor-version":[{"id":201200,"href":"https:\/\/www.em.com.br\/emfoco\/wp-json\/wp\/v2\/posts\/201001\/revisions\/201200"}],"wp:featuredmedia":[{"embeddable":true,"href":"https:\/\/www.em.com.br\/emfoco\/wp-json\/wp\/v2\/media\/201192"}],"wp:attachment":[{"href":"https:\/\/www.em.com.br\/emfoco\/wp-json\/wp\/v2\/media?parent=201001"}],"wp:term":[{"taxonomy":"category","embeddable":true,"href":"https:\/\/www.em.com.br\/emfoco\/wp-json\/wp\/v2\/categories?post=201001"},{"taxonomy":"post_tag","embeddable":true,"href":"https:\/\/www.em.com.br\/emfoco\/wp-json\/wp\/v2\/tags?post=201001"}],"curies":[{"name":"wp","href":"https:\/\/api.w.org\/{rel}","templated":true}]}}