{"id":200980,"date":"2026-04-29T19:35:00","date_gmt":"2026-04-29T22:35:00","guid":{"rendered":"https:\/\/www.em.com.br\/emfoco\/?p=200980"},"modified":"2026-04-29T00:41:19","modified_gmt":"2026-04-29T03:41:19","slug":"consumidor-ganha-bolada-de-r-21-mil-apos-oficina-atrasar-pintura-de-gol-e-sujar-nome-do-cliente","status":"publish","type":"post","link":"https:\/\/www.em.com.br\/emfoco\/2026\/04\/29\/consumidor-ganha-bolada-de-r-21-mil-apos-oficina-atrasar-pintura-de-gol-e-sujar-nome-do-cliente\/","title":{"rendered":"Consumidor ganha bolada de R$ 21 mil ap\u00f3s oficina atrasar pintura de Gol e sujar nome do cliente"},"content":{"rendered":"\n<p>O descumprimento de prazos e a falta de profissionalismo de uma <strong>oficina<\/strong> mec\u00e2nica resultaram em uma indeniza\u00e7\u00e3o expressiva em Minas Gerais. O Tribunal de Justi\u00e7a condenou o estabelecimento ap\u00f3s anos de espera do cliente.<\/p>\n\n\n\n<h2 class=\"wp-block-heading\">O que gerou a condena\u00e7\u00e3o da oficina em Cambu\u00ed?<\/h2>\n\n\n\n<p>A <strong>oficina<\/strong> Cleitinho Funilaria e Pintura foi contratada para realizar reparos em um <strong>VW Gol<\/strong>, com prazo de entrega de tr\u00eas meses. No entanto, ap\u00f3s seis meses, nenhum servi\u00e7o havia sido executado, o que levou o propriet\u00e1rio a interromper os pagamentos acordados.<\/p>\n\n\n\n<p>Em vez de solucionar o problema ou devolver os <strong>R$ 7,5 mil<\/strong> j\u00e1 pagos, a empresa cadastrou o nome do cliente em \u00f3rg\u00e3os de prote\u00e7\u00e3o ao cr\u00e9dito. Essa atitude foi considerada negligente pela <strong>16\u00aa C\u00e2mara C\u00edvel<\/strong>, agravando a situa\u00e7\u00e3o jur\u00eddica do prestador de servi\u00e7o.<\/p>\n\n\n\n<h2 class=\"wp-block-heading\">Qual o valor total da indeniza\u00e7\u00e3o fixada pela Justi\u00e7a?<\/h2>\n\n\n\n<p>A desembargadora <strong>Aparecida Grossi<\/strong>, relatora do caso, determinou que o consumidor deve receber <strong>R$ 21,2 mil<\/strong> no total. O montante \u00e9 dividido entre <strong>R$ 11,2 mil<\/strong> por danos materiais e <strong>R$ 10 mil<\/strong> a t\u00edtulo de danos morais pela humilha\u00e7\u00e3o sofrida.<\/p>\n\n\n\n<p>A decis\u00e3o do <a href=\"https:\/\/pt.wikipedia.org\/wiki\/Tribunal_de_Justi%C3%A7a_do_Estado_de_Minas_Gerais\" target=\"_blank\" rel=\"noreferrer noopener\">Tribunal de Justi\u00e7a de Minas Gerais<\/a> considerou que o preju\u00edzo financeiro foi claro. O cliente comprovou os pagamentos realizados sem a contrapartida do servi\u00e7o, al\u00e9m de ter enfrentado restri\u00e7\u00f5es de cr\u00e9dito por uma falha que n\u00e3o cometeu.<\/p>\n\n\n<div class=\"wp-block-image\">\n<figure class=\"aligncenter size-large\"><img loading=\"lazy\" decoding=\"async\" width=\"1024\" height=\"576\" src=\"https:\/\/www.em.com.br\/emfoco\/wp-content\/uploads\/2026\/04\/justica_1777121930520-1-1024x576.jpg\" alt=\"Cr\u00e9ditos: depositphotos.com \/ JanPietruszka\" class=\"wp-image-199147\" srcset=\"https:\/\/www.em.com.br\/emfoco\/wp-content\/uploads\/2026\/04\/justica_1777121930520-1-1024x576.jpg 1024w, https:\/\/www.em.com.br\/emfoco\/wp-content\/uploads\/2026\/04\/justica_1777121930520-1-300x169.jpg 300w, https:\/\/www.em.com.br\/emfoco\/wp-content\/uploads\/2026\/04\/justica_1777121930520-1-768x432.jpg 768w, https:\/\/www.em.com.br\/emfoco\/wp-content\/uploads\/2026\/04\/justica_1777121930520-1-750x422.jpg 750w, https:\/\/www.em.com.br\/emfoco\/wp-content\/uploads\/2026\/04\/justica_1777121930520-1-1140x641.jpg 1140w, https:\/\/www.em.com.br\/emfoco\/wp-content\/uploads\/2026\/04\/justica_1777121930520-1.jpg 1280w\" sizes=\"auto, (max-width: 1024px) 100vw, 1024px\" \/><figcaption class=\"wp-element-caption\">Decis\u00e3o judicial obriga oficina mec\u00e2nica a indenizar cliente por danos morais e materiais vultosos &#8211; Cr\u00e9ditos: depositphotos.com \/ JanPietruszka<\/figcaption><\/figure><\/div>\n\n\n<h2 class=\"wp-block-heading\">Quais os direitos do consumidor perante o CDC?<\/h2>\n\n\n\n<p>A base para a condena\u00e7\u00e3o est\u00e1 no <strong>Artigo 14 do C\u00f3digo de Defesa do Consumidor<\/strong>, que trata da responsabilidade objetiva do fornecedor. A <strong>oficina<\/strong> responde pelos danos causados por defeitos ou falhas na presta\u00e7\u00e3o de seus servi\u00e7os, independentemente de culpa direta.<\/p>\n\n\n\n<p>Confira os pontos protegidos pela legisla\u00e7\u00e3o brasileira:<\/p>\n\n\n\n<ul class=\"wp-block-list\">\n<li><strong>Cumprimento da oferta<\/strong>: O prazo prometido no contrato deve ser respeitado rigorosamente.<\/li>\n\n\n\n<li><strong>Restitui\u00e7\u00e3o de valores<\/strong>: Pagamentos antecipados devem ser devolvidos se o servi\u00e7o n\u00e3o for feito.<\/li>\n\n\n\n<li><strong>Dano moral presumido<\/strong>: A inclus\u00e3o indevida no <strong>SPC\/Serasa<\/strong> gera direito \u00e0 indeniza\u00e7\u00e3o autom\u00e1tica.<\/li>\n\n\n\n<li><strong>Transpar\u00eancia<\/strong>: Informa\u00e7\u00f5es claras sobre or\u00e7amentos e prazos s\u00e3o obrigat\u00f3rias por lei.<\/li>\n<\/ul>\n\n\n\n<h2 class=\"wp-block-heading\">Como o cliente conseguiu comprovar os danos materiais?<\/h2>\n\n\n\n<p>A exist\u00eancia de um contrato escrito com a <strong>oficina<\/strong> foi o fator determinante para o sucesso da a\u00e7\u00e3o judicial. Nele, estavam detalhados o valor total de <strong>R$ 10 mil<\/strong>, o prazo de <strong>tr\u00eas meses<\/strong> e a descri\u00e7\u00e3o exata da funilaria e pintura que deveriam ser realizadas.<\/p>\n\n\n\n<p>O consumidor apresentou recibos datados que somavam a quantia paga at\u00e9 a interrup\u00e7\u00e3o do contrato. Segundo o <a href=\"https:\/\/www.tjmg.jus.br\" target=\"_blank\" rel=\"noreferrer noopener\">TJMG<\/a>, o estabelecimento n\u00e3o compareceu \u00e0s audi\u00eancias, o que refor\u00e7ou a convic\u00e7\u00e3o do colegiado sobre a neglig\u00eancia e o descaso com o processo.<\/p>\n\n\n\n<h2 class=\"wp-block-heading\">Quais cuidados tomar ao contratar uma oficina?<\/h2>\n\n\n\n<p>Para evitar &#8220;dor de cabe\u00e7a&#8221; e garantir o direito \u00e0 indeniza\u00e7\u00e3o em casos de abuso, o motorista deve ser cauteloso antes de entregar as chaves. Documentar cada etapa da negocia\u00e7\u00e3o protege o patrim\u00f4nio e facilita a atua\u00e7\u00e3o de advogados em futuras disputas.<\/p>\n\n\n\n<p>Veja as principais recomenda\u00e7\u00f5es de especialistas:<\/p>\n\n\n<div class=\"wp-block-image\">\n<figure class=\"aligncenter size-large is-resized\"><img loading=\"lazy\" decoding=\"async\" width=\"1024\" height=\"578\" src=\"https:\/\/www.em.com.br\/emfoco\/wp-content\/uploads\/2026\/04\/image-254-1024x578.png\" alt=\"\" class=\"wp-image-201119\" style=\"width:822px;height:auto\" srcset=\"https:\/\/www.em.com.br\/emfoco\/wp-content\/uploads\/2026\/04\/image-254-1024x578.png 1024w, https:\/\/www.em.com.br\/emfoco\/wp-content\/uploads\/2026\/04\/image-254-300x169.png 300w, https:\/\/www.em.com.br\/emfoco\/wp-content\/uploads\/2026\/04\/image-254-768x434.png 768w, https:\/\/www.em.com.br\/emfoco\/wp-content\/uploads\/2026\/04\/image-254-750x424.png 750w, https:\/\/www.em.com.br\/emfoco\/wp-content\/uploads\/2026\/04\/image-254-1140x644.png 1140w, https:\/\/www.em.com.br\/emfoco\/wp-content\/uploads\/2026\/04\/image-254.png 1280w\" sizes=\"auto, (max-width: 1024px) 100vw, 1024px\" \/><\/figure><\/div>\n\n\n<h2 class=\"wp-block-heading\">O que fazer se o nome for sujo indevidamente?<\/h2>\n\n\n\n<p>Se a <strong>oficina<\/strong> negativar seu CPF ap\u00f3s um erro pr\u00f3prio, o consumidor pode ingressar com a\u00e7\u00e3o no Juizado Especial C\u00edvel. Para causas de at\u00e9 <strong>40 sal\u00e1rios m\u00ednimos<\/strong>, o rito \u00e9 \u00e1gil e visa limpar o nome imediatamente, al\u00e9m de punir a empresa pela m\u00e1-f\u00e9 demonstrada.<\/p>\n\n\n\n<p>Manter registros de e-mails, mensagens e protocolos de reclama\u00e7\u00e3o \u00e9 vital para demonstrar que voc\u00ea tentou resolver o impasse amigavelmente. O caso de <strong>Cambu\u00ed<\/strong> serve de alerta: o sil\u00eancio e a neglig\u00eancia do prestador de servi\u00e7o n\u00e3o impedem a aplica\u00e7\u00e3o da lei e o pagamento de indeniza\u00e7\u00f5es pesadas.<\/p>\n","protected":false},"excerpt":{"rendered":"<p>O descumprimento de prazos e a falta de profissionalismo de uma oficina mec\u00e2nica resultaram em uma indeniza\u00e7\u00e3o expressiva em Minas Gerais. O Tribunal de Justi\u00e7a condenou o estabelecimento ap\u00f3s anos de espera do cliente. O que gerou a condena\u00e7\u00e3o da oficina em Cambu\u00ed? A oficina Cleitinho Funilaria e Pintura foi contratada para realizar reparos em [&hellip;]<\/p>\n","protected":false},"author":30,"featured_media":201003,"comment_status":"open","ping_status":"open","sticky":false,"template":"","format":"standard","meta":{"jnews-multi-image_gallery":[],"jnews_single_post":{"format":"standard"},"jnews_primary_category":[],"jnews_social_meta":[],"jnews_override_counter":[],"footnotes":""},"categories":[28],"tags":[],"class_list":["post-200980","post","type-post","status-publish","format-standard","has-post-thumbnail","hentry","category-economia"],"yoast_head":"<!-- This site is optimized with the Yoast SEO plugin v23.8 - https:\/\/yoast.com\/wordpress\/plugins\/seo\/ -->\n<title>Consumidor ganha bolada de R$ 21 mil ap\u00f3s oficina atrasar pintura de Gol e sujar nome do cliente - Estado de Minas - Em foco<\/title>\n<meta name=\"description\" content=\"Entenda como este consumidor ganhou R$ 21 mil ap\u00f3s oficina atrasar pintura de Gol e sujar seu nome. Veja a condena\u00e7\u00e3o em MG.\" \/>\n<meta name=\"robots\" content=\"index, follow, max-snippet:-1, max-image-preview:large, max-video-preview:-1\" \/>\n<link rel=\"canonical\" href=\"https:\/\/www.em.com.br\/emfoco\/2026\/04\/29\/consumidor-ganha-bolada-de-r-21-mil-apos-oficina-atrasar-pintura-de-gol-e-sujar-nome-do-cliente\/\" \/>\n<meta property=\"og:locale\" content=\"pt_BR\" \/>\n<meta property=\"og:type\" content=\"article\" \/>\n<meta property=\"og:title\" content=\"Consumidor ganha bolada de R$ 21 mil ap\u00f3s oficina atrasar pintura de Gol e sujar nome do cliente - Estado de Minas - Em foco\" \/>\n<meta property=\"og:description\" content=\"Entenda como este consumidor ganhou R$ 21 mil ap\u00f3s oficina atrasar pintura de Gol e sujar seu nome. Veja a condena\u00e7\u00e3o em MG.\" \/>\n<meta property=\"og:url\" content=\"https:\/\/www.em.com.br\/emfoco\/2026\/04\/29\/consumidor-ganha-bolada-de-r-21-mil-apos-oficina-atrasar-pintura-de-gol-e-sujar-nome-do-cliente\/\" \/>\n<meta property=\"og:site_name\" content=\"Estado de Minas - Em foco\" \/>\n<meta property=\"article:published_time\" content=\"2026-04-29T22:35:00+00:00\" \/>\n<meta property=\"article:modified_time\" content=\"2026-04-29T03:41:19+00:00\" \/>\n<meta property=\"og:image\" content=\"https:\/\/www.em.com.br\/emfoco\/wp-content\/uploads\/2026\/04\/EmFoco_77-2.jpg\" \/>\n\t<meta property=\"og:image:width\" content=\"1280\" \/>\n\t<meta property=\"og:image:height\" content=\"720\" \/>\n\t<meta property=\"og:image:type\" content=\"image\/jpeg\" \/>\n<meta name=\"author\" content=\"Guilherme Ara\u00fajo\" \/>\n<meta name=\"twitter:card\" content=\"summary_large_image\" \/>\n<meta name=\"twitter:label1\" content=\"Escrito por\" \/>\n\t<meta name=\"twitter:data1\" content=\"Guilherme Ara\u00fajo\" \/>\n\t<meta name=\"twitter:label2\" content=\"Est. tempo de leitura\" \/>\n\t<meta name=\"twitter:data2\" content=\"4 minutos\" \/>\n<!-- \/ Yoast SEO plugin. -->","yoast_head_json":{"title":"Consumidor ganha bolada de R$ 21 mil ap\u00f3s oficina atrasar pintura de Gol e sujar nome do cliente - Estado de Minas - Em foco","description":"Entenda como este consumidor ganhou R$ 21 mil ap\u00f3s oficina atrasar pintura de Gol e sujar seu nome. Veja a condena\u00e7\u00e3o em MG.","robots":{"index":"index","follow":"follow","max-snippet":"max-snippet:-1","max-image-preview":"max-image-preview:large","max-video-preview":"max-video-preview:-1"},"canonical":"https:\/\/www.em.com.br\/emfoco\/2026\/04\/29\/consumidor-ganha-bolada-de-r-21-mil-apos-oficina-atrasar-pintura-de-gol-e-sujar-nome-do-cliente\/","og_locale":"pt_BR","og_type":"article","og_title":"Consumidor ganha bolada de R$ 21 mil ap\u00f3s oficina atrasar pintura de Gol e sujar nome do cliente - Estado de Minas - Em foco","og_description":"Entenda como este consumidor ganhou R$ 21 mil ap\u00f3s oficina atrasar pintura de Gol e sujar seu nome. Veja a condena\u00e7\u00e3o em MG.","og_url":"https:\/\/www.em.com.br\/emfoco\/2026\/04\/29\/consumidor-ganha-bolada-de-r-21-mil-apos-oficina-atrasar-pintura-de-gol-e-sujar-nome-do-cliente\/","og_site_name":"Estado de Minas - Em foco","article_published_time":"2026-04-29T22:35:00+00:00","article_modified_time":"2026-04-29T03:41:19+00:00","og_image":[{"width":1280,"height":720,"url":"https:\/\/www.em.com.br\/emfoco\/wp-content\/uploads\/2026\/04\/EmFoco_77-2.jpg","type":"image\/jpeg"}],"author":"Guilherme Ara\u00fajo","twitter_card":"summary_large_image","twitter_misc":{"Escrito por":"Guilherme Ara\u00fajo","Est. tempo de leitura":"4 minutos"},"schema":{"@context":"https:\/\/schema.org","@graph":[{"@type":"WebPage","@id":"https:\/\/www.em.com.br\/emfoco\/2026\/04\/29\/consumidor-ganha-bolada-de-r-21-mil-apos-oficina-atrasar-pintura-de-gol-e-sujar-nome-do-cliente\/","url":"https:\/\/www.em.com.br\/emfoco\/2026\/04\/29\/consumidor-ganha-bolada-de-r-21-mil-apos-oficina-atrasar-pintura-de-gol-e-sujar-nome-do-cliente\/","name":"Consumidor ganha bolada de R$ 21 mil ap\u00f3s oficina atrasar pintura de Gol e sujar nome do cliente - Estado de Minas - Em foco","isPartOf":{"@id":"https:\/\/www.em.com.br\/emfoco\/#website"},"primaryImageOfPage":{"@id":"https:\/\/www.em.com.br\/emfoco\/2026\/04\/29\/consumidor-ganha-bolada-de-r-21-mil-apos-oficina-atrasar-pintura-de-gol-e-sujar-nome-do-cliente\/#primaryimage"},"image":{"@id":"https:\/\/www.em.com.br\/emfoco\/2026\/04\/29\/consumidor-ganha-bolada-de-r-21-mil-apos-oficina-atrasar-pintura-de-gol-e-sujar-nome-do-cliente\/#primaryimage"},"thumbnailUrl":"https:\/\/www.em.com.br\/emfoco\/wp-content\/uploads\/2026\/04\/EmFoco_77-2.jpg","datePublished":"2026-04-29T22:35:00+00:00","dateModified":"2026-04-29T03:41:19+00:00","author":{"@id":"https:\/\/www.em.com.br\/emfoco\/#\/schema\/person\/5379e929a4b966c775d121e23f9bb421"},"description":"Entenda como este consumidor ganhou R$ 21 mil ap\u00f3s oficina atrasar pintura de Gol e sujar seu nome. Veja a condena\u00e7\u00e3o em MG.","breadcrumb":{"@id":"https:\/\/www.em.com.br\/emfoco\/2026\/04\/29\/consumidor-ganha-bolada-de-r-21-mil-apos-oficina-atrasar-pintura-de-gol-e-sujar-nome-do-cliente\/#breadcrumb"},"inLanguage":"pt-BR","potentialAction":[{"@type":"ReadAction","target":["https:\/\/www.em.com.br\/emfoco\/2026\/04\/29\/consumidor-ganha-bolada-de-r-21-mil-apos-oficina-atrasar-pintura-de-gol-e-sujar-nome-do-cliente\/"]}]},{"@type":"ImageObject","inLanguage":"pt-BR","@id":"https:\/\/www.em.com.br\/emfoco\/2026\/04\/29\/consumidor-ganha-bolada-de-r-21-mil-apos-oficina-atrasar-pintura-de-gol-e-sujar-nome-do-cliente\/#primaryimage","url":"https:\/\/www.em.com.br\/emfoco\/wp-content\/uploads\/2026\/04\/EmFoco_77-2.jpg","contentUrl":"https:\/\/www.em.com.br\/emfoco\/wp-content\/uploads\/2026\/04\/EmFoco_77-2.jpg","width":1280,"height":720,"caption":"Condena\u00e7\u00e3o judicial por danos materiais e morais devido a atrasos e cobran\u00e7as indevidas"},{"@type":"BreadcrumbList","@id":"https:\/\/www.em.com.br\/emfoco\/2026\/04\/29\/consumidor-ganha-bolada-de-r-21-mil-apos-oficina-atrasar-pintura-de-gol-e-sujar-nome-do-cliente\/#breadcrumb","itemListElement":[{"@type":"ListItem","position":1,"name":"In\u00edcio","item":"https:\/\/www.em.com.br\/emfoco\/"},{"@type":"ListItem","position":2,"name":"Consumidor ganha bolada de R$ 21 mil ap\u00f3s oficina atrasar pintura de Gol e sujar nome do cliente"}]},{"@type":"WebSite","@id":"https:\/\/www.em.com.br\/emfoco\/#website","url":"https:\/\/www.em.com.br\/emfoco\/","name":"Estado de Minas - Em foco","description":"Acompanhe as \u00faltimas not\u00edcias e fique bem informado sobre tudo o que acontece em Minas Gerais, Brasil e no mundo.","potentialAction":[{"@type":"SearchAction","target":{"@type":"EntryPoint","urlTemplate":"https:\/\/www.em.com.br\/emfoco\/?s={search_term_string}"},"query-input":{"@type":"PropertyValueSpecification","valueRequired":true,"valueName":"search_term_string"}}],"inLanguage":"pt-BR"},{"@type":"Person","@id":"https:\/\/www.em.com.br\/emfoco\/#\/schema\/person\/5379e929a4b966c775d121e23f9bb421","name":"Guilherme Ara\u00fajo","image":{"@type":"ImageObject","inLanguage":"pt-BR","@id":"https:\/\/www.em.com.br\/emfoco\/#\/schema\/person\/image\/","url":"https:\/\/secure.gravatar.com\/avatar\/b8bf1fd0130e170bd8f5d7298dbafa25?s=96&d=mm&r=g","contentUrl":"https:\/\/secure.gravatar.com\/avatar\/b8bf1fd0130e170bd8f5d7298dbafa25?s=96&d=mm&r=g","caption":"Guilherme Ara\u00fajo"},"sameAs":["https:\/\/www.em.com.br\/emfoco"],"url":"https:\/\/www.em.com.br\/emfoco\/author\/guilhermeamyth\/"}]}},"_links":{"self":[{"href":"https:\/\/www.em.com.br\/emfoco\/wp-json\/wp\/v2\/posts\/200980","targetHints":{"allow":["GET"]}}],"collection":[{"href":"https:\/\/www.em.com.br\/emfoco\/wp-json\/wp\/v2\/posts"}],"about":[{"href":"https:\/\/www.em.com.br\/emfoco\/wp-json\/wp\/v2\/types\/post"}],"author":[{"embeddable":true,"href":"https:\/\/www.em.com.br\/emfoco\/wp-json\/wp\/v2\/users\/30"}],"replies":[{"embeddable":true,"href":"https:\/\/www.em.com.br\/emfoco\/wp-json\/wp\/v2\/comments?post=200980"}],"version-history":[{"count":2,"href":"https:\/\/www.em.com.br\/emfoco\/wp-json\/wp\/v2\/posts\/200980\/revisions"}],"predecessor-version":[{"id":201149,"href":"https:\/\/www.em.com.br\/emfoco\/wp-json\/wp\/v2\/posts\/200980\/revisions\/201149"}],"wp:featuredmedia":[{"embeddable":true,"href":"https:\/\/www.em.com.br\/emfoco\/wp-json\/wp\/v2\/media\/201003"}],"wp:attachment":[{"href":"https:\/\/www.em.com.br\/emfoco\/wp-json\/wp\/v2\/media?parent=200980"}],"wp:term":[{"taxonomy":"category","embeddable":true,"href":"https:\/\/www.em.com.br\/emfoco\/wp-json\/wp\/v2\/categories?post=200980"},{"taxonomy":"post_tag","embeddable":true,"href":"https:\/\/www.em.com.br\/emfoco\/wp-json\/wp\/v2\/tags?post=200980"}],"curies":[{"name":"wp","href":"https:\/\/api.w.org\/{rel}","templated":true}]}}