{"id":200978,"date":"2026-04-29T13:35:00","date_gmt":"2026-04-29T16:35:00","guid":{"rendered":"https:\/\/www.em.com.br\/emfoco\/?p=200978"},"modified":"2026-04-29T00:41:23","modified_gmt":"2026-04-29T03:41:23","slug":"mulher-de-55-anos-e-demitida-apos-cobrar-por-engano-duas-barrinhas-de-cereal-na-minha-idade-onde-vou-trabalhar-agora","status":"publish","type":"post","link":"https:\/\/www.em.com.br\/emfoco\/2026\/04\/29\/mulher-de-55-anos-e-demitida-apos-cobrar-por-engano-duas-barrinhas-de-cereal-na-minha-idade-onde-vou-trabalhar-agora\/","title":{"rendered":"Mulher de 55 anos \u00e9 demitida ap\u00f3s cobrar por engano duas barrinhas de cereal: &#8220;Na minha idade, onde vou trabalhar agora?&#8221;"},"content":{"rendered":"\n<p>Uma funcion\u00e1ria de 55 anos foi <strong>demitida ap\u00f3s cobrar por engano<\/strong> o valor de duas barrinhas de cereal de clientes em um supermercado na It\u00e1lia. O epis\u00f3dio, ocorrido em <strong>abril de 2026<\/strong>, levanta um debate sobre o rigor das puni\u00e7\u00f5es trabalhistas.<\/p>\n\n\n\n<h2 class=\"wp-block-heading\">O que aconteceu no ponto de venda em Finale Emilia?<\/h2>\n\n\n\n<p>A trabalhadora, que somava <strong>25 anos de servi\u00e7o<\/strong> na rede <strong>Coop Alleanza 3.0<\/strong>, registrou acidentalmente produtos de consumo pessoal nas compras de terceiros. O erro envolveu quatro barras energ\u00e9ticas, totalizando um valor de apenas <strong>\u20ac 5,00<\/strong> somados em dois dias diferentes.<\/p>\n\n\n\n<p>Segundo o sindicato <a href=\"https:\/\/pt.wikipedia.org\/wiki\/Confedera%C3%A7%C3%A3o_Geral_Italiana_do_Trabalho\" target=\"_blank\" rel=\"noreferrer noopener\">Filcams-Cgil de M\u00f3dena<\/a>, a mulher n\u00e3o percebeu a falha no momento do registro. Os pr\u00f3prios consumidores identificaram o encargo indevido nos tal\u00f5es, o que motivou a abertura de um processo disciplinar rigoroso pela empresa.<\/p>\n\n\n\n<h2 class=\"wp-block-heading\">Qual foi a justificativa para a demiss\u00e3o por justa causa?<\/h2>\n\n\n\n<p>A empresa fundamentou o desligamento utilizando o <strong>artigo 2119 do C\u00f3digo Civil italiano<\/strong>, alegando que o erro comprometeu o v\u00ednculo de confian\u00e7a. Para a rede de supermercados, o incidente foi grave o suficiente para autorizar a rescis\u00e3o imediata do contrato de trabalho.<\/p>\n\n\n\n<p>Na carta de dispensa, a ger\u00eancia afirmou que a funcion\u00e1ria teria se recusado a responder superiores e tratado mal os clientes. No entanto, a mulher, que foi <strong>demitida ap\u00f3s cobrar por engano<\/strong> os itens, nega as acusa\u00e7\u00f5es de mau comportamento, admitindo apenas o erro operacional com os produtos.<\/p>\n\n\n\n<h2 class=\"wp-block-heading\">Como a funcion\u00e1ria reagiu \u00e0 perda do emprego?<\/h2>\n\n\n\n<p>Em entrevista ao jornal <strong>Corriere di Bologna<\/strong>, a ex-caixeira descreveu a situa\u00e7\u00e3o como um pesadelo absoluto. Ela expressou grande ang\u00fastia sobre o seu futuro profissional, visto que faltam poucos anos para atingir a idade da aposentadoria legal.<\/p>\n\n\n\n<p>A mulher relatou crises de p\u00e2nico ap\u00f3s ser <strong>demitida ap\u00f3s cobrar por engano<\/strong> as barrinhas, sentindo-se injusti\u00e7ada por sua trajet\u00f3ria limpa de 25 anos ser apagada por um erro de <strong>5 euros<\/strong>. O caso agora segue para avalia\u00e7\u00e3o de advogados trabalhistas que buscam reverter a justa causa.<\/p>\n\n\n\n<h2 class=\"wp-block-heading\">Quais s\u00e3o os pr\u00f3ximos passos jur\u00eddicos do caso?<\/h2>\n\n\n\n<p>O <strong>Tribunale del Lavoro<\/strong> de M\u00f3dena dever\u00e1 analisar se a puni\u00e7\u00e3o respeitou o princ\u00edpio da proporcionalidade previsto na <strong>Constitui\u00e7\u00e3o Italiana<\/strong>. A jurisprud\u00eancia costuma exigir que a falta cometida seja equivalente \u00e0 gravidade da puni\u00e7\u00e3o imposta ao trabalhador.<\/p>\n\n\n\n<p>Abaixo, veja o resumo dos dados do incidente:<\/p>\n\n\n<div class=\"wp-block-image\">\n<figure class=\"aligncenter size-large is-resized\"><img loading=\"lazy\" decoding=\"async\" width=\"1024\" height=\"346\" src=\"https:\/\/www.em.com.br\/emfoco\/wp-content\/uploads\/2026\/04\/image-258-1024x346.png\" alt=\"\" class=\"wp-image-201126\" style=\"width:948px;height:auto\" srcset=\"https:\/\/www.em.com.br\/emfoco\/wp-content\/uploads\/2026\/04\/image-258-1024x346.png 1024w, https:\/\/www.em.com.br\/emfoco\/wp-content\/uploads\/2026\/04\/image-258-300x101.png 300w, https:\/\/www.em.com.br\/emfoco\/wp-content\/uploads\/2026\/04\/image-258-768x259.png 768w, https:\/\/www.em.com.br\/emfoco\/wp-content\/uploads\/2026\/04\/image-258-750x253.png 750w, https:\/\/www.em.com.br\/emfoco\/wp-content\/uploads\/2026\/04\/image-258-1140x385.png 1140w, https:\/\/www.em.com.br\/emfoco\/wp-content\/uploads\/2026\/04\/image-258.png 1280w\" sizes=\"auto, (max-width: 1024px) 100vw, 1024px\" \/><\/figure><\/div>\n\n\n<h2 class=\"wp-block-heading\">Existe um padr\u00e3o nas demiss\u00f5es da rede Coop Alleanza 3.0?<\/h2>\n\n\n\n<p>O sindicato que representa a categoria denunciou que este n\u00e3o \u00e9 um caso isolado na regi\u00e3o de <strong>M\u00f3dena<\/strong>. Nos \u00faltimos 30 dias, pelo menos tr\u00eas trabalhadoras com perfil semelhante, mulheres acima de 50 anos e com longa antiguidade, foram dispensadas pela companhia.<\/p>\n\n\n\n<p>Confira os pontos de alerta levantados pelos representantes sindicais:<\/p>\n\n\n\n<ul class=\"wp-block-list\">\n<li><strong>Falta de proporcionalidade<\/strong> entre o erro cometido e a san\u00e7\u00e3o aplicada.<\/li>\n\n\n\n<li><strong>Substitui\u00e7\u00e3o de pessoal<\/strong> antigo por profissionais mais jovens e baratos.<\/li>\n\n\n\n<li><strong>Desgaste f\u00edsico<\/strong> de funcion\u00e1rias que dedicaram d\u00e9cadas \u00e0 mesma fun\u00e7\u00e3o.<\/li>\n\n\n\n<li><strong>Dificuldade de recoloca\u00e7\u00e3o<\/strong> no mercado para profissionais com mais de 55 anos.<\/li>\n<\/ul>\n\n\n\n<p>At\u00e9 o momento, a <strong>Coop Alleanza 3.0<\/strong> n\u00e3o se manifestou publicamente sobre as cr\u00edticas de desproporcionalidade. O desfecho desta disputa ser\u00e1 fundamental para definir os limites do poder diretivo das empresas diante de falhas humanas m\u00ednimas cometidas por funcion\u00e1rios veteranos.<\/p>\n\n\n\n<h2 class=\"wp-block-heading\">Esse caso poderia virar justa causa no Brasil?<\/h2>\n\n\n\n<p>No Brasil, isso seria analisado pelo <strong>art. 482, al\u00ednea \u201ca\u201d, da CLT<\/strong>, que trata de ato de improbidade, ou seja, desonestidade ou fraude. S\u00f3 que um erro de caixa de baixo valor, sem prova de inten\u00e7\u00e3o, normalmente n\u00e3o \u00e9 suficiente sozinho para justa causa. A Justi\u00e7a do Trabalho costuma exigir <strong>prova de m\u00e1-f\u00e9 ou quebra grave de confian\u00e7a<\/strong>, n\u00e3o apenas falha operacional ou erro de sistema. <\/p>\n\n\n\n<p>Em situa\u00e7\u00f5es como essa, o ponto central seria provar se houve inten\u00e7\u00e3o ou apenas engano. Se ficar caracterizado erro isolado, especialmente com longa trajet\u00f3ria na empresa, a tend\u00eancia \u00e9 questionar a proporcionalidade da puni\u00e7\u00e3o. Sem prova de fraude, o mais comum \u00e9 a Justi\u00e7a afastar a justa causa e tratar como <strong>demiss\u00e3o sem justa causa<\/strong>, com pagamento das verbas rescis\u00f3rias normais.<\/p>\n","protected":false},"excerpt":{"rendered":"<p>Uma funcion\u00e1ria de 55 anos foi demitida ap\u00f3s cobrar por engano o valor de duas barrinhas de cereal de clientes em um supermercado na It\u00e1lia. O epis\u00f3dio, ocorrido em abril de 2026, levanta um debate sobre o rigor das puni\u00e7\u00f5es trabalhistas. O que aconteceu no ponto de venda em Finale Emilia? A trabalhadora, que somava [&hellip;]<\/p>\n","protected":false},"author":30,"featured_media":201008,"comment_status":"open","ping_status":"open","sticky":false,"template":"","format":"standard","meta":{"jnews-multi-image_gallery":[],"jnews_single_post":{"format":"standard"},"jnews_primary_category":[],"jnews_social_meta":[],"jnews_override_counter":[],"footnotes":""},"categories":[28],"tags":[2287,4431,16151,508],"class_list":["post-200978","post","type-post","status-publish","format-standard","has-post-thumbnail","hentry","category-economia","tag-demissao","tag-italia","tag-justa-causa","tag-trabalho"],"yoast_head":"<!-- This site is optimized with the Yoast SEO plugin v23.8 - https:\/\/yoast.com\/wordpress\/plugins\/seo\/ -->\n<title>Mulher de 55 anos \u00e9 demitida ap\u00f3s cobrar por engano duas barrinhas de cereal: &quot;Na minha idade, onde vou trabalhar agora?&quot; - Estado de Minas - Em foco<\/title>\n<meta name=\"description\" content=\"Entenda o caso da mulher de 55 anos demitida ap\u00f3s cobrar por engano duas barrinhas de cereal. Veja o debate na It\u00e1lia.\" \/>\n<meta name=\"robots\" content=\"index, follow, max-snippet:-1, max-image-preview:large, max-video-preview:-1\" \/>\n<link rel=\"canonical\" href=\"https:\/\/www.em.com.br\/emfoco\/2026\/04\/29\/mulher-de-55-anos-e-demitida-apos-cobrar-por-engano-duas-barrinhas-de-cereal-na-minha-idade-onde-vou-trabalhar-agora\/\" \/>\n<meta property=\"og:locale\" content=\"pt_BR\" \/>\n<meta property=\"og:type\" content=\"article\" \/>\n<meta property=\"og:title\" content=\"Mulher de 55 anos \u00e9 demitida ap\u00f3s cobrar por engano duas barrinhas de cereal: &quot;Na minha idade, onde vou trabalhar agora?&quot; - Estado de Minas - Em foco\" \/>\n<meta property=\"og:description\" content=\"Entenda o caso da mulher de 55 anos demitida ap\u00f3s cobrar por engano duas barrinhas de cereal. Veja o debate na It\u00e1lia.\" \/>\n<meta property=\"og:url\" content=\"https:\/\/www.em.com.br\/emfoco\/2026\/04\/29\/mulher-de-55-anos-e-demitida-apos-cobrar-por-engano-duas-barrinhas-de-cereal-na-minha-idade-onde-vou-trabalhar-agora\/\" \/>\n<meta property=\"og:site_name\" content=\"Estado de Minas - Em foco\" \/>\n<meta property=\"article:published_time\" content=\"2026-04-29T16:35:00+00:00\" \/>\n<meta property=\"article:modified_time\" content=\"2026-04-29T03:41:23+00:00\" \/>\n<meta property=\"og:image\" content=\"https:\/\/www.em.com.br\/emfoco\/wp-content\/uploads\/2026\/04\/EmFoco_81-2.jpg\" \/>\n\t<meta property=\"og:image:width\" content=\"1280\" \/>\n\t<meta property=\"og:image:height\" content=\"720\" \/>\n\t<meta property=\"og:image:type\" content=\"image\/jpeg\" \/>\n<meta name=\"author\" content=\"Guilherme Ara\u00fajo\" \/>\n<meta name=\"twitter:card\" content=\"summary_large_image\" \/>\n<meta name=\"twitter:label1\" content=\"Escrito por\" \/>\n\t<meta name=\"twitter:data1\" content=\"Guilherme Ara\u00fajo\" \/>\n\t<meta name=\"twitter:label2\" content=\"Est. tempo de leitura\" \/>\n\t<meta name=\"twitter:data2\" content=\"5 minutos\" \/>\n<!-- \/ Yoast SEO plugin. -->","yoast_head_json":{"title":"Mulher de 55 anos \u00e9 demitida ap\u00f3s cobrar por engano duas barrinhas de cereal: \"Na minha idade, onde vou trabalhar agora?\" - Estado de Minas - Em foco","description":"Entenda o caso da mulher de 55 anos demitida ap\u00f3s cobrar por engano duas barrinhas de cereal. Veja o debate na It\u00e1lia.","robots":{"index":"index","follow":"follow","max-snippet":"max-snippet:-1","max-image-preview":"max-image-preview:large","max-video-preview":"max-video-preview:-1"},"canonical":"https:\/\/www.em.com.br\/emfoco\/2026\/04\/29\/mulher-de-55-anos-e-demitida-apos-cobrar-por-engano-duas-barrinhas-de-cereal-na-minha-idade-onde-vou-trabalhar-agora\/","og_locale":"pt_BR","og_type":"article","og_title":"Mulher de 55 anos \u00e9 demitida ap\u00f3s cobrar por engano duas barrinhas de cereal: \"Na minha idade, onde vou trabalhar agora?\" - Estado de Minas - Em foco","og_description":"Entenda o caso da mulher de 55 anos demitida ap\u00f3s cobrar por engano duas barrinhas de cereal. Veja o debate na It\u00e1lia.","og_url":"https:\/\/www.em.com.br\/emfoco\/2026\/04\/29\/mulher-de-55-anos-e-demitida-apos-cobrar-por-engano-duas-barrinhas-de-cereal-na-minha-idade-onde-vou-trabalhar-agora\/","og_site_name":"Estado de Minas - Em foco","article_published_time":"2026-04-29T16:35:00+00:00","article_modified_time":"2026-04-29T03:41:23+00:00","og_image":[{"width":1280,"height":720,"url":"https:\/\/www.em.com.br\/emfoco\/wp-content\/uploads\/2026\/04\/EmFoco_81-2.jpg","type":"image\/jpeg"}],"author":"Guilherme Ara\u00fajo","twitter_card":"summary_large_image","twitter_misc":{"Escrito por":"Guilherme Ara\u00fajo","Est. tempo de leitura":"5 minutos"},"schema":{"@context":"https:\/\/schema.org","@graph":[{"@type":"WebPage","@id":"https:\/\/www.em.com.br\/emfoco\/2026\/04\/29\/mulher-de-55-anos-e-demitida-apos-cobrar-por-engano-duas-barrinhas-de-cereal-na-minha-idade-onde-vou-trabalhar-agora\/","url":"https:\/\/www.em.com.br\/emfoco\/2026\/04\/29\/mulher-de-55-anos-e-demitida-apos-cobrar-por-engano-duas-barrinhas-de-cereal-na-minha-idade-onde-vou-trabalhar-agora\/","name":"Mulher de 55 anos \u00e9 demitida ap\u00f3s cobrar por engano duas barrinhas de cereal: \"Na minha idade, onde vou trabalhar agora?\" - Estado de Minas - Em foco","isPartOf":{"@id":"https:\/\/www.em.com.br\/emfoco\/#website"},"primaryImageOfPage":{"@id":"https:\/\/www.em.com.br\/emfoco\/2026\/04\/29\/mulher-de-55-anos-e-demitida-apos-cobrar-por-engano-duas-barrinhas-de-cereal-na-minha-idade-onde-vou-trabalhar-agora\/#primaryimage"},"image":{"@id":"https:\/\/www.em.com.br\/emfoco\/2026\/04\/29\/mulher-de-55-anos-e-demitida-apos-cobrar-por-engano-duas-barrinhas-de-cereal-na-minha-idade-onde-vou-trabalhar-agora\/#primaryimage"},"thumbnailUrl":"https:\/\/www.em.com.br\/emfoco\/wp-content\/uploads\/2026\/04\/EmFoco_81-2.jpg","datePublished":"2026-04-29T16:35:00+00:00","dateModified":"2026-04-29T03:41:23+00:00","author":{"@id":"https:\/\/www.em.com.br\/emfoco\/#\/schema\/person\/5379e929a4b966c775d121e23f9bb421"},"description":"Entenda o caso da mulher de 55 anos demitida ap\u00f3s cobrar por engano duas barrinhas de cereal. Veja o debate na It\u00e1lia.","breadcrumb":{"@id":"https:\/\/www.em.com.br\/emfoco\/2026\/04\/29\/mulher-de-55-anos-e-demitida-apos-cobrar-por-engano-duas-barrinhas-de-cereal-na-minha-idade-onde-vou-trabalhar-agora\/#breadcrumb"},"inLanguage":"pt-BR","potentialAction":[{"@type":"ReadAction","target":["https:\/\/www.em.com.br\/emfoco\/2026\/04\/29\/mulher-de-55-anos-e-demitida-apos-cobrar-por-engano-duas-barrinhas-de-cereal-na-minha-idade-onde-vou-trabalhar-agora\/"]}]},{"@type":"ImageObject","inLanguage":"pt-BR","@id":"https:\/\/www.em.com.br\/emfoco\/2026\/04\/29\/mulher-de-55-anos-e-demitida-apos-cobrar-por-engano-duas-barrinhas-de-cereal-na-minha-idade-onde-vou-trabalhar-agora\/#primaryimage","url":"https:\/\/www.em.com.br\/emfoco\/wp-content\/uploads\/2026\/04\/EmFoco_81-2.jpg","contentUrl":"https:\/\/www.em.com.br\/emfoco\/wp-content\/uploads\/2026\/04\/EmFoco_81-2.jpg","width":1280,"height":720,"caption":"Debate sobre proporcionalidade trabalhista em dispensa causada por falha operacional de baixo valor"},{"@type":"BreadcrumbList","@id":"https:\/\/www.em.com.br\/emfoco\/2026\/04\/29\/mulher-de-55-anos-e-demitida-apos-cobrar-por-engano-duas-barrinhas-de-cereal-na-minha-idade-onde-vou-trabalhar-agora\/#breadcrumb","itemListElement":[{"@type":"ListItem","position":1,"name":"In\u00edcio","item":"https:\/\/www.em.com.br\/emfoco\/"},{"@type":"ListItem","position":2,"name":"Mulher de 55 anos \u00e9 demitida ap\u00f3s cobrar por engano duas barrinhas de cereal: &#8220;Na minha idade, onde vou trabalhar agora?&#8221;"}]},{"@type":"WebSite","@id":"https:\/\/www.em.com.br\/emfoco\/#website","url":"https:\/\/www.em.com.br\/emfoco\/","name":"Estado de Minas - Em foco","description":"Acompanhe as \u00faltimas not\u00edcias e fique bem informado sobre tudo o que acontece em Minas Gerais, Brasil e no mundo.","potentialAction":[{"@type":"SearchAction","target":{"@type":"EntryPoint","urlTemplate":"https:\/\/www.em.com.br\/emfoco\/?s={search_term_string}"},"query-input":{"@type":"PropertyValueSpecification","valueRequired":true,"valueName":"search_term_string"}}],"inLanguage":"pt-BR"},{"@type":"Person","@id":"https:\/\/www.em.com.br\/emfoco\/#\/schema\/person\/5379e929a4b966c775d121e23f9bb421","name":"Guilherme Ara\u00fajo","image":{"@type":"ImageObject","inLanguage":"pt-BR","@id":"https:\/\/www.em.com.br\/emfoco\/#\/schema\/person\/image\/","url":"https:\/\/secure.gravatar.com\/avatar\/b8bf1fd0130e170bd8f5d7298dbafa25?s=96&d=mm&r=g","contentUrl":"https:\/\/secure.gravatar.com\/avatar\/b8bf1fd0130e170bd8f5d7298dbafa25?s=96&d=mm&r=g","caption":"Guilherme Ara\u00fajo"},"sameAs":["https:\/\/www.em.com.br\/emfoco"],"url":"https:\/\/www.em.com.br\/emfoco\/author\/guilhermeamyth\/"}]}},"_links":{"self":[{"href":"https:\/\/www.em.com.br\/emfoco\/wp-json\/wp\/v2\/posts\/200978","targetHints":{"allow":["GET"]}}],"collection":[{"href":"https:\/\/www.em.com.br\/emfoco\/wp-json\/wp\/v2\/posts"}],"about":[{"href":"https:\/\/www.em.com.br\/emfoco\/wp-json\/wp\/v2\/types\/post"}],"author":[{"embeddable":true,"href":"https:\/\/www.em.com.br\/emfoco\/wp-json\/wp\/v2\/users\/30"}],"replies":[{"embeddable":true,"href":"https:\/\/www.em.com.br\/emfoco\/wp-json\/wp\/v2\/comments?post=200978"}],"version-history":[{"count":2,"href":"https:\/\/www.em.com.br\/emfoco\/wp-json\/wp\/v2\/posts\/200978\/revisions"}],"predecessor-version":[{"id":201144,"href":"https:\/\/www.em.com.br\/emfoco\/wp-json\/wp\/v2\/posts\/200978\/revisions\/201144"}],"wp:featuredmedia":[{"embeddable":true,"href":"https:\/\/www.em.com.br\/emfoco\/wp-json\/wp\/v2\/media\/201008"}],"wp:attachment":[{"href":"https:\/\/www.em.com.br\/emfoco\/wp-json\/wp\/v2\/media?parent=200978"}],"wp:term":[{"taxonomy":"category","embeddable":true,"href":"https:\/\/www.em.com.br\/emfoco\/wp-json\/wp\/v2\/categories?post=200978"},{"taxonomy":"post_tag","embeddable":true,"href":"https:\/\/www.em.com.br\/emfoco\/wp-json\/wp\/v2\/tags?post=200978"}],"curies":[{"name":"wp","href":"https:\/\/api.w.org\/{rel}","templated":true}]}}