{"id":200960,"date":"2026-04-29T18:45:00","date_gmt":"2026-04-29T21:45:00","guid":{"rendered":"https:\/\/www.em.com.br\/emfoco\/?p=200960"},"modified":"2026-04-29T00:22:56","modified_gmt":"2026-04-29T03:22:56","slug":"nova-regra-traz-fim-de-1h-de-almoco-entenda-a-lei-atual-para-trabalhadores-de-carteira-assinada","status":"publish","type":"post","link":"https:\/\/www.em.com.br\/emfoco\/2026\/04\/29\/nova-regra-traz-fim-de-1h-de-almoco-entenda-a-lei-atual-para-trabalhadores-de-carteira-assinada\/","title":{"rendered":"Nova regra traz fim de 1 hora de almo\u00e7o? Entenda a lei atual para trabalhadores de carteira assinada"},"content":{"rendered":"\n<p>A d\u00favida sobre a manuten\u00e7\u00e3o da <strong>1 hora de almo\u00e7o<\/strong> ganhou for\u00e7a ap\u00f3s as atualiza\u00e7\u00f5es na legisla\u00e7\u00e3o trabalhista brasileira. Embora o direito permane\u00e7a na lei, novas formas de negocia\u00e7\u00e3o permitem ajustes no tempo de descanso.<\/p>\n\n\n\n<h2 class=\"wp-block-heading\">O que diz a CLT sobre o intervalo para refei\u00e7\u00e3o?<\/h2>\n\n\n\n<p>O artigo 71 da <strong><a href=\"https:\/\/www.em.com.br\/emfoco\/2026\/04\/23\/adicional-pouco-conhecido-pode-colocar-ate-r-648-mensais-para-trabalhadores-clt\/\" target=\"_blank\" rel=\"noreferrer noopener\">CLT<\/a><\/strong> estabelece que todo trabalho com jornada superior a seis horas di\u00e1rias deve ter um intervalo m\u00ednimo de uma hora. Esse per\u00edodo \u00e9 considerado uma norma de sa\u00fade e seguran\u00e7a, essencial para a recupera\u00e7\u00e3o f\u00edsica do empregado.<\/p>\n\n\n\n<p>De acordo com a <strong>Consolida\u00e7\u00e3o das Leis do Trabalho<\/strong>, o tempo m\u00e1ximo para esse descanso \u00e9 de duas horas. Caso a jornada seja entre quatro e seis horas, o intervalo obrigat\u00f3rio cai para apenas <strong>15 minutos<\/strong> di\u00e1rios.<\/p>\n\n\n<div class=\"wp-block-image\">\n<figure class=\"aligncenter size-large\"><img loading=\"lazy\" decoding=\"async\" width=\"1024\" height=\"576\" src=\"https:\/\/www.em.com.br\/emfoco\/wp-content\/uploads\/2026\/04\/carteira-de-trabalho_1776229301389-1024x576.jpg\" alt=\"Cr\u00e9ditos: depositphotos.com \/ Mehaniq\" class=\"wp-image-193292\" srcset=\"https:\/\/www.em.com.br\/emfoco\/wp-content\/uploads\/2026\/04\/carteira-de-trabalho_1776229301389-1024x576.jpg 1024w, https:\/\/www.em.com.br\/emfoco\/wp-content\/uploads\/2026\/04\/carteira-de-trabalho_1776229301389-300x169.jpg 300w, https:\/\/www.em.com.br\/emfoco\/wp-content\/uploads\/2026\/04\/carteira-de-trabalho_1776229301389-768x432.jpg 768w, https:\/\/www.em.com.br\/emfoco\/wp-content\/uploads\/2026\/04\/carteira-de-trabalho_1776229301389-750x422.jpg 750w, https:\/\/www.em.com.br\/emfoco\/wp-content\/uploads\/2026\/04\/carteira-de-trabalho_1776229301389-1140x641.jpg 1140w, https:\/\/www.em.com.br\/emfoco\/wp-content\/uploads\/2026\/04\/carteira-de-trabalho_1776229301389.jpg 1280w\" sizes=\"auto, (max-width: 1024px) 100vw, 1024px\" \/><figcaption class=\"wp-element-caption\">Confira as regras atuais vigentes da Carteira de Trabalho &#8211; Cr\u00e9ditos: depositphotos.com \/ Mehaniq<\/figcaption><\/figure><\/div>\n\n\n<h2 class=\"wp-block-heading\">A 1 hora de almo\u00e7o pode ser reduzida para 30 minutos?<\/h2>\n\n\n\n<p>Sim, desde a <strong>Reforma Trabalhista de 2017<\/strong>, \u00e9 poss\u00edvel reduzir o intervalo para o m\u00ednimo de <strong>30 minutos<\/strong>. No entanto, essa altera\u00e7\u00e3o n\u00e3o pode ser imposta pelo patr\u00e3o de forma isolada, exigindo requisitos espec\u00edficos para ter validade jur\u00eddica.<\/p>\n\n\n\n<p>Para que a redu\u00e7\u00e3o ocorra, deve haver uma conven\u00e7\u00e3o ou acordo coletivo firmado com o sindicato da categoria profissional. Al\u00e9m disso, o <strong><a href=\"https:\/\/www.gov.br\/trabalho-e-emprego\/pt-br\" target=\"_blank\" rel=\"noreferrer noopener\">Minist\u00e9rio do Trabalho e Emprego<\/a><\/strong> pode autorizar a medida se a empresa possuir refeit\u00f3rio adequado e n\u00e3o houver prorroga\u00e7\u00e3o habitual de horas extras.<\/p>\n\n\n\n<h2 class=\"wp-block-heading\">Qual a diferen\u00e7a entre intervalos em jornadas distintas?<\/h2>\n\n\n\n<p>O tempo de repouso varia conforme a carga hor\u00e1ria total que o profissional cumpre em seu contrato de <strong>carteira assinada<\/strong>. Entender essa hierarquia evita que o colaborador aceite condi\u00e7\u00f5es inferiores ao que \u00e9 garantido pela <strong>Constitui\u00e7\u00e3o Federal<\/strong>.<\/p>\n\n\n\n<p>Confira o resumo das regras por tempo de trabalho:<\/p>\n\n\n<div class=\"wp-block-image\">\n<figure class=\"aligncenter size-large is-resized\"><img loading=\"lazy\" decoding=\"async\" width=\"1024\" height=\"384\" src=\"https:\/\/www.em.com.br\/emfoco\/wp-content\/uploads\/2026\/04\/image-250-1024x384.png\" alt=\"\" class=\"wp-image-201105\" style=\"width:806px;height:auto\" srcset=\"https:\/\/www.em.com.br\/emfoco\/wp-content\/uploads\/2026\/04\/image-250-1024x384.png 1024w, https:\/\/www.em.com.br\/emfoco\/wp-content\/uploads\/2026\/04\/image-250-300x113.png 300w, https:\/\/www.em.com.br\/emfoco\/wp-content\/uploads\/2026\/04\/image-250-768x288.png 768w, https:\/\/www.em.com.br\/emfoco\/wp-content\/uploads\/2026\/04\/image-250-750x281.png 750w, https:\/\/www.em.com.br\/emfoco\/wp-content\/uploads\/2026\/04\/image-250-1140x428.png 1140w, https:\/\/www.em.com.br\/emfoco\/wp-content\/uploads\/2026\/04\/image-250.png 1280w\" sizes=\"auto, (max-width: 1024px) 100vw, 1024px\" \/><\/figure><\/div>\n\n\n<h2 class=\"wp-block-heading\">Como funciona o intervalo no regime de home office?<\/h2>\n\n\n\n<p>A aplica\u00e7\u00e3o da <strong>1 hora de almo\u00e7o<\/strong> no teletrabalho depende diretamente da exist\u00eancia de controle de jornada por parte da empresa. Se o funcion\u00e1rio registra hor\u00e1rios de login e logout, ele mant\u00e9m todos os direitos ao descanso previstos para o trabalho presencial.<\/p>\n\n\n\n<p>Em casos de trabalho por produ\u00e7\u00e3o ou tarefa, sem controle de horas, as regras de dura\u00e7\u00e3o da jornada s\u00e3o afastadas. Contudo, decis\u00f5es recentes do <strong>TST<\/strong> indicam que, se houver meios tecnol\u00f3gicos de monitorar o empregado, o direito ao intervalo intrajornada deve ser respeitado rigorosamente.<\/p>\n\n\n\n<h2 class=\"wp-block-heading\">Quais s\u00e3o as puni\u00e7\u00f5es para a empresa que descumpre a lei?<\/h2>\n\n\n\n<p>O desrespeito ao per\u00edodo de descanso gera custos extras para o empregador e riscos de autua\u00e7\u00f5es administrativas graves. Se o intervalo for concedido parcialmente, a empresa deve pagar o per\u00edodo suprimido como verba indenizat\u00f3ria com acr\u00e9scimo de <strong>50%<\/strong>.<\/p>\n\n\n\n<p>Confira as principais consequ\u00eancias do descumprimento:<\/p>\n\n\n\n<ul class=\"wp-block-list\">\n<li><strong>Pagamento de indeniza\u00e7\u00e3o<\/strong> sobre o tempo que n\u00e3o foi usufru\u00eddo pelo trabalhador.<\/li>\n\n\n\n<li><strong>Multas administrativas<\/strong> aplicadas por auditores fiscais do trabalho.<\/li>\n\n\n\n<li><strong>Processos judiciais<\/strong> com pedidos de danos morais e horas extras acumuladas.<\/li>\n\n\n\n<li><strong>Deteriora\u00e7\u00e3o do hist\u00f3rico<\/strong> da empresa perante os \u00f3rg\u00e3os de fiscaliza\u00e7\u00e3o.<\/li>\n<\/ul>\n\n\n\n<p>Apesar da flexibiliza\u00e7\u00e3o, a ess\u00eancia do descanso permanece protegida para evitar a exaust\u00e3o do trabalhador brasileiro. O equil\u00edbrio entre a produtividade e a sa\u00fade ocupacional \u00e9 o pilar que sustenta as decis\u00f5es do <a href=\"https:\/\/www.tst.jus.br\" target=\"_blank\" rel=\"noreferrer noopener\">Tribunal Superior do Trabalho<\/a> em <strong>2026<\/strong>. Respeitar o tempo de pausa \u00e9 fundamental para manter um ambiente corporativo saud\u00e1vel e livre de passivos trabalhistas desnecess\u00e1rios.<\/p>\n","protected":false},"excerpt":{"rendered":"<p>A d\u00favida sobre a manuten\u00e7\u00e3o da 1 hora de almo\u00e7o ganhou for\u00e7a ap\u00f3s as atualiza\u00e7\u00f5es na legisla\u00e7\u00e3o trabalhista brasileira. Embora o direito permane\u00e7a na lei, novas formas de negocia\u00e7\u00e3o permitem ajustes no tempo de descanso. O que diz a CLT sobre o intervalo para refei\u00e7\u00e3o? O artigo 71 da CLT estabelece que todo trabalho com [&hellip;]<\/p>\n","protected":false},"author":30,"featured_media":201002,"comment_status":"open","ping_status":"open","sticky":false,"template":"","format":"standard","meta":{"jnews-multi-image_gallery":[],"jnews_single_post":{"format":"standard"},"jnews_primary_category":[],"jnews_social_meta":[],"jnews_override_counter":[],"footnotes":""},"categories":[28],"tags":[1052,8540,8712,508],"class_list":["post-200960","post","type-post","status-publish","format-standard","has-post-thumbnail","hentry","category-economia","tag-clt","tag-intervalo","tag-leis","tag-trabalho"],"yoast_head":"<!-- This site is optimized with the Yoast SEO plugin v23.8 - https:\/\/yoast.com\/wordpress\/plugins\/seo\/ -->\n<title>Nova regra traz fim de 1 hora de almo\u00e7o? Entenda a lei atual para trabalhadores de carteira assinada - Estado de Minas - Em foco<\/title>\n<meta name=\"description\" content=\"Entenda se a nova regra traz o fim da 1 hora de almo\u00e7o para trabalhadores CLT. Veja a lei atual e as novas formas de negocia\u00e7\u00e3o agora.\" \/>\n<meta name=\"robots\" content=\"index, follow, max-snippet:-1, max-image-preview:large, max-video-preview:-1\" \/>\n<link rel=\"canonical\" href=\"https:\/\/www.em.com.br\/emfoco\/2026\/04\/29\/nova-regra-traz-fim-de-1h-de-almoco-entenda-a-lei-atual-para-trabalhadores-de-carteira-assinada\/\" \/>\n<meta property=\"og:locale\" content=\"pt_BR\" \/>\n<meta property=\"og:type\" content=\"article\" \/>\n<meta property=\"og:title\" content=\"Nova regra traz fim de 1 hora de almo\u00e7o? Entenda a lei atual para trabalhadores de carteira assinada - Estado de Minas - Em foco\" \/>\n<meta property=\"og:description\" content=\"Entenda se a nova regra traz o fim da 1 hora de almo\u00e7o para trabalhadores CLT. Veja a lei atual e as novas formas de negocia\u00e7\u00e3o agora.\" \/>\n<meta property=\"og:url\" content=\"https:\/\/www.em.com.br\/emfoco\/2026\/04\/29\/nova-regra-traz-fim-de-1h-de-almoco-entenda-a-lei-atual-para-trabalhadores-de-carteira-assinada\/\" \/>\n<meta property=\"og:site_name\" content=\"Estado de Minas - Em foco\" \/>\n<meta property=\"article:published_time\" content=\"2026-04-29T21:45:00+00:00\" \/>\n<meta property=\"article:modified_time\" content=\"2026-04-29T03:22:56+00:00\" \/>\n<meta property=\"og:image\" content=\"https:\/\/www.em.com.br\/emfoco\/wp-content\/uploads\/2026\/04\/EmFoco_78-2.jpg\" \/>\n\t<meta property=\"og:image:width\" content=\"1280\" \/>\n\t<meta property=\"og:image:height\" content=\"720\" \/>\n\t<meta property=\"og:image:type\" content=\"image\/jpeg\" \/>\n<meta name=\"author\" content=\"Guilherme Ara\u00fajo\" \/>\n<meta name=\"twitter:card\" content=\"summary_large_image\" \/>\n<meta name=\"twitter:label1\" content=\"Escrito por\" \/>\n\t<meta name=\"twitter:data1\" content=\"Guilherme Ara\u00fajo\" \/>\n\t<meta name=\"twitter:label2\" content=\"Est. tempo de leitura\" \/>\n\t<meta name=\"twitter:data2\" content=\"4 minutos\" \/>\n<!-- \/ Yoast SEO plugin. -->","yoast_head_json":{"title":"Nova regra traz fim de 1 hora de almo\u00e7o? Entenda a lei atual para trabalhadores de carteira assinada - Estado de Minas - Em foco","description":"Entenda se a nova regra traz o fim da 1 hora de almo\u00e7o para trabalhadores CLT. Veja a lei atual e as novas formas de negocia\u00e7\u00e3o agora.","robots":{"index":"index","follow":"follow","max-snippet":"max-snippet:-1","max-image-preview":"max-image-preview:large","max-video-preview":"max-video-preview:-1"},"canonical":"https:\/\/www.em.com.br\/emfoco\/2026\/04\/29\/nova-regra-traz-fim-de-1h-de-almoco-entenda-a-lei-atual-para-trabalhadores-de-carteira-assinada\/","og_locale":"pt_BR","og_type":"article","og_title":"Nova regra traz fim de 1 hora de almo\u00e7o? Entenda a lei atual para trabalhadores de carteira assinada - Estado de Minas - Em foco","og_description":"Entenda se a nova regra traz o fim da 1 hora de almo\u00e7o para trabalhadores CLT. Veja a lei atual e as novas formas de negocia\u00e7\u00e3o agora.","og_url":"https:\/\/www.em.com.br\/emfoco\/2026\/04\/29\/nova-regra-traz-fim-de-1h-de-almoco-entenda-a-lei-atual-para-trabalhadores-de-carteira-assinada\/","og_site_name":"Estado de Minas - Em foco","article_published_time":"2026-04-29T21:45:00+00:00","article_modified_time":"2026-04-29T03:22:56+00:00","og_image":[{"width":1280,"height":720,"url":"https:\/\/www.em.com.br\/emfoco\/wp-content\/uploads\/2026\/04\/EmFoco_78-2.jpg","type":"image\/jpeg"}],"author":"Guilherme Ara\u00fajo","twitter_card":"summary_large_image","twitter_misc":{"Escrito por":"Guilherme Ara\u00fajo","Est. tempo de leitura":"4 minutos"},"schema":{"@context":"https:\/\/schema.org","@graph":[{"@type":"WebPage","@id":"https:\/\/www.em.com.br\/emfoco\/2026\/04\/29\/nova-regra-traz-fim-de-1h-de-almoco-entenda-a-lei-atual-para-trabalhadores-de-carteira-assinada\/","url":"https:\/\/www.em.com.br\/emfoco\/2026\/04\/29\/nova-regra-traz-fim-de-1h-de-almoco-entenda-a-lei-atual-para-trabalhadores-de-carteira-assinada\/","name":"Nova regra traz fim de 1 hora de almo\u00e7o? Entenda a lei atual para trabalhadores de carteira assinada - Estado de Minas - Em foco","isPartOf":{"@id":"https:\/\/www.em.com.br\/emfoco\/#website"},"primaryImageOfPage":{"@id":"https:\/\/www.em.com.br\/emfoco\/2026\/04\/29\/nova-regra-traz-fim-de-1h-de-almoco-entenda-a-lei-atual-para-trabalhadores-de-carteira-assinada\/#primaryimage"},"image":{"@id":"https:\/\/www.em.com.br\/emfoco\/2026\/04\/29\/nova-regra-traz-fim-de-1h-de-almoco-entenda-a-lei-atual-para-trabalhadores-de-carteira-assinada\/#primaryimage"},"thumbnailUrl":"https:\/\/www.em.com.br\/emfoco\/wp-content\/uploads\/2026\/04\/EmFoco_78-2.jpg","datePublished":"2026-04-29T21:45:00+00:00","dateModified":"2026-04-29T03:22:56+00:00","author":{"@id":"https:\/\/www.em.com.br\/emfoco\/#\/schema\/person\/5379e929a4b966c775d121e23f9bb421"},"description":"Entenda se a nova regra traz o fim da 1 hora de almo\u00e7o para trabalhadores CLT. Veja a lei atual e as novas formas de negocia\u00e7\u00e3o agora.","breadcrumb":{"@id":"https:\/\/www.em.com.br\/emfoco\/2026\/04\/29\/nova-regra-traz-fim-de-1h-de-almoco-entenda-a-lei-atual-para-trabalhadores-de-carteira-assinada\/#breadcrumb"},"inLanguage":"pt-BR","potentialAction":[{"@type":"ReadAction","target":["https:\/\/www.em.com.br\/emfoco\/2026\/04\/29\/nova-regra-traz-fim-de-1h-de-almoco-entenda-a-lei-atual-para-trabalhadores-de-carteira-assinada\/"]}]},{"@type":"ImageObject","inLanguage":"pt-BR","@id":"https:\/\/www.em.com.br\/emfoco\/2026\/04\/29\/nova-regra-traz-fim-de-1h-de-almoco-entenda-a-lei-atual-para-trabalhadores-de-carteira-assinada\/#primaryimage","url":"https:\/\/www.em.com.br\/emfoco\/wp-content\/uploads\/2026\/04\/EmFoco_78-2.jpg","contentUrl":"https:\/\/www.em.com.br\/emfoco\/wp-content\/uploads\/2026\/04\/EmFoco_78-2.jpg","width":1280,"height":720,"caption":"Normas da CLT sobre descanso intrajornada e condi\u00e7\u00f5es para redu\u00e7\u00e3o via acordo coletivo"},{"@type":"BreadcrumbList","@id":"https:\/\/www.em.com.br\/emfoco\/2026\/04\/29\/nova-regra-traz-fim-de-1h-de-almoco-entenda-a-lei-atual-para-trabalhadores-de-carteira-assinada\/#breadcrumb","itemListElement":[{"@type":"ListItem","position":1,"name":"In\u00edcio","item":"https:\/\/www.em.com.br\/emfoco\/"},{"@type":"ListItem","position":2,"name":"Nova regra traz fim de 1 hora de almo\u00e7o? Entenda a lei atual para trabalhadores de carteira assinada"}]},{"@type":"WebSite","@id":"https:\/\/www.em.com.br\/emfoco\/#website","url":"https:\/\/www.em.com.br\/emfoco\/","name":"Estado de Minas - Em foco","description":"Acompanhe as \u00faltimas not\u00edcias e fique bem informado sobre tudo o que acontece em Minas Gerais, Brasil e no mundo.","potentialAction":[{"@type":"SearchAction","target":{"@type":"EntryPoint","urlTemplate":"https:\/\/www.em.com.br\/emfoco\/?s={search_term_string}"},"query-input":{"@type":"PropertyValueSpecification","valueRequired":true,"valueName":"search_term_string"}}],"inLanguage":"pt-BR"},{"@type":"Person","@id":"https:\/\/www.em.com.br\/emfoco\/#\/schema\/person\/5379e929a4b966c775d121e23f9bb421","name":"Guilherme Ara\u00fajo","image":{"@type":"ImageObject","inLanguage":"pt-BR","@id":"https:\/\/www.em.com.br\/emfoco\/#\/schema\/person\/image\/","url":"https:\/\/secure.gravatar.com\/avatar\/b8bf1fd0130e170bd8f5d7298dbafa25?s=96&d=mm&r=g","contentUrl":"https:\/\/secure.gravatar.com\/avatar\/b8bf1fd0130e170bd8f5d7298dbafa25?s=96&d=mm&r=g","caption":"Guilherme Ara\u00fajo"},"sameAs":["https:\/\/www.em.com.br\/emfoco"],"url":"https:\/\/www.em.com.br\/emfoco\/author\/guilhermeamyth\/"}]}},"_links":{"self":[{"href":"https:\/\/www.em.com.br\/emfoco\/wp-json\/wp\/v2\/posts\/200960","targetHints":{"allow":["GET"]}}],"collection":[{"href":"https:\/\/www.em.com.br\/emfoco\/wp-json\/wp\/v2\/posts"}],"about":[{"href":"https:\/\/www.em.com.br\/emfoco\/wp-json\/wp\/v2\/types\/post"}],"author":[{"embeddable":true,"href":"https:\/\/www.em.com.br\/emfoco\/wp-json\/wp\/v2\/users\/30"}],"replies":[{"embeddable":true,"href":"https:\/\/www.em.com.br\/emfoco\/wp-json\/wp\/v2\/comments?post=200960"}],"version-history":[{"count":4,"href":"https:\/\/www.em.com.br\/emfoco\/wp-json\/wp\/v2\/posts\/200960\/revisions"}],"predecessor-version":[{"id":201108,"href":"https:\/\/www.em.com.br\/emfoco\/wp-json\/wp\/v2\/posts\/200960\/revisions\/201108"}],"wp:featuredmedia":[{"embeddable":true,"href":"https:\/\/www.em.com.br\/emfoco\/wp-json\/wp\/v2\/media\/201002"}],"wp:attachment":[{"href":"https:\/\/www.em.com.br\/emfoco\/wp-json\/wp\/v2\/media?parent=200960"}],"wp:term":[{"taxonomy":"category","embeddable":true,"href":"https:\/\/www.em.com.br\/emfoco\/wp-json\/wp\/v2\/categories?post=200960"},{"taxonomy":"post_tag","embeddable":true,"href":"https:\/\/www.em.com.br\/emfoco\/wp-json\/wp\/v2\/tags?post=200960"}],"curies":[{"name":"wp","href":"https:\/\/api.w.org\/{rel}","templated":true}]}}