{"id":200958,"date":"2026-04-29T17:15:00","date_gmt":"2026-04-29T20:15:00","guid":{"rendered":"https:\/\/www.em.com.br\/emfoco\/?p=200958"},"modified":"2026-04-28T16:37:04","modified_gmt":"2026-04-28T19:37:04","slug":"existe-um-tipo-de-solidao-que-atinge-justamente-quem-mais-acolhe-os-outros-e-quase-ninguem-percebe","status":"publish","type":"post","link":"https:\/\/www.em.com.br\/emfoco\/2026\/04\/29\/existe-um-tipo-de-solidao-que-atinge-justamente-quem-mais-acolhe-os-outros-e-quase-ninguem-percebe\/","title":{"rendered":"Existe um tipo de solid\u00e3o que atinge justamente quem mais acolhe os outros, e quase ningu\u00e9m percebe"},"content":{"rendered":"\n<p>Existe um tipo espec\u00edfico de isolamento que atinge justamente as pessoas mais queridas, calorosas e soci\u00e1veis de um grupo. Diferente da solid\u00e3o causada pelo afastamento f\u00edsico, esse sentimento nasce da percep\u00e7\u00e3o de que, por serem vistas como inabal\u00e1veis, ningu\u00e9m se preocupa em perguntar se elas realmente est\u00e3o bem.<\/p>\n\n\n\n<h2 class=\"wp-block-heading\">O paradoxo da pessoa solar que ningu\u00e9m ousa acolher<\/h2>\n\n\n\n<p>Indiv\u00edduos conhecidos por sua energia positiva e <strong>estabilidade emocional<\/strong> acabam sendo v\u00edtimas de sua pr\u00f3pria compet\u00eancia social. Como transmitem a imagem de que possuem todas as respostas, os amigos e familiares relaxam a vigil\u00e2ncia, assumindo que aquele <strong>suporte emocional<\/strong> constante nunca precisar\u00e1 de um ombro para chorar.<\/p>\n\n\n\n<p>Essa din\u00e2mica cria uma barreira invis\u00edvel onde o &#8220;estar bem&#8221; torna-se uma expectativa obrigat\u00f3ria, impedindo que a pessoa expresse suas vulnerabilidades. O resultado \u00e9 um <strong>vazio existencial<\/strong> profundo, pois, embora cercado de pessoas, o indiv\u00edduo sente que sua complexidade humana foi reduzida a um papel de facilitador da vida alheia.<\/p>\n\n\n<div class=\"wp-block-image\">\n<figure class=\"aligncenter size-large\"><img loading=\"lazy\" decoding=\"async\" width=\"1024\" height=\"576\" src=\"https:\/\/www.em.com.br\/emfoco\/wp-content\/uploads\/2026\/03\/solidao-pais-e-filhos-1024x576.jpg\" alt=\"\" class=\"wp-image-187283\" srcset=\"https:\/\/www.em.com.br\/emfoco\/wp-content\/uploads\/2026\/03\/solidao-pais-e-filhos-1024x576.jpg 1024w, https:\/\/www.em.com.br\/emfoco\/wp-content\/uploads\/2026\/03\/solidao-pais-e-filhos-300x169.jpg 300w, https:\/\/www.em.com.br\/emfoco\/wp-content\/uploads\/2026\/03\/solidao-pais-e-filhos-768x432.jpg 768w, https:\/\/www.em.com.br\/emfoco\/wp-content\/uploads\/2026\/03\/solidao-pais-e-filhos-750x422.jpg 750w, https:\/\/www.em.com.br\/emfoco\/wp-content\/uploads\/2026\/03\/solidao-pais-e-filhos-1140x641.jpg 1140w, https:\/\/www.em.com.br\/emfoco\/wp-content\/uploads\/2026\/03\/solidao-pais-e-filhos.jpg 1280w\" sizes=\"auto, (max-width: 1024px) 100vw, 1024px\" \/><figcaption class=\"wp-element-caption\">Indiv\u00edduos conhecidos por sua energia positiva e estabilidade emocional acabam sendo v\u00edtimas de sua pr\u00f3pria compet\u00eancia social<\/figcaption><\/figure><\/div>\n\n\n<p>Leia tamb\u00e9m: <a href=\"https:\/\/www.em.com.br\/emfoco\/2026\/01\/23\/a-psicologia-por-tras-das-pessoas-que-nunca-postam-nas-redes-sociais\/\" target=\"_blank\" rel=\"noreferrer noopener\">A psicologia por tr\u00e1s das pessoas que nunca postam nas redes sociais<\/a><\/p>\n\n\n\n<h2 class=\"wp-block-heading\">Por que ser &#8220;confiavelmente bem&#8221; afasta o cuidado dos outros<\/h2>\n\n\n\n<p>A psicologia explica que o c\u00e9rebro humano tende a economizar energia emocional, focando o cuidado naqueles que demonstram sinais expl\u00edcitos de crise. Quando voc\u00ea \u00e9 a pessoa que sempre resolve os problemas, voc\u00ea ensina o mundo que n\u00e3o possui fissuras, tornando-se uma figura de <strong>resili\u00eancia<\/strong> absoluta aos olhos dos outros.<\/p>\n\n\n\n<p>Com o tempo, essa aus\u00eancia de checagens emocionais gera um ressentimento silencioso e a sensa\u00e7\u00e3o de que voc\u00ea \u00e9 invis\u00edvel em sua dor. A <strong>sa\u00fade mental<\/strong> das pessoas &#8220;fortes&#8221; \u00e9 frequentemente negligenciada porque elas aprenderam a mascarar o cansa\u00e7o com sorrisos, perpetuando um ciclo onde a ajuda s\u00f3 \u00e9 oferecida a quem grita, nunca a quem suporta o peso em sil\u00eancio.<\/p>\n\n\n\n<h2 class=\"wp-block-heading\">Sinais de que voc\u00ea est\u00e1 sofrendo com a solid\u00e3o do pilar emocional<\/h2>\n\n\n\n<p>Identificar se voc\u00ea ocupa esse cargo exige uma an\u00e1lise honesta sobre a reciprocidade nas suas rela\u00e7\u00f5es mais pr\u00f3ximas. Se voc\u00ea \u00e9 sempre quem inicia as conversas profundas ou se percebe que seus problemas s\u00e3o minimizados porque &#8220;voc\u00ea sempre d\u00e1 um jeito&#8221;, sua <strong>personalidade<\/strong> est\u00e1 presa em uma armadilha de utilidade extrema.<\/p>\n\n\n<div class=\"wp-block-image\">\n<figure class=\"aligncenter size-large\"><img loading=\"lazy\" decoding=\"async\" width=\"1024\" height=\"576\" src=\"https:\/\/www.em.com.br\/emfoco\/wp-content\/uploads\/2026\/04\/pessoa-solidao-liberdade_1775766791306-1024x576.jpg\" alt=\"\" class=\"wp-image-190998\" srcset=\"https:\/\/www.em.com.br\/emfoco\/wp-content\/uploads\/2026\/04\/pessoa-solidao-liberdade_1775766791306-1024x576.jpg 1024w, https:\/\/www.em.com.br\/emfoco\/wp-content\/uploads\/2026\/04\/pessoa-solidao-liberdade_1775766791306-300x169.jpg 300w, https:\/\/www.em.com.br\/emfoco\/wp-content\/uploads\/2026\/04\/pessoa-solidao-liberdade_1775766791306-768x432.jpg 768w, https:\/\/www.em.com.br\/emfoco\/wp-content\/uploads\/2026\/04\/pessoa-solidao-liberdade_1775766791306-750x422.jpg 750w, https:\/\/www.em.com.br\/emfoco\/wp-content\/uploads\/2026\/04\/pessoa-solidao-liberdade_1775766791306-1140x641.jpg 1140w, https:\/\/www.em.com.br\/emfoco\/wp-content\/uploads\/2026\/04\/pessoa-solidao-liberdade_1775766791306.jpg 1280w\" sizes=\"auto, (max-width: 1024px) 100vw, 1024px\" \/><figcaption class=\"wp-element-caption\">Muita gente usa os fins de semana mais reservados para fazer coisas que durante a semana n\u00e3o cabem na rotina &#8211; Cr\u00e9ditos: depositphotos.com \/ HayDmitriy<\/figcaption><\/figure><\/div>\n\n\n<p><em>Aten\u00e7\u00e3o<\/em>: Sentir-se exausto ap\u00f3s intera\u00e7\u00f5es sociais, mesmo as agrad\u00e1veis, pode ser um indicativo de que voc\u00ea est\u00e1 performando um bem-estar que n\u00e3o sente. O <strong>autoconhecimento<\/strong> \u00e9 a \u00fanica ferramenta capaz de romper essa m\u00e1scara, permitindo que voc\u00ea comece a sinalizar suas necessidades antes que o esgotamento se torne irrevers\u00edvel e paralise sua rotina.<\/p>\n\n\n\n<h2 class=\"wp-block-heading\">Estrat\u00e9gias para quebrar o ciclo da autossufici\u00eancia t\u00f3xica<\/h2>\n\n\n\n<p>Resgatar o direito de ser cuidado exige uma mudan\u00e7a ativa na forma como voc\u00ea se apresenta para o mundo e para o seu c\u00edrculo \u00edntimo. \u00c9 necess\u00e1rio entender que a <strong>vulnerabilidade<\/strong> n\u00e3o diminui sua for\u00e7a, mas sim humaniza sua presen\u00e7a, permitindo que as pessoas que amam voc\u00ea tenham a oportunidade de retribuir todo o suporte recebido ao longo dos anos.<\/p>\n\n\n<div class=\"wp-block-image\">\n<figure class=\"aligncenter size-large\"><img loading=\"lazy\" decoding=\"async\" width=\"1024\" height=\"371\" src=\"https:\/\/www.em.com.br\/emfoco\/wp-content\/uploads\/2026\/04\/convertido-16-1024x371.jpg\" alt=\"\" class=\"wp-image-200963\" srcset=\"https:\/\/www.em.com.br\/emfoco\/wp-content\/uploads\/2026\/04\/convertido-16-1024x371.jpg 1024w, https:\/\/www.em.com.br\/emfoco\/wp-content\/uploads\/2026\/04\/convertido-16-300x109.jpg 300w, https:\/\/www.em.com.br\/emfoco\/wp-content\/uploads\/2026\/04\/convertido-16-768x278.jpg 768w, https:\/\/www.em.com.br\/emfoco\/wp-content\/uploads\/2026\/04\/convertido-16-750x272.jpg 750w, https:\/\/www.em.com.br\/emfoco\/wp-content\/uploads\/2026\/04\/convertido-16-1140x413.jpg 1140w, https:\/\/www.em.com.br\/emfoco\/wp-content\/uploads\/2026\/04\/convertido-16.jpg 1280w\" sizes=\"auto, (max-width: 1024px) 100vw, 1024px\" \/><\/figure><\/div>\n\n\n<p>Ao implementar essas mudan\u00e7as, voc\u00ea pode sentir um desconforto inicial ao perceber que nem todos sabem lidar com a sua fragilidade. No entanto, esse filtro \u00e9 essencial para fortalecer os <strong>v\u00ednculos aut\u00eanticos<\/strong> e garantir que o seu bem-estar n\u00e3o seja sacrificado para manter a zona de conforto emocional de quem est\u00e1 ao seu redor.<\/p>\n\n\n\n<h2 class=\"wp-block-heading\">A liberdade de ser vulner\u00e1vel e o direito ao acolhimento real<\/h2>\n\n\n\n<p>Entender que voc\u00ea n\u00e3o precisa ser o porto seguro de todos o tempo todo \u00e9 o passo definitivo para uma<a href=\"https:\/\/www.psychologytoday.com\/us\/blog\/here-there-and-everywhere\/202602\/emotional-labor-in-relationships-when-love-becomes-work\" target=\"_blank\" rel=\"noreferrer noopener\"> liberta\u00e7\u00e3o emocional<\/a> duradoura. A verdadeira eleg\u00e2ncia de car\u00e1ter reside em saber quando descansar e em ter a humildade de aceitar que a sua humanidade inclui dias de sombra e necessidade de amparo.<\/p>\n\n\n\n<p>Escolher a verdade sobre a performance de for\u00e7a transforma a solid\u00e3o em conex\u00e3o real e significativa com o pr\u00f3ximo. Ao final do dia, ser amado por quem voc\u00ea \u00e9 \u2014 e n\u00e3o pelo que voc\u00ea suporta \u2014 \u00e9 a \u00fanica forma de garantir uma vida plena de <strong>significado real<\/strong> e livre dos fardos invis\u00edveis que a sociedade imp\u00f5e aos que sorriem.<\/p>\n","protected":false},"excerpt":{"rendered":"<p>Existe um tipo espec\u00edfico de isolamento que atinge justamente as pessoas mais queridas, calorosas e soci\u00e1veis de um grupo. Diferente da solid\u00e3o causada pelo afastamento f\u00edsico, esse sentimento nasce da percep\u00e7\u00e3o de que, por serem vistas como inabal\u00e1veis, ningu\u00e9m se preocupa em perguntar se elas realmente est\u00e3o bem. O paradoxo da pessoa solar que ningu\u00e9m [&hellip;]<\/p>\n","protected":false},"author":9,"featured_media":200972,"comment_status":"open","ping_status":"open","sticky":false,"template":"","format":"standard","meta":{"jnews-multi-image_gallery":[],"jnews_single_post":{"format":"standard"},"jnews_primary_category":[],"jnews_social_meta":[],"jnews_override_counter":[],"footnotes":""},"categories":[8819],"tags":[28948,5155,28949],"class_list":["post-200958","post","type-post","status-publish","format-standard","has-post-thumbnail","hentry","category-curiosidades","tag-estabilidade-emocional","tag-psicologia","tag-vazio-existencial"],"yoast_head":"<!-- This site is optimized with the Yoast SEO plugin v23.8 - https:\/\/yoast.com\/wordpress\/plugins\/seo\/ -->\n<title>Existe um tipo de solid\u00e3o que atinge justamente quem mais acolhe os outros, e quase ningu\u00e9m percebe - Estado de Minas - Em foco<\/title>\n<meta name=\"description\" content=\"A psicologia aponta uma solid\u00e3o invis\u00edvel em pessoas sempre fortes e acolhedoras, que raramente recebem o mesmo cuidado que oferecem aos outros.\" \/>\n<meta name=\"robots\" content=\"index, follow, max-snippet:-1, max-image-preview:large, max-video-preview:-1\" \/>\n<link rel=\"canonical\" href=\"https:\/\/www.em.com.br\/emfoco\/2026\/04\/29\/existe-um-tipo-de-solidao-que-atinge-justamente-quem-mais-acolhe-os-outros-e-quase-ninguem-percebe\/\" \/>\n<meta property=\"og:locale\" content=\"pt_BR\" \/>\n<meta property=\"og:type\" content=\"article\" \/>\n<meta property=\"og:title\" content=\"Existe um tipo de solid\u00e3o que atinge justamente quem mais acolhe os outros, e quase ningu\u00e9m percebe - Estado de Minas - Em foco\" \/>\n<meta property=\"og:description\" content=\"A psicologia aponta uma solid\u00e3o invis\u00edvel em pessoas sempre fortes e acolhedoras, que raramente recebem o mesmo cuidado que oferecem aos outros.\" \/>\n<meta property=\"og:url\" content=\"https:\/\/www.em.com.br\/emfoco\/2026\/04\/29\/existe-um-tipo-de-solidao-que-atinge-justamente-quem-mais-acolhe-os-outros-e-quase-ninguem-percebe\/\" \/>\n<meta property=\"og:site_name\" content=\"Estado de Minas - Em foco\" \/>\n<meta property=\"article:published_time\" content=\"2026-04-29T20:15:00+00:00\" \/>\n<meta property=\"article:modified_time\" content=\"2026-04-28T19:37:04+00:00\" \/>\n<meta property=\"og:image\" content=\"https:\/\/www.em.com.br\/emfoco\/wp-content\/uploads\/2026\/04\/EmFoco_58-8.jpg\" \/>\n\t<meta property=\"og:image:width\" content=\"1280\" \/>\n\t<meta property=\"og:image:height\" content=\"720\" \/>\n\t<meta property=\"og:image:type\" content=\"image\/jpeg\" \/>\n<meta name=\"author\" content=\"Daniely Cardoso\" \/>\n<meta name=\"twitter:card\" content=\"summary_large_image\" \/>\n<meta name=\"twitter:label1\" content=\"Escrito por\" \/>\n\t<meta name=\"twitter:data1\" content=\"Daniely Cardoso\" \/>\n\t<meta name=\"twitter:label2\" content=\"Est. tempo de leitura\" \/>\n\t<meta name=\"twitter:data2\" content=\"5 minutos\" \/>\n<!-- \/ Yoast SEO plugin. -->","yoast_head_json":{"title":"Existe um tipo de solid\u00e3o que atinge justamente quem mais acolhe os outros, e quase ningu\u00e9m percebe - Estado de Minas - Em foco","description":"A psicologia aponta uma solid\u00e3o invis\u00edvel em pessoas sempre fortes e acolhedoras, que raramente recebem o mesmo cuidado que oferecem aos outros.","robots":{"index":"index","follow":"follow","max-snippet":"max-snippet:-1","max-image-preview":"max-image-preview:large","max-video-preview":"max-video-preview:-1"},"canonical":"https:\/\/www.em.com.br\/emfoco\/2026\/04\/29\/existe-um-tipo-de-solidao-que-atinge-justamente-quem-mais-acolhe-os-outros-e-quase-ninguem-percebe\/","og_locale":"pt_BR","og_type":"article","og_title":"Existe um tipo de solid\u00e3o que atinge justamente quem mais acolhe os outros, e quase ningu\u00e9m percebe - Estado de Minas - Em foco","og_description":"A psicologia aponta uma solid\u00e3o invis\u00edvel em pessoas sempre fortes e acolhedoras, que raramente recebem o mesmo cuidado que oferecem aos outros.","og_url":"https:\/\/www.em.com.br\/emfoco\/2026\/04\/29\/existe-um-tipo-de-solidao-que-atinge-justamente-quem-mais-acolhe-os-outros-e-quase-ninguem-percebe\/","og_site_name":"Estado de Minas - Em foco","article_published_time":"2026-04-29T20:15:00+00:00","article_modified_time":"2026-04-28T19:37:04+00:00","og_image":[{"width":1280,"height":720,"url":"https:\/\/www.em.com.br\/emfoco\/wp-content\/uploads\/2026\/04\/EmFoco_58-8.jpg","type":"image\/jpeg"}],"author":"Daniely Cardoso","twitter_card":"summary_large_image","twitter_misc":{"Escrito por":"Daniely Cardoso","Est. tempo de leitura":"5 minutos"},"schema":{"@context":"https:\/\/schema.org","@graph":[{"@type":"WebPage","@id":"https:\/\/www.em.com.br\/emfoco\/2026\/04\/29\/existe-um-tipo-de-solidao-que-atinge-justamente-quem-mais-acolhe-os-outros-e-quase-ninguem-percebe\/","url":"https:\/\/www.em.com.br\/emfoco\/2026\/04\/29\/existe-um-tipo-de-solidao-que-atinge-justamente-quem-mais-acolhe-os-outros-e-quase-ninguem-percebe\/","name":"Existe um tipo de solid\u00e3o que atinge justamente quem mais acolhe os outros, e quase ningu\u00e9m percebe - Estado de Minas - Em foco","isPartOf":{"@id":"https:\/\/www.em.com.br\/emfoco\/#website"},"primaryImageOfPage":{"@id":"https:\/\/www.em.com.br\/emfoco\/2026\/04\/29\/existe-um-tipo-de-solidao-que-atinge-justamente-quem-mais-acolhe-os-outros-e-quase-ninguem-percebe\/#primaryimage"},"image":{"@id":"https:\/\/www.em.com.br\/emfoco\/2026\/04\/29\/existe-um-tipo-de-solidao-que-atinge-justamente-quem-mais-acolhe-os-outros-e-quase-ninguem-percebe\/#primaryimage"},"thumbnailUrl":"https:\/\/www.em.com.br\/emfoco\/wp-content\/uploads\/2026\/04\/EmFoco_58-8.jpg","datePublished":"2026-04-29T20:15:00+00:00","dateModified":"2026-04-28T19:37:04+00:00","author":{"@id":"https:\/\/www.em.com.br\/emfoco\/#\/schema\/person\/0a8186d72f2c3a5c6276d90b41f271a0"},"description":"A psicologia aponta uma solid\u00e3o invis\u00edvel em pessoas sempre fortes e acolhedoras, que raramente recebem o mesmo cuidado que oferecem aos outros.","breadcrumb":{"@id":"https:\/\/www.em.com.br\/emfoco\/2026\/04\/29\/existe-um-tipo-de-solidao-que-atinge-justamente-quem-mais-acolhe-os-outros-e-quase-ninguem-percebe\/#breadcrumb"},"inLanguage":"pt-BR","potentialAction":[{"@type":"ReadAction","target":["https:\/\/www.em.com.br\/emfoco\/2026\/04\/29\/existe-um-tipo-de-solidao-que-atinge-justamente-quem-mais-acolhe-os-outros-e-quase-ninguem-percebe\/"]}]},{"@type":"ImageObject","inLanguage":"pt-BR","@id":"https:\/\/www.em.com.br\/emfoco\/2026\/04\/29\/existe-um-tipo-de-solidao-que-atinge-justamente-quem-mais-acolhe-os-outros-e-quase-ninguem-percebe\/#primaryimage","url":"https:\/\/www.em.com.br\/emfoco\/wp-content\/uploads\/2026\/04\/EmFoco_58-8.jpg","contentUrl":"https:\/\/www.em.com.br\/emfoco\/wp-content\/uploads\/2026\/04\/EmFoco_58-8.jpg","width":1280,"height":720,"caption":"Paradoxo psicol\u00f3gico onde pessoas resilientes sofrem com a falta de acolhimento interpessoal"},{"@type":"BreadcrumbList","@id":"https:\/\/www.em.com.br\/emfoco\/2026\/04\/29\/existe-um-tipo-de-solidao-que-atinge-justamente-quem-mais-acolhe-os-outros-e-quase-ninguem-percebe\/#breadcrumb","itemListElement":[{"@type":"ListItem","position":1,"name":"In\u00edcio","item":"https:\/\/www.em.com.br\/emfoco\/"},{"@type":"ListItem","position":2,"name":"Existe um tipo de solid\u00e3o que atinge justamente quem mais acolhe os outros, e quase ningu\u00e9m percebe"}]},{"@type":"WebSite","@id":"https:\/\/www.em.com.br\/emfoco\/#website","url":"https:\/\/www.em.com.br\/emfoco\/","name":"Estado de Minas - Em foco","description":"Acompanhe as \u00faltimas not\u00edcias e fique bem informado sobre tudo o que acontece em Minas Gerais, Brasil e no mundo.","potentialAction":[{"@type":"SearchAction","target":{"@type":"EntryPoint","urlTemplate":"https:\/\/www.em.com.br\/emfoco\/?s={search_term_string}"},"query-input":{"@type":"PropertyValueSpecification","valueRequired":true,"valueName":"search_term_string"}}],"inLanguage":"pt-BR"},{"@type":"Person","@id":"https:\/\/www.em.com.br\/emfoco\/#\/schema\/person\/0a8186d72f2c3a5c6276d90b41f271a0","name":"Daniely Cardoso","image":{"@type":"ImageObject","inLanguage":"pt-BR","@id":"https:\/\/www.em.com.br\/emfoco\/#\/schema\/person\/image\/","url":"https:\/\/secure.gravatar.com\/avatar\/4b80ddbd124d1f071b626d52d62e5dff?s=96&d=mm&r=g","contentUrl":"https:\/\/secure.gravatar.com\/avatar\/4b80ddbd124d1f071b626d52d62e5dff?s=96&d=mm&r=g","caption":"Daniely Cardoso"},"url":"https:\/\/www.em.com.br\/emfoco\/author\/danielymyth\/"}]}},"_links":{"self":[{"href":"https:\/\/www.em.com.br\/emfoco\/wp-json\/wp\/v2\/posts\/200958","targetHints":{"allow":["GET"]}}],"collection":[{"href":"https:\/\/www.em.com.br\/emfoco\/wp-json\/wp\/v2\/posts"}],"about":[{"href":"https:\/\/www.em.com.br\/emfoco\/wp-json\/wp\/v2\/types\/post"}],"author":[{"embeddable":true,"href":"https:\/\/www.em.com.br\/emfoco\/wp-json\/wp\/v2\/users\/9"}],"replies":[{"embeddable":true,"href":"https:\/\/www.em.com.br\/emfoco\/wp-json\/wp\/v2\/comments?post=200958"}],"version-history":[{"count":1,"href":"https:\/\/www.em.com.br\/emfoco\/wp-json\/wp\/v2\/posts\/200958\/revisions"}],"predecessor-version":[{"id":200965,"href":"https:\/\/www.em.com.br\/emfoco\/wp-json\/wp\/v2\/posts\/200958\/revisions\/200965"}],"wp:featuredmedia":[{"embeddable":true,"href":"https:\/\/www.em.com.br\/emfoco\/wp-json\/wp\/v2\/media\/200972"}],"wp:attachment":[{"href":"https:\/\/www.em.com.br\/emfoco\/wp-json\/wp\/v2\/media?parent=200958"}],"wp:term":[{"taxonomy":"category","embeddable":true,"href":"https:\/\/www.em.com.br\/emfoco\/wp-json\/wp\/v2\/categories?post=200958"},{"taxonomy":"post_tag","embeddable":true,"href":"https:\/\/www.em.com.br\/emfoco\/wp-json\/wp\/v2\/tags?post=200958"}],"curies":[{"name":"wp","href":"https:\/\/api.w.org\/{rel}","templated":true}]}}