{"id":200957,"date":"2026-04-29T21:15:00","date_gmt":"2026-04-30T00:15:00","guid":{"rendered":"https:\/\/www.em.com.br\/emfoco\/?p=200957"},"modified":"2026-04-28T16:37:22","modified_gmt":"2026-04-28T19:37:22","slug":"por-que-algumas-pessoas-preferem-ficar-em-silencio-mesmo-quando-estao-cheias-de-coisas-para-dizer","status":"publish","type":"post","link":"https:\/\/www.em.com.br\/emfoco\/2026\/04\/29\/por-que-algumas-pessoas-preferem-ficar-em-silencio-mesmo-quando-estao-cheias-de-coisas-para-dizer\/","title":{"rendered":"Por que algumas pessoas preferem ficar em sil\u00eancio mesmo quando est\u00e3o cheias de coisas para dizer"},"content":{"rendered":"\n<p>Muitas pessoas acreditam que a aus\u00eancia de resposta durante um conflito reflete passividade ou falta de argumentos, ignorando a complexidade anal\u00edtica por tr\u00e1s desse comportamento. Na verdade, o ato de calar-se pode ser o resultado de uma equa\u00e7\u00e3o mental profunda sobre a preserva\u00e7\u00e3o da energia pessoal e do bem-estar a longo prazo.<\/p>\n\n\n\n<h2 class=\"wp-block-heading\">Por que pessoas inteligentes escolhem o sil\u00eancio em conflitos<\/h2>\n\n\n\n<p>O <strong>sil\u00eancio estrat\u00e9gico<\/strong> \u00e9 frequentemente adotado por indiv\u00edduos que, ap\u00f3s anos de experi\u00eancias sociais, conclu\u00edram que o <strong>custo da argumenta\u00e7\u00e3o<\/strong> supera qualquer benef\u00edcio imediato. Ao realizar esse c\u00e1lculo mental, o indiv\u00edduo percebe que tentar mudar a percep\u00e7\u00e3o alheia em momentos de tens\u00e3o gera um <strong>desgaste emocional<\/strong> desnecess\u00e1rio e raramente produz mudan\u00e7as reais.<\/p>\n\n\n\n<p>Essas pessoas n\u00e3o permanecem caladas por serem calmas, mas porque priorizam a <strong>sa\u00fade mental<\/strong> e a efici\u00eancia comunicativa acima da necessidade de valida\u00e7\u00e3o externa. Optar pelo n\u00e3o enfrentamento \u00e9 uma forma de <strong>autopreserva\u00e7\u00e3o<\/strong>, especialmente em ambientes onde a l\u00f3gica \u00e9 substitu\u00edda pela reatividade, permitindo que a energia seja canalizada para solu\u00e7\u00f5es pr\u00e1ticas.<\/p>\n\n\n<div class=\"wp-block-image\">\n<figure class=\"aligncenter size-large\"><img loading=\"lazy\" decoding=\"async\" width=\"1024\" height=\"576\" src=\"https:\/\/www.em.com.br\/emfoco\/wp-content\/uploads\/2026\/03\/Gemini_Generated_Image_m6bpmpm6bpmpm6bp-1-1024x576.png\" alt=\"\" class=\"wp-image-180915\" srcset=\"https:\/\/www.em.com.br\/emfoco\/wp-content\/uploads\/2026\/03\/Gemini_Generated_Image_m6bpmpm6bpmpm6bp-1-1024x576.png 1024w, https:\/\/www.em.com.br\/emfoco\/wp-content\/uploads\/2026\/03\/Gemini_Generated_Image_m6bpmpm6bpmpm6bp-1-300x169.png 300w, https:\/\/www.em.com.br\/emfoco\/wp-content\/uploads\/2026\/03\/Gemini_Generated_Image_m6bpmpm6bpmpm6bp-1-768x432.png 768w, https:\/\/www.em.com.br\/emfoco\/wp-content\/uploads\/2026\/03\/Gemini_Generated_Image_m6bpmpm6bpmpm6bp-1-750x422.png 750w, https:\/\/www.em.com.br\/emfoco\/wp-content\/uploads\/2026\/03\/Gemini_Generated_Image_m6bpmpm6bpmpm6bp-1-1140x641.png 1140w, https:\/\/www.em.com.br\/emfoco\/wp-content\/uploads\/2026\/03\/Gemini_Generated_Image_m6bpmpm6bpmpm6bp-1.png 1280w\" sizes=\"auto, (max-width: 1024px) 100vw, 1024px\" \/><figcaption class=\"wp-element-caption\">O sil\u00eancio pode nascer de diferentes motivos, e nem sempre eles s\u00e3o vis\u00edveis para quem est\u00e1 de fora<\/figcaption><\/figure><\/div>\n\n\n<p>Leia tamb\u00e9m: <a href=\"https:\/\/www.em.com.br\/emfoco\/2026\/01\/23\/a-psicologia-por-tras-das-pessoas-que-nunca-postam-nas-redes-sociais\/\" target=\"_blank\" rel=\"noreferrer noopener\">A psicologia por tr\u00e1s das pessoas que nunca postam nas redes sociais<\/a><\/p>\n\n\n\n<h2 class=\"wp-block-heading\">O c\u00e1lculo mental por tr\u00e1s da economia de palavras<\/h2>\n\n\n\n<p>A decis\u00e3o de engolir uma resposta atravessada envolve uma an\u00e1lise de <strong>custo-benef\u00edcio<\/strong> que muitas vezes leva anos para ser aperfei\u00e7oada pelo indiv\u00edduo. Quando algu\u00e9m decide n\u00e3o externalizar sua opini\u00e3o, essa pessoa est\u00e1 protegendo seu <strong>tempo<\/strong> e evitando que uma discuss\u00e3o circular drene sua produtividade e foco em objetivos maiores.<\/p>\n\n\n\n<p>Essa postura \u00e9 comum em ambientes de alta press\u00e3o, como grandes empresas em <strong>Amsterd\u00e3<\/strong> ou centros tecnol\u00f3gicos nos <strong>Estados Unidos<\/strong>, onde a efici\u00eancia \u00e9 valorizada. Entender que o <strong>sil\u00eancio<\/strong> pode ser uma ferramenta de poder ajuda a manter o equil\u00edbrio em situa\u00e7\u00f5es onde o interlocutor n\u00e3o est\u00e1 aberto a uma troca construtiva de informa\u00e7\u00f5es.<\/p>\n\n\n\n<h2 class=\"wp-block-heading\">Impactos da intelig\u00eancia emocional na comunica\u00e7\u00e3o interpessoal<\/h2>\n\n\n\n<p>A <strong>intelig\u00eancia emocional<\/strong> permite que o sujeito identifique rapidamente quando uma conversa se transformar\u00e1 em um embate improdutivo de egos. Ao dominar essa habilidade, torna-se mais f\u00e1cil aplicar o <strong>distanciamento emocional<\/strong>, transformando o que seria uma briga em uma observa\u00e7\u00e3o neutra sobre o comportamento do outro.<\/p>\n\n\n\n<p>Dominar o impulso de responder a cada provoca\u00e7\u00e3o exige um n\u00edvel elevado de <strong>autoconhecimento<\/strong> e controle sobre o sistema l\u00edmbico do c\u00e9rebro. Praticar essa abordagem fortalece a <strong>resili\u00eancia<\/strong>, garantindo que o seu estado de esp\u00edrito n\u00e3o dependa da aprova\u00e7\u00e3o ou da compreens\u00e3o de quem est\u00e1 ao seu redor naquele momento.<\/p>\n\n\n<div class=\"wp-block-image\">\n<figure class=\"aligncenter size-large\"><img loading=\"lazy\" decoding=\"async\" width=\"1024\" height=\"576\" src=\"https:\/\/www.em.com.br\/emfoco\/wp-content\/uploads\/2026\/03\/pessoa--1024x576.jpg\" alt=\"\" class=\"wp-image-187844\" srcset=\"https:\/\/www.em.com.br\/emfoco\/wp-content\/uploads\/2026\/03\/pessoa--1024x576.jpg 1024w, https:\/\/www.em.com.br\/emfoco\/wp-content\/uploads\/2026\/03\/pessoa--300x169.jpg 300w, https:\/\/www.em.com.br\/emfoco\/wp-content\/uploads\/2026\/03\/pessoa--768x432.jpg 768w, https:\/\/www.em.com.br\/emfoco\/wp-content\/uploads\/2026\/03\/pessoa--750x422.jpg 750w, https:\/\/www.em.com.br\/emfoco\/wp-content\/uploads\/2026\/03\/pessoa--1140x641.jpg 1140w, https:\/\/www.em.com.br\/emfoco\/wp-content\/uploads\/2026\/03\/pessoa-.jpg 1280w\" sizes=\"auto, (max-width: 1024px) 100vw, 1024px\" \/><figcaption class=\"wp-element-caption\">Ao desconstruir o sil\u00eancio como forma de prote\u00e7\u00e3o, abrimos espa\u00e7o para uma vida mais aut\u00eantica<\/figcaption><\/figure><\/div>\n\n\n<h2 class=\"wp-block-heading\">Como aplicar o sil\u00eancio produtivo no dia a dia<\/h2>\n\n\n\n<p>Para implementar essa t\u00e9cnica de <strong>comunica\u00e7\u00e3o assertiva<\/strong>, \u00e9 necess\u00e1rio avaliar se a exposi\u00e7\u00e3o da sua verdade trar\u00e1 um resultado pr\u00e1tico ou apenas satisfa\u00e7\u00e3o moment\u00e2nea para o ego. Nem toda cr\u00edtica merece uma defesa, e nem todo equ\u00edvoco alheio precisa de uma corre\u00e7\u00e3o imediata vinda de voc\u00ea, poupando recursos internos valiosos.<\/p>\n\n\n\n<ul class=\"wp-block-list\">\n<li>Analise se o interlocutor possui <strong>abertura para o di\u00e1logo<\/strong> real antes de investir palavras.<\/li>\n\n\n\n<li>Considere se o t\u00f3pico em quest\u00e3o ter\u00e1 <strong>relev\u00e2ncia daqui a um ano<\/strong> em sua vida pessoal.<\/li>\n\n\n\n<li>Avalie o <strong>ambiente social<\/strong> para identificar se o sil\u00eancio \u00e9 a ferramenta mais elegante dispon\u00edvel.<\/li>\n\n\n\n<li>Pratique a <strong>escuta ativa<\/strong> sem a obrigatoriedade de formular uma r\u00e9plica defensiva constante.<\/li>\n\n\n\n<li>Observe como a <strong>aus\u00eancia de rea\u00e7\u00e3o<\/strong> muitas vezes desativa a agressividade do oponente naturalmente.<\/li>\n<\/ul>\n\n\n\n<p>Lembre-se de que cada vez que voc\u00ea escolhe n\u00e3o participar de uma briga in\u00fatil, voc\u00ea ganha <strong>liberdade mental<\/strong> para focar no que realmente importa. Investir em di\u00e1logos que tragam crescimento m\u00fatuo \u00e9 a melhor forma de valorizar sua voz e sua presen\u00e7a no mundo.<\/p>\n\n\n\n<h2 class=\"wp-block-heading\">Benef\u00edcios de priorizar a paz interna sobre a vit\u00f3ria argumentativa<\/h2>\n\n\n\n<p><a href=\"https:\/\/www.psychologytoday.com\/us\/blog\/emotional-behavior-behavioral-emotions\/202604\/is-emotional-regulation-effective-everywhere\" target=\"_blank\" rel=\"noreferrer noopener\">Escolher a paz interior <\/a>em vez de provar um ponto de vista \u00e9 uma marca de maturidade que impacta positivamente todos os pilares da vida humana. Ao longo do tempo, essa pr\u00e1tica reduz n\u00edveis de <strong>cortisol<\/strong> e melhora a qualidade das rela\u00e7\u00f5es, j\u00e1 que o indiv\u00edduo passa a ser visto como algu\u00e9m ponderado e centrado.<\/p>\n\n\n\n<p>A conclus\u00e3o de que o <strong>custo de dizer a verdade<\/strong> \u00e9 alto demais para certas audi\u00eancias n\u00e3o \u00e9 um sinal de derrota, mas de sabedoria t\u00e1tica. Valorizar o pr\u00f3prio sil\u00eancio \u00e9, acima de tudo, um ato de respeito por si mesmo, garantindo que suas palavras sejam guardadas para quem realmente possui capacidade de compreend\u00ea-las.<\/p>\n","protected":false},"excerpt":{"rendered":"<p>Muitas pessoas acreditam que a aus\u00eancia de resposta durante um conflito reflete passividade ou falta de argumentos, ignorando a complexidade anal\u00edtica por tr\u00e1s desse comportamento. Na verdade, o ato de calar-se pode ser o resultado de uma equa\u00e7\u00e3o mental profunda sobre a preserva\u00e7\u00e3o da energia pessoal e do bem-estar a longo prazo. Por que pessoas [&hellip;]<\/p>\n","protected":false},"author":9,"featured_media":200970,"comment_status":"open","ping_status":"open","sticky":false,"template":"","format":"standard","meta":{"jnews-multi-image_gallery":[],"jnews_single_post":{"format":"standard"},"jnews_primary_category":[],"jnews_social_meta":[],"jnews_override_counter":[],"footnotes":""},"categories":[8819],"tags":[28953,13051,28952],"class_list":["post-200957","post","type-post","status-publish","format-standard","has-post-thumbnail","hentry","category-curiosidades","tag-calculo-mental","tag-pessoas-inteligentes","tag-silencio-em-conflitos"],"yoast_head":"<!-- This site is optimized with the Yoast SEO plugin v23.8 - https:\/\/yoast.com\/wordpress\/plugins\/seo\/ -->\n<title>Por que algumas pessoas preferem ficar em sil\u00eancio mesmo quando est\u00e3o cheias de coisas para dizer - Estado de Minas - Em foco<\/title>\n<meta name=\"description\" content=\"O sil\u00eancio em conflitos pode ser uma estrat\u00e9gia emocional de prote\u00e7\u00e3o que evita desgaste, mas tamb\u00e9m pode gerar afastamento e desconex\u00e3o.\" \/>\n<meta name=\"robots\" content=\"index, follow, max-snippet:-1, max-image-preview:large, max-video-preview:-1\" \/>\n<link rel=\"canonical\" href=\"https:\/\/www.em.com.br\/emfoco\/2026\/04\/29\/por-que-algumas-pessoas-preferem-ficar-em-silencio-mesmo-quando-estao-cheias-de-coisas-para-dizer\/\" \/>\n<meta property=\"og:locale\" content=\"pt_BR\" \/>\n<meta property=\"og:type\" content=\"article\" \/>\n<meta property=\"og:title\" content=\"Por que algumas pessoas preferem ficar em sil\u00eancio mesmo quando est\u00e3o cheias de coisas para dizer - Estado de Minas - Em foco\" \/>\n<meta property=\"og:description\" content=\"O sil\u00eancio em conflitos pode ser uma estrat\u00e9gia emocional de prote\u00e7\u00e3o que evita desgaste, mas tamb\u00e9m pode gerar afastamento e desconex\u00e3o.\" \/>\n<meta property=\"og:url\" content=\"https:\/\/www.em.com.br\/emfoco\/2026\/04\/29\/por-que-algumas-pessoas-preferem-ficar-em-silencio-mesmo-quando-estao-cheias-de-coisas-para-dizer\/\" \/>\n<meta property=\"og:site_name\" content=\"Estado de Minas - Em foco\" \/>\n<meta property=\"article:published_time\" content=\"2026-04-30T00:15:00+00:00\" \/>\n<meta property=\"article:modified_time\" content=\"2026-04-28T19:37:22+00:00\" \/>\n<meta property=\"og:image\" content=\"https:\/\/www.em.com.br\/emfoco\/wp-content\/uploads\/2026\/04\/EmFoco_60-7.jpg\" \/>\n\t<meta property=\"og:image:width\" content=\"1280\" \/>\n\t<meta property=\"og:image:height\" content=\"720\" \/>\n\t<meta property=\"og:image:type\" content=\"image\/jpeg\" \/>\n<meta name=\"author\" content=\"Daniely Cardoso\" \/>\n<meta name=\"twitter:card\" content=\"summary_large_image\" \/>\n<meta name=\"twitter:label1\" content=\"Escrito por\" \/>\n\t<meta name=\"twitter:data1\" content=\"Daniely Cardoso\" \/>\n\t<meta name=\"twitter:label2\" content=\"Est. tempo de leitura\" \/>\n\t<meta name=\"twitter:data2\" content=\"5 minutos\" \/>\n<!-- \/ Yoast SEO plugin. -->","yoast_head_json":{"title":"Por que algumas pessoas preferem ficar em sil\u00eancio mesmo quando est\u00e3o cheias de coisas para dizer - Estado de Minas - Em foco","description":"O sil\u00eancio em conflitos pode ser uma estrat\u00e9gia emocional de prote\u00e7\u00e3o que evita desgaste, mas tamb\u00e9m pode gerar afastamento e desconex\u00e3o.","robots":{"index":"index","follow":"follow","max-snippet":"max-snippet:-1","max-image-preview":"max-image-preview:large","max-video-preview":"max-video-preview:-1"},"canonical":"https:\/\/www.em.com.br\/emfoco\/2026\/04\/29\/por-que-algumas-pessoas-preferem-ficar-em-silencio-mesmo-quando-estao-cheias-de-coisas-para-dizer\/","og_locale":"pt_BR","og_type":"article","og_title":"Por que algumas pessoas preferem ficar em sil\u00eancio mesmo quando est\u00e3o cheias de coisas para dizer - Estado de Minas - Em foco","og_description":"O sil\u00eancio em conflitos pode ser uma estrat\u00e9gia emocional de prote\u00e7\u00e3o que evita desgaste, mas tamb\u00e9m pode gerar afastamento e desconex\u00e3o.","og_url":"https:\/\/www.em.com.br\/emfoco\/2026\/04\/29\/por-que-algumas-pessoas-preferem-ficar-em-silencio-mesmo-quando-estao-cheias-de-coisas-para-dizer\/","og_site_name":"Estado de Minas - Em foco","article_published_time":"2026-04-30T00:15:00+00:00","article_modified_time":"2026-04-28T19:37:22+00:00","og_image":[{"width":1280,"height":720,"url":"https:\/\/www.em.com.br\/emfoco\/wp-content\/uploads\/2026\/04\/EmFoco_60-7.jpg","type":"image\/jpeg"}],"author":"Daniely Cardoso","twitter_card":"summary_large_image","twitter_misc":{"Escrito por":"Daniely Cardoso","Est. tempo de leitura":"5 minutos"},"schema":{"@context":"https:\/\/schema.org","@graph":[{"@type":"WebPage","@id":"https:\/\/www.em.com.br\/emfoco\/2026\/04\/29\/por-que-algumas-pessoas-preferem-ficar-em-silencio-mesmo-quando-estao-cheias-de-coisas-para-dizer\/","url":"https:\/\/www.em.com.br\/emfoco\/2026\/04\/29\/por-que-algumas-pessoas-preferem-ficar-em-silencio-mesmo-quando-estao-cheias-de-coisas-para-dizer\/","name":"Por que algumas pessoas preferem ficar em sil\u00eancio mesmo quando est\u00e3o cheias de coisas para dizer - Estado de Minas - Em foco","isPartOf":{"@id":"https:\/\/www.em.com.br\/emfoco\/#website"},"primaryImageOfPage":{"@id":"https:\/\/www.em.com.br\/emfoco\/2026\/04\/29\/por-que-algumas-pessoas-preferem-ficar-em-silencio-mesmo-quando-estao-cheias-de-coisas-para-dizer\/#primaryimage"},"image":{"@id":"https:\/\/www.em.com.br\/emfoco\/2026\/04\/29\/por-que-algumas-pessoas-preferem-ficar-em-silencio-mesmo-quando-estao-cheias-de-coisas-para-dizer\/#primaryimage"},"thumbnailUrl":"https:\/\/www.em.com.br\/emfoco\/wp-content\/uploads\/2026\/04\/EmFoco_60-7.jpg","datePublished":"2026-04-30T00:15:00+00:00","dateModified":"2026-04-28T19:37:22+00:00","author":{"@id":"https:\/\/www.em.com.br\/emfoco\/#\/schema\/person\/0a8186d72f2c3a5c6276d90b41f271a0"},"description":"O sil\u00eancio em conflitos pode ser uma estrat\u00e9gia emocional de prote\u00e7\u00e3o que evita desgaste, mas tamb\u00e9m pode gerar afastamento e desconex\u00e3o.","breadcrumb":{"@id":"https:\/\/www.em.com.br\/emfoco\/2026\/04\/29\/por-que-algumas-pessoas-preferem-ficar-em-silencio-mesmo-quando-estao-cheias-de-coisas-para-dizer\/#breadcrumb"},"inLanguage":"pt-BR","potentialAction":[{"@type":"ReadAction","target":["https:\/\/www.em.com.br\/emfoco\/2026\/04\/29\/por-que-algumas-pessoas-preferem-ficar-em-silencio-mesmo-quando-estao-cheias-de-coisas-para-dizer\/"]}]},{"@type":"ImageObject","inLanguage":"pt-BR","@id":"https:\/\/www.em.com.br\/emfoco\/2026\/04\/29\/por-que-algumas-pessoas-preferem-ficar-em-silencio-mesmo-quando-estao-cheias-de-coisas-para-dizer\/#primaryimage","url":"https:\/\/www.em.com.br\/emfoco\/wp-content\/uploads\/2026\/04\/EmFoco_60-7.jpg","contentUrl":"https:\/\/www.em.com.br\/emfoco\/wp-content\/uploads\/2026\/04\/EmFoco_60-7.jpg","width":1280,"height":720,"caption":"Uso estrat\u00e9gico do sil\u00eancio como ferramenta anal\u00edtica para preserva\u00e7\u00e3o da sa\u00fade mental"},{"@type":"BreadcrumbList","@id":"https:\/\/www.em.com.br\/emfoco\/2026\/04\/29\/por-que-algumas-pessoas-preferem-ficar-em-silencio-mesmo-quando-estao-cheias-de-coisas-para-dizer\/#breadcrumb","itemListElement":[{"@type":"ListItem","position":1,"name":"In\u00edcio","item":"https:\/\/www.em.com.br\/emfoco\/"},{"@type":"ListItem","position":2,"name":"Por que algumas pessoas preferem ficar em sil\u00eancio mesmo quando est\u00e3o cheias de coisas para dizer"}]},{"@type":"WebSite","@id":"https:\/\/www.em.com.br\/emfoco\/#website","url":"https:\/\/www.em.com.br\/emfoco\/","name":"Estado de Minas - Em foco","description":"Acompanhe as \u00faltimas not\u00edcias e fique bem informado sobre tudo o que acontece em Minas Gerais, Brasil e no mundo.","potentialAction":[{"@type":"SearchAction","target":{"@type":"EntryPoint","urlTemplate":"https:\/\/www.em.com.br\/emfoco\/?s={search_term_string}"},"query-input":{"@type":"PropertyValueSpecification","valueRequired":true,"valueName":"search_term_string"}}],"inLanguage":"pt-BR"},{"@type":"Person","@id":"https:\/\/www.em.com.br\/emfoco\/#\/schema\/person\/0a8186d72f2c3a5c6276d90b41f271a0","name":"Daniely Cardoso","image":{"@type":"ImageObject","inLanguage":"pt-BR","@id":"https:\/\/www.em.com.br\/emfoco\/#\/schema\/person\/image\/","url":"https:\/\/secure.gravatar.com\/avatar\/4b80ddbd124d1f071b626d52d62e5dff?s=96&d=mm&r=g","contentUrl":"https:\/\/secure.gravatar.com\/avatar\/4b80ddbd124d1f071b626d52d62e5dff?s=96&d=mm&r=g","caption":"Daniely Cardoso"},"url":"https:\/\/www.em.com.br\/emfoco\/author\/danielymyth\/"}]}},"_links":{"self":[{"href":"https:\/\/www.em.com.br\/emfoco\/wp-json\/wp\/v2\/posts\/200957","targetHints":{"allow":["GET"]}}],"collection":[{"href":"https:\/\/www.em.com.br\/emfoco\/wp-json\/wp\/v2\/posts"}],"about":[{"href":"https:\/\/www.em.com.br\/emfoco\/wp-json\/wp\/v2\/types\/post"}],"author":[{"embeddable":true,"href":"https:\/\/www.em.com.br\/emfoco\/wp-json\/wp\/v2\/users\/9"}],"replies":[{"embeddable":true,"href":"https:\/\/www.em.com.br\/emfoco\/wp-json\/wp\/v2\/comments?post=200957"}],"version-history":[{"count":1,"href":"https:\/\/www.em.com.br\/emfoco\/wp-json\/wp\/v2\/posts\/200957\/revisions"}],"predecessor-version":[{"id":200967,"href":"https:\/\/www.em.com.br\/emfoco\/wp-json\/wp\/v2\/posts\/200957\/revisions\/200967"}],"wp:featuredmedia":[{"embeddable":true,"href":"https:\/\/www.em.com.br\/emfoco\/wp-json\/wp\/v2\/media\/200970"}],"wp:attachment":[{"href":"https:\/\/www.em.com.br\/emfoco\/wp-json\/wp\/v2\/media?parent=200957"}],"wp:term":[{"taxonomy":"category","embeddable":true,"href":"https:\/\/www.em.com.br\/emfoco\/wp-json\/wp\/v2\/categories?post=200957"},{"taxonomy":"post_tag","embeddable":true,"href":"https:\/\/www.em.com.br\/emfoco\/wp-json\/wp\/v2\/tags?post=200957"}],"curies":[{"name":"wp","href":"https:\/\/api.w.org\/{rel}","templated":true}]}}