{"id":200956,"date":"2026-04-29T14:05:00","date_gmt":"2026-04-29T17:05:00","guid":{"rendered":"https:\/\/www.em.com.br\/emfoco\/?p=200956"},"modified":"2026-04-29T00:22:55","modified_gmt":"2026-04-29T03:22:55","slug":"inss-libera-r-29-bilhoes-e-aposentados-possui-dias-contados-para-pedir-dinheiro-de-volta","status":"publish","type":"post","link":"https:\/\/www.em.com.br\/emfoco\/2026\/04\/29\/inss-libera-r-29-bilhoes-e-aposentados-possui-dias-contados-para-pedir-dinheiro-de-volta\/","title":{"rendered":"INSS libera R$ 2,9 bilh\u00f5es e aposentados possui dias contados para pedir dinheiro de volta"},"content":{"rendered":"\n<p>O <strong>INSS<\/strong> confirmou a devolu\u00e7\u00e3o de bilh\u00f5es de reais para segurados que sofreram descontos indevidos em suas folhas de pagamento. O prazo para contestar essas cobran\u00e7as foi estendido at\u00e9 o dia <strong>20 de junho de 2026<\/strong>.<\/p>\n\n\n\n<h2 class=\"wp-block-heading\">Como surgiu o direito ao ressarcimento pelo INSS?<\/h2>\n\n\n\n<p>A necessidade de devolu\u00e7\u00e3o dos valores nasceu ap\u00f3s a <strong>Opera\u00e7\u00e3o Sem Desconto<\/strong>, deflagrada em <strong>2025<\/strong> para combater fraudes em associa\u00e7\u00f5es. Investiga\u00e7\u00f5es da <strong>Controladoria-Geral da Uni\u00e3o<\/strong> revelaram que <strong>97%<\/strong> dos descontos analisados n\u00e3o possu\u00edam autoriza\u00e7\u00e3o dos benefici\u00e1rios.<\/p>\n\n\n\n<p>O esquema retirava mensalmente at\u00e9 <strong>R$ 81,57<\/strong> de cada aposentado, gerando um preju\u00edzo bilion\u00e1rio aos cofres dos segurados. Diante da gravidade, o <a href=\"https:\/\/pt.wikipedia.org\/wiki\/Instituto_Nacional_do_Seguro_Social\" target=\"_blank\" rel=\"noreferrer noopener\">Instituto Nacional do Seguro Social<\/a> abriu o canal administrativo para facilitar o reembolso sem a necessidade de advogados.<\/p>\n\n\n\n<h2 class=\"wp-block-heading\">Quem pode solicitar a devolu\u00e7\u00e3o do dinheiro?<\/h2>\n\n\n\n<p>O direito ao reembolso \u00e9 garantido para todos os aposentados e pensionistas que identificarem rubricas de associa\u00e7\u00f5es n\u00e3o reconhecidas em seus extratos. O per\u00edodo cr\u00edtico das cobran\u00e7as irregulares compreende os meses de <strong>mar\u00e7o de 2020<\/strong> at\u00e9 <strong>mar\u00e7o de 2025<\/strong>.<\/p>\n\n\n\n<p>Muitas vezes, as entidades apresentam assinaturas falsificadas ou \u00e1udios duvidosos como prova de ades\u00e3o. Segundo o <strong><a href=\"https:\/\/www.em.com.br\/emfoco\/2026\/04\/27\/nova-regra-do-inss-ja-esta-valendo-e-muda-a-vida-de-aposentados-e-pensionistas-em-maio\/\" target=\"_blank\" rel=\"noreferrer noopener\">INSS<\/a><\/strong>, se a resposta da associa\u00e7\u00e3o for irregular ou se ela n\u00e3o se manifestar em <strong>15 dias \u00fateis<\/strong>, o direito ao ressarcimento \u00e9 liberado automaticamente no sistema.<\/p>\n\n\n<div class=\"wp-block-image\">\n<figure class=\"aligncenter size-large\"><img loading=\"lazy\" decoding=\"async\" width=\"1024\" height=\"576\" src=\"https:\/\/www.em.com.br\/emfoco\/wp-content\/uploads\/2026\/04\/INSS_1776441301344-1-1024x576.jpg\" alt=\"Novo valor do sal\u00e1rio m\u00ednimo proposto pelo governo federal atinge marca de R$ 1.717 - Cr\u00e9ditos: depositphotos.com \/ rmcarvalhobsb\" class=\"wp-image-194491\" srcset=\"https:\/\/www.em.com.br\/emfoco\/wp-content\/uploads\/2026\/04\/INSS_1776441301344-1-1024x576.jpg 1024w, https:\/\/www.em.com.br\/emfoco\/wp-content\/uploads\/2026\/04\/INSS_1776441301344-1-300x169.jpg 300w, https:\/\/www.em.com.br\/emfoco\/wp-content\/uploads\/2026\/04\/INSS_1776441301344-1-768x432.jpg 768w, https:\/\/www.em.com.br\/emfoco\/wp-content\/uploads\/2026\/04\/INSS_1776441301344-1-750x422.jpg 750w, https:\/\/www.em.com.br\/emfoco\/wp-content\/uploads\/2026\/04\/INSS_1776441301344-1-1140x641.jpg 1140w, https:\/\/www.em.com.br\/emfoco\/wp-content\/uploads\/2026\/04\/INSS_1776441301344-1.jpg 1280w\" sizes=\"auto, (max-width: 1024px) 100vw, 1024px\" \/><figcaption class=\"wp-element-caption\">Aposentados possuem prazo para contestar descontos indevidos e garantir ressarcimento &#8211; Cr\u00e9ditos: depositphotos.com \/ rmcarvalhobsb<\/figcaption><\/figure><\/div>\n\n\n<h2 class=\"wp-block-heading\">Qual o passo a passo para receber os valores?<\/h2>\n\n\n\n<p>Para recuperar o dinheiro, o segurado deve seguir etapas espec\u00edficas que garantem a seguran\u00e7a do processo e a corre\u00e7\u00e3o monet\u00e1ria dos valores. O registro da queixa \u00e9 o primeiro passo fundamental para interromper novas cobran\u00e7as e iniciar a auditoria do benef\u00edcio.<\/p>\n\n\n\n<p>Confira as etapas obrigat\u00f3rias para o recebimento:<\/p>\n\n\n<div class=\"wp-block-image\">\n<figure class=\"aligncenter size-large is-resized\"><img loading=\"lazy\" decoding=\"async\" width=\"1024\" height=\"682\" src=\"https:\/\/www.em.com.br\/emfoco\/wp-content\/uploads\/2026\/04\/image-248-1024x682.png\" alt=\"\" class=\"wp-image-201101\" style=\"width:796px;height:auto\" srcset=\"https:\/\/www.em.com.br\/emfoco\/wp-content\/uploads\/2026\/04\/image-248-1024x682.png 1024w, https:\/\/www.em.com.br\/emfoco\/wp-content\/uploads\/2026\/04\/image-248-300x200.png 300w, https:\/\/www.em.com.br\/emfoco\/wp-content\/uploads\/2026\/04\/image-248-768x511.png 768w, https:\/\/www.em.com.br\/emfoco\/wp-content\/uploads\/2026\/04\/image-248-750x499.png 750w, https:\/\/www.em.com.br\/emfoco\/wp-content\/uploads\/2026\/04\/image-248-1140x759.png 1140w, https:\/\/www.em.com.br\/emfoco\/wp-content\/uploads\/2026\/04\/image-248.png 1280w\" sizes=\"auto, (max-width: 1024px) 100vw, 1024px\" \/><\/figure><\/div>\n\n\n<p>O valor costuma ser depositado em at\u00e9 <strong>tr\u00eas dias \u00fateis<\/strong> ap\u00f3s o aceite final no aplicativo. \u00c9 importante ressaltar que o aceite do acordo n\u00e3o pode ser realizado por telefone, sendo obrigat\u00f3rio o uso do ambiente digital ou das ag\u00eancias dos <strong>Correios<\/strong>.<\/p>\n\n\n\n<h2 class=\"wp-block-heading\">Como verificar descontos indevidos no extrato?<\/h2>\n\n\n\n<p>O segurado deve monitorar mensalmente o seu extrato de pagamento para evitar que novas fraudes ocorram. A confer\u00eancia pode ser feita de forma gratuita e r\u00e1pida, permitindo que o cidad\u00e3o identifique nomes de associa\u00e7\u00f5es das quais nunca ouviu falar.<\/p>\n\n\n\n<p>Veja os itens que exigem aten\u00e7\u00e3o redobrada:<\/p>\n\n\n\n<ul class=\"wp-block-list\">\n<li><strong>Rubricas desconhecidas<\/strong>: Verifique nomes de sindicatos ou associa\u00e7\u00f5es estranhas.<\/li>\n\n\n\n<li><strong>Valores fixos<\/strong>: Observe descontos que se repetem m\u00eas a m\u00eas sem explica\u00e7\u00e3o.<\/li>\n\n\n\n<li><strong>Hist\u00f3rico de pagamentos<\/strong>: Consulte os anos de <strong>2020 a 2025<\/strong> detalhadamente.<\/li>\n<\/ul>\n\n\n\n<h2 class=\"wp-block-heading\">O INSS entra em contato para oferecer o dinheiro?<\/h2>\n\n\n\n<p>Um alerta crucial do <a href=\"https:\/\/www.gov.br\/inss\/pt-br\" target=\"_blank\" rel=\"noreferrer noopener\">INSS<\/a> diz respeito \u00e0 seguran\u00e7a contra golpistas que se aproveitam do tema. O governo nunca utiliza o <strong>WhatsApp<\/strong> ou liga\u00e7\u00f5es telef\u00f4nicas para solicitar dados banc\u00e1rios ou senhas sob o pretexto de liberar o ressarcimento.<\/p>\n\n\n\n<p>Qualquer abordagem que pe\u00e7a pagamentos de taxas para agilizar a devolu\u00e7\u00e3o deve ser tratada como tentativa de estelionato. Todo o tr\u00e2mite \u00e9 <strong>gratuito<\/strong> e deve ser acompanhado exclusivamente pelos canais oficiais para garantir que os <strong>R$ 2,9 bilh\u00f5es<\/strong> cheguem ao destino correto sem riscos.<\/p>\n\n\n\n<h2 class=\"wp-block-heading\">O que acontece ap\u00f3s 20 de junho de 2026?<\/h2>\n\n\n\n<p>Ap\u00f3s o encerramento do prazo prorrogado, o canal administrativo simplificado para essas contesta\u00e7\u00f5es poder\u00e1 ser desativado. Aqueles que perderem a data limite provavelmente precisar\u00e3o recorrer \u00e0 <strong>Justi\u00e7a Federal<\/strong> para reaver as perdas, o que torna o processo muito mais lento.<\/p>\n\n\n\n<p>Portanto, os aposentados possuem dias contados para resolver a situa\u00e7\u00e3o de forma \u00e1gil e direta. Regularizar a folha de pagamento agora evita que descontos furtivos continuem corroendo o valor do benef\u00edcio e garante a restitui\u00e7\u00e3o justa do que foi retirado indevidamente por anos.<\/p>\n","protected":false},"excerpt":{"rendered":"<p>O INSS confirmou a devolu\u00e7\u00e3o de bilh\u00f5es de reais para segurados que sofreram descontos indevidos em suas folhas de pagamento. O prazo para contestar essas cobran\u00e7as foi estendido at\u00e9 o dia 20 de junho de 2026. Como surgiu o direito ao ressarcimento pelo INSS? A necessidade de devolu\u00e7\u00e3o dos valores nasceu ap\u00f3s a Opera\u00e7\u00e3o Sem [&hellip;]<\/p>\n","protected":false},"author":30,"featured_media":201009,"comment_status":"open","ping_status":"open","sticky":false,"template":"","format":"standard","meta":{"jnews-multi-image_gallery":[],"jnews_single_post":{"format":"standard"},"jnews_primary_category":[],"jnews_social_meta":[],"jnews_override_counter":[],"footnotes":""},"categories":[28],"tags":[259,174,16254,8577],"class_list":["post-200956","post","type-post","status-publish","format-standard","has-post-thumbnail","hentry","category-economia","tag-beneficio","tag-inss","tag-justica-federal","tag-meu-inss"],"yoast_head":"<!-- This site is optimized with the Yoast SEO plugin v23.8 - https:\/\/yoast.com\/wordpress\/plugins\/seo\/ -->\n<title>INSS libera R$ 2,9 bilh\u00f5es e aposentados possui dias contados para pedir dinheiro de volta - Estado de Minas - Em foco<\/title>\n<meta name=\"robots\" content=\"index, follow, max-snippet:-1, max-image-preview:large, max-video-preview:-1\" \/>\n<link rel=\"canonical\" href=\"https:\/\/www.em.com.br\/emfoco\/2026\/04\/29\/inss-libera-r-29-bilhoes-e-aposentados-possui-dias-contados-para-pedir-dinheiro-de-volta\/\" \/>\n<meta property=\"og:locale\" content=\"pt_BR\" \/>\n<meta property=\"og:type\" content=\"article\" \/>\n<meta property=\"og:title\" content=\"INSS libera R$ 2,9 bilh\u00f5es e aposentados possui dias contados para pedir dinheiro de volta - Estado de Minas - Em foco\" \/>\n<meta property=\"og:description\" content=\"O INSS confirmou a devolu\u00e7\u00e3o de bilh\u00f5es de reais para segurados que sofreram descontos indevidos em suas folhas de pagamento. O prazo para contestar essas cobran\u00e7as foi estendido at\u00e9 o dia 20 de junho de 2026. Como surgiu o direito ao ressarcimento pelo INSS? A necessidade de devolu\u00e7\u00e3o dos valores nasceu ap\u00f3s a Opera\u00e7\u00e3o Sem [&hellip;]\" \/>\n<meta property=\"og:url\" content=\"https:\/\/www.em.com.br\/emfoco\/2026\/04\/29\/inss-libera-r-29-bilhoes-e-aposentados-possui-dias-contados-para-pedir-dinheiro-de-volta\/\" \/>\n<meta property=\"og:site_name\" content=\"Estado de Minas - Em foco\" \/>\n<meta property=\"article:published_time\" content=\"2026-04-29T17:05:00+00:00\" \/>\n<meta property=\"article:modified_time\" content=\"2026-04-29T03:22:55+00:00\" \/>\n<meta property=\"og:image\" content=\"https:\/\/www.em.com.br\/emfoco\/wp-content\/uploads\/2026\/04\/EmFoco_80-2.jpg\" \/>\n\t<meta property=\"og:image:width\" content=\"1280\" \/>\n\t<meta property=\"og:image:height\" content=\"720\" \/>\n\t<meta property=\"og:image:type\" content=\"image\/jpeg\" \/>\n<meta name=\"author\" content=\"Guilherme Ara\u00fajo\" \/>\n<meta name=\"twitter:card\" content=\"summary_large_image\" \/>\n<meta name=\"twitter:label1\" content=\"Escrito por\" \/>\n\t<meta name=\"twitter:data1\" content=\"Guilherme Ara\u00fajo\" \/>\n\t<meta name=\"twitter:label2\" content=\"Est. tempo de leitura\" \/>\n\t<meta name=\"twitter:data2\" content=\"4 minutos\" \/>\n<!-- \/ Yoast SEO plugin. -->","yoast_head_json":{"title":"INSS libera R$ 2,9 bilh\u00f5es e aposentados possui dias contados para pedir dinheiro de volta - Estado de Minas - Em foco","robots":{"index":"index","follow":"follow","max-snippet":"max-snippet:-1","max-image-preview":"max-image-preview:large","max-video-preview":"max-video-preview:-1"},"canonical":"https:\/\/www.em.com.br\/emfoco\/2026\/04\/29\/inss-libera-r-29-bilhoes-e-aposentados-possui-dias-contados-para-pedir-dinheiro-de-volta\/","og_locale":"pt_BR","og_type":"article","og_title":"INSS libera R$ 2,9 bilh\u00f5es e aposentados possui dias contados para pedir dinheiro de volta - Estado de Minas - Em foco","og_description":"O INSS confirmou a devolu\u00e7\u00e3o de bilh\u00f5es de reais para segurados que sofreram descontos indevidos em suas folhas de pagamento. O prazo para contestar essas cobran\u00e7as foi estendido at\u00e9 o dia 20 de junho de 2026. Como surgiu o direito ao ressarcimento pelo INSS? A necessidade de devolu\u00e7\u00e3o dos valores nasceu ap\u00f3s a Opera\u00e7\u00e3o Sem [&hellip;]","og_url":"https:\/\/www.em.com.br\/emfoco\/2026\/04\/29\/inss-libera-r-29-bilhoes-e-aposentados-possui-dias-contados-para-pedir-dinheiro-de-volta\/","og_site_name":"Estado de Minas - Em foco","article_published_time":"2026-04-29T17:05:00+00:00","article_modified_time":"2026-04-29T03:22:55+00:00","og_image":[{"width":1280,"height":720,"url":"https:\/\/www.em.com.br\/emfoco\/wp-content\/uploads\/2026\/04\/EmFoco_80-2.jpg","type":"image\/jpeg"}],"author":"Guilherme Ara\u00fajo","twitter_card":"summary_large_image","twitter_misc":{"Escrito por":"Guilherme Ara\u00fajo","Est. tempo de leitura":"4 minutos"},"schema":{"@context":"https:\/\/schema.org","@graph":[{"@type":"WebPage","@id":"https:\/\/www.em.com.br\/emfoco\/2026\/04\/29\/inss-libera-r-29-bilhoes-e-aposentados-possui-dias-contados-para-pedir-dinheiro-de-volta\/","url":"https:\/\/www.em.com.br\/emfoco\/2026\/04\/29\/inss-libera-r-29-bilhoes-e-aposentados-possui-dias-contados-para-pedir-dinheiro-de-volta\/","name":"INSS libera R$ 2,9 bilh\u00f5es e aposentados possui dias contados para pedir dinheiro de volta - Estado de Minas - Em foco","isPartOf":{"@id":"https:\/\/www.em.com.br\/emfoco\/#website"},"primaryImageOfPage":{"@id":"https:\/\/www.em.com.br\/emfoco\/2026\/04\/29\/inss-libera-r-29-bilhoes-e-aposentados-possui-dias-contados-para-pedir-dinheiro-de-volta\/#primaryimage"},"image":{"@id":"https:\/\/www.em.com.br\/emfoco\/2026\/04\/29\/inss-libera-r-29-bilhoes-e-aposentados-possui-dias-contados-para-pedir-dinheiro-de-volta\/#primaryimage"},"thumbnailUrl":"https:\/\/www.em.com.br\/emfoco\/wp-content\/uploads\/2026\/04\/EmFoco_80-2.jpg","datePublished":"2026-04-29T17:05:00+00:00","dateModified":"2026-04-29T03:22:55+00:00","author":{"@id":"https:\/\/www.em.com.br\/emfoco\/#\/schema\/person\/5379e929a4b966c775d121e23f9bb421"},"breadcrumb":{"@id":"https:\/\/www.em.com.br\/emfoco\/2026\/04\/29\/inss-libera-r-29-bilhoes-e-aposentados-possui-dias-contados-para-pedir-dinheiro-de-volta\/#breadcrumb"},"inLanguage":"pt-BR","potentialAction":[{"@type":"ReadAction","target":["https:\/\/www.em.com.br\/emfoco\/2026\/04\/29\/inss-libera-r-29-bilhoes-e-aposentados-possui-dias-contados-para-pedir-dinheiro-de-volta\/"]}]},{"@type":"ImageObject","inLanguage":"pt-BR","@id":"https:\/\/www.em.com.br\/emfoco\/2026\/04\/29\/inss-libera-r-29-bilhoes-e-aposentados-possui-dias-contados-para-pedir-dinheiro-de-volta\/#primaryimage","url":"https:\/\/www.em.com.br\/emfoco\/wp-content\/uploads\/2026\/04\/EmFoco_80-2.jpg","contentUrl":"https:\/\/www.em.com.br\/emfoco\/wp-content\/uploads\/2026\/04\/EmFoco_80-2.jpg","width":1280,"height":720,"caption":"Canal administrativo para recupera\u00e7\u00e3o de mensalidades associativas retiradas sem autoriza\u00e7\u00e3o de aposentados"},{"@type":"BreadcrumbList","@id":"https:\/\/www.em.com.br\/emfoco\/2026\/04\/29\/inss-libera-r-29-bilhoes-e-aposentados-possui-dias-contados-para-pedir-dinheiro-de-volta\/#breadcrumb","itemListElement":[{"@type":"ListItem","position":1,"name":"In\u00edcio","item":"https:\/\/www.em.com.br\/emfoco\/"},{"@type":"ListItem","position":2,"name":"INSS libera R$ 2,9 bilh\u00f5es e aposentados possui dias contados para pedir dinheiro de volta"}]},{"@type":"WebSite","@id":"https:\/\/www.em.com.br\/emfoco\/#website","url":"https:\/\/www.em.com.br\/emfoco\/","name":"Estado de Minas - Em foco","description":"Acompanhe as \u00faltimas not\u00edcias e fique bem informado sobre tudo o que acontece em Minas Gerais, Brasil e no mundo.","potentialAction":[{"@type":"SearchAction","target":{"@type":"EntryPoint","urlTemplate":"https:\/\/www.em.com.br\/emfoco\/?s={search_term_string}"},"query-input":{"@type":"PropertyValueSpecification","valueRequired":true,"valueName":"search_term_string"}}],"inLanguage":"pt-BR"},{"@type":"Person","@id":"https:\/\/www.em.com.br\/emfoco\/#\/schema\/person\/5379e929a4b966c775d121e23f9bb421","name":"Guilherme Ara\u00fajo","image":{"@type":"ImageObject","inLanguage":"pt-BR","@id":"https:\/\/www.em.com.br\/emfoco\/#\/schema\/person\/image\/","url":"https:\/\/secure.gravatar.com\/avatar\/b8bf1fd0130e170bd8f5d7298dbafa25?s=96&d=mm&r=g","contentUrl":"https:\/\/secure.gravatar.com\/avatar\/b8bf1fd0130e170bd8f5d7298dbafa25?s=96&d=mm&r=g","caption":"Guilherme Ara\u00fajo"},"sameAs":["https:\/\/www.em.com.br\/emfoco"],"url":"https:\/\/www.em.com.br\/emfoco\/author\/guilhermeamyth\/"}]}},"_links":{"self":[{"href":"https:\/\/www.em.com.br\/emfoco\/wp-json\/wp\/v2\/posts\/200956","targetHints":{"allow":["GET"]}}],"collection":[{"href":"https:\/\/www.em.com.br\/emfoco\/wp-json\/wp\/v2\/posts"}],"about":[{"href":"https:\/\/www.em.com.br\/emfoco\/wp-json\/wp\/v2\/types\/post"}],"author":[{"embeddable":true,"href":"https:\/\/www.em.com.br\/emfoco\/wp-json\/wp\/v2\/users\/30"}],"replies":[{"embeddable":true,"href":"https:\/\/www.em.com.br\/emfoco\/wp-json\/wp\/v2\/comments?post=200956"}],"version-history":[{"count":5,"href":"https:\/\/www.em.com.br\/emfoco\/wp-json\/wp\/v2\/posts\/200956\/revisions"}],"predecessor-version":[{"id":201112,"href":"https:\/\/www.em.com.br\/emfoco\/wp-json\/wp\/v2\/posts\/200956\/revisions\/201112"}],"wp:featuredmedia":[{"embeddable":true,"href":"https:\/\/www.em.com.br\/emfoco\/wp-json\/wp\/v2\/media\/201009"}],"wp:attachment":[{"href":"https:\/\/www.em.com.br\/emfoco\/wp-json\/wp\/v2\/media?parent=200956"}],"wp:term":[{"taxonomy":"category","embeddable":true,"href":"https:\/\/www.em.com.br\/emfoco\/wp-json\/wp\/v2\/categories?post=200956"},{"taxonomy":"post_tag","embeddable":true,"href":"https:\/\/www.em.com.br\/emfoco\/wp-json\/wp\/v2\/tags?post=200956"}],"curies":[{"name":"wp","href":"https:\/\/api.w.org\/{rel}","templated":true}]}}