{"id":200950,"date":"2026-04-29T10:15:00","date_gmt":"2026-04-29T13:15:00","guid":{"rendered":"https:\/\/www.em.com.br\/emfoco\/?p=200950"},"modified":"2026-04-29T00:22:49","modified_gmt":"2026-04-29T03:22:49","slug":"governo-antecipa-13o-salario-do-inss-em-2026-e-confirma-injecao-de-r-57-bilhoes-na-economia","status":"publish","type":"post","link":"https:\/\/www.em.com.br\/emfoco\/2026\/04\/29\/governo-antecipa-13o-salario-do-inss-em-2026-e-confirma-injecao-de-r-57-bilhoes-na-economia\/","title":{"rendered":"Governo antecipa 13\u00ba sal\u00e1rio do INSS em 2026 e confirma inje\u00e7\u00e3o de R$ 57 bilh\u00f5es na economia"},"content":{"rendered":"\n<p>A antecipa\u00e7\u00e3o do <strong>13\u00ba sal\u00e1rio do INSS<\/strong> em 2026 vai injetar <strong>R$ 57 bilh\u00f5es<\/strong> na economia brasileira, beneficiando mais de 35 milh\u00f5es de segurados. O pagamento ser\u00e1 dividido em duas parcelas, depositadas nos meses de abril e maio.<\/p>\n\n\n\n<h2 class=\"wp-block-heading\">Como funciona a antecipa\u00e7\u00e3o do 13\u00ba sal\u00e1rio do INSS?<\/h2>\n\n\n\n<p>O <strong>Governo Federal<\/strong> decidiu adiantar o cronograma que originalmente ocorreria no segundo semestre. A medida visa estimular o consumo e aliviar o or\u00e7amento das fam\u00edlias de baixa renda logo no in\u00edcio do ano, mantendo uma pr\u00e1tica comum nos \u00faltimos exerc\u00edcios fiscais.<\/p>\n\n\n\n<p>De acordo com o <a href=\"https:\/\/pt.wikipedia.org\/wiki\/Instituto_Nacional_do_Seguro_Social\" target=\"_blank\" rel=\"noreferrer noopener\">Instituto Nacional do Seguro Social<\/a>, o cr\u00e9dito segue o n\u00famero final do cart\u00e3o de benef\u00edcio. \u00c9 importante ressaltar que o <strong>13\u00ba sal\u00e1rio do INSS<\/strong> \u00e9 um direito garantido por lei, mas a data do dep\u00f3sito pode ser alterada por decreto presidencial.<\/p>\n\n\n<div class=\"wp-block-image\">\n<figure class=\"aligncenter size-large\"><img loading=\"lazy\" decoding=\"async\" width=\"1024\" height=\"576\" src=\"https:\/\/www.em.com.br\/emfoco\/wp-content\/uploads\/2026\/04\/aplicativo-inss-1-1024x576.jpg\" alt=\"Cr\u00e9ditos: depositphotos.com \/ rafapress\" class=\"wp-image-194533\" srcset=\"https:\/\/www.em.com.br\/emfoco\/wp-content\/uploads\/2026\/04\/aplicativo-inss-1-1024x576.jpg 1024w, https:\/\/www.em.com.br\/emfoco\/wp-content\/uploads\/2026\/04\/aplicativo-inss-1-300x169.jpg 300w, https:\/\/www.em.com.br\/emfoco\/wp-content\/uploads\/2026\/04\/aplicativo-inss-1-768x432.jpg 768w, https:\/\/www.em.com.br\/emfoco\/wp-content\/uploads\/2026\/04\/aplicativo-inss-1-750x422.jpg 750w, https:\/\/www.em.com.br\/emfoco\/wp-content\/uploads\/2026\/04\/aplicativo-inss-1-1140x641.jpg 1140w, https:\/\/www.em.com.br\/emfoco\/wp-content\/uploads\/2026\/04\/aplicativo-inss-1.jpg 1280w\" sizes=\"auto, (max-width: 1024px) 100vw, 1024px\" \/><figcaption class=\"wp-element-caption\">Confira os principais beneficiados &#8211; Cr\u00e9ditos: depositphotos.com \/ rafapress<\/figcaption><\/figure><\/div>\n\n\n<h2 class=\"wp-block-heading\">Quem tem direito ao recebimento do 13\u00ba sal\u00e1rio do INSS<\/h2>\n\n\n\n<p>O abono \u00e9 destinado aos segurados que receberam benef\u00edcios previdenci\u00e1rios ao longo do ano de <strong>2026<\/strong>. Est\u00e3o inclu\u00eddos os aposentados por todas as modalidades, pensionistas e aqueles que usufru\u00edram de aux\u00edlios tempor\u00e1rios por incapacidade ou acidente.<\/p>\n\n\n\n<p>Confira a lista dos principais beneficiados:<\/p>\n\n\n\n<ul class=\"wp-block-list\">\n<li><strong>Aposentados<\/strong> (por idade, invalidez, especial ou tempo de contribui\u00e7\u00e3o).<\/li>\n\n\n\n<li><strong>Pensionistas<\/strong> por morte.<\/li>\n\n\n\n<li>Benefici\u00e1rios de <strong>aux\u00edlio-acidente<\/strong> ou aux\u00edlio-reclus\u00e3o.<\/li>\n\n\n\n<li>Seguradas que receberam o <strong>sal\u00e1rio-maternidade<\/strong> no per\u00edodo.<\/li>\n<\/ul>\n\n\n\n<h2 class=\"wp-block-heading\">Qual \u00e9 o calend\u00e1rio da primeira parcela para quem ganha um m\u00ednimo?<\/h2>\n\n\n\n<p>O cronograma de pagamentos para quem recebe at\u00e9 um sal\u00e1rio m\u00ednimo come\u00e7a no final de abril. O <strong>Minist\u00e9rio da Previd\u00eancia Social<\/strong> organiza as datas para evitar aglomera\u00e7\u00f5es e sobrecarga nos sistemas banc\u00e1rios de todo o pa\u00eds.<\/p>\n\n\n\n<h2 class=\"wp-block-heading\" id=\"primeira-parcela--beneficirios-at-1-salrio-mnimo\">Primeira parcela \u2014 benefici\u00e1rios at\u00e9 1 sal\u00e1rio m\u00ednimo<\/h2>\n\n\n<div class=\"wp-block-image\">\n<figure class=\"aligncenter size-large is-resized\"><img loading=\"lazy\" decoding=\"async\" width=\"1024\" height=\"522\" src=\"https:\/\/www.em.com.br\/emfoco\/wp-content\/uploads\/2026\/04\/image-243-1024x522.png\" alt=\"\" class=\"wp-image-201089\" style=\"width:796px;height:auto\" srcset=\"https:\/\/www.em.com.br\/emfoco\/wp-content\/uploads\/2026\/04\/image-243-1024x522.png 1024w, https:\/\/www.em.com.br\/emfoco\/wp-content\/uploads\/2026\/04\/image-243-300x153.png 300w, https:\/\/www.em.com.br\/emfoco\/wp-content\/uploads\/2026\/04\/image-243-768x391.png 768w, https:\/\/www.em.com.br\/emfoco\/wp-content\/uploads\/2026\/04\/image-243-750x382.png 750w, https:\/\/www.em.com.br\/emfoco\/wp-content\/uploads\/2026\/04\/image-243-1140x581.png 1140w, https:\/\/www.em.com.br\/emfoco\/wp-content\/uploads\/2026\/04\/image-243.png 1280w\" sizes=\"auto, (max-width: 1024px) 100vw, 1024px\" \/><\/figure><\/div>\n\n\n<h2 class=\"wp-block-heading\" id=\"segunda-parcela--beneficirios-at-1-salrio-mnimo\">Segunda parcela \u2014 benefici\u00e1rios at\u00e9 1 sal\u00e1rio m\u00ednimo<\/h2>\n\n\n<div class=\"wp-block-image\">\n<figure class=\"aligncenter size-large is-resized\"><img loading=\"lazy\" decoding=\"async\" width=\"1024\" height=\"522\" src=\"https:\/\/www.em.com.br\/emfoco\/wp-content\/uploads\/2026\/04\/image-245-1024x522.png\" alt=\"\" class=\"wp-image-201092\" style=\"width:782px;height:auto\" srcset=\"https:\/\/www.em.com.br\/emfoco\/wp-content\/uploads\/2026\/04\/image-245-1024x522.png 1024w, https:\/\/www.em.com.br\/emfoco\/wp-content\/uploads\/2026\/04\/image-245-300x153.png 300w, https:\/\/www.em.com.br\/emfoco\/wp-content\/uploads\/2026\/04\/image-245-768x391.png 768w, https:\/\/www.em.com.br\/emfoco\/wp-content\/uploads\/2026\/04\/image-245-750x382.png 750w, https:\/\/www.em.com.br\/emfoco\/wp-content\/uploads\/2026\/04\/image-245-1140x581.png 1140w, https:\/\/www.em.com.br\/emfoco\/wp-content\/uploads\/2026\/04\/image-245.png 1280w\" sizes=\"auto, (max-width: 1024px) 100vw, 1024px\" \/><\/figure><\/div>\n\n\n<h2 class=\"wp-block-heading\">Quem n\u00e3o recebe o 13\u00ba sal\u00e1rio do INSS?<\/h2>\n\n\n\n<p>Uma d\u00favida comum \u00e9 sobre a <a href=\"https:\/\/www.em.com.br\/emfoco\/2026\/04\/25\/adeus-a-idade-minima-na-aposentadoria-inss-nova-lei-pra-quem-teve-carteira-assinada-em-2026\/\" target=\"_blank\" rel=\"noreferrer noopener\">inclus\u00e3o de benef\u00edcios<\/a> assistenciais, mas a regra \u00e9 restritiva. Pessoas que recebem o <strong>BPC\/LOAS<\/strong> ou a Renda Mensal Vital\u00edcia n\u00e3o possuem direito ao abono anual, pois estes aux\u00edlios n\u00e3o t\u00eam natureza previdenci\u00e1ria.<\/p>\n\n\n\n<p>Essa exclus\u00e3o est\u00e1 fundamentada no <strong>Decreto n\u00ba 3.048\/1999<\/strong>, que regulamenta a Previd\u00eancia Social. Segundo dados do <a href=\"https:\/\/www.gov.br\/previdencia\/pt-br\" target=\"_blank\" rel=\"noreferrer noopener\">Minist\u00e9rio da Previd\u00eancia Social<\/a>, o <strong>13\u00ba sal\u00e1rio do INSS<\/strong> exige que o benef\u00edcio seja fruto de contribui\u00e7\u00e3o ou de riscos cobertos pelo seguro social.<\/p>\n\n\n\n<h2 class=\"wp-block-heading\">Como consultar o valor exato no Meu INSS?<\/h2>\n\n\n\n<p>O segurado pode verificar a pr\u00e9via do valor l\u00edquido diretamente pelo aplicativo <strong><a href=\"https:\/\/meu.inss.gov.br\/\" target=\"_blank\" rel=\"noreferrer noopener\">Meu INSS<\/a><\/strong> ou pelo site oficial. A plataforma exibe o extrato de pagamento com os descontos de imposto de renda e contribui\u00e7\u00f5es, se houver, garantindo total transpar\u00eancia.<\/p>\n\n\n\n<p>Para acessar, siga estes passos simples:<\/p>\n\n\n\n<ol class=\"wp-block-list\">\n<li>Acesse o portal ou app com seu <strong>CPF<\/strong> e senha Gov.br.<\/li>\n\n\n\n<li>Clique na op\u00e7\u00e3o <strong>Extrato de Pagamento<\/strong>.<\/li>\n\n\n\n<li>Selecione o m\u00eas de refer\u00eancia (abril ou maio de 2026).<\/li>\n\n\n\n<li>Verifique o valor do <strong>13\u00ba sal\u00e1rio do INSS<\/strong> na aba de cr\u00e9ditos.<\/li>\n<\/ol>\n\n\n\n<p>Com a confirma\u00e7\u00e3o da inje\u00e7\u00e3o de recursos, o governo espera um impacto positivo imediato no com\u00e9rcio varejista e nos servi\u00e7os. O acompanhamento das datas \u00e9 fundamental para que o benefici\u00e1rio organize suas finan\u00e7as e utilize o recurso de forma consciente durante o primeiro semestre.<\/p>\n","protected":false},"excerpt":{"rendered":"<p>A antecipa\u00e7\u00e3o do 13\u00ba sal\u00e1rio do INSS em 2026 vai injetar R$ 57 bilh\u00f5es na economia brasileira, beneficiando mais de 35 milh\u00f5es de segurados. O pagamento ser\u00e1 dividido em duas parcelas, depositadas nos meses de abril e maio. Como funciona a antecipa\u00e7\u00e3o do 13\u00ba sal\u00e1rio do INSS? O Governo Federal decidiu adiantar o cronograma que [&hellip;]<\/p>\n","protected":false},"author":30,"featured_media":201011,"comment_status":"open","ping_status":"open","sticky":false,"template":"","format":"standard","meta":{"jnews-multi-image_gallery":[],"jnews_single_post":{"format":"standard"},"jnews_primary_category":[],"jnews_social_meta":[],"jnews_override_counter":[],"footnotes":""},"categories":[28],"tags":[455,2433,529,174],"class_list":["post-200950","post","type-post","status-publish","format-standard","has-post-thumbnail","hentry","category-economia","tag-13o-salario","tag-2433","tag-aposentados","tag-inss"],"yoast_head":"<!-- This site is optimized with the Yoast SEO plugin v23.8 - https:\/\/yoast.com\/wordpress\/plugins\/seo\/ -->\n<title>Governo antecipa 13\u00ba sal\u00e1rio do INSS em 2026 e confirma inje\u00e7\u00e3o de R$ 57 bilh\u00f5es na economia - Estado de Minas - Em foco<\/title>\n<meta name=\"description\" content=\"Entenda a antecipa\u00e7\u00e3o do 13\u00ba do INSS em 2026 com inje\u00e7\u00e3o de R$ 57 bilh\u00f5es. Veja o calend\u00e1rio das duas parcelas para os segurados.\" \/>\n<meta name=\"robots\" content=\"index, follow, max-snippet:-1, max-image-preview:large, max-video-preview:-1\" \/>\n<link rel=\"canonical\" href=\"https:\/\/www.em.com.br\/emfoco\/2026\/04\/29\/governo-antecipa-13o-salario-do-inss-em-2026-e-confirma-injecao-de-r-57-bilhoes-na-economia\/\" \/>\n<meta property=\"og:locale\" content=\"pt_BR\" \/>\n<meta property=\"og:type\" content=\"article\" \/>\n<meta property=\"og:title\" content=\"Governo antecipa 13\u00ba sal\u00e1rio do INSS em 2026 e confirma inje\u00e7\u00e3o de R$ 57 bilh\u00f5es na economia - Estado de Minas - Em foco\" \/>\n<meta property=\"og:description\" content=\"Entenda a antecipa\u00e7\u00e3o do 13\u00ba do INSS em 2026 com inje\u00e7\u00e3o de R$ 57 bilh\u00f5es. Veja o calend\u00e1rio das duas parcelas para os segurados.\" \/>\n<meta property=\"og:url\" content=\"https:\/\/www.em.com.br\/emfoco\/2026\/04\/29\/governo-antecipa-13o-salario-do-inss-em-2026-e-confirma-injecao-de-r-57-bilhoes-na-economia\/\" \/>\n<meta property=\"og:site_name\" content=\"Estado de Minas - Em foco\" \/>\n<meta property=\"article:published_time\" content=\"2026-04-29T13:15:00+00:00\" \/>\n<meta property=\"article:modified_time\" content=\"2026-04-29T03:22:49+00:00\" \/>\n<meta property=\"og:image\" content=\"https:\/\/www.em.com.br\/emfoco\/wp-content\/uploads\/2026\/04\/EmFoco_84-1.jpg\" \/>\n\t<meta property=\"og:image:width\" content=\"1280\" \/>\n\t<meta property=\"og:image:height\" content=\"720\" \/>\n\t<meta property=\"og:image:type\" content=\"image\/jpeg\" \/>\n<meta name=\"author\" content=\"Guilherme Ara\u00fajo\" \/>\n<meta name=\"twitter:card\" content=\"summary_large_image\" \/>\n<meta name=\"twitter:label1\" content=\"Escrito por\" \/>\n\t<meta name=\"twitter:data1\" content=\"Guilherme Ara\u00fajo\" \/>\n\t<meta name=\"twitter:label2\" content=\"Est. tempo de leitura\" \/>\n\t<meta name=\"twitter:data2\" content=\"4 minutos\" \/>\n<!-- \/ Yoast SEO plugin. -->","yoast_head_json":{"title":"Governo antecipa 13\u00ba sal\u00e1rio do INSS em 2026 e confirma inje\u00e7\u00e3o de R$ 57 bilh\u00f5es na economia - Estado de Minas - Em foco","description":"Entenda a antecipa\u00e7\u00e3o do 13\u00ba do INSS em 2026 com inje\u00e7\u00e3o de R$ 57 bilh\u00f5es. Veja o calend\u00e1rio das duas parcelas para os segurados.","robots":{"index":"index","follow":"follow","max-snippet":"max-snippet:-1","max-image-preview":"max-image-preview:large","max-video-preview":"max-video-preview:-1"},"canonical":"https:\/\/www.em.com.br\/emfoco\/2026\/04\/29\/governo-antecipa-13o-salario-do-inss-em-2026-e-confirma-injecao-de-r-57-bilhoes-na-economia\/","og_locale":"pt_BR","og_type":"article","og_title":"Governo antecipa 13\u00ba sal\u00e1rio do INSS em 2026 e confirma inje\u00e7\u00e3o de R$ 57 bilh\u00f5es na economia - Estado de Minas - Em foco","og_description":"Entenda a antecipa\u00e7\u00e3o do 13\u00ba do INSS em 2026 com inje\u00e7\u00e3o de R$ 57 bilh\u00f5es. Veja o calend\u00e1rio das duas parcelas para os segurados.","og_url":"https:\/\/www.em.com.br\/emfoco\/2026\/04\/29\/governo-antecipa-13o-salario-do-inss-em-2026-e-confirma-injecao-de-r-57-bilhoes-na-economia\/","og_site_name":"Estado de Minas - Em foco","article_published_time":"2026-04-29T13:15:00+00:00","article_modified_time":"2026-04-29T03:22:49+00:00","og_image":[{"width":1280,"height":720,"url":"https:\/\/www.em.com.br\/emfoco\/wp-content\/uploads\/2026\/04\/EmFoco_84-1.jpg","type":"image\/jpeg"}],"author":"Guilherme Ara\u00fajo","twitter_card":"summary_large_image","twitter_misc":{"Escrito por":"Guilherme Ara\u00fajo","Est. tempo de leitura":"4 minutos"},"schema":{"@context":"https:\/\/schema.org","@graph":[{"@type":"WebPage","@id":"https:\/\/www.em.com.br\/emfoco\/2026\/04\/29\/governo-antecipa-13o-salario-do-inss-em-2026-e-confirma-injecao-de-r-57-bilhoes-na-economia\/","url":"https:\/\/www.em.com.br\/emfoco\/2026\/04\/29\/governo-antecipa-13o-salario-do-inss-em-2026-e-confirma-injecao-de-r-57-bilhoes-na-economia\/","name":"Governo antecipa 13\u00ba sal\u00e1rio do INSS em 2026 e confirma inje\u00e7\u00e3o de R$ 57 bilh\u00f5es na economia - Estado de Minas - Em foco","isPartOf":{"@id":"https:\/\/www.em.com.br\/emfoco\/#website"},"primaryImageOfPage":{"@id":"https:\/\/www.em.com.br\/emfoco\/2026\/04\/29\/governo-antecipa-13o-salario-do-inss-em-2026-e-confirma-injecao-de-r-57-bilhoes-na-economia\/#primaryimage"},"image":{"@id":"https:\/\/www.em.com.br\/emfoco\/2026\/04\/29\/governo-antecipa-13o-salario-do-inss-em-2026-e-confirma-injecao-de-r-57-bilhoes-na-economia\/#primaryimage"},"thumbnailUrl":"https:\/\/www.em.com.br\/emfoco\/wp-content\/uploads\/2026\/04\/EmFoco_84-1.jpg","datePublished":"2026-04-29T13:15:00+00:00","dateModified":"2026-04-29T03:22:49+00:00","author":{"@id":"https:\/\/www.em.com.br\/emfoco\/#\/schema\/person\/5379e929a4b966c775d121e23f9bb421"},"description":"Entenda a antecipa\u00e7\u00e3o do 13\u00ba do INSS em 2026 com inje\u00e7\u00e3o de R$ 57 bilh\u00f5es. Veja o calend\u00e1rio das duas parcelas para os segurados.","breadcrumb":{"@id":"https:\/\/www.em.com.br\/emfoco\/2026\/04\/29\/governo-antecipa-13o-salario-do-inss-em-2026-e-confirma-injecao-de-r-57-bilhoes-na-economia\/#breadcrumb"},"inLanguage":"pt-BR","potentialAction":[{"@type":"ReadAction","target":["https:\/\/www.em.com.br\/emfoco\/2026\/04\/29\/governo-antecipa-13o-salario-do-inss-em-2026-e-confirma-injecao-de-r-57-bilhoes-na-economia\/"]}]},{"@type":"ImageObject","inLanguage":"pt-BR","@id":"https:\/\/www.em.com.br\/emfoco\/2026\/04\/29\/governo-antecipa-13o-salario-do-inss-em-2026-e-confirma-injecao-de-r-57-bilhoes-na-economia\/#primaryimage","url":"https:\/\/www.em.com.br\/emfoco\/wp-content\/uploads\/2026\/04\/EmFoco_84-1.jpg","contentUrl":"https:\/\/www.em.com.br\/emfoco\/wp-content\/uploads\/2026\/04\/EmFoco_84-1.jpg","width":1280,"height":720,"caption":"Cronograma de pagamento do abono anual antecipado para aposentados e pensionistas federais"},{"@type":"BreadcrumbList","@id":"https:\/\/www.em.com.br\/emfoco\/2026\/04\/29\/governo-antecipa-13o-salario-do-inss-em-2026-e-confirma-injecao-de-r-57-bilhoes-na-economia\/#breadcrumb","itemListElement":[{"@type":"ListItem","position":1,"name":"In\u00edcio","item":"https:\/\/www.em.com.br\/emfoco\/"},{"@type":"ListItem","position":2,"name":"Governo antecipa 13\u00ba sal\u00e1rio do INSS em 2026 e confirma inje\u00e7\u00e3o de R$ 57 bilh\u00f5es na economia"}]},{"@type":"WebSite","@id":"https:\/\/www.em.com.br\/emfoco\/#website","url":"https:\/\/www.em.com.br\/emfoco\/","name":"Estado de Minas - Em foco","description":"Acompanhe as \u00faltimas not\u00edcias e fique bem informado sobre tudo o que acontece em Minas Gerais, Brasil e no mundo.","potentialAction":[{"@type":"SearchAction","target":{"@type":"EntryPoint","urlTemplate":"https:\/\/www.em.com.br\/emfoco\/?s={search_term_string}"},"query-input":{"@type":"PropertyValueSpecification","valueRequired":true,"valueName":"search_term_string"}}],"inLanguage":"pt-BR"},{"@type":"Person","@id":"https:\/\/www.em.com.br\/emfoco\/#\/schema\/person\/5379e929a4b966c775d121e23f9bb421","name":"Guilherme Ara\u00fajo","image":{"@type":"ImageObject","inLanguage":"pt-BR","@id":"https:\/\/www.em.com.br\/emfoco\/#\/schema\/person\/image\/","url":"https:\/\/secure.gravatar.com\/avatar\/b8bf1fd0130e170bd8f5d7298dbafa25?s=96&d=mm&r=g","contentUrl":"https:\/\/secure.gravatar.com\/avatar\/b8bf1fd0130e170bd8f5d7298dbafa25?s=96&d=mm&r=g","caption":"Guilherme Ara\u00fajo"},"sameAs":["https:\/\/www.em.com.br\/emfoco"],"url":"https:\/\/www.em.com.br\/emfoco\/author\/guilhermeamyth\/"}]}},"_links":{"self":[{"href":"https:\/\/www.em.com.br\/emfoco\/wp-json\/wp\/v2\/posts\/200950","targetHints":{"allow":["GET"]}}],"collection":[{"href":"https:\/\/www.em.com.br\/emfoco\/wp-json\/wp\/v2\/posts"}],"about":[{"href":"https:\/\/www.em.com.br\/emfoco\/wp-json\/wp\/v2\/types\/post"}],"author":[{"embeddable":true,"href":"https:\/\/www.em.com.br\/emfoco\/wp-json\/wp\/v2\/users\/30"}],"replies":[{"embeddable":true,"href":"https:\/\/www.em.com.br\/emfoco\/wp-json\/wp\/v2\/comments?post=200950"}],"version-history":[{"count":5,"href":"https:\/\/www.em.com.br\/emfoco\/wp-json\/wp\/v2\/posts\/200950\/revisions"}],"predecessor-version":[{"id":201109,"href":"https:\/\/www.em.com.br\/emfoco\/wp-json\/wp\/v2\/posts\/200950\/revisions\/201109"}],"wp:featuredmedia":[{"embeddable":true,"href":"https:\/\/www.em.com.br\/emfoco\/wp-json\/wp\/v2\/media\/201011"}],"wp:attachment":[{"href":"https:\/\/www.em.com.br\/emfoco\/wp-json\/wp\/v2\/media?parent=200950"}],"wp:term":[{"taxonomy":"category","embeddable":true,"href":"https:\/\/www.em.com.br\/emfoco\/wp-json\/wp\/v2\/categories?post=200950"},{"taxonomy":"post_tag","embeddable":true,"href":"https:\/\/www.em.com.br\/emfoco\/wp-json\/wp\/v2\/tags?post=200950"}],"curies":[{"name":"wp","href":"https:\/\/api.w.org\/{rel}","templated":true}]}}