{"id":200949,"date":"2026-04-29T07:45:00","date_gmt":"2026-04-29T10:45:00","guid":{"rendered":"https:\/\/www.em.com.br\/emfoco\/?p=200949"},"modified":"2026-04-29T00:22:46","modified_gmt":"2026-04-29T03:22:46","slug":"inss-anuncia-nova-data-para-fim-de-servico-e-aposentados-vao-ficar-sem-dinheiro","status":"publish","type":"post","link":"https:\/\/www.em.com.br\/emfoco\/2026\/04\/29\/inss-anuncia-nova-data-para-fim-de-servico-e-aposentados-vao-ficar-sem-dinheiro\/","title":{"rendered":"INSS anuncia nova data para fim de servi\u00e7o e aposentados v\u00e3o ficar sem dinheiro"},"content":{"rendered":"\n<p>O <strong>INSS<\/strong> prorrogou o prazo final para que aposentados e pensionistas contestem descontos associativos n\u00e3o autorizados em seus pagamentos. A nova data limite foi fixada para o dia <strong>20 de junho de 2026<\/strong>, evitando preju\u00edzos imediatos.<\/p>\n\n\n\n<h2 class=\"wp-block-heading\">O que motivou a prorroga\u00e7\u00e3o do prazo pelo INSS?<\/h2>\n\n\n\n<p>A decis\u00e3o de estender o per\u00edodo para reclama\u00e7\u00f5es surgiu ap\u00f3s a descoberta de um esquema massivo de cobran\u00e7as indevidas. Relat\u00f3rios da <strong>Controladoria-Geral da Uni\u00e3o<\/strong> indicam que <strong>97%<\/strong> dos benefici\u00e1rios afetados n\u00e3o autorizaram as dedu\u00e7\u00f5es em suas folhas.<\/p>\n\n\n\n<p>A <strong>Portaria Conjunta MPS\/INSS n\u00ba 12<\/strong> oficializou a mudan\u00e7a para garantir que milh\u00f5es de brasileiros recuperem seus valores. O <strong><a href=\"https:\/\/www.em.com.br\/emfoco\/2026\/04\/27\/nova-regra-do-inss-ja-esta-valendo-e-muda-a-vida-de-aposentados-e-pensionistas-em-maio\/\" target=\"_blank\" rel=\"noreferrer noopener\">INSS<\/a><\/strong> estima que o impacto financeiro dessa fraude possa atingir a marca bilion\u00e1ria de <strong>R$ 6,3 bilh\u00f5es<\/strong> em todo o pa\u00eds.<\/p>\n\n\n\n<h2 class=\"wp-block-heading\">Quais s\u00e3o os valores envolvidos nessas cobran\u00e7as?<\/h2>\n\n\n\n<p>As mensalidades retiradas sem consentimento chegavam a custar at\u00e9 <strong>R$ 81,57<\/strong> por cada segurado individualmente. Muitas entidades investigadas n\u00e3o apresentaram a documenta\u00e7\u00e3o necess\u00e1ria para validar os contratos, o que caracteriza a irregularidade do servi\u00e7o prestado aos idosos.<\/p>\n\n\n\n<p>De acordo com dados da <a href=\"https:\/\/pt.wikipedia.org\/wiki\/Controladoria-Geral_da_Uniao\" target=\"_blank\" rel=\"noreferrer noopener\">Controladoria-Geral da Uni\u00e3o<\/a>, cerca de <strong>9,5 milh\u00f5es<\/strong> de pessoas foram notificadas sobre essas cobran\u00e7as. At\u00e9 o momento, o governo j\u00e1 devolveu aproximadamente <strong>R$ 2,9 bilh\u00f5es<\/strong> aos cidad\u00e3os que formalizaram a contesta\u00e7\u00e3o dentro do cronograma.<\/p>\n\n\n\n<h2 class=\"wp-block-heading\">Como solicitar o ressarcimento do dinheiro?<\/h2>\n\n\n\n<p>O processo de recupera\u00e7\u00e3o dos valores deve ser feito preferencialmente pelos canais digitais oficiais do governo federal. O segurado precisa registrar a queixa e aguardar um prazo de <strong>15 dias \u00fateis<\/strong> para que a entidade envolvida se manifeste sobre o caso.<\/p>\n\n\n\n<p>Confira o passo a passo para garantir a devolu\u00e7\u00e3o:<\/p>\n\n\n<div class=\"wp-block-image\">\n<figure class=\"aligncenter size-large is-resized\"><img loading=\"lazy\" decoding=\"async\" width=\"1024\" height=\"738\" src=\"https:\/\/www.em.com.br\/emfoco\/wp-content\/uploads\/2026\/04\/image-242-1024x738.png\" alt=\"\" class=\"wp-image-201084\" style=\"width:770px;height:auto\" srcset=\"https:\/\/www.em.com.br\/emfoco\/wp-content\/uploads\/2026\/04\/image-242-1024x738.png 1024w, https:\/\/www.em.com.br\/emfoco\/wp-content\/uploads\/2026\/04\/image-242-300x216.png 300w, https:\/\/www.em.com.br\/emfoco\/wp-content\/uploads\/2026\/04\/image-242-768x554.png 768w, https:\/\/www.em.com.br\/emfoco\/wp-content\/uploads\/2026\/04\/image-242-120x86.png 120w, https:\/\/www.em.com.br\/emfoco\/wp-content\/uploads\/2026\/04\/image-242-750x541.png 750w, https:\/\/www.em.com.br\/emfoco\/wp-content\/uploads\/2026\/04\/image-242-1140x822.png 1140w, https:\/\/www.em.com.br\/emfoco\/wp-content\/uploads\/2026\/04\/image-242.png 1280w\" sizes=\"auto, (max-width: 1024px) 100vw, 1024px\" \/><\/figure><\/div>\n\n\n<h2 class=\"wp-block-heading\">Quem ainda tem direito de pedir o reembolso?<\/h2>\n\n\n\n<p>T\u00eam direito ao ressarcimento todos os segurados que sofreram descontos indevidos entre <strong>mar\u00e7o de 2020<\/strong> e <strong>mar\u00e7o de 2025<\/strong>. Mesmo quem j\u00e1 possui um processo judicial em curso pode optar pelo acordo administrativo, desde que desista da a\u00e7\u00e3o anterior.<\/p>\n\n\n\n<p>A <strong>nova data<\/strong> de <strong>20 de junho de 2026<\/strong> \u00e9 a \u00faltima oportunidade para resolver a pend\u00eancia sem custos advocat\u00edcios. O <a href=\"https:\/\/www.gov.br\/inss\/pt-br\" target=\"_blank\" rel=\"noreferrer noopener\">INSS<\/a> refor\u00e7a que o aceite do acordo deve ser feito exclusivamente pelo titular do benef\u00edcio no ambiente seguro do aplicativo oficial.<\/p>\n\n\n\n<h2 class=\"wp-block-heading\">Quais s\u00e3o os cuidados contra golpes financeiros?<\/h2>\n\n\n\n<p>O \u00f3rg\u00e3o previdenci\u00e1rio faz um alerta importante sobre tentativas de fraude que utilizam o tema das devolu\u00e7\u00f5es. Criminosos enviam links falsos por aplicativos de mensagens para tentar roubar senhas e dados banc\u00e1rios de aposentados distra\u00eddos.<\/p>\n\n\n\n<p>Siga estas recomenda\u00e7\u00f5es de seguran\u00e7a:<\/p>\n\n\n\n<ul class=\"wp-block-list\">\n<li><strong>Nunca clique<\/strong> em links enviados por <strong>WhatsApp<\/strong> em nome do instituto.<\/li>\n\n\n\n<li>O governo <strong>n\u00e3o solicita<\/strong> fotos de documentos por telefone.<\/li>\n\n\n\n<li>Utilize apenas o site <strong>meu.inss.gov.br<\/strong> para qualquer transa\u00e7\u00e3o.<\/li>\n\n\n\n<li>Ignore cobran\u00e7as de taxas para liberar o dinheiro do ressarcimento.<\/li>\n<\/ul>\n\n\n\n<h2 class=\"wp-block-heading\">Como o reembolso afeta o Imposto de Renda?<\/h2>\n\n\n\n<p>Os valores devolvidos com corre\u00e7\u00e3o monet\u00e1ria podem influenciar a declara\u00e7\u00e3o anual de ajuste do benefici\u00e1rio. A <strong>Receita Federal<\/strong> considera esses montantes como rendimentos tribut\u00e1veis, dependendo do valor total recebido durante o ano-calend\u00e1rio vigente.<\/p>\n\n\n\n<p>\u00c9 aconselh\u00e1vel consultar um profissional de contabilidade se o valor recuperado for elevado. O <strong>INSS<\/strong> disponibiliza o extrato detalhado para fins de declara\u00e7\u00e3o, garantindo que o aposentado n\u00e3o tenha problemas com a malha fina ao tentar reaver o que lhe foi retirado injustamente.<\/p>\n","protected":false},"excerpt":{"rendered":"<p>O INSS prorrogou o prazo final para que aposentados e pensionistas contestem descontos associativos n\u00e3o autorizados em seus pagamentos. A nova data limite foi fixada para o dia 20 de junho de 2026, evitando preju\u00edzos imediatos. O que motivou a prorroga\u00e7\u00e3o do prazo pelo INSS? A decis\u00e3o de estender o per\u00edodo para reclama\u00e7\u00f5es surgiu ap\u00f3s [&hellip;]<\/p>\n","protected":false},"author":30,"featured_media":201013,"comment_status":"open","ping_status":"open","sticky":false,"template":"","format":"standard","meta":{"jnews-multi-image_gallery":[],"jnews_single_post":{"format":"standard"},"jnews_primary_category":[],"jnews_social_meta":[],"jnews_override_counter":[],"footnotes":""},"categories":[28],"tags":[2433,172,625,163],"class_list":["post-200949","post","type-post","status-publish","format-standard","has-post-thumbnail","hentry","category-economia","tag-2433","tag-aposentadoria","tag-descontos","tag-fraude"],"yoast_head":"<!-- This site is optimized with the Yoast SEO plugin v23.8 - https:\/\/yoast.com\/wordpress\/plugins\/seo\/ -->\n<title>INSS anuncia nova data para fim de servi\u00e7o e aposentados v\u00e3o ficar sem dinheiro - Estado de Minas - Em foco<\/title>\n<meta name=\"description\" content=\"Entenda a nova data do INSS para o fim deste servi\u00e7o e por que aposentados podem ficar sem dinheiro se n\u00e3o agirem.\" \/>\n<meta name=\"robots\" content=\"index, follow, max-snippet:-1, max-image-preview:large, max-video-preview:-1\" \/>\n<link rel=\"canonical\" href=\"https:\/\/www.em.com.br\/emfoco\/2026\/04\/29\/inss-anuncia-nova-data-para-fim-de-servico-e-aposentados-vao-ficar-sem-dinheiro\/\" \/>\n<meta property=\"og:locale\" content=\"pt_BR\" \/>\n<meta property=\"og:type\" content=\"article\" \/>\n<meta property=\"og:title\" content=\"INSS anuncia nova data para fim de servi\u00e7o e aposentados v\u00e3o ficar sem dinheiro - Estado de Minas - Em foco\" \/>\n<meta property=\"og:description\" content=\"Entenda a nova data do INSS para o fim deste servi\u00e7o e por que aposentados podem ficar sem dinheiro se n\u00e3o agirem.\" \/>\n<meta property=\"og:url\" content=\"https:\/\/www.em.com.br\/emfoco\/2026\/04\/29\/inss-anuncia-nova-data-para-fim-de-servico-e-aposentados-vao-ficar-sem-dinheiro\/\" \/>\n<meta property=\"og:site_name\" content=\"Estado de Minas - Em foco\" \/>\n<meta property=\"article:published_time\" content=\"2026-04-29T10:45:00+00:00\" \/>\n<meta property=\"article:modified_time\" content=\"2026-04-29T03:22:46+00:00\" \/>\n<meta property=\"og:image\" content=\"https:\/\/www.em.com.br\/emfoco\/wp-content\/uploads\/2026\/04\/EmFoco_85-1.jpg\" \/>\n\t<meta property=\"og:image:width\" content=\"1280\" \/>\n\t<meta property=\"og:image:height\" content=\"720\" \/>\n\t<meta property=\"og:image:type\" content=\"image\/jpeg\" \/>\n<meta name=\"author\" content=\"Guilherme Ara\u00fajo\" \/>\n<meta name=\"twitter:card\" content=\"summary_large_image\" \/>\n<meta name=\"twitter:label1\" content=\"Escrito por\" \/>\n\t<meta name=\"twitter:data1\" content=\"Guilherme Ara\u00fajo\" \/>\n\t<meta name=\"twitter:label2\" content=\"Est. tempo de leitura\" \/>\n\t<meta name=\"twitter:data2\" content=\"4 minutos\" \/>\n<!-- \/ Yoast SEO plugin. -->","yoast_head_json":{"title":"INSS anuncia nova data para fim de servi\u00e7o e aposentados v\u00e3o ficar sem dinheiro - Estado de Minas - Em foco","description":"Entenda a nova data do INSS para o fim deste servi\u00e7o e por que aposentados podem ficar sem dinheiro se n\u00e3o agirem.","robots":{"index":"index","follow":"follow","max-snippet":"max-snippet:-1","max-image-preview":"max-image-preview:large","max-video-preview":"max-video-preview:-1"},"canonical":"https:\/\/www.em.com.br\/emfoco\/2026\/04\/29\/inss-anuncia-nova-data-para-fim-de-servico-e-aposentados-vao-ficar-sem-dinheiro\/","og_locale":"pt_BR","og_type":"article","og_title":"INSS anuncia nova data para fim de servi\u00e7o e aposentados v\u00e3o ficar sem dinheiro - Estado de Minas - Em foco","og_description":"Entenda a nova data do INSS para o fim deste servi\u00e7o e por que aposentados podem ficar sem dinheiro se n\u00e3o agirem.","og_url":"https:\/\/www.em.com.br\/emfoco\/2026\/04\/29\/inss-anuncia-nova-data-para-fim-de-servico-e-aposentados-vao-ficar-sem-dinheiro\/","og_site_name":"Estado de Minas - Em foco","article_published_time":"2026-04-29T10:45:00+00:00","article_modified_time":"2026-04-29T03:22:46+00:00","og_image":[{"width":1280,"height":720,"url":"https:\/\/www.em.com.br\/emfoco\/wp-content\/uploads\/2026\/04\/EmFoco_85-1.jpg","type":"image\/jpeg"}],"author":"Guilherme Ara\u00fajo","twitter_card":"summary_large_image","twitter_misc":{"Escrito por":"Guilherme Ara\u00fajo","Est. tempo de leitura":"4 minutos"},"schema":{"@context":"https:\/\/schema.org","@graph":[{"@type":"WebPage","@id":"https:\/\/www.em.com.br\/emfoco\/2026\/04\/29\/inss-anuncia-nova-data-para-fim-de-servico-e-aposentados-vao-ficar-sem-dinheiro\/","url":"https:\/\/www.em.com.br\/emfoco\/2026\/04\/29\/inss-anuncia-nova-data-para-fim-de-servico-e-aposentados-vao-ficar-sem-dinheiro\/","name":"INSS anuncia nova data para fim de servi\u00e7o e aposentados v\u00e3o ficar sem dinheiro - Estado de Minas - Em foco","isPartOf":{"@id":"https:\/\/www.em.com.br\/emfoco\/#website"},"primaryImageOfPage":{"@id":"https:\/\/www.em.com.br\/emfoco\/2026\/04\/29\/inss-anuncia-nova-data-para-fim-de-servico-e-aposentados-vao-ficar-sem-dinheiro\/#primaryimage"},"image":{"@id":"https:\/\/www.em.com.br\/emfoco\/2026\/04\/29\/inss-anuncia-nova-data-para-fim-de-servico-e-aposentados-vao-ficar-sem-dinheiro\/#primaryimage"},"thumbnailUrl":"https:\/\/www.em.com.br\/emfoco\/wp-content\/uploads\/2026\/04\/EmFoco_85-1.jpg","datePublished":"2026-04-29T10:45:00+00:00","dateModified":"2026-04-29T03:22:46+00:00","author":{"@id":"https:\/\/www.em.com.br\/emfoco\/#\/schema\/person\/5379e929a4b966c775d121e23f9bb421"},"description":"Entenda a nova data do INSS para o fim deste servi\u00e7o e por que aposentados podem ficar sem dinheiro se n\u00e3o agirem.","breadcrumb":{"@id":"https:\/\/www.em.com.br\/emfoco\/2026\/04\/29\/inss-anuncia-nova-data-para-fim-de-servico-e-aposentados-vao-ficar-sem-dinheiro\/#breadcrumb"},"inLanguage":"pt-BR","potentialAction":[{"@type":"ReadAction","target":["https:\/\/www.em.com.br\/emfoco\/2026\/04\/29\/inss-anuncia-nova-data-para-fim-de-servico-e-aposentados-vao-ficar-sem-dinheiro\/"]}]},{"@type":"ImageObject","inLanguage":"pt-BR","@id":"https:\/\/www.em.com.br\/emfoco\/2026\/04\/29\/inss-anuncia-nova-data-para-fim-de-servico-e-aposentados-vao-ficar-sem-dinheiro\/#primaryimage","url":"https:\/\/www.em.com.br\/emfoco\/wp-content\/uploads\/2026\/04\/EmFoco_85-1.jpg","contentUrl":"https:\/\/www.em.com.br\/emfoco\/wp-content\/uploads\/2026\/04\/EmFoco_85-1.jpg","width":1280,"height":720,"caption":"Extens\u00e3o da data limite para contesta\u00e7\u00e3o de cobran\u00e7as associativas indevidas na folha de pagamento do INSS"},{"@type":"BreadcrumbList","@id":"https:\/\/www.em.com.br\/emfoco\/2026\/04\/29\/inss-anuncia-nova-data-para-fim-de-servico-e-aposentados-vao-ficar-sem-dinheiro\/#breadcrumb","itemListElement":[{"@type":"ListItem","position":1,"name":"In\u00edcio","item":"https:\/\/www.em.com.br\/emfoco\/"},{"@type":"ListItem","position":2,"name":"INSS anuncia nova data para fim de servi\u00e7o e aposentados v\u00e3o ficar sem dinheiro"}]},{"@type":"WebSite","@id":"https:\/\/www.em.com.br\/emfoco\/#website","url":"https:\/\/www.em.com.br\/emfoco\/","name":"Estado de Minas - Em foco","description":"Acompanhe as \u00faltimas not\u00edcias e fique bem informado sobre tudo o que acontece em Minas Gerais, Brasil e no mundo.","potentialAction":[{"@type":"SearchAction","target":{"@type":"EntryPoint","urlTemplate":"https:\/\/www.em.com.br\/emfoco\/?s={search_term_string}"},"query-input":{"@type":"PropertyValueSpecification","valueRequired":true,"valueName":"search_term_string"}}],"inLanguage":"pt-BR"},{"@type":"Person","@id":"https:\/\/www.em.com.br\/emfoco\/#\/schema\/person\/5379e929a4b966c775d121e23f9bb421","name":"Guilherme Ara\u00fajo","image":{"@type":"ImageObject","inLanguage":"pt-BR","@id":"https:\/\/www.em.com.br\/emfoco\/#\/schema\/person\/image\/","url":"https:\/\/secure.gravatar.com\/avatar\/b8bf1fd0130e170bd8f5d7298dbafa25?s=96&d=mm&r=g","contentUrl":"https:\/\/secure.gravatar.com\/avatar\/b8bf1fd0130e170bd8f5d7298dbafa25?s=96&d=mm&r=g","caption":"Guilherme Ara\u00fajo"},"sameAs":["https:\/\/www.em.com.br\/emfoco"],"url":"https:\/\/www.em.com.br\/emfoco\/author\/guilhermeamyth\/"}]}},"_links":{"self":[{"href":"https:\/\/www.em.com.br\/emfoco\/wp-json\/wp\/v2\/posts\/200949","targetHints":{"allow":["GET"]}}],"collection":[{"href":"https:\/\/www.em.com.br\/emfoco\/wp-json\/wp\/v2\/posts"}],"about":[{"href":"https:\/\/www.em.com.br\/emfoco\/wp-json\/wp\/v2\/types\/post"}],"author":[{"embeddable":true,"href":"https:\/\/www.em.com.br\/emfoco\/wp-json\/wp\/v2\/users\/30"}],"replies":[{"embeddable":true,"href":"https:\/\/www.em.com.br\/emfoco\/wp-json\/wp\/v2\/comments?post=200949"}],"version-history":[{"count":3,"href":"https:\/\/www.em.com.br\/emfoco\/wp-json\/wp\/v2\/posts\/200949\/revisions"}],"predecessor-version":[{"id":201088,"href":"https:\/\/www.em.com.br\/emfoco\/wp-json\/wp\/v2\/posts\/200949\/revisions\/201088"}],"wp:featuredmedia":[{"embeddable":true,"href":"https:\/\/www.em.com.br\/emfoco\/wp-json\/wp\/v2\/media\/201013"}],"wp:attachment":[{"href":"https:\/\/www.em.com.br\/emfoco\/wp-json\/wp\/v2\/media?parent=200949"}],"wp:term":[{"taxonomy":"category","embeddable":true,"href":"https:\/\/www.em.com.br\/emfoco\/wp-json\/wp\/v2\/categories?post=200949"},{"taxonomy":"post_tag","embeddable":true,"href":"https:\/\/www.em.com.br\/emfoco\/wp-json\/wp\/v2\/tags?post=200949"}],"curies":[{"name":"wp","href":"https:\/\/api.w.org\/{rel}","templated":true}]}}