{"id":200946,"date":"2026-04-29T20:45:00","date_gmt":"2026-04-29T23:45:00","guid":{"rendered":"https:\/\/www.em.com.br\/emfoco\/?p=200946"},"modified":"2026-04-28T16:56:46","modified_gmt":"2026-04-28T19:56:46","slug":"o-cuidado-com-a-tatuagem-que-evita-perda-de-cor-e-mantem-o-desenho-perfeito-por-anos","status":"publish","type":"post","link":"https:\/\/www.em.com.br\/emfoco\/2026\/04\/29\/o-cuidado-com-a-tatuagem-que-evita-perda-de-cor-e-mantem-o-desenho-perfeito-por-anos\/","title":{"rendered":"O cuidado com a tatuagem que evita perda de cor e mant\u00e9m o desenho perfeito por anos"},"content":{"rendered":"\n<p>Voc\u00ea sai do est\u00fadio admirando o design vibrante no bra\u00e7o enquanto o <strong>cuidado com a tatuagem<\/strong> se torna sua prioridade absoluta para as pr\u00f3ximas semanas. Como garantir que cada tra\u00e7o permane\u00e7a n\u00edtido e a recupera\u00e7\u00e3o ocorra sem imprevistos dolorosos ou perda de pigmento?<\/p>\n\n\n\n<h2 class=\"wp-block-heading\">Por que o cuidado com a tatuagem exige aten\u00e7\u00e3o<\/h2>\n\n\n\n<p>O processo de tatuar cria milhares de pequenas perfura\u00e7\u00f5es que transformam a regi\u00e3o afetada em uma ferida aberta extremamente sens\u00edvel. Manter a \u00e1rea higienizada evita que bact\u00e9rias oportunistas causem infec\u00e7\u00f5es que podem destruir o design art\u00edstico original de forma muito r\u00e1pida. A prote\u00e7\u00e3o inicial oferecida pelo profissional experiente serve como uma barreira f\u00edsica necess\u00e1ria contra as <strong>agress\u00f5es externas<\/strong> comuns do ambiente urbano.<\/p>\n\n\n\n<p>A derme precisa de tempo e estabilidade biol\u00f3gica para fixar os pigmentos de forma permanente sob as camadas superficiais da epiderme. Lavar o local com <strong>sabonete neutro<\/strong> ajuda a remover o excesso de plasma e res\u00edduos de tinta que costumam se acumular nas horas iniciais. Essa limpeza suave garante que os poros respirem adequadamente enquanto o <strong>tecido epitelial<\/strong> inicia sua complexa jornada de reconstru\u00e7\u00e3o natural.<\/p>\n\n\n<div class=\"wp-block-image\">\n<figure class=\"aligncenter size-large\"><img loading=\"lazy\" decoding=\"async\" width=\"1024\" height=\"576\" src=\"https:\/\/www.em.com.br\/emfoco\/wp-content\/uploads\/2026\/04\/creme-tatuagem_1777396474709-1024x576.jpg\" alt=\"Cuidado com a tatuagem\" class=\"wp-image-200947\" srcset=\"https:\/\/www.em.com.br\/emfoco\/wp-content\/uploads\/2026\/04\/creme-tatuagem_1777396474709-1024x576.jpg 1024w, https:\/\/www.em.com.br\/emfoco\/wp-content\/uploads\/2026\/04\/creme-tatuagem_1777396474709-300x169.jpg 300w, https:\/\/www.em.com.br\/emfoco\/wp-content\/uploads\/2026\/04\/creme-tatuagem_1777396474709-768x432.jpg 768w, https:\/\/www.em.com.br\/emfoco\/wp-content\/uploads\/2026\/04\/creme-tatuagem_1777396474709-750x422.jpg 750w, https:\/\/www.em.com.br\/emfoco\/wp-content\/uploads\/2026\/04\/creme-tatuagem_1777396474709-1140x641.jpg 1140w, https:\/\/www.em.com.br\/emfoco\/wp-content\/uploads\/2026\/04\/creme-tatuagem_1777396474709.jpg 1280w\" sizes=\"auto, (max-width: 1024px) 100vw, 1024px\" \/><figcaption class=\"wp-element-caption\">A derme precisa de tempo e estabilidade biol\u00f3gica para fixar os pigmentos de forma permanente sob as camadas superficiais da epiderme &#8211; Cr\u00e9ditos: depositphotos.com \/ serezniy<\/figcaption><\/figure><\/div>\n\n\n<p>Leia tamb\u00e9m: <a href=\"https:\/\/www.em.com.br\/emfoco\/2026\/04\/26\/estes-5-minutos-de-autocuidado-no-banho-podem-transformar-a-autoestima-da-mulher-40-no-dia-a-dia\/\" target=\"_blank\" rel=\"noreferrer noopener\">Estes 5 minutos de autocuidado no banho podem transformar a autoestima da mulher 40+ no dia a dia<\/a><\/p>\n\n\n\n<h2 class=\"wp-block-heading\">O papel da hidrata\u00e7\u00e3o na regenera\u00e7\u00e3o d\u00e9rmica<\/h2>\n\n\n\n<p>Uma pele excessivamente seca tende a repuxar e formar crostas espessas que podem levar parte da cor embora se forem arrancadas precocemente. Aplicar uma camada fina de <strong>pomada espec\u00edfica<\/strong> cria o ambiente \u00famido ideal para as c\u00e9lulas se multiplicarem com a rapidez necess\u00e1ria. O equil\u00edbrio h\u00eddrico constante evita a coceira excessiva e mant\u00e9m a <strong>elasticidade da pele<\/strong> durante todas as fases cr\u00edticas do processo cicatrizante.<\/p>\n\n\n\n<p>\u00c9 fundamental observar como seu corpo reage aos produtos aplicados para evitar poss\u00edveis alergias ou obstru\u00e7\u00f5es desnecess\u00e1rias nos poros sens\u00edveis. O uso correto desses cremes recomendados resulta em uma <strong>apar\u00eancia saud\u00e1vel<\/strong> e preserva o brilho duradouro da nova arte aplicada recentemente. Seguir o cronograma de hidrata\u00e7\u00e3o garante que a <strong>vivacidade das cores<\/strong> permane\u00e7a intacta por muito mais tempo do que o esperado.<\/p>\n\n\n\n<figure class=\"wp-block-embed is-type-rich is-provider-pinterest wp-block-embed-pinterest\"><div class=\"wp-block-embed__wrapper\">\n<iframe loading=\"lazy\" title=\"1\ufe0f\u20e3 Deixa a pele respirar.Usar pl\u00e1stico direto por dias s\u00f3 sufoca a tattoo.Usa s\u00f3 quando for dormir ou se tiver atrito com roupa, e mesmo assim, s\u00f3 no comecinho.2\ufe0f\u20e3 Lava, mas sem agredir.At\u00e9 6x por dia, com sabonete neutro ou l\u00edquido.Seca dando batidinhas com papel ou toalha limpa. Sem esfregar.3\ufe0f\u20e3 Hidrata com inten\u00e7\u00e3o.Uma camada fina de Cicaplast ou Bepantol.Pouco produto, at\u00e9 3x por dia. Tomar \u00e1gua tamb\u00e9m \u00e9 essencial para a hidrata\u00e7\u00e3o. 4\ufe0f\u20e3 N\u00e3o arranca casquinha. Nunca.Ela vai s...\" src=\"https:\/\/assets.pinterest.com\/ext\/embed.html?id=602849100166931221&#038;src=oembed\" height=\"899\" width=\"450\" frameborder=\"0\" scrolling=\"no\" ><\/iframe>\n<\/div><\/figure>\n\n\n\n<h2 class=\"wp-block-heading\">Erros comuns no cuidado com a tatuagem<\/h2>\n\n\n\n<p>Muitas pessoas sentem uma tenta\u00e7\u00e3o quase irresist\u00edvel de remover as pequenas casquinhas que surgem naturalmente ap\u00f3s alguns dias de recupera\u00e7\u00e3o. Esse h\u00e1bito prejudicial retira o pigmento ainda inst\u00e1vel e deixa falhas vis\u00edveis que exigir\u00e3o retoques caros e doloridos no futuro pr\u00f3ximo. O <strong>cuidado com a tatuagem<\/strong> envolve ter paci\u00eancia para deixar que o organismo descarte as c\u00e9lulas mortas no <strong>tempo certo<\/strong> e sem qualquer interven\u00e7\u00e3o f\u00edsica.<\/p>\n\n\n\n<p>Outro equ\u00edvoco frequente \u00e9 expor a \u00e1rea ao sol forte ou mergulhar em \u00e1guas de piscinas e praias logo na primeira semana. A \u00e1gua clorada ou salgada transporta micro-organismos variados que aumentam drasticamente o <strong>risco de inflama\u00e7\u00e3o<\/strong> severa na pele sensibilizada pela agulha. Evitar esses ambientes ajuda a preservar a <strong>integridade do tra\u00e7o<\/strong> e a beleza de cada detalhe art\u00edstico planejado com tanto carinho.<\/p>\n\n\n\n<p>Para voc\u00ea que gosta de se cuidar, separamos um v\u00eddeo do canal <a href=\"https:\/\/www.youtube.com\/@lacatedral.tatuagem\" target=\"_blank\" rel=\"noreferrer noopener\">LA CATEDRAL TATTOO <\/a>com dicas para cicatrizar a tatuagem de forma correta:<\/p>\n\n\n\n<figure class=\"wp-block-embed is-type-video is-provider-youtube wp-block-embed-youtube wp-embed-aspect-16-9 wp-has-aspect-ratio\"><div class=\"wp-block-embed__wrapper\">\n<div class=\"jeg_video_container jeg_video_content\"><iframe loading=\"lazy\" title=\"TATUAGEM CICATRIZANDO? GUIA COMPLETO DE CUIDADOS P\u00d3S-TATTOO!\" width=\"500\" height=\"281\" src=\"https:\/\/www.youtube.com\/embed\/btF5h4CvJRY?feature=oembed\" frameborder=\"0\" allow=\"accelerometer; autoplay; clipboard-write; encrypted-media; gyroscope; picture-in-picture; web-share\" referrerpolicy=\"strict-origin-when-cross-origin\" allowfullscreen><\/iframe><\/div>\n<\/div><\/figure>\n\n\n\n<h2 class=\"wp-block-heading\">Como otimizar o cuidado com a tatuagem no ver\u00e3o<\/h2>\n\n\n\n<p>O calor intenso e o suor excessivo podem irritar a regi\u00e3o tatuada e causar desconforto durante as atividades f\u00edsicas mais intensas. Manter o local bem arejado e usar roupas leves de algod\u00e3o evita o <strong>atrito constante<\/strong> que prejudica a cicatriza\u00e7\u00e3o correta da derme. Uma rotina de <strong>limpeza frequente<\/strong> impede que o ac\u00famulo de suor gere espinhas ou pequenas bolhas ao redor do desenho rec\u00e9m-feito.<\/p>\n\n\n\n<p>Existem etapas pr\u00e1ticas que voc\u00ea deve adotar para garantir que o clima quente n\u00e3o comprometa seu novo investimento est\u00e9tico e pessoal. A prote\u00e7\u00e3o solar direta s\u00f3 deve ser iniciada ap\u00f3s a pele estar totalmente regenerada para n\u00e3o obstruir a ferida em processo. Verifique os pontos fundamentais para manter sua <strong>pele protegida<\/strong> e a <strong>cor vibrante<\/strong> mesmo sob as altas temperaturas da esta\u00e7\u00e3o atual.<\/p>\n\n\n\n<ul class=\"wp-block-list\">\n<li>Beba muita \u00e1gua mineral para manter a <strong>hidrata\u00e7\u00e3o interna<\/strong> do organismo sempre em n\u00edveis elevados.<\/li>\n\n\n\n<li>Evite tecidos sint\u00e9ticos que grudam na pele e causam <strong>calor excessivo<\/strong> na regi\u00e3o afetada pela agulha.<\/li>\n\n\n\n<li>Mantenha uma dieta leve para facilitar o <strong>trabalho regenerativo<\/strong> natural do seu sistema imunol\u00f3gico.<\/li>\n<\/ul>\n\n\n\n<h2 class=\"wp-block-heading\">Garanta resultados incr\u00edveis por muitos anos<\/h2>\n\n\n\n<p>Observe atentamente qualquer sinal de vermelhid\u00e3o fora do comum ou dor persistente por muitos dias seguidos. Consulte seu tatuador de confian\u00e7a caso perceba que a cicatriza\u00e7\u00e3o n\u00e3o est\u00e1 progredindo como o esperado originalmente. Sua <strong>seguran\u00e7a pessoal<\/strong> deve estar sempre acima da est\u00e9tica para evitar <strong>problemas cr\u00f4nicos<\/strong> de sa\u00fade no futuro.<\/p>\n\n\n\n<p>Aprecie cada etapa da transforma\u00e7\u00e3o e respeite os limites biol\u00f3gicos que seu pr\u00f3prio corpo imp\u00f5e agora. Uma tatuagem bem cuidada reflete o seu <strong>respeito pela arte<\/strong> e pela sua pr\u00f3pria hist\u00f3ria gravada na pele. Siga as instru\u00e7\u00f5es com disciplina para exibir um <strong>resultado impec\u00e1vel<\/strong> durante todas as fases da sua jornada pessoal.<\/p>\n","protected":false},"excerpt":{"rendered":"<p>Voc\u00ea sai do est\u00fadio admirando o design vibrante no bra\u00e7o enquanto o cuidado com a tatuagem se torna sua prioridade absoluta para as pr\u00f3ximas semanas. Como garantir que cada tra\u00e7o permane\u00e7a n\u00edtido e a recupera\u00e7\u00e3o ocorra sem imprevistos dolorosos ou perda de pigmento? Por que o cuidado com a tatuagem exige aten\u00e7\u00e3o O processo de [&hellip;]<\/p>\n","protected":false},"author":9,"featured_media":200974,"comment_status":"open","ping_status":"open","sticky":false,"template":"","format":"standard","meta":{"jnews-multi-image_gallery":[],"jnews_single_post":{"format":"standard"},"jnews_primary_category":[],"jnews_social_meta":[],"jnews_override_counter":[],"footnotes":""},"categories":[8691,9053],"tags":[5175,6003,28947],"class_list":["post-200946","post","type-post","status-publish","format-standard","has-post-thumbnail","hentry","category-bem-estar","category-saude","tag-cicatrizacao","tag-saude-da-pele","tag-tatuagem-nova"],"yoast_head":"<!-- This site is optimized with the Yoast SEO plugin v23.8 - https:\/\/yoast.com\/wordpress\/plugins\/seo\/ -->\n<title>O cuidado com a tatuagem que evita perda de cor e mant\u00e9m o desenho perfeito por anos - Estado de Minas - Em foco<\/title>\n<meta name=\"description\" content=\"Manter o cuidado com a tatuagem garante cores vibrantes e evita infec\u00e7\u00f5es chatas durante o processo de cicatriza\u00e7\u00e3o da sua nova arte na pele.\" \/>\n<meta name=\"robots\" content=\"index, follow, max-snippet:-1, max-image-preview:large, max-video-preview:-1\" \/>\n<link rel=\"canonical\" href=\"https:\/\/www.em.com.br\/emfoco\/2026\/04\/29\/o-cuidado-com-a-tatuagem-que-evita-perda-de-cor-e-mantem-o-desenho-perfeito-por-anos\/\" \/>\n<meta property=\"og:locale\" content=\"pt_BR\" \/>\n<meta property=\"og:type\" content=\"article\" \/>\n<meta property=\"og:title\" content=\"O cuidado com a tatuagem que evita perda de cor e mant\u00e9m o desenho perfeito por anos - Estado de Minas - Em foco\" \/>\n<meta property=\"og:description\" content=\"Manter o cuidado com a tatuagem garante cores vibrantes e evita infec\u00e7\u00f5es chatas durante o processo de cicatriza\u00e7\u00e3o da sua nova arte na pele.\" \/>\n<meta property=\"og:url\" content=\"https:\/\/www.em.com.br\/emfoco\/2026\/04\/29\/o-cuidado-com-a-tatuagem-que-evita-perda-de-cor-e-mantem-o-desenho-perfeito-por-anos\/\" \/>\n<meta property=\"og:site_name\" content=\"Estado de Minas - Em foco\" \/>\n<meta property=\"article:published_time\" content=\"2026-04-29T23:45:00+00:00\" \/>\n<meta property=\"article:modified_time\" content=\"2026-04-28T19:56:46+00:00\" \/>\n<meta property=\"og:image\" content=\"https:\/\/www.em.com.br\/emfoco\/wp-content\/uploads\/2026\/04\/EmFoco_56-8.jpg\" \/>\n\t<meta property=\"og:image:width\" content=\"1280\" \/>\n\t<meta property=\"og:image:height\" content=\"720\" \/>\n\t<meta property=\"og:image:type\" content=\"image\/jpeg\" \/>\n<meta name=\"author\" content=\"Daniely Cardoso\" \/>\n<meta name=\"twitter:card\" content=\"summary_large_image\" \/>\n<meta name=\"twitter:label1\" content=\"Escrito por\" \/>\n\t<meta name=\"twitter:data1\" content=\"Daniely Cardoso\" \/>\n\t<meta name=\"twitter:label2\" content=\"Est. tempo de leitura\" \/>\n\t<meta name=\"twitter:data2\" content=\"5 minutos\" \/>\n<!-- \/ Yoast SEO plugin. -->","yoast_head_json":{"title":"O cuidado com a tatuagem que evita perda de cor e mant\u00e9m o desenho perfeito por anos - Estado de Minas - Em foco","description":"Manter o cuidado com a tatuagem garante cores vibrantes e evita infec\u00e7\u00f5es chatas durante o processo de cicatriza\u00e7\u00e3o da sua nova arte na pele.","robots":{"index":"index","follow":"follow","max-snippet":"max-snippet:-1","max-image-preview":"max-image-preview:large","max-video-preview":"max-video-preview:-1"},"canonical":"https:\/\/www.em.com.br\/emfoco\/2026\/04\/29\/o-cuidado-com-a-tatuagem-que-evita-perda-de-cor-e-mantem-o-desenho-perfeito-por-anos\/","og_locale":"pt_BR","og_type":"article","og_title":"O cuidado com a tatuagem que evita perda de cor e mant\u00e9m o desenho perfeito por anos - Estado de Minas - Em foco","og_description":"Manter o cuidado com a tatuagem garante cores vibrantes e evita infec\u00e7\u00f5es chatas durante o processo de cicatriza\u00e7\u00e3o da sua nova arte na pele.","og_url":"https:\/\/www.em.com.br\/emfoco\/2026\/04\/29\/o-cuidado-com-a-tatuagem-que-evita-perda-de-cor-e-mantem-o-desenho-perfeito-por-anos\/","og_site_name":"Estado de Minas - Em foco","article_published_time":"2026-04-29T23:45:00+00:00","article_modified_time":"2026-04-28T19:56:46+00:00","og_image":[{"width":1280,"height":720,"url":"https:\/\/www.em.com.br\/emfoco\/wp-content\/uploads\/2026\/04\/EmFoco_56-8.jpg","type":"image\/jpeg"}],"author":"Daniely Cardoso","twitter_card":"summary_large_image","twitter_misc":{"Escrito por":"Daniely Cardoso","Est. tempo de leitura":"5 minutos"},"schema":{"@context":"https:\/\/schema.org","@graph":[{"@type":"WebPage","@id":"https:\/\/www.em.com.br\/emfoco\/2026\/04\/29\/o-cuidado-com-a-tatuagem-que-evita-perda-de-cor-e-mantem-o-desenho-perfeito-por-anos\/","url":"https:\/\/www.em.com.br\/emfoco\/2026\/04\/29\/o-cuidado-com-a-tatuagem-que-evita-perda-de-cor-e-mantem-o-desenho-perfeito-por-anos\/","name":"O cuidado com a tatuagem que evita perda de cor e mant\u00e9m o desenho perfeito por anos - Estado de Minas - Em foco","isPartOf":{"@id":"https:\/\/www.em.com.br\/emfoco\/#website"},"primaryImageOfPage":{"@id":"https:\/\/www.em.com.br\/emfoco\/2026\/04\/29\/o-cuidado-com-a-tatuagem-que-evita-perda-de-cor-e-mantem-o-desenho-perfeito-por-anos\/#primaryimage"},"image":{"@id":"https:\/\/www.em.com.br\/emfoco\/2026\/04\/29\/o-cuidado-com-a-tatuagem-que-evita-perda-de-cor-e-mantem-o-desenho-perfeito-por-anos\/#primaryimage"},"thumbnailUrl":"https:\/\/www.em.com.br\/emfoco\/wp-content\/uploads\/2026\/04\/EmFoco_56-8.jpg","datePublished":"2026-04-29T23:45:00+00:00","dateModified":"2026-04-28T19:56:46+00:00","author":{"@id":"https:\/\/www.em.com.br\/emfoco\/#\/schema\/person\/0a8186d72f2c3a5c6276d90b41f271a0"},"description":"Manter o cuidado com a tatuagem garante cores vibrantes e evita infec\u00e7\u00f5es chatas durante o processo de cicatriza\u00e7\u00e3o da sua nova arte na pele.","breadcrumb":{"@id":"https:\/\/www.em.com.br\/emfoco\/2026\/04\/29\/o-cuidado-com-a-tatuagem-que-evita-perda-de-cor-e-mantem-o-desenho-perfeito-por-anos\/#breadcrumb"},"inLanguage":"pt-BR","potentialAction":[{"@type":"ReadAction","target":["https:\/\/www.em.com.br\/emfoco\/2026\/04\/29\/o-cuidado-com-a-tatuagem-que-evita-perda-de-cor-e-mantem-o-desenho-perfeito-por-anos\/"]}]},{"@type":"ImageObject","inLanguage":"pt-BR","@id":"https:\/\/www.em.com.br\/emfoco\/2026\/04\/29\/o-cuidado-com-a-tatuagem-que-evita-perda-de-cor-e-mantem-o-desenho-perfeito-por-anos\/#primaryimage","url":"https:\/\/www.em.com.br\/emfoco\/wp-content\/uploads\/2026\/04\/EmFoco_56-8.jpg","contentUrl":"https:\/\/www.em.com.br\/emfoco\/wp-content\/uploads\/2026\/04\/EmFoco_56-8.jpg","width":1280,"height":720,"caption":"Orienta\u00e7\u00f5es essenciais de higieniza\u00e7\u00e3o e hidrata\u00e7\u00e3o para garantir a cicatriza\u00e7\u00e3o da arte d\u00e9rmica"},{"@type":"BreadcrumbList","@id":"https:\/\/www.em.com.br\/emfoco\/2026\/04\/29\/o-cuidado-com-a-tatuagem-que-evita-perda-de-cor-e-mantem-o-desenho-perfeito-por-anos\/#breadcrumb","itemListElement":[{"@type":"ListItem","position":1,"name":"In\u00edcio","item":"https:\/\/www.em.com.br\/emfoco\/"},{"@type":"ListItem","position":2,"name":"O cuidado com a tatuagem que evita perda de cor e mant\u00e9m o desenho perfeito por anos"}]},{"@type":"WebSite","@id":"https:\/\/www.em.com.br\/emfoco\/#website","url":"https:\/\/www.em.com.br\/emfoco\/","name":"Estado de Minas - Em foco","description":"Acompanhe as \u00faltimas not\u00edcias e fique bem informado sobre tudo o que acontece em Minas Gerais, Brasil e no mundo.","potentialAction":[{"@type":"SearchAction","target":{"@type":"EntryPoint","urlTemplate":"https:\/\/www.em.com.br\/emfoco\/?s={search_term_string}"},"query-input":{"@type":"PropertyValueSpecification","valueRequired":true,"valueName":"search_term_string"}}],"inLanguage":"pt-BR"},{"@type":"Person","@id":"https:\/\/www.em.com.br\/emfoco\/#\/schema\/person\/0a8186d72f2c3a5c6276d90b41f271a0","name":"Daniely Cardoso","image":{"@type":"ImageObject","inLanguage":"pt-BR","@id":"https:\/\/www.em.com.br\/emfoco\/#\/schema\/person\/image\/","url":"https:\/\/secure.gravatar.com\/avatar\/4b80ddbd124d1f071b626d52d62e5dff?s=96&d=mm&r=g","contentUrl":"https:\/\/secure.gravatar.com\/avatar\/4b80ddbd124d1f071b626d52d62e5dff?s=96&d=mm&r=g","caption":"Daniely Cardoso"},"url":"https:\/\/www.em.com.br\/emfoco\/author\/danielymyth\/"}]}},"_links":{"self":[{"href":"https:\/\/www.em.com.br\/emfoco\/wp-json\/wp\/v2\/posts\/200946","targetHints":{"allow":["GET"]}}],"collection":[{"href":"https:\/\/www.em.com.br\/emfoco\/wp-json\/wp\/v2\/posts"}],"about":[{"href":"https:\/\/www.em.com.br\/emfoco\/wp-json\/wp\/v2\/types\/post"}],"author":[{"embeddable":true,"href":"https:\/\/www.em.com.br\/emfoco\/wp-json\/wp\/v2\/users\/9"}],"replies":[{"embeddable":true,"href":"https:\/\/www.em.com.br\/emfoco\/wp-json\/wp\/v2\/comments?post=200946"}],"version-history":[{"count":2,"href":"https:\/\/www.em.com.br\/emfoco\/wp-json\/wp\/v2\/posts\/200946\/revisions"}],"predecessor-version":[{"id":200997,"href":"https:\/\/www.em.com.br\/emfoco\/wp-json\/wp\/v2\/posts\/200946\/revisions\/200997"}],"wp:featuredmedia":[{"embeddable":true,"href":"https:\/\/www.em.com.br\/emfoco\/wp-json\/wp\/v2\/media\/200974"}],"wp:attachment":[{"href":"https:\/\/www.em.com.br\/emfoco\/wp-json\/wp\/v2\/media?parent=200946"}],"wp:term":[{"taxonomy":"category","embeddable":true,"href":"https:\/\/www.em.com.br\/emfoco\/wp-json\/wp\/v2\/categories?post=200946"},{"taxonomy":"post_tag","embeddable":true,"href":"https:\/\/www.em.com.br\/emfoco\/wp-json\/wp\/v2\/tags?post=200946"}],"curies":[{"name":"wp","href":"https:\/\/api.w.org\/{rel}","templated":true}]}}