{"id":200940,"date":"2026-04-29T19:45:00","date_gmt":"2026-04-29T22:45:00","guid":{"rendered":"https:\/\/www.em.com.br\/emfoco\/?p=200940"},"modified":"2026-04-28T16:36:57","modified_gmt":"2026-04-28T19:36:57","slug":"nem-morto-nem-vivo-o-ser-que-vive-em-dualidade-e-que-controla-a-vida-nos-mares","status":"publish","type":"post","link":"https:\/\/www.em.com.br\/emfoco\/2026\/04\/29\/nem-morto-nem-vivo-o-ser-que-vive-em-dualidade-e-que-controla-a-vida-nos-mares\/","title":{"rendered":"Nem morto nem vivo, o ser que vive em dualidade e que controla a vida nos mares"},"content":{"rendered":"\n<p>Voc\u00ea mergulha no mar calmo e sente a \u00e1gua refrescante enquanto a <strong>natureza dos v\u00edrus<\/strong> se esconde em cada gota invis\u00edvel ao seu redor. Ser\u00e1 que essa presen\u00e7a massiva e silenciosa representa um <strong>perigo real<\/strong> ou um <strong>equil\u00edbrio vital<\/strong> para o nosso planeta?<\/p>\n\n\n\n<h2 class=\"wp-block-heading\">Por que a natureza dos v\u00edrus intriga a ci\u00eancia<\/h2>\n\n\n\n<p>Os cientistas debatem h\u00e1 d\u00e9cadas se esses <strong>agentes microsc\u00f3picos<\/strong> pertencem ao reino dos seres vivos ou se s\u00e3o apenas m\u00e1quinas biol\u00f3gicas complexas. Quando est\u00e3o flutuando no ambiente, eles permanecem inertes e n\u00e3o mostram sinais de metabolismo pr\u00f3prio ou consumo de energia. Essa caracter\u00edstica \u00fanica desafia as <strong>defini\u00e7\u00f5es tradicionais<\/strong> de vida que aprendemos nos livros escolares desde a inf\u00e2ncia.<\/p>\n\n\n\n<p>A transi\u00e7\u00e3o ocorre apenas quando o material gen\u00e9tico encontra uma c\u00e9lula hospedeira compat\u00edvel para iniciar sua jornada de replica\u00e7\u00e3o celular. Nesse momento exato, a estrutura ganha um prop\u00f3sito biol\u00f3gico e passa a comandar as fun\u00e7\u00f5es celulares para <strong>gerar c\u00f3pias<\/strong> de si mesma. O entendimento dessa dualidade ajuda a compreender como os <strong>pat\u00f3genos evoluem<\/strong> e se adaptam aos <strong>diversos ambientes<\/strong> da Terra.<\/p>\n\n\n<div class=\"wp-block-image\">\n<figure class=\"aligncenter size-large\"><img loading=\"lazy\" decoding=\"async\" width=\"1024\" height=\"576\" src=\"https:\/\/www.em.com.br\/emfoco\/wp-content\/uploads\/2026\/04\/virus_1777396023410-1024x576.jpg\" alt=\"Natureza dos v\u00edrus\" class=\"wp-image-200941\" srcset=\"https:\/\/www.em.com.br\/emfoco\/wp-content\/uploads\/2026\/04\/virus_1777396023410-1024x576.jpg 1024w, https:\/\/www.em.com.br\/emfoco\/wp-content\/uploads\/2026\/04\/virus_1777396023410-300x169.jpg 300w, https:\/\/www.em.com.br\/emfoco\/wp-content\/uploads\/2026\/04\/virus_1777396023410-768x432.jpg 768w, https:\/\/www.em.com.br\/emfoco\/wp-content\/uploads\/2026\/04\/virus_1777396023410-750x422.jpg 750w, https:\/\/www.em.com.br\/emfoco\/wp-content\/uploads\/2026\/04\/virus_1777396023410-1140x641.jpg 1140w, https:\/\/www.em.com.br\/emfoco\/wp-content\/uploads\/2026\/04\/virus_1777396023410.jpg 1280w\" sizes=\"auto, (max-width: 1024px) 100vw, 1024px\" \/><figcaption class=\"wp-element-caption\">A transi\u00e7\u00e3o ocorre apenas quando o material gen\u00e9tico encontra uma c\u00e9lula hospedeira compat\u00edvel para iniciar sua jornada &#8211; Cr\u00e9ditos: depositphotos.com \/ rbhavana<\/figcaption><\/figure><\/div>\n\n\n<p>Leia tamb\u00e9m: <a href=\"https:\/\/www.em.com.br\/emfoco\/2026\/04\/21\/as-tumbas-mais-misteriosas-ja-encontradas-no-egito-guardam-segredos-fascinantes\/\" target=\"_blank\" rel=\"noreferrer noopener\">As tumbas mais misteriosas j\u00e1 encontradas no Egito guardam segredos fascinantes<\/a><\/p>\n\n\n\n<h2 class=\"wp-block-heading\">Onde a natureza dos v\u00edrus se manifesta com for\u00e7a<\/h2>\n\n\n\n<p>Imagine que um \u00fanico litro de \u00e1gua do mar abriga uma quantidade vasta de part\u00edculas virais que supera a popula\u00e7\u00e3o humana global. Essa densidade impressionante revela que a <strong>natureza dos v\u00edrus<\/strong> est\u00e1 integrada aos ciclos biogeoqu\u00edmicos fundamentais que sustentam a vida marinha. Sem essa press\u00e3o constante, muitas popula\u00e7\u00f5es de bact\u00e9rias cresceriam sem controle e causariam o colapso de <strong>ecossistemas inteiros<\/strong> em pouco tempo.<\/p>\n\n\n\n<p>Abaixo est\u00e3o os locais onde esses organismos microsc\u00f3picos exercem maior influ\u00eancia no equil\u00edbrio do nosso planeta. Eles atuam em frentes distintas que garantem a sobreviv\u00eancia de m\u00faltiplas esp\u00e9cies em diferentes <strong>biomas terrestres<\/strong>. Observe como essas pequenas part\u00edculas moldam a <strong>influ\u00eancia biol\u00f3gica<\/strong> em <strong>larga escala<\/strong> ao redor do globo.<\/p>\n\n\n\n<ul class=\"wp-block-list\">\n<li>Oceanos profundos onde controlam o <strong>excesso de bact\u00e9rias<\/strong> nocivas.<\/li>\n\n\n\n<li>Solo das florestas tropicais que auxilia na <strong>decomposi\u00e7\u00e3o de mat\u00e9ria<\/strong> org\u00e2nica.<\/li>\n\n\n\n<li>Interior do corpo humano como parte do microbioma que <strong>regula a imunidade<\/strong>.<\/li>\n<\/ul>\n\n\n\n<figure class=\"wp-block-embed is-type-rich is-provider-pinterest wp-block-embed-pinterest\"><div class=\"wp-block-embed__wrapper\">\n<iframe loading=\"lazy\" title=\"Subscribe to @motiondesigners.pro|alexander.eskin_See more on www.MotionDesigners.Pro#3d #vfx #cgi #digitalart #blender #motion #animation #c4d #cinema4d #houdini #aftereffects #motiondesign #ae #render #3dartist #houdinifx #sidefx #3danimation #tracking #octane #render\" src=\"https:\/\/assets.pinterest.com\/ext\/embed.html?id=127578601938928982&#038;src=oembed\" height=\"899\" width=\"450\" frameborder=\"0\" scrolling=\"no\" ><\/iframe>\n<\/div><\/figure>\n\n\n\n<h2 class=\"wp-block-heading\">Como os v\u00edrions sobrevivem fora do hospedeiro<\/h2>\n\n\n\n<p>Quando o v\u00edrus est\u00e1 fora de uma c\u00e9lula, ele recebe o nome t\u00e9cnico de v\u00edrion e funciona como uma <strong>c\u00e1psula protetora<\/strong> resistente. Essa estrutura protege o material gen\u00e9tico de danos ambientais causados pela radia\u00e7\u00e3o ultravioleta ou mudan\u00e7as bruscas de temperatura no ambiente externo. A <strong>estabilidade estrutural<\/strong> garante que a informa\u00e7\u00e3o gen\u00e9tica chegue intacta ao pr\u00f3ximo organismo que ser\u00e1 <strong>colonizado com sucesso<\/strong>.<\/p>\n\n\n\n<p>Muitas pessoas acreditam que eles morrem rapidamente no ar, mas a verdade \u00e9 que eles apenas <strong>esperam pacientemente<\/strong> por um contato f\u00edsico. A capacidade de <strong>permanecer latente<\/strong> por longos per\u00edodos permite que o ciclo de infec\u00e7\u00e3o continue mesmo em condi\u00e7\u00f5es adversas de sobreviv\u00eancia. Entender esse estado de dorm\u00eancia \u00e9 fundamental para criar estrat\u00e9gias de <strong>preven\u00e7\u00e3o e higiene<\/strong> eficientes no dia a dia.<\/p>\n\n\n\n<p>Para voc\u00ea que gosta de aprofundar, separamos um v\u00eddeo do canal <a href=\"https:\/\/www.youtube.com\/@TodaMateriaOficial\" target=\"_blank\" rel=\"noreferrer noopener\">Toda Mat\u00e9ria<\/a> com mais curiosidades sobre virus:<\/p>\n\n\n\n<figure class=\"wp-block-embed is-type-video is-provider-youtube wp-block-embed-youtube wp-embed-aspect-16-9 wp-has-aspect-ratio\"><div class=\"wp-block-embed__wrapper\">\n<div class=\"jeg_video_container jeg_video_content\"><iframe loading=\"lazy\" title=\"Desvendando O Mundo dos V\u00cdRUS | Resumo Completo\" width=\"500\" height=\"281\" src=\"https:\/\/www.youtube.com\/embed\/LYBG9bSDJ2Q?feature=oembed\" frameborder=\"0\" allow=\"accelerometer; autoplay; clipboard-write; encrypted-media; gyroscope; picture-in-picture; web-share\" referrerpolicy=\"strict-origin-when-cross-origin\" allowfullscreen><\/iframe><\/div>\n<\/div><\/figure>\n\n\n\n<h2 class=\"wp-block-heading\">A import\u00e2ncia da natureza dos v\u00edrus na evolu\u00e7\u00e3o<\/h2>\n\n\n\n<p>Grande parte do DNA humano atual cont\u00e9m fragmentos herdados de infec\u00e7\u00f5es virais que ocorreram com nossos ancestrais h\u00e1 milh\u00f5es de anos. Esse interc\u00e2mbio gen\u00e9tico moldou o desenvolvimento de \u00f3rg\u00e3os complexos e permitiu que esp\u00e9cies inteiras ganhassem <strong>novas habilidades biol\u00f3gicas<\/strong> contra doen\u00e7as. A <strong>natureza dos v\u00edrus<\/strong> atua como um <strong>motor de diversidade<\/strong> que acelera processos evolutivos que levariam eras para acontecer naturalmente.<\/p>\n\n\n\n<p>Existem diversos benef\u00edcios diretos que esse fen\u00f4meno gen\u00e9tico trouxe para a <strong>medicina moderna<\/strong> e para a biologia celular. A ci\u00eancia utiliza essas ferramentas microsc\u00f3picas para desenvolver tratamentos que antes eram considerados imposs\u00edveis pela medicina tradicional. Note as aplica\u00e7\u00f5es pr\u00e1ticas dessa <strong>intera\u00e7\u00e3o gen\u00e9tica<\/strong> constante na <strong>sa\u00fade humana<\/strong>.<\/p>\n\n\n\n<ol class=\"wp-block-list\">\n<li>Cria\u00e7\u00e3o de vacinas gen\u00e9ticas que treinam o <strong>sistema de defesa<\/strong> do organismo.<\/li>\n\n\n\n<li>Terapia g\u00eanica que utiliza vetores virais para <strong>corrigir muta\u00e7\u00f5es<\/strong> em pacientes.<\/li>\n\n\n\n<li>Estudo de novos antibi\u00f3ticos naturais baseados em v\u00edrus que <strong>atacam bact\u00e9rias<\/strong> nocivas.<\/li>\n<\/ol>\n\n\n<div class=\"wp-block-image\">\n<figure class=\"aligncenter size-large\"><img loading=\"lazy\" decoding=\"async\" width=\"1024\" height=\"576\" src=\"https:\/\/www.em.com.br\/emfoco\/wp-content\/uploads\/2026\/04\/virus_1777396172035-1024x576.jpg\" alt=\"Natureza dos v\u00edrus\" class=\"wp-image-200942\" srcset=\"https:\/\/www.em.com.br\/emfoco\/wp-content\/uploads\/2026\/04\/virus_1777396172035-1024x576.jpg 1024w, https:\/\/www.em.com.br\/emfoco\/wp-content\/uploads\/2026\/04\/virus_1777396172035-300x169.jpg 300w, https:\/\/www.em.com.br\/emfoco\/wp-content\/uploads\/2026\/04\/virus_1777396172035-768x432.jpg 768w, https:\/\/www.em.com.br\/emfoco\/wp-content\/uploads\/2026\/04\/virus_1777396172035-750x422.jpg 750w, https:\/\/www.em.com.br\/emfoco\/wp-content\/uploads\/2026\/04\/virus_1777396172035-1140x641.jpg 1140w, https:\/\/www.em.com.br\/emfoco\/wp-content\/uploads\/2026\/04\/virus_1777396172035.jpg 1280w\" sizes=\"auto, (max-width: 1024px) 100vw, 1024px\" \/><figcaption class=\"wp-element-caption\">Existem diversos benef\u00edcios diretos que esse fen\u00f4meno gen\u00e9tico trouxe para a medicina moderna e para a biologia celular. &#8211; Cr\u00e9ditos: depositphotos.com \/ Success Media<\/figcaption><\/figure><\/div>\n\n\n<h2 class=\"wp-block-heading\">Proteja sua sa\u00fade com conhecimento pr\u00e1tico<\/h2>\n\n\n\n<p>Mantenha sempre bons h\u00e1bitos de higiene para evitar o contato com part\u00edculas indesejadas em locais p\u00fablicos. O conhecimento sobre como esses agentes operam \u00e9 a sua <strong>melhor defesa<\/strong> contra poss\u00edveis cont\u00e1gios sazonais. Procure fontes confi\u00e1veis de informa\u00e7\u00e3o cient\u00edfica para tomar <strong>decis\u00f5es seguras<\/strong> sobre vacina\u00e7\u00e3o e <strong>cuidados preventivos<\/strong>.<\/p>\n\n\n\n<p>Valorize o equil\u00edbrio natural que mant\u00e9m a biodiversidade do nosso planeta funcionando de forma integrada e resiliente. Cuide da sua sa\u00fade f\u00edsica mantendo o <strong>sistema imunol\u00f3gico<\/strong> fortalecido atrav\u00e9s de uma <strong>alimenta\u00e7\u00e3o equilibrada<\/strong> e exerc\u00edcios regulares. A ci\u00eancia continua <strong>avan\u00e7ando constantemente<\/strong> para que possamos conviver em harmonia com todos os elementos microsc\u00f3picos que nos cercam.<\/p>\n","protected":false},"excerpt":{"rendered":"<p>Voc\u00ea mergulha no mar calmo e sente a \u00e1gua refrescante enquanto a natureza dos v\u00edrus se esconde em cada gota invis\u00edvel ao seu redor. Ser\u00e1 que essa presen\u00e7a massiva e silenciosa representa um perigo real ou um equil\u00edbrio vital para o nosso planeta? Por que a natureza dos v\u00edrus intriga a ci\u00eancia Os cientistas debatem [&hellip;]<\/p>\n","protected":false},"author":9,"featured_media":200973,"comment_status":"open","ping_status":"open","sticky":false,"template":"","format":"standard","meta":{"jnews-multi-image_gallery":[],"jnews_single_post":{"format":"standard"},"jnews_primary_category":[],"jnews_social_meta":[],"jnews_override_counter":[],"footnotes":""},"categories":[8819],"tags":[28945,28946,2026],"class_list":["post-200940","post","type-post","status-publish","format-standard","has-post-thumbnail","hentry","category-curiosidades","tag-biologia-marinha","tag-evolucao-genetica","tag-saude-publica"],"yoast_head":"<!-- This site is optimized with the Yoast SEO plugin v23.8 - https:\/\/yoast.com\/wordpress\/plugins\/seo\/ -->\n<title>Nem morto nem vivo, o ser que vive em dualidade e que controla a vida nos mares - Estado de Minas - Em foco<\/title>\n<meta name=\"description\" content=\"A natureza dos v\u00edrus impacta a vida nos oceanos e o corpo humano de formas surpreendentes enquanto a ci\u00eancia busca entender esses agentes.\" \/>\n<meta name=\"robots\" content=\"index, follow, max-snippet:-1, max-image-preview:large, max-video-preview:-1\" \/>\n<link rel=\"canonical\" href=\"https:\/\/www.em.com.br\/emfoco\/2026\/04\/29\/nem-morto-nem-vivo-o-ser-que-vive-em-dualidade-e-que-controla-a-vida-nos-mares\/\" \/>\n<meta property=\"og:locale\" content=\"pt_BR\" \/>\n<meta property=\"og:type\" content=\"article\" \/>\n<meta property=\"og:title\" content=\"Nem morto nem vivo, o ser que vive em dualidade e que controla a vida nos mares - Estado de Minas - Em foco\" \/>\n<meta property=\"og:description\" content=\"A natureza dos v\u00edrus impacta a vida nos oceanos e o corpo humano de formas surpreendentes enquanto a ci\u00eancia busca entender esses agentes.\" \/>\n<meta property=\"og:url\" content=\"https:\/\/www.em.com.br\/emfoco\/2026\/04\/29\/nem-morto-nem-vivo-o-ser-que-vive-em-dualidade-e-que-controla-a-vida-nos-mares\/\" \/>\n<meta property=\"og:site_name\" content=\"Estado de Minas - Em foco\" \/>\n<meta property=\"article:published_time\" content=\"2026-04-29T22:45:00+00:00\" \/>\n<meta property=\"article:modified_time\" content=\"2026-04-28T19:36:57+00:00\" \/>\n<meta property=\"og:image\" content=\"https:\/\/www.em.com.br\/emfoco\/wp-content\/uploads\/2026\/04\/EmFoco_57-8.jpg\" \/>\n\t<meta property=\"og:image:width\" content=\"1280\" \/>\n\t<meta property=\"og:image:height\" content=\"720\" \/>\n\t<meta property=\"og:image:type\" content=\"image\/jpeg\" \/>\n<meta name=\"author\" content=\"Daniely Cardoso\" \/>\n<meta name=\"twitter:card\" content=\"summary_large_image\" \/>\n<meta name=\"twitter:label1\" content=\"Escrito por\" \/>\n\t<meta name=\"twitter:data1\" content=\"Daniely Cardoso\" \/>\n\t<meta name=\"twitter:label2\" content=\"Est. tempo de leitura\" \/>\n\t<meta name=\"twitter:data2\" content=\"5 minutos\" \/>\n<!-- \/ Yoast SEO plugin. -->","yoast_head_json":{"title":"Nem morto nem vivo, o ser que vive em dualidade e que controla a vida nos mares - Estado de Minas - Em foco","description":"A natureza dos v\u00edrus impacta a vida nos oceanos e o corpo humano de formas surpreendentes enquanto a ci\u00eancia busca entender esses agentes.","robots":{"index":"index","follow":"follow","max-snippet":"max-snippet:-1","max-image-preview":"max-image-preview:large","max-video-preview":"max-video-preview:-1"},"canonical":"https:\/\/www.em.com.br\/emfoco\/2026\/04\/29\/nem-morto-nem-vivo-o-ser-que-vive-em-dualidade-e-que-controla-a-vida-nos-mares\/","og_locale":"pt_BR","og_type":"article","og_title":"Nem morto nem vivo, o ser que vive em dualidade e que controla a vida nos mares - Estado de Minas - Em foco","og_description":"A natureza dos v\u00edrus impacta a vida nos oceanos e o corpo humano de formas surpreendentes enquanto a ci\u00eancia busca entender esses agentes.","og_url":"https:\/\/www.em.com.br\/emfoco\/2026\/04\/29\/nem-morto-nem-vivo-o-ser-que-vive-em-dualidade-e-que-controla-a-vida-nos-mares\/","og_site_name":"Estado de Minas - Em foco","article_published_time":"2026-04-29T22:45:00+00:00","article_modified_time":"2026-04-28T19:36:57+00:00","og_image":[{"width":1280,"height":720,"url":"https:\/\/www.em.com.br\/emfoco\/wp-content\/uploads\/2026\/04\/EmFoco_57-8.jpg","type":"image\/jpeg"}],"author":"Daniely Cardoso","twitter_card":"summary_large_image","twitter_misc":{"Escrito por":"Daniely Cardoso","Est. tempo de leitura":"5 minutos"},"schema":{"@context":"https:\/\/schema.org","@graph":[{"@type":"WebPage","@id":"https:\/\/www.em.com.br\/emfoco\/2026\/04\/29\/nem-morto-nem-vivo-o-ser-que-vive-em-dualidade-e-que-controla-a-vida-nos-mares\/","url":"https:\/\/www.em.com.br\/emfoco\/2026\/04\/29\/nem-morto-nem-vivo-o-ser-que-vive-em-dualidade-e-que-controla-a-vida-nos-mares\/","name":"Nem morto nem vivo, o ser que vive em dualidade e que controla a vida nos mares - Estado de Minas - Em foco","isPartOf":{"@id":"https:\/\/www.em.com.br\/emfoco\/#website"},"primaryImageOfPage":{"@id":"https:\/\/www.em.com.br\/emfoco\/2026\/04\/29\/nem-morto-nem-vivo-o-ser-que-vive-em-dualidade-e-que-controla-a-vida-nos-mares\/#primaryimage"},"image":{"@id":"https:\/\/www.em.com.br\/emfoco\/2026\/04\/29\/nem-morto-nem-vivo-o-ser-que-vive-em-dualidade-e-que-controla-a-vida-nos-mares\/#primaryimage"},"thumbnailUrl":"https:\/\/www.em.com.br\/emfoco\/wp-content\/uploads\/2026\/04\/EmFoco_57-8.jpg","datePublished":"2026-04-29T22:45:00+00:00","dateModified":"2026-04-28T19:36:57+00:00","author":{"@id":"https:\/\/www.em.com.br\/emfoco\/#\/schema\/person\/0a8186d72f2c3a5c6276d90b41f271a0"},"description":"A natureza dos v\u00edrus impacta a vida nos oceanos e o corpo humano de formas surpreendentes enquanto a ci\u00eancia busca entender esses agentes.","breadcrumb":{"@id":"https:\/\/www.em.com.br\/emfoco\/2026\/04\/29\/nem-morto-nem-vivo-o-ser-que-vive-em-dualidade-e-que-controla-a-vida-nos-mares\/#breadcrumb"},"inLanguage":"pt-BR","potentialAction":[{"@type":"ReadAction","target":["https:\/\/www.em.com.br\/emfoco\/2026\/04\/29\/nem-morto-nem-vivo-o-ser-que-vive-em-dualidade-e-que-controla-a-vida-nos-mares\/"]}]},{"@type":"ImageObject","inLanguage":"pt-BR","@id":"https:\/\/www.em.com.br\/emfoco\/2026\/04\/29\/nem-morto-nem-vivo-o-ser-que-vive-em-dualidade-e-que-controla-a-vida-nos-mares\/#primaryimage","url":"https:\/\/www.em.com.br\/emfoco\/wp-content\/uploads\/2026\/04\/EmFoco_57-8.jpg","contentUrl":"https:\/\/www.em.com.br\/emfoco\/wp-content\/uploads\/2026\/04\/EmFoco_57-8.jpg","width":1280,"height":720,"caption":"Agentes microsc\u00f3picos que desafiam conceitos biol\u00f3gicos e impulsionam a evolu\u00e7\u00e3o gen\u00e9tica global"},{"@type":"BreadcrumbList","@id":"https:\/\/www.em.com.br\/emfoco\/2026\/04\/29\/nem-morto-nem-vivo-o-ser-que-vive-em-dualidade-e-que-controla-a-vida-nos-mares\/#breadcrumb","itemListElement":[{"@type":"ListItem","position":1,"name":"In\u00edcio","item":"https:\/\/www.em.com.br\/emfoco\/"},{"@type":"ListItem","position":2,"name":"Nem morto nem vivo, o ser que vive em dualidade e que controla a vida nos mares"}]},{"@type":"WebSite","@id":"https:\/\/www.em.com.br\/emfoco\/#website","url":"https:\/\/www.em.com.br\/emfoco\/","name":"Estado de Minas - Em foco","description":"Acompanhe as \u00faltimas not\u00edcias e fique bem informado sobre tudo o que acontece em Minas Gerais, Brasil e no mundo.","potentialAction":[{"@type":"SearchAction","target":{"@type":"EntryPoint","urlTemplate":"https:\/\/www.em.com.br\/emfoco\/?s={search_term_string}"},"query-input":{"@type":"PropertyValueSpecification","valueRequired":true,"valueName":"search_term_string"}}],"inLanguage":"pt-BR"},{"@type":"Person","@id":"https:\/\/www.em.com.br\/emfoco\/#\/schema\/person\/0a8186d72f2c3a5c6276d90b41f271a0","name":"Daniely Cardoso","image":{"@type":"ImageObject","inLanguage":"pt-BR","@id":"https:\/\/www.em.com.br\/emfoco\/#\/schema\/person\/image\/","url":"https:\/\/secure.gravatar.com\/avatar\/4b80ddbd124d1f071b626d52d62e5dff?s=96&d=mm&r=g","contentUrl":"https:\/\/secure.gravatar.com\/avatar\/4b80ddbd124d1f071b626d52d62e5dff?s=96&d=mm&r=g","caption":"Daniely Cardoso"},"url":"https:\/\/www.em.com.br\/emfoco\/author\/danielymyth\/"}]}},"_links":{"self":[{"href":"https:\/\/www.em.com.br\/emfoco\/wp-json\/wp\/v2\/posts\/200940","targetHints":{"allow":["GET"]}}],"collection":[{"href":"https:\/\/www.em.com.br\/emfoco\/wp-json\/wp\/v2\/posts"}],"about":[{"href":"https:\/\/www.em.com.br\/emfoco\/wp-json\/wp\/v2\/types\/post"}],"author":[{"embeddable":true,"href":"https:\/\/www.em.com.br\/emfoco\/wp-json\/wp\/v2\/users\/9"}],"replies":[{"embeddable":true,"href":"https:\/\/www.em.com.br\/emfoco\/wp-json\/wp\/v2\/comments?post=200940"}],"version-history":[{"count":1,"href":"https:\/\/www.em.com.br\/emfoco\/wp-json\/wp\/v2\/posts\/200940\/revisions"}],"predecessor-version":[{"id":200943,"href":"https:\/\/www.em.com.br\/emfoco\/wp-json\/wp\/v2\/posts\/200940\/revisions\/200943"}],"wp:featuredmedia":[{"embeddable":true,"href":"https:\/\/www.em.com.br\/emfoco\/wp-json\/wp\/v2\/media\/200973"}],"wp:attachment":[{"href":"https:\/\/www.em.com.br\/emfoco\/wp-json\/wp\/v2\/media?parent=200940"}],"wp:term":[{"taxonomy":"category","embeddable":true,"href":"https:\/\/www.em.com.br\/emfoco\/wp-json\/wp\/v2\/categories?post=200940"},{"taxonomy":"post_tag","embeddable":true,"href":"https:\/\/www.em.com.br\/emfoco\/wp-json\/wp\/v2\/tags?post=200940"}],"curies":[{"name":"wp","href":"https:\/\/api.w.org\/{rel}","templated":true}]}}