{"id":200935,"date":"2026-04-29T14:35:00","date_gmt":"2026-04-29T17:35:00","guid":{"rendered":"https:\/\/www.em.com.br\/emfoco\/?p=200935"},"modified":"2026-04-28T16:45:18","modified_gmt":"2026-04-28T19:45:18","slug":"a-estranha-estrutura-que-transforma-um-animal-do-gelo-em-um-dos-mais-curiosos-do-planeta","status":"publish","type":"post","link":"https:\/\/www.em.com.br\/emfoco\/2026\/04\/29\/a-estranha-estrutura-que-transforma-um-animal-do-gelo-em-um-dos-mais-curiosos-do-planeta\/","title":{"rendered":"A estranha estrutura que transforma um animal do gelo em um dos mais curiosos do planeta"},"content":{"rendered":"\n<p>Eu navegava pelas \u00e1guas g\u00e9lidas do \u00c1rtico quando avistei uma ponta espiralada emergindo sobre o <strong>dente do narval<\/strong>. Voc\u00ea sabia que essa estrutura majestosa esconde segredos biol\u00f3gicos que desafiam a nossa compreens\u00e3o sobre os mam\u00edferos marinhos?<\/p>\n\n\n\n<h2 class=\"wp-block-heading\">A curiosa origem do dente do narval<\/h2>\n\n\n\n<p>O famoso chifre desse animal na verdade \u00e9 um dente canino que cresce de forma espiralada atravessando o l\u00e1bio superior esquerdo. Essa estrutura \u00f3ssea pode atingir incr\u00edveis tr\u00eas metros de comprimento em machos adultos da esp\u00e9cie. Muitas pessoas acreditam estar diante de um unic\u00f3rnio marinho ao observarem essa <strong>protuber\u00e2ncia majestosa<\/strong> pela primeira vez.<\/p>\n\n\n\n<p>A ci\u00eancia demorou d\u00e9cadas para classificar corretamente essa forma\u00e7\u00e3o f\u00edsica \u00fanica que diferencia os narvais de outros cet\u00e1ceos. Diferente dos dentes comuns usados para mastiga\u00e7\u00e3o intensa, esse <strong>marfim longo<\/strong> possui fun\u00e7\u00f5es sensoriais extremamente complexas. O desenvolvimento dessa pe\u00e7a dent\u00e1ria ocorre principalmente durante a fase de <strong>matura\u00e7\u00e3o sexual<\/strong> dos animais.<\/p>\n\n\n<div class=\"wp-block-image\">\n<figure class=\"aligncenter size-large\"><img loading=\"lazy\" decoding=\"async\" width=\"1024\" height=\"576\" src=\"https:\/\/www.em.com.br\/emfoco\/wp-content\/uploads\/2026\/04\/narval_1777395674533-1024x576.jpg\" alt=\"dente do narval\" class=\"wp-image-200936\" srcset=\"https:\/\/www.em.com.br\/emfoco\/wp-content\/uploads\/2026\/04\/narval_1777395674533-1024x576.jpg 1024w, https:\/\/www.em.com.br\/emfoco\/wp-content\/uploads\/2026\/04\/narval_1777395674533-300x169.jpg 300w, https:\/\/www.em.com.br\/emfoco\/wp-content\/uploads\/2026\/04\/narval_1777395674533-768x432.jpg 768w, https:\/\/www.em.com.br\/emfoco\/wp-content\/uploads\/2026\/04\/narval_1777395674533-750x422.jpg 750w, https:\/\/www.em.com.br\/emfoco\/wp-content\/uploads\/2026\/04\/narval_1777395674533-1140x641.jpg 1140w, https:\/\/www.em.com.br\/emfoco\/wp-content\/uploads\/2026\/04\/narval_1777395674533.jpg 1280w\" sizes=\"auto, (max-width: 1024px) 100vw, 1024px\" \/><figcaption class=\"wp-element-caption\">A ci\u00eancia demorou d\u00e9cadas para classificar corretamente essa forma\u00e7\u00e3o f\u00edsica \u00fanica que diferencia os narvais de outros cet\u00e1ceos. &#8211; Cr\u00e9ditos: depositphotos.com \/ CoreyFord<\/figcaption><\/figure><\/div>\n\n\n<p>Leia tamb\u00e9m: <a href=\"https:\/\/www.em.com.br\/emfoco\/2026\/04\/21\/as-tumbas-mais-misteriosas-ja-encontradas-no-egito-guardam-segredos-fascinantes\/\" target=\"_blank\" rel=\"noreferrer noopener\">As tumbas mais misteriosas j\u00e1 encontradas no Egito guardam segredos fascinantes<\/a><\/p>\n\n\n\n<h2 class=\"wp-block-heading\">Como funciona o dente do narval<\/h2>\n\n\n\n<p>Milh\u00f5es de termina\u00e7\u00f5es nervosas est\u00e3o presentes na superf\u00edcie externa dessa lan\u00e7a natural para detectar mudan\u00e7as sutis no ambiente. O <strong>dente do narval<\/strong> funciona como um sensor meteorol\u00f3gico capaz de medir a salinidade e a temperatura da \u00e1gua. Essa <strong>capacidade sensorial<\/strong> permite que o animal encontre fontes de alimento em \u00e1guas profundas e escuras.<\/p>\n\n\n\n<p>A flexibilidade do material surpreende os pesquisadores que estudam a resist\u00eancia \u00f3ssea em condi\u00e7\u00f5es de press\u00e3o extrema. O dente pode se curvar sem quebrar devido \u00e0 sua <strong>composi\u00e7\u00e3o calc\u00e1ria<\/strong> altamente especializada e evolu\u00edda. Veja os detalhes biol\u00f3gicos mais impressionantes dessa ferramenta <strong>natural e vers\u00e1til<\/strong> que atrai olhares do mundo inteiro:<\/p>\n\n\n\n<ul class=\"wp-block-list\">\n<li>Milhares de poros microsc\u00f3picos que captam <strong>est\u00edmulos qu\u00edmicos<\/strong> externos com precis\u00e3o absoluta.<\/li>\n\n\n\n<li>Eixo em espiral que aumenta a <strong>resist\u00eancia f\u00edsica<\/strong> contra impactos laterais nas geleiras.<\/li>\n\n\n\n<li>Ponta sens\u00edvel capaz de detectar a presen\u00e7a de presas atrav\u00e9s de <strong>vibra\u00e7\u00f5es sonoras<\/strong>.<\/li>\n<\/ul>\n\n\n\n<figure class=\"wp-block-embed is-type-rich is-provider-pinterest wp-block-embed-pinterest\"><div class=\"wp-block-embed__wrapper\">\n<iframe loading=\"lazy\" title=\"The unicorn of the sea\u2014and yes, that\u2019s a real tooth \ud83d\udc0b\ud83e\uddb7\ud83c\udf00The narwhal\u2019s spiral tusk can grow up to 10 feet long and is packed with nerves, making it both a sensor and a flex. Arctic magic, no myth required. #NarwhalNonsense #WeirdButWonderful #ToothyUnicorn #ArcticIcon #RealLifeMyth\" src=\"https:\/\/assets.pinterest.com\/ext\/embed.html?id=921830617527452695&#038;src=oembed\" height=\"550\" width=\"450\" frameborder=\"0\" scrolling=\"no\" ><\/iframe>\n<\/div><\/figure>\n\n\n\n<h2 class=\"wp-block-heading\">O papel social na vida marinha<\/h2>\n\n\n\n<p>Observa\u00e7\u00f5es recentes mostram que os machos utilizam essas presas em rituais de exibi\u00e7\u00e3o e reconhecimento hier\u00e1rquico no grupo. O atrito suave entre os dentes permite a <strong>troca de informa\u00e7\u00f5es<\/strong> qu\u00edmicas entre indiv\u00edduos que habitam as mesmas \u00e1guas. Esse comportamento social fortalece os <strong>la\u00e7os comunit\u00e1rios<\/strong> dentro das popula\u00e7\u00f5es que vivem isoladas no extremo norte.<\/p>\n\n\n\n<p>Antigamente acreditava-se que o chifre servia apenas como uma arma de combate para disputas territoriais violentas. Atualmente sabemos que a <strong>intera\u00e7\u00e3o pac\u00edfica<\/strong> prevalece durante a maioria dos encontros registrados por mergulhadores e bi\u00f3logos. O respeito m\u00fatuo garante a <strong>sobreviv\u00eancia da esp\u00e9cie<\/strong> em um ecossistema marcado por escassez e frio intenso.<\/p>\n\n\n\n<p>Para voc\u00ea que gosta de aprofundar, separamos um v\u00eddeo do canal <a href=\"https:\/\/www.youtube.com\/@ANIMALTVguilherme\" target=\"_blank\" rel=\"noreferrer noopener\">ANIMAL TV<\/a> com mais sobre o narval:<\/p>\n\n\n\n<figure class=\"wp-block-embed is-type-video is-provider-youtube wp-block-embed-youtube wp-embed-aspect-16-9 wp-has-aspect-ratio\"><div class=\"wp-block-embed__wrapper\">\n<div class=\"jeg_video_container jeg_video_content\"><iframe loading=\"lazy\" title=\"UNIC\u00d3RNIO DO MAR! BALEIA-NARVAL - UM DOS ANIMAIS MAIS INCR\u00cdVEIS DO MUNDO! UMA ESP\u00c9CIE BEM DIFERENTE!\" width=\"500\" height=\"281\" src=\"https:\/\/www.youtube.com\/embed\/pHS8DQn3WD8?feature=oembed\" frameborder=\"0\" allow=\"accelerometer; autoplay; clipboard-write; encrypted-media; gyroscope; picture-in-picture; web-share\" referrerpolicy=\"strict-origin-when-cross-origin\" allowfullscreen><\/iframe><\/div>\n<\/div><\/figure>\n\n\n\n<h2 class=\"wp-block-heading\">Curiosidades sobre o dente do narval<\/h2>\n\n\n\n<p>Existem registros raros de f\u00eameas que tamb\u00e9m desenvolvem esse <strong>dente do narval<\/strong> de forma reduzida e discreta. Em casos ainda mais extraordin\u00e1rios alguns machos podem apresentar duas presas crescendo paralelamente para fora da boca. Esses <strong>fen\u00f4menos gen\u00e9ticos<\/strong> intrigam os estudiosos que buscam entender os gatilhos hormonais dessa <strong>forma\u00e7\u00e3o \u00f3ssea<\/strong>.<\/p>\n\n\n\n<p>O mercado hist\u00f3rico de marfim cobi\u00e7ava essas pe\u00e7as por sua semelhan\u00e7a visual com os chifres dos lend\u00e1rios unic\u00f3rnios europeus. Muitos exploradores faziam <strong>viagens perigosas<\/strong> apenas para comercializar esse item como um objeto de poder e cura. Proteger esses animais \u00e9 garantir que o <strong>equil\u00edbrio ecol\u00f3gico<\/strong> do oceano permane\u00e7a intacto para as pr\u00f3ximas gera\u00e7\u00f5es humanas.<\/p>\n\n\n\n<h2 class=\"wp-block-heading\">O futuro da conserva\u00e7\u00e3o no \u00c1rtico<\/h2>\n\n\n\n<p>A preserva\u00e7\u00e3o dos mares g\u00e9lidos protege a vida desses seres magn\u00edficos e misteriosos. Evite poluir os oceanos para manter o habitat natural livre de <strong>res\u00edduos t\u00f3xicos<\/strong> perigosos. Tome <strong>atitudes conscientes<\/strong> diariamente.<\/p>\n\n\n\n<p>Valorize o conhecimento cient\u00edfico sobre a fauna marinha para promover a sustentabilidade global. Aprenda mais sobre as criaturas ex\u00f3ticas que habitam as profundezas dos nossos <strong>oceanos azuis<\/strong>. Apoie <strong>causas ambientais<\/strong> relevantes.<\/p>\n","protected":false},"excerpt":{"rendered":"<p>Eu navegava pelas \u00e1guas g\u00e9lidas do \u00c1rtico quando avistei uma ponta espiralada emergindo sobre o dente do narval. Voc\u00ea sabia que essa estrutura majestosa esconde segredos biol\u00f3gicos que desafiam a nossa compreens\u00e3o sobre os mam\u00edferos marinhos? A curiosa origem do dente do narval O famoso chifre desse animal na verdade \u00e9 um dente canino que [&hellip;]<\/p>\n","protected":false},"author":9,"featured_media":200971,"comment_status":"open","ping_status":"open","sticky":false,"template":"","format":"standard","meta":{"jnews-multi-image_gallery":[],"jnews_single_post":{"format":"standard"},"jnews_primary_category":[],"jnews_social_meta":[],"jnews_override_counter":[],"footnotes":""},"categories":[8819,29],"tags":[28943,28945,28944],"class_list":["post-200935","post","type-post","status-publish","format-standard","has-post-thumbnail","hentry","category-curiosidades","category-entretenimento","tag-artico-2","tag-biologia-marinha","tag-narval"],"yoast_head":"<!-- This site is optimized with the Yoast SEO plugin v23.8 - https:\/\/yoast.com\/wordpress\/plugins\/seo\/ -->\n<title>A estranha estrutura que transforma um animal do gelo em um dos mais curiosos do planeta - Estado de Minas - Em foco<\/title>\n<meta name=\"description\" content=\"O dente do narval \u00e9 uma estrutura \u00fanica que pode atingir tr\u00eas metros de comprimento no \u00c1rtico. Entenda como essa curiosa pe\u00e7a funciona.\" \/>\n<meta name=\"robots\" content=\"index, follow, max-snippet:-1, max-image-preview:large, max-video-preview:-1\" \/>\n<link rel=\"canonical\" href=\"https:\/\/www.em.com.br\/emfoco\/2026\/04\/29\/a-estranha-estrutura-que-transforma-um-animal-do-gelo-em-um-dos-mais-curiosos-do-planeta\/\" \/>\n<meta property=\"og:locale\" content=\"pt_BR\" \/>\n<meta property=\"og:type\" content=\"article\" \/>\n<meta property=\"og:title\" content=\"A estranha estrutura que transforma um animal do gelo em um dos mais curiosos do planeta - Estado de Minas - Em foco\" \/>\n<meta property=\"og:description\" content=\"O dente do narval \u00e9 uma estrutura \u00fanica que pode atingir tr\u00eas metros de comprimento no \u00c1rtico. Entenda como essa curiosa pe\u00e7a funciona.\" \/>\n<meta property=\"og:url\" content=\"https:\/\/www.em.com.br\/emfoco\/2026\/04\/29\/a-estranha-estrutura-que-transforma-um-animal-do-gelo-em-um-dos-mais-curiosos-do-planeta\/\" \/>\n<meta property=\"og:site_name\" content=\"Estado de Minas - Em foco\" \/>\n<meta property=\"article:published_time\" content=\"2026-04-29T17:35:00+00:00\" \/>\n<meta property=\"article:modified_time\" content=\"2026-04-28T19:45:18+00:00\" \/>\n<meta property=\"og:image\" content=\"https:\/\/www.em.com.br\/emfoco\/wp-content\/uploads\/2026\/04\/EmFoco_59-7.jpg\" \/>\n\t<meta property=\"og:image:width\" content=\"1280\" \/>\n\t<meta property=\"og:image:height\" content=\"720\" \/>\n\t<meta property=\"og:image:type\" content=\"image\/jpeg\" \/>\n<meta name=\"author\" content=\"Daniely Cardoso\" \/>\n<meta name=\"twitter:card\" content=\"summary_large_image\" \/>\n<meta name=\"twitter:label1\" content=\"Escrito por\" \/>\n\t<meta name=\"twitter:data1\" content=\"Daniely Cardoso\" \/>\n\t<meta name=\"twitter:label2\" content=\"Est. tempo de leitura\" \/>\n\t<meta name=\"twitter:data2\" content=\"4 minutos\" \/>\n<!-- \/ Yoast SEO plugin. -->","yoast_head_json":{"title":"A estranha estrutura que transforma um animal do gelo em um dos mais curiosos do planeta - Estado de Minas - Em foco","description":"O dente do narval \u00e9 uma estrutura \u00fanica que pode atingir tr\u00eas metros de comprimento no \u00c1rtico. Entenda como essa curiosa pe\u00e7a funciona.","robots":{"index":"index","follow":"follow","max-snippet":"max-snippet:-1","max-image-preview":"max-image-preview:large","max-video-preview":"max-video-preview:-1"},"canonical":"https:\/\/www.em.com.br\/emfoco\/2026\/04\/29\/a-estranha-estrutura-que-transforma-um-animal-do-gelo-em-um-dos-mais-curiosos-do-planeta\/","og_locale":"pt_BR","og_type":"article","og_title":"A estranha estrutura que transforma um animal do gelo em um dos mais curiosos do planeta - Estado de Minas - Em foco","og_description":"O dente do narval \u00e9 uma estrutura \u00fanica que pode atingir tr\u00eas metros de comprimento no \u00c1rtico. Entenda como essa curiosa pe\u00e7a funciona.","og_url":"https:\/\/www.em.com.br\/emfoco\/2026\/04\/29\/a-estranha-estrutura-que-transforma-um-animal-do-gelo-em-um-dos-mais-curiosos-do-planeta\/","og_site_name":"Estado de Minas - Em foco","article_published_time":"2026-04-29T17:35:00+00:00","article_modified_time":"2026-04-28T19:45:18+00:00","og_image":[{"width":1280,"height":720,"url":"https:\/\/www.em.com.br\/emfoco\/wp-content\/uploads\/2026\/04\/EmFoco_59-7.jpg","type":"image\/jpeg"}],"author":"Daniely Cardoso","twitter_card":"summary_large_image","twitter_misc":{"Escrito por":"Daniely Cardoso","Est. tempo de leitura":"4 minutos"},"schema":{"@context":"https:\/\/schema.org","@graph":[{"@type":"WebPage","@id":"https:\/\/www.em.com.br\/emfoco\/2026\/04\/29\/a-estranha-estrutura-que-transforma-um-animal-do-gelo-em-um-dos-mais-curiosos-do-planeta\/","url":"https:\/\/www.em.com.br\/emfoco\/2026\/04\/29\/a-estranha-estrutura-que-transforma-um-animal-do-gelo-em-um-dos-mais-curiosos-do-planeta\/","name":"A estranha estrutura que transforma um animal do gelo em um dos mais curiosos do planeta - Estado de Minas - Em foco","isPartOf":{"@id":"https:\/\/www.em.com.br\/emfoco\/#website"},"primaryImageOfPage":{"@id":"https:\/\/www.em.com.br\/emfoco\/2026\/04\/29\/a-estranha-estrutura-que-transforma-um-animal-do-gelo-em-um-dos-mais-curiosos-do-planeta\/#primaryimage"},"image":{"@id":"https:\/\/www.em.com.br\/emfoco\/2026\/04\/29\/a-estranha-estrutura-que-transforma-um-animal-do-gelo-em-um-dos-mais-curiosos-do-planeta\/#primaryimage"},"thumbnailUrl":"https:\/\/www.em.com.br\/emfoco\/wp-content\/uploads\/2026\/04\/EmFoco_59-7.jpg","datePublished":"2026-04-29T17:35:00+00:00","dateModified":"2026-04-28T19:45:18+00:00","author":{"@id":"https:\/\/www.em.com.br\/emfoco\/#\/schema\/person\/0a8186d72f2c3a5c6276d90b41f271a0"},"description":"O dente do narval \u00e9 uma estrutura \u00fanica que pode atingir tr\u00eas metros de comprimento no \u00c1rtico. Entenda como essa curiosa pe\u00e7a funciona.","breadcrumb":{"@id":"https:\/\/www.em.com.br\/emfoco\/2026\/04\/29\/a-estranha-estrutura-que-transforma-um-animal-do-gelo-em-um-dos-mais-curiosos-do-planeta\/#breadcrumb"},"inLanguage":"pt-BR","potentialAction":[{"@type":"ReadAction","target":["https:\/\/www.em.com.br\/emfoco\/2026\/04\/29\/a-estranha-estrutura-que-transforma-um-animal-do-gelo-em-um-dos-mais-curiosos-do-planeta\/"]}]},{"@type":"ImageObject","inLanguage":"pt-BR","@id":"https:\/\/www.em.com.br\/emfoco\/2026\/04\/29\/a-estranha-estrutura-que-transforma-um-animal-do-gelo-em-um-dos-mais-curiosos-do-planeta\/#primaryimage","url":"https:\/\/www.em.com.br\/emfoco\/wp-content\/uploads\/2026\/04\/EmFoco_59-7.jpg","contentUrl":"https:\/\/www.em.com.br\/emfoco\/wp-content\/uploads\/2026\/04\/EmFoco_59-7.jpg","width":1280,"height":720,"caption":"Estrutura dent\u00e1ria sensorial complexa que desempenha fun\u00e7\u00f5es biol\u00f3gicas e sociais no \u00c1rtico"},{"@type":"BreadcrumbList","@id":"https:\/\/www.em.com.br\/emfoco\/2026\/04\/29\/a-estranha-estrutura-que-transforma-um-animal-do-gelo-em-um-dos-mais-curiosos-do-planeta\/#breadcrumb","itemListElement":[{"@type":"ListItem","position":1,"name":"In\u00edcio","item":"https:\/\/www.em.com.br\/emfoco\/"},{"@type":"ListItem","position":2,"name":"A estranha estrutura que transforma um animal do gelo em um dos mais curiosos do planeta"}]},{"@type":"WebSite","@id":"https:\/\/www.em.com.br\/emfoco\/#website","url":"https:\/\/www.em.com.br\/emfoco\/","name":"Estado de Minas - Em foco","description":"Acompanhe as \u00faltimas not\u00edcias e fique bem informado sobre tudo o que acontece em Minas Gerais, Brasil e no mundo.","potentialAction":[{"@type":"SearchAction","target":{"@type":"EntryPoint","urlTemplate":"https:\/\/www.em.com.br\/emfoco\/?s={search_term_string}"},"query-input":{"@type":"PropertyValueSpecification","valueRequired":true,"valueName":"search_term_string"}}],"inLanguage":"pt-BR"},{"@type":"Person","@id":"https:\/\/www.em.com.br\/emfoco\/#\/schema\/person\/0a8186d72f2c3a5c6276d90b41f271a0","name":"Daniely Cardoso","image":{"@type":"ImageObject","inLanguage":"pt-BR","@id":"https:\/\/www.em.com.br\/emfoco\/#\/schema\/person\/image\/","url":"https:\/\/secure.gravatar.com\/avatar\/4b80ddbd124d1f071b626d52d62e5dff?s=96&d=mm&r=g","contentUrl":"https:\/\/secure.gravatar.com\/avatar\/4b80ddbd124d1f071b626d52d62e5dff?s=96&d=mm&r=g","caption":"Daniely Cardoso"},"url":"https:\/\/www.em.com.br\/emfoco\/author\/danielymyth\/"}]}},"_links":{"self":[{"href":"https:\/\/www.em.com.br\/emfoco\/wp-json\/wp\/v2\/posts\/200935","targetHints":{"allow":["GET"]}}],"collection":[{"href":"https:\/\/www.em.com.br\/emfoco\/wp-json\/wp\/v2\/posts"}],"about":[{"href":"https:\/\/www.em.com.br\/emfoco\/wp-json\/wp\/v2\/types\/post"}],"author":[{"embeddable":true,"href":"https:\/\/www.em.com.br\/emfoco\/wp-json\/wp\/v2\/users\/9"}],"replies":[{"embeddable":true,"href":"https:\/\/www.em.com.br\/emfoco\/wp-json\/wp\/v2\/comments?post=200935"}],"version-history":[{"count":2,"href":"https:\/\/www.em.com.br\/emfoco\/wp-json\/wp\/v2\/posts\/200935\/revisions"}],"predecessor-version":[{"id":200985,"href":"https:\/\/www.em.com.br\/emfoco\/wp-json\/wp\/v2\/posts\/200935\/revisions\/200985"}],"wp:featuredmedia":[{"embeddable":true,"href":"https:\/\/www.em.com.br\/emfoco\/wp-json\/wp\/v2\/media\/200971"}],"wp:attachment":[{"href":"https:\/\/www.em.com.br\/emfoco\/wp-json\/wp\/v2\/media?parent=200935"}],"wp:term":[{"taxonomy":"category","embeddable":true,"href":"https:\/\/www.em.com.br\/emfoco\/wp-json\/wp\/v2\/categories?post=200935"},{"taxonomy":"post_tag","embeddable":true,"href":"https:\/\/www.em.com.br\/emfoco\/wp-json\/wp\/v2\/tags?post=200935"}],"curies":[{"name":"wp","href":"https:\/\/api.w.org\/{rel}","templated":true}]}}