{"id":20092,"date":"2025-02-16T07:20:05","date_gmt":"2025-02-16T10:20:05","guid":{"rendered":"https:\/\/www.em.com.br\/emfoco\/?p=20092"},"modified":"2025-02-15T21:25:49","modified_gmt":"2025-02-16T00:25:49","slug":"bolsa-familia-quais-sao-os-requisitos-para-participar","status":"publish","type":"post","link":"https:\/\/www.em.com.br\/emfoco\/2025\/02\/16\/bolsa-familia-quais-sao-os-requisitos-para-participar\/","title":{"rendered":"Comunicado 16\/02 para quem recebe o Bolsa Fam\u00edlia"},"content":{"rendered":"\n<p>O <strong>Bolsa Fam\u00edlia<\/strong> \u00e9 um programa social do<strong> <a href=\"https:\/\/www.em.com.br\/emfoco\/2025\/02\/15\/governo-decreta-nova-lei-que-beneficia-idosos-a-partir-de-60-anos\/\" target=\"_blank\" rel=\"noreferrer noopener\">governo <\/a>brasileiro <\/strong>que visa oferecer aux\u00edlio financeiro a fam\u00edlias em situa\u00e7\u00e3o de vulnerabilidade econ\u00f4mica. Para participar, as fam\u00edlias devem estar inscritas no <strong>Cadastro \u00danico para Programas Sociais do Governo Federal (<a href=\"https:\/\/www.gov.br\/pt-br\/servicos\/consultar-dados-do-cadastro-unico-cadunico\" target=\"_blank\" rel=\"noreferrer noopener\">Cad\u00danico<\/a>)<\/strong> e ter uma renda familiar per capita de at\u00e9 R$ 218. O valor b\u00e1sico do benef\u00edcio \u00e9 de R$ 600, mas pode ser complementado com adicionais para atender necessidades espec\u00edficas.<\/p>\n\n\n\n<p>O programa \u00e9 uma ferramenta importante para a redu\u00e7\u00e3o da pobreza e desigualdade no <strong>Brasil<\/strong>, proporcionando um suporte financeiro que ajuda a garantir o acesso a direitos b\u00e1sicos, como alimenta\u00e7\u00e3o, sa\u00fade e educa\u00e7\u00e3o. O pagamento \u00e9 realizado mensalmente, seguindo um calend\u00e1rio espec\u00edfico que considera o \u00faltimo d\u00edgito do <strong>N\u00famero de Identifica\u00e7\u00e3o Social<\/strong> (<strong>NIS<\/strong>) dos benefici\u00e1rios.<\/p>\n\n\n\n<h2 class=\"wp-block-heading\">Quais s\u00e3o os benef\u00edcios adicionais do Bolsa Fam\u00edlia?<\/h2>\n\n\n\n<p>Al\u00e9m do valor b\u00e1sico, o Bolsa Fam\u00edlia oferece uma s\u00e9rie de benef\u00edcios adicionais que visam atender diferentes necessidades das fam\u00edlias. Estes adicionais s\u00e3o:<\/p>\n\n\n\n<ul class=\"wp-block-list\">\n<li><strong>Benef\u00edcio de Renda de Cidadania:<\/strong> Adiciona R$ 142 por membro da unidade familiar.<\/li>\n\n\n\n<li><strong>Benef\u00edcio Complementar:<\/strong> Complementa o pagamento de fam\u00edlias cuja soma dos benef\u00edcios n\u00e3o atinja R$ 600.<\/li>\n\n\n\n<li><strong>Benef\u00edcio Primeira Inf\u00e2ncia:<\/strong> Libera R$ 150 mensais para cada crian\u00e7a de zero a sete anos.<\/li>\n\n\n\n<li><strong>Benef\u00edcio Vari\u00e1vel Familiar:<\/strong> Paga uma parcela extra mensal de R$ 50 para gestantes e jovens de 7 a 18 anos.<\/li>\n\n\n\n<li><strong>Benef\u00edcio Vari\u00e1vel Familiar Nutriz:<\/strong> Paga um extra de R$ 50 para cada integrante com at\u00e9 sete meses de idade.<\/li>\n\n\n\n<li><strong>Benef\u00edcio Extraordin\u00e1rio de Transi\u00e7\u00e3o:<\/strong> Dispon\u00edvel at\u00e9 maio de 2025, garante que nenhum benefici\u00e1rio receba menos do que era concedido no Aux\u00edlio Brasil.<\/li>\n<\/ul>\n\n\n<div class=\"wp-block-image\">\n<figure class=\"aligncenter size-large\"><img loading=\"lazy\" decoding=\"async\" width=\"1024\" height=\"576\" src=\"https:\/\/www.em.com.br\/emfoco\/wp-content\/uploads\/2025\/02\/dinheiro_1739545459515-1024x576.jpg\" alt=\"Bolsa Fam\u00edlia, quais s\u00e3o os requisitos para participar?\" class=\"wp-image-19676\" srcset=\"https:\/\/www.em.com.br\/emfoco\/wp-content\/uploads\/2025\/02\/dinheiro_1739545459515-1024x576.jpg 1024w, https:\/\/www.em.com.br\/emfoco\/wp-content\/uploads\/2025\/02\/dinheiro_1739545459515-300x169.jpg 300w, https:\/\/www.em.com.br\/emfoco\/wp-content\/uploads\/2025\/02\/dinheiro_1739545459515-768x432.jpg 768w, https:\/\/www.em.com.br\/emfoco\/wp-content\/uploads\/2025\/02\/dinheiro_1739545459515-750x422.jpg 750w, https:\/\/www.em.com.br\/emfoco\/wp-content\/uploads\/2025\/02\/dinheiro_1739545459515-1140x641.jpg 1140w, https:\/\/www.em.com.br\/emfoco\/wp-content\/uploads\/2025\/02\/dinheiro_1739545459515.jpg 1280w\" sizes=\"auto, (max-width: 1024px) 100vw, 1024px\" \/><figcaption class=\"wp-element-caption\">Auxilio &#8211;  Cr\u00e9ditos: depositphotos.com \/ rafapress<\/figcaption><\/figure><\/div>\n\n\n<h2 class=\"wp-block-heading\">Quando ser\u00e3o os pagamentos do Bolsa Fam\u00edlia em fevereiro de 2025?<\/h2>\n\n\n\n<p>O calend\u00e1rio de pagamentos do Bolsa Fam\u00edlia para fevereiro de 2025 foi divulgado, e os valores ser\u00e3o disponibilizados nos \u00faltimos 10 dias \u00fateis do m\u00eas. Os pagamentos s\u00e3o escalonados de acordo com o final do NIS dos benefici\u00e1rios, conforme segue:<\/p>\n\n\n\n<ul class=\"wp-block-list\">\n<li>17 de fevereiro \u2013 NIS de final 1<\/li>\n\n\n\n<li>18 de fevereiro \u2013 NIS de final 2<\/li>\n\n\n\n<li>19 de fevereiro \u2013 NIS de final 3<\/li>\n\n\n\n<li>20 de fevereiro \u2013 NIS de final 4<\/li>\n\n\n\n<li>21 de fevereiro \u2013 NIS de final 5<\/li>\n\n\n\n<li>24 de fevereiro \u2013 NIS de final 6<\/li>\n\n\n\n<li>25 de fevereiro \u2013 NIS de final 7<\/li>\n\n\n\n<li>26 de fevereiro \u2013 NIS de final 8<\/li>\n\n\n\n<li>27 de fevereiro \u2013 NIS de final 9<\/li>\n\n\n\n<li>28 de fevereiro \u2013 NIS de final 0<\/li>\n<\/ul>\n\n\n\n<h2 class=\"wp-block-heading\">Como o aux\u00edlio g\u00e1s complementa o Bolsa Fam\u00edlia?<\/h2>\n\n\n\n<p>Em fevereiro, al\u00e9m dos benef\u00edcios regulares, os benefici\u00e1rios do Bolsa Fam\u00edlia tamb\u00e9m receber\u00e3o o aux\u00edlio g\u00e1s. Este benef\u00edcio adicional \u00e9 destinado a garantir que as fam\u00edlias possam adquirir o botij\u00e3o de g\u00e1s, um item essencial para o preparo de alimentos. O aux\u00edlio g\u00e1s \u00e9 pago a cada dois meses e visa aliviar o impacto do custo do g\u00e1s de cozinha no or\u00e7amento das fam\u00edlias de baixa renda.<\/p>\n\n\n\n<h2 class=\"wp-block-heading\">Qual \u00e9 a import\u00e2ncia do Bolsa Fam\u00edlia para as fam\u00edlias brasileiras?<\/h2>\n\n\n\n<p>O Bolsa Fam\u00edlia desempenha um papel crucial na vida de milh\u00f5es de brasileiros, ajudando a reduzir a pobreza e promover a inclus\u00e3o social. Ao garantir uma renda m\u00ednima, o programa permite que as fam\u00edlias tenham acesso a necessidades b\u00e1sicas e contribui para a melhoria da qualidade de vida. Al\u00e9m disso, os benef\u00edcios adicionais s\u00e3o fundamentais para atender necessidades espec\u00edficas, como a nutri\u00e7\u00e3o infantil e o apoio a gestantes, promovendo um desenvolvimento saud\u00e1vel e sustent\u00e1vel para as futuras gera\u00e7\u00f5es.<\/p>\n","protected":false},"excerpt":{"rendered":"<p>O Bolsa Fam\u00edlia \u00e9 um programa social do governo brasileiro que visa oferecer aux\u00edlio financeiro a fam\u00edlias em situa\u00e7\u00e3o de vulnerabilidade econ\u00f4mica. Para participar, as fam\u00edlias devem estar inscritas no Cadastro \u00danico para Programas Sociais do Governo Federal (Cad\u00danico) e ter uma renda familiar per capita de at\u00e9 R$ 218. O valor b\u00e1sico do benef\u00edcio [&hellip;]<\/p>\n","protected":false},"author":7,"featured_media":19669,"comment_status":"open","ping_status":"open","sticky":false,"template":"","format":"standard","meta":{"jnews-multi-image_gallery":[],"jnews_single_post":{"format":"standard"},"jnews_primary_category":[],"jnews_social_meta":[],"jnews_override_counter":[],"footnotes":""},"categories":[28],"tags":[446,209,5081],"class_list":["post-20092","post","type-post","status-publish","format-standard","has-post-thumbnail","hentry","category-economia","tag-auxilio-financeiro","tag-bolsa-familia","tag-programa-social-brasileiro"],"yoast_head":"<!-- This site is optimized with the Yoast SEO plugin v23.8 - https:\/\/yoast.com\/wordpress\/plugins\/seo\/ -->\n<title>Comunicado 16\/02 para quem recebe o Bolsa Fam\u00edlia - Estado de Minas - Em foco<\/title>\n<meta name=\"description\" content=\"O Bolsa Fam\u00edlia garante renda para fam\u00edlias em situa\u00e7\u00e3o de pobreza e promove a inclus\u00e3o social. Conhe\u00e7a os impactos positivos do programa.\" \/>\n<meta name=\"robots\" content=\"index, follow, max-snippet:-1, max-image-preview:large, max-video-preview:-1\" \/>\n<link rel=\"canonical\" href=\"https:\/\/www.em.com.br\/emfoco\/2025\/02\/16\/bolsa-familia-quais-sao-os-requisitos-para-participar\/\" \/>\n<meta property=\"og:locale\" content=\"pt_BR\" \/>\n<meta property=\"og:type\" content=\"article\" \/>\n<meta property=\"og:title\" content=\"Comunicado 16\/02 para quem recebe o Bolsa Fam\u00edlia - Estado de Minas - Em foco\" \/>\n<meta property=\"og:description\" content=\"O Bolsa Fam\u00edlia garante renda para fam\u00edlias em situa\u00e7\u00e3o de pobreza e promove a inclus\u00e3o social. Conhe\u00e7a os impactos positivos do programa.\" \/>\n<meta property=\"og:url\" content=\"https:\/\/www.em.com.br\/emfoco\/2025\/02\/16\/bolsa-familia-quais-sao-os-requisitos-para-participar\/\" \/>\n<meta property=\"og:site_name\" content=\"Estado de Minas - Em foco\" \/>\n<meta property=\"article:published_time\" content=\"2025-02-16T10:20:05+00:00\" \/>\n<meta property=\"article:modified_time\" content=\"2025-02-16T00:25:49+00:00\" \/>\n<meta property=\"og:image\" content=\"https:\/\/www.em.com.br\/emfoco\/wp-content\/uploads\/2025\/02\/auxilio_1739545252404.jpg\" \/>\n\t<meta property=\"og:image:width\" content=\"1280\" \/>\n\t<meta property=\"og:image:height\" content=\"720\" \/>\n\t<meta property=\"og:image:type\" content=\"image\/jpeg\" \/>\n<meta name=\"author\" content=\"Kelvin\" \/>\n<meta name=\"twitter:card\" content=\"summary_large_image\" \/>\n<meta name=\"twitter:label1\" content=\"Escrito por\" \/>\n\t<meta name=\"twitter:data1\" content=\"Kelvin\" \/>\n\t<meta name=\"twitter:label2\" content=\"Est. tempo de leitura\" \/>\n\t<meta name=\"twitter:data2\" content=\"4 minutos\" \/>\n<!-- \/ Yoast SEO plugin. -->","yoast_head_json":{"title":"Comunicado 16\/02 para quem recebe o Bolsa Fam\u00edlia - Estado de Minas - Em foco","description":"O Bolsa Fam\u00edlia garante renda para fam\u00edlias em situa\u00e7\u00e3o de pobreza e promove a inclus\u00e3o social. Conhe\u00e7a os impactos positivos do programa.","robots":{"index":"index","follow":"follow","max-snippet":"max-snippet:-1","max-image-preview":"max-image-preview:large","max-video-preview":"max-video-preview:-1"},"canonical":"https:\/\/www.em.com.br\/emfoco\/2025\/02\/16\/bolsa-familia-quais-sao-os-requisitos-para-participar\/","og_locale":"pt_BR","og_type":"article","og_title":"Comunicado 16\/02 para quem recebe o Bolsa Fam\u00edlia - Estado de Minas - Em foco","og_description":"O Bolsa Fam\u00edlia garante renda para fam\u00edlias em situa\u00e7\u00e3o de pobreza e promove a inclus\u00e3o social. Conhe\u00e7a os impactos positivos do programa.","og_url":"https:\/\/www.em.com.br\/emfoco\/2025\/02\/16\/bolsa-familia-quais-sao-os-requisitos-para-participar\/","og_site_name":"Estado de Minas - Em foco","article_published_time":"2025-02-16T10:20:05+00:00","article_modified_time":"2025-02-16T00:25:49+00:00","og_image":[{"width":1280,"height":720,"url":"https:\/\/www.em.com.br\/emfoco\/wp-content\/uploads\/2025\/02\/auxilio_1739545252404.jpg","type":"image\/jpeg"}],"author":"Kelvin","twitter_card":"summary_large_image","twitter_misc":{"Escrito por":"Kelvin","Est. tempo de leitura":"4 minutos"},"schema":{"@context":"https:\/\/schema.org","@graph":[{"@type":"WebPage","@id":"https:\/\/www.em.com.br\/emfoco\/2025\/02\/16\/bolsa-familia-quais-sao-os-requisitos-para-participar\/","url":"https:\/\/www.em.com.br\/emfoco\/2025\/02\/16\/bolsa-familia-quais-sao-os-requisitos-para-participar\/","name":"Comunicado 16\/02 para quem recebe o Bolsa Fam\u00edlia - Estado de Minas - Em foco","isPartOf":{"@id":"https:\/\/www.em.com.br\/emfoco\/#website"},"primaryImageOfPage":{"@id":"https:\/\/www.em.com.br\/emfoco\/2025\/02\/16\/bolsa-familia-quais-sao-os-requisitos-para-participar\/#primaryimage"},"image":{"@id":"https:\/\/www.em.com.br\/emfoco\/2025\/02\/16\/bolsa-familia-quais-sao-os-requisitos-para-participar\/#primaryimage"},"thumbnailUrl":"https:\/\/www.em.com.br\/emfoco\/wp-content\/uploads\/2025\/02\/auxilio_1739545252404.jpg","datePublished":"2025-02-16T10:20:05+00:00","dateModified":"2025-02-16T00:25:49+00:00","author":{"@id":"https:\/\/www.em.com.br\/emfoco\/#\/schema\/person\/fb0a7f48c6fbb94b83f413a80f61917d"},"description":"O Bolsa Fam\u00edlia garante renda para fam\u00edlias em situa\u00e7\u00e3o de pobreza e promove a inclus\u00e3o social. Conhe\u00e7a os impactos positivos do programa.","breadcrumb":{"@id":"https:\/\/www.em.com.br\/emfoco\/2025\/02\/16\/bolsa-familia-quais-sao-os-requisitos-para-participar\/#breadcrumb"},"inLanguage":"pt-BR","potentialAction":[{"@type":"ReadAction","target":["https:\/\/www.em.com.br\/emfoco\/2025\/02\/16\/bolsa-familia-quais-sao-os-requisitos-para-participar\/"]}]},{"@type":"ImageObject","inLanguage":"pt-BR","@id":"https:\/\/www.em.com.br\/emfoco\/2025\/02\/16\/bolsa-familia-quais-sao-os-requisitos-para-participar\/#primaryimage","url":"https:\/\/www.em.com.br\/emfoco\/wp-content\/uploads\/2025\/02\/auxilio_1739545252404.jpg","contentUrl":"https:\/\/www.em.com.br\/emfoco\/wp-content\/uploads\/2025\/02\/auxilio_1739545252404.jpg","width":1280,"height":720,"caption":"Auxillio - Cr\u00e9ditos: depositphotos.com \/ rafapress"},{"@type":"BreadcrumbList","@id":"https:\/\/www.em.com.br\/emfoco\/2025\/02\/16\/bolsa-familia-quais-sao-os-requisitos-para-participar\/#breadcrumb","itemListElement":[{"@type":"ListItem","position":1,"name":"In\u00edcio","item":"https:\/\/www.em.com.br\/emfoco\/"},{"@type":"ListItem","position":2,"name":"Comunicado 16\/02 para quem recebe o Bolsa Fam\u00edlia"}]},{"@type":"WebSite","@id":"https:\/\/www.em.com.br\/emfoco\/#website","url":"https:\/\/www.em.com.br\/emfoco\/","name":"Estado de Minas - Em foco","description":"Acompanhe as \u00faltimas not\u00edcias e fique bem informado sobre tudo o que acontece em Minas Gerais, Brasil e no mundo.","potentialAction":[{"@type":"SearchAction","target":{"@type":"EntryPoint","urlTemplate":"https:\/\/www.em.com.br\/emfoco\/?s={search_term_string}"},"query-input":{"@type":"PropertyValueSpecification","valueRequired":true,"valueName":"search_term_string"}}],"inLanguage":"pt-BR"},{"@type":"Person","@id":"https:\/\/www.em.com.br\/emfoco\/#\/schema\/person\/fb0a7f48c6fbb94b83f413a80f61917d","name":"Kelvin","image":{"@type":"ImageObject","inLanguage":"pt-BR","@id":"https:\/\/www.em.com.br\/emfoco\/#\/schema\/person\/image\/","url":"https:\/\/secure.gravatar.com\/avatar\/e74f84337e6bf6c4c5e88fbdffa05270?s=96&d=mm&r=g","contentUrl":"https:\/\/secure.gravatar.com\/avatar\/e74f84337e6bf6c4c5e88fbdffa05270?s=96&d=mm&r=g","caption":"Kelvin"},"sameAs":["https:\/\/www.em.com.br\/emfoco"],"url":"https:\/\/www.em.com.br\/emfoco\/author\/kelvinmyth\/"}]}},"_links":{"self":[{"href":"https:\/\/www.em.com.br\/emfoco\/wp-json\/wp\/v2\/posts\/20092","targetHints":{"allow":["GET"]}}],"collection":[{"href":"https:\/\/www.em.com.br\/emfoco\/wp-json\/wp\/v2\/posts"}],"about":[{"href":"https:\/\/www.em.com.br\/emfoco\/wp-json\/wp\/v2\/types\/post"}],"author":[{"embeddable":true,"href":"https:\/\/www.em.com.br\/emfoco\/wp-json\/wp\/v2\/users\/7"}],"replies":[{"embeddable":true,"href":"https:\/\/www.em.com.br\/emfoco\/wp-json\/wp\/v2\/comments?post=20092"}],"version-history":[{"count":4,"href":"https:\/\/www.em.com.br\/emfoco\/wp-json\/wp\/v2\/posts\/20092\/revisions"}],"predecessor-version":[{"id":20169,"href":"https:\/\/www.em.com.br\/emfoco\/wp-json\/wp\/v2\/posts\/20092\/revisions\/20169"}],"wp:featuredmedia":[{"embeddable":true,"href":"https:\/\/www.em.com.br\/emfoco\/wp-json\/wp\/v2\/media\/19669"}],"wp:attachment":[{"href":"https:\/\/www.em.com.br\/emfoco\/wp-json\/wp\/v2\/media?parent=20092"}],"wp:term":[{"taxonomy":"category","embeddable":true,"href":"https:\/\/www.em.com.br\/emfoco\/wp-json\/wp\/v2\/categories?post=20092"},{"taxonomy":"post_tag","embeddable":true,"href":"https:\/\/www.em.com.br\/emfoco\/wp-json\/wp\/v2\/tags?post=20092"}],"curies":[{"name":"wp","href":"https:\/\/api.w.org\/{rel}","templated":true}]}}