{"id":200859,"date":"2026-04-29T18:25:00","date_gmt":"2026-04-29T21:25:00","guid":{"rendered":"https:\/\/www.em.com.br\/emfoco\/?p=200859"},"modified":"2026-04-28T13:52:50","modified_gmt":"2026-04-28T16:52:50","slug":"pao-de-queijo-mineiro-perfeito-veja-a-receita-original-com-truques-simples-para-ficar-crocante-por-fora-e-macio-por-dentro","status":"publish","type":"post","link":"https:\/\/www.em.com.br\/emfoco\/2026\/04\/29\/pao-de-queijo-mineiro-perfeito-veja-a-receita-original-com-truques-simples-para-ficar-crocante-por-fora-e-macio-por-dentro\/","title":{"rendered":"P\u00e3o de queijo mineiro perfeito: veja a receita original com truques simples para ficar crocante por fora e macio por dentro"},"content":{"rendered":"\n<p>O p\u00e3o de queijo original de <strong>Minas <\/strong>\u00e9 um dos s\u00edmbolos mais queridos da culin\u00e1ria brasileira e continua firme em padarias, cafeterias e cozinhas dom\u00e9sticas. Combinando polvilho escaldado, queijo curado e uma t\u00e9cnica simples, mas precisa, ele entrega uma massa leve, el\u00e1stica e cheia de sabor, mantendo viva a identidade da cozinha mineira mesmo com tantas releituras modernas.<\/p>\n\n\n\n<h2 class=\"wp-block-heading\">O que torna o p\u00e3o de queijo original de Minas t\u00e3o especial<\/h2>\n\n\n\n<p>Na rotina de muitas fam\u00edlias, o p\u00e3o de queijo mineiro acompanha o <a href=\"https:\/\/www.em.com.br\/emfoco\/2026\/04\/23\/como-preparar-o-melhor-cafe-da-manha-rapido-em-5-minutos-a-receita-inclui-ovo-e-queijo\/\" target=\"_blank\" rel=\"noreferrer noopener\">caf\u00e9 da manh\u00e3<\/a>, o lanche da tarde e encontros informais. A textura perfeita depende do ponto da massa, da qualidade dos queijos e da temperatura correta do forno.<\/p>\n\n\n\n<p>Quando esses detalhes s\u00e3o respeitados, a casquinha fica crocante, enquanto o interior permanece macio e el\u00e1stico, como se espera da receita tradicional. Isso mant\u00e9m o equil\u00edbrio entre simplicidade caseira e resultado digno de padaria profissional.<\/p>\n\n\n\n<figure class=\"wp-block-image\"><img decoding=\"async\" src=\"https:\/\/www.em.com.br\/emfoco\/wp-content\/uploads\/2025\/07\/pao-de-queijo_1751394175155-1024x576.jpg\" alt=\"\"\/><figcaption class=\"wp-element-caption\">P\u00e3o de queijo quentinho transforma qualquer pausa do dia &#8211; Cr\u00e9ditos: depositphotos.com \/ MKPK<\/figcaption><\/figure>\n\n\n\n<h2 class=\"wp-block-heading\">Como \u00e9 a receita de p\u00e3o de queijo original de Minas<\/h2>\n\n\n\n<p>Essa vers\u00e3o cl\u00e1ssica segue a base usada h\u00e1 d\u00e9cadas em cozinhas mineiras. O preparo come\u00e7a com o escaldamento do polvilho, passo que garante textura e estrutura para que os p\u00e3ezinhos cres\u00e7am de forma uniforme.<\/p>\n\n\n\n<p>Para quem busca uma receita tradicional, os ingredientes costumam seguir propor\u00e7\u00f5es pr\u00f3ximas \u00e0s abaixo, permitindo pequenas adapta\u00e7\u00f5es conforme o tipo de queijo e o gosto de sal de cada casa. Observe as quantidades e ajuste de acordo com a sua realidade:<\/p>\n\n\n\n<ul class=\"wp-block-list\">\n<li><strong>Polvilho<\/strong>: cerca de 500 g, podendo ser apenas polvilho doce ou a mistura de doce e azedo;<\/li>\n\n\n\n<li><strong>L\u00edquidos<\/strong>\u00a0para escaldar: cerca de 1 x\u00edcara de leite e 1 x\u00edcara de \u00e1gua;<\/li>\n\n\n\n<li><strong>Gordura<\/strong>: de 1\/2 a 1 x\u00edcara de \u00f3leo ou banha de porco;<\/li>\n\n\n\n<li><strong>Ovos<\/strong>: em geral, 3 a 4 unidades, adicionadas aos poucos;<\/li>\n\n\n\n<li><strong>Queijo Minas curado ou meia cura<\/strong>: em torno de 300 g a 400 g, ralado grosso;<\/li>\n\n\n\n<li><strong>Sal<\/strong>: aproximadamente 1 colher de ch\u00e1, ajustando de acordo com o sal do queijo.<\/li>\n<\/ul>\n\n\n\n<h2 class=\"wp-block-heading\">Como fazer p\u00e3o de queijo mineiro passo a passo<\/h2>\n\n\n\n<p>O preparo do p\u00e3o de queijo mineiro segue uma sequ\u00eancia de etapas que influencia diretamente a textura final. O escaldamento faz com que o polvilho absorva o l\u00edquido quente, mudando de estrutura e criando a base el\u00e1stica t\u00edpica dessa massa.<\/p>\n\n\n\n<ol class=\"wp-block-list\">\n<li><strong>Escaldar o polvilho<\/strong>: em uma panela, aquecer leite, \u00e1gua e \u00f3leo (ou banha) at\u00e9 levantar fervura. Em uma tigela grande, colocar o polvilho e o sal. Despejar a mistura fervente sobre o polvilho, mexendo com colher resistente.<\/li>\n\n\n\n<li><strong>Esperar amornar<\/strong>: ap\u00f3s misturar, deixar a massa granulada descansar entre 10 e 15 minutos, at\u00e9 ficar morna. Essa pausa evita que os ovos cozinhem ao serem incorporados.<\/li>\n\n\n\n<li><strong>Adicionar os ovos<\/strong>: colocar um ovo de cada vez, misturando bem com as m\u00e3os entre cada adi\u00e7\u00e3o. A massa vai ficando mais lisa e \u00famida. Quando estiver homog\u00eanea, grudenta, por\u00e9m male\u00e1vel, o ponto est\u00e1 pr\u00f3ximo do ideal.<\/li>\n\n\n\n<li><strong>Incorporar o queijo<\/strong>: juntar o queijo Minas ralado grosso e misturar at\u00e9 distribu\u00ed-lo por toda a massa. O queijo precisa aparecer bem, mas sem deixar a mistura seca demais.<\/li>\n\n\n\n<li><strong>Modelar as bolinhas<\/strong>: untar levemente as m\u00e3os com \u00f3leo para evitar que a massa grude. Formar bolinhas do tamanho desejado, mantendo padr\u00e3o semelhante para assar por igual.<\/li>\n\n\n\n<li><strong>Assar em forno quente<\/strong>: dispor os p\u00e3ezinhos em assadeira sem necessidade de untar. Levar ao forno preaquecido entre 180 \u00b0C e 200 \u00b0C por cerca de 35 a 40 minutos, at\u00e9 ficarem levemente dourados.<\/li>\n<\/ol>\n\n\n\n<p>Quer ver como \u00e9 f\u00e1cil na pr\u00e1tica? Confira essa receita r\u00e1pida do <a href=\"https:\/\/www.instagram.com\/receitasdepai\/reels\/\" target=\"_blank\" rel=\"noreferrer noopener\">Diego Assalve do receitas de pai<\/a>, que faz sucesso no Instagram com suas dicas pr\u00e1ticas:<\/p>\n\n\n\n<blockquote class=\"instagram-media\" data-instgrm-captioned data-instgrm-permalink=\"https:\/\/www.instagram.com\/reel\/DKkM5_cuOWa\/?utm_source=ig_embed&amp;utm_campaign=loading\" data-instgrm-version=\"14\" style=\" background:#FFF; border:0; border-radius:3px; box-shadow:0 0 1px 0 rgba(0,0,0,0.5),0 1px 10px 0 rgba(0,0,0,0.15); margin: 1px; max-width:540px; min-width:326px; padding:0; width:99.375%; width:-webkit-calc(100% - 2px); width:calc(100% - 2px);\"><div style=\"padding:16px;\"> <a href=\"https:\/\/www.instagram.com\/reel\/DKkM5_cuOWa\/?utm_source=ig_embed&amp;utm_campaign=loading\" style=\" background:#FFFFFF; line-height:0; padding:0 0; text-align:center; text-decoration:none; width:100%;\" target=\"_blank\"> <div style=\" display: flex; flex-direction: row; align-items: center;\"> <div style=\"background-color: #F4F4F4; border-radius: 50%; flex-grow: 0; height: 40px; margin-right: 14px; width: 40px;\"><\/div> <div style=\"display: flex; flex-direction: column; flex-grow: 1; justify-content: center;\"> <div style=\" background-color: #F4F4F4; border-radius: 4px; flex-grow: 0; height: 14px; margin-bottom: 6px; width: 100px;\"><\/div> <div style=\" background-color: #F4F4F4; border-radius: 4px; flex-grow: 0; height: 14px; width: 60px;\"><\/div><\/div><\/div><div style=\"padding: 19% 0;\"><\/div> <div style=\"display:block; height:50px; margin:0 auto 12px; width:50px;\"><svg width=\"50px\" height=\"50px\" viewBox=\"0 0 60 60\" version=\"1.1\" xmlns=\"https:\/\/www.w3.org\/2000\/svg\" xmlns:xlink=\"https:\/\/www.w3.org\/1999\/xlink\"><g stroke=\"none\" stroke-width=\"1\" fill=\"none\" fill-rule=\"evenodd\"><g transform=\"translate(-511.000000, -20.000000)\" fill=\"#000000\"><g><path d=\"M556.869,30.41 C554.814,30.41 553.148,32.076 553.148,34.131 C553.148,36.186 554.814,37.852 556.869,37.852 C558.924,37.852 560.59,36.186 560.59,34.131 C560.59,32.076 558.924,30.41 556.869,30.41 M541,60.657 C535.114,60.657 530.342,55.887 530.342,50 C530.342,44.114 535.114,39.342 541,39.342 C546.887,39.342 551.658,44.114 551.658,50 C551.658,55.887 546.887,60.657 541,60.657 M541,33.886 C532.1,33.886 524.886,41.1 524.886,50 C524.886,58.899 532.1,66.113 541,66.113 C549.9,66.113 557.115,58.899 557.115,50 C557.115,41.1 549.9,33.886 541,33.886 M565.378,62.101 C565.244,65.022 564.756,66.606 564.346,67.663 C563.803,69.06 563.154,70.057 562.106,71.106 C561.058,72.155 560.06,72.803 558.662,73.347 C557.607,73.757 556.021,74.244 553.102,74.378 C549.944,74.521 548.997,74.552 541,74.552 C533.003,74.552 532.056,74.521 528.898,74.378 C525.979,74.244 524.393,73.757 523.338,73.347 C521.94,72.803 520.942,72.155 519.894,71.106 C518.846,70.057 518.197,69.06 517.654,67.663 C517.244,66.606 516.755,65.022 516.623,62.101 C516.479,58.943 516.448,57.996 516.448,50 C516.448,42.003 516.479,41.056 516.623,37.899 C516.755,34.978 517.244,33.391 517.654,32.338 C518.197,30.938 518.846,29.942 519.894,28.894 C520.942,27.846 521.94,27.196 523.338,26.654 C524.393,26.244 525.979,25.756 528.898,25.623 C532.057,25.479 533.004,25.448 541,25.448 C548.997,25.448 549.943,25.479 553.102,25.623 C556.021,25.756 557.607,26.244 558.662,26.654 C560.06,27.196 561.058,27.846 562.106,28.894 C563.154,29.942 563.803,30.938 564.346,32.338 C564.756,33.391 565.244,34.978 565.378,37.899 C565.522,41.056 565.552,42.003 565.552,50 C565.552,57.996 565.522,58.943 565.378,62.101 M570.82,37.631 C570.674,34.438 570.167,32.258 569.425,30.349 C568.659,28.377 567.633,26.702 565.965,25.035 C564.297,23.368 562.623,22.342 560.652,21.575 C558.743,20.834 556.562,20.326 553.369,20.18 C550.169,20.033 549.148,20 541,20 C532.853,20 531.831,20.033 528.631,20.18 C525.438,20.326 523.257,20.834 521.349,21.575 C519.376,22.342 517.703,23.368 516.035,25.035 C514.368,26.702 513.342,28.377 512.574,30.349 C511.834,32.258 511.326,34.438 511.181,37.631 C511.035,40.831 511,41.851 511,50 C511,58.147 511.035,59.17 511.181,62.369 C511.326,65.562 511.834,67.743 512.574,69.651 C513.342,71.625 514.368,73.296 516.035,74.965 C517.703,76.634 519.376,77.658 521.349,78.425 C523.257,79.167 525.438,79.673 528.631,79.82 C531.831,79.965 532.853,80.001 541,80.001 C549.148,80.001 550.169,79.965 553.369,79.82 C556.562,79.673 558.743,79.167 560.652,78.425 C562.623,77.658 564.297,76.634 565.965,74.965 C567.633,73.296 568.659,71.625 569.425,69.651 C570.167,67.743 570.674,65.562 570.82,62.369 C570.966,59.17 571,58.147 571,50 C571,41.851 570.966,40.831 570.82,37.631\"><\/path><\/g><\/g><\/g><\/svg><\/div><div style=\"padding-top: 8px;\"> <div style=\" color:#3897f0; font-family:Arial,sans-serif; font-size:14px; font-style:normal; font-weight:550; line-height:18px;\">Ver essa foto no Instagram<\/div><\/div><div style=\"padding: 12.5% 0;\"><\/div> <div style=\"display: flex; flex-direction: row; margin-bottom: 14px; align-items: center;\"><div> <div style=\"background-color: #F4F4F4; border-radius: 50%; height: 12.5px; width: 12.5px; transform: translateX(0px) translateY(7px);\"><\/div> <div style=\"background-color: #F4F4F4; height: 12.5px; transform: rotate(-45deg) translateX(3px) translateY(1px); width: 12.5px; flex-grow: 0; margin-right: 14px; margin-left: 2px;\"><\/div> <div style=\"background-color: #F4F4F4; border-radius: 50%; height: 12.5px; width: 12.5px; transform: translateX(9px) translateY(-18px);\"><\/div><\/div><div style=\"margin-left: 8px;\"> <div style=\" background-color: #F4F4F4; border-radius: 50%; flex-grow: 0; height: 20px; width: 20px;\"><\/div> <div style=\" width: 0; height: 0; border-top: 2px solid transparent; border-left: 6px solid #f4f4f4; border-bottom: 2px solid transparent; transform: translateX(16px) translateY(-4px) rotate(30deg)\"><\/div><\/div><div style=\"margin-left: auto;\"> <div style=\" width: 0px; border-top: 8px solid #F4F4F4; border-right: 8px solid transparent; transform: translateY(16px);\"><\/div> <div style=\" background-color: #F4F4F4; flex-grow: 0; height: 12px; width: 16px; transform: translateY(-4px);\"><\/div> <div style=\" width: 0; height: 0; border-top: 8px solid #F4F4F4; border-left: 8px solid transparent; transform: translateY(-4px) translateX(8px);\"><\/div><\/div><\/div> <div style=\"display: flex; flex-direction: column; flex-grow: 1; justify-content: center; margin-bottom: 24px;\"> <div style=\" background-color: #F4F4F4; border-radius: 4px; flex-grow: 0; height: 14px; margin-bottom: 6px; width: 224px;\"><\/div> <div style=\" background-color: #F4F4F4; border-radius: 4px; flex-grow: 0; height: 14px; width: 144px;\"><\/div><\/div><\/a><p style=\" color:#c9c8cd; font-family:Arial,sans-serif; font-size:14px; line-height:17px; margin-bottom:0; margin-top:8px; overflow:hidden; padding:8px 0 7px; text-align:center; text-overflow:ellipsis; white-space:nowrap;\"><a href=\"https:\/\/www.instagram.com\/reel\/DKkM5_cuOWa\/?utm_source=ig_embed&amp;utm_campaign=loading\" style=\" color:#c9c8cd; font-family:Arial,sans-serif; font-size:14px; font-style:normal; font-weight:normal; line-height:17px; text-decoration:none;\" target=\"_blank\">Um post compartilhado por Diego Assalve (@receitasdepai)<\/a><\/p><\/div><\/blockquote>\n<script async src=\"\/\/www.instagram.com\/embed.js\"><\/script>\n\n\n\n<h2 class=\"wp-block-heading\">Quais queijos usar no p\u00e3o de queijo original de Minas<\/h2>\n\n\n\n<p>Um dos pontos centrais da receita de&nbsp;<strong>p\u00e3o de queijo original mineiro<\/strong>&nbsp;\u00e9 a escolha do queijo. Em muitas regi\u00f5es de Minas, o uso de queijos curados, como Canastra e Meia Cura, \u00e9 comum, pois a matura\u00e7\u00e3o concentra sabor e melhora a textura ao derreter.<\/p>\n\n\n\n<p>Para quem n\u00e3o encontra o queijo t\u00edpico da regi\u00e3o, alternativas podem funcionar bem, desde que tenham bom sabor, firmeza e n\u00e3o sejam muito \u00famidas. Combina\u00e7\u00f5es de queijos tamb\u00e9m ajudam a intensificar o aroma e o miolo el\u00e1stico esperado.<\/p>\n\n\n\n<h2 class=\"wp-block-heading\">Como conservar, assar e aproveitar melhor o p\u00e3o de queijo<\/h2>\n\n\n\n<p>Na rotina atual, muitas pessoas optam por congelar o p\u00e3o de queijo para assar depois, sem perder qualidade. A massa se adapta bem a esse processo quando as bolinhas s\u00e3o levadas primeiro ao freezer em uma bandeja, separadas umas das outras.<\/p>\n\n\n\n<p>Seguindo essas orienta\u00e7\u00f5es, o p\u00e3o de queijo original de Minas mant\u00e9m sabor e textura, seja preparado na hora ou assado a partir de bolinhas congeladas. N\u00e3o deixe para depois: escolha um bom queijo, organize os ingredientes e teste hoje mesmo essa receita cl\u00e1ssica. Seu pr\u00f3ximo caf\u00e9 pode se transformar em um momento marcante, com cheiro de casa de v\u00f3 e vontade de repetir a fornada.<\/p>\n","protected":false},"excerpt":{"rendered":"<p>O p\u00e3o de queijo original de Minas \u00e9 um dos s\u00edmbolos mais queridos da culin\u00e1ria brasileira e continua firme em padarias, cafeterias e cozinhas dom\u00e9sticas. Combinando polvilho escaldado, queijo curado e uma t\u00e9cnica simples, mas precisa, ele entrega uma massa leve, el\u00e1stica e cheia de sabor, mantendo viva a identidade da cozinha mineira mesmo com [&hellip;]<\/p>\n","protected":false},"author":11,"featured_media":200928,"comment_status":"open","ping_status":"open","sticky":false,"template":"","format":"standard","meta":{"jnews-multi-image_gallery":[],"jnews_single_post":{"format":"standard"},"jnews_primary_category":[],"jnews_social_meta":[],"jnews_override_counter":[],"footnotes":""},"categories":[8819,1],"tags":[3470,25981,3440],"class_list":["post-200859","post","type-post","status-publish","format-standard","has-post-thumbnail","hentry","category-curiosidades","category-noticias","tag-pao-de-queijo","tag-pao-de-queijo-mineiro","tag-receita"],"yoast_head":"<!-- This site is optimized with the Yoast SEO plugin v23.8 - https:\/\/yoast.com\/wordpress\/plugins\/seo\/ -->\n<title>P\u00e3o de queijo mineiro perfeito: veja a receita original com truques simples para ficar crocante por fora e macio por dentro - Estado de Minas - Em foco<\/title>\n<meta name=\"description\" content=\"P\u00e3o de queijo mineiro tradicional \u00e9 f\u00e1cil de fazer e cheio de sabor. Veja receita original e dicas para acertar o ponto.\" \/>\n<meta name=\"robots\" content=\"index, follow, max-snippet:-1, max-image-preview:large, max-video-preview:-1\" \/>\n<link rel=\"canonical\" href=\"https:\/\/www.em.com.br\/emfoco\/2026\/04\/29\/pao-de-queijo-mineiro-perfeito-veja-a-receita-original-com-truques-simples-para-ficar-crocante-por-fora-e-macio-por-dentro\/\" \/>\n<meta property=\"og:locale\" content=\"pt_BR\" \/>\n<meta property=\"og:type\" content=\"article\" \/>\n<meta property=\"og:title\" content=\"P\u00e3o de queijo mineiro perfeito: veja a receita original com truques simples para ficar crocante por fora e macio por dentro - Estado de Minas - Em foco\" \/>\n<meta property=\"og:description\" content=\"P\u00e3o de queijo mineiro tradicional \u00e9 f\u00e1cil de fazer e cheio de sabor. Veja receita original e dicas para acertar o ponto.\" \/>\n<meta property=\"og:url\" content=\"https:\/\/www.em.com.br\/emfoco\/2026\/04\/29\/pao-de-queijo-mineiro-perfeito-veja-a-receita-original-com-truques-simples-para-ficar-crocante-por-fora-e-macio-por-dentro\/\" \/>\n<meta property=\"og:site_name\" content=\"Estado de Minas - Em foco\" \/>\n<meta property=\"article:published_time\" content=\"2026-04-29T21:25:00+00:00\" \/>\n<meta property=\"article:modified_time\" content=\"2026-04-28T16:52:50+00:00\" \/>\n<meta property=\"og:image\" content=\"https:\/\/www.em.com.br\/emfoco\/wp-content\/uploads\/2026\/04\/EmFoco_50-8.jpg\" \/>\n\t<meta property=\"og:image:width\" content=\"1280\" \/>\n\t<meta property=\"og:image:height\" content=\"720\" \/>\n\t<meta property=\"og:image:type\" content=\"image\/jpeg\" \/>\n<meta name=\"author\" content=\"Andre\u0301 Rangel\u00a0\" \/>\n<meta name=\"twitter:card\" content=\"summary_large_image\" \/>\n<meta name=\"twitter:label1\" content=\"Escrito por\" \/>\n\t<meta name=\"twitter:data1\" content=\"Andre\u0301 Rangel\u00a0\" \/>\n\t<meta name=\"twitter:label2\" content=\"Est. tempo de leitura\" \/>\n\t<meta name=\"twitter:data2\" content=\"5 minutos\" \/>\n<!-- \/ Yoast SEO plugin. -->","yoast_head_json":{"title":"P\u00e3o de queijo mineiro perfeito: veja a receita original com truques simples para ficar crocante por fora e macio por dentro - Estado de Minas - Em foco","description":"P\u00e3o de queijo mineiro tradicional \u00e9 f\u00e1cil de fazer e cheio de sabor. Veja receita original e dicas para acertar o ponto.","robots":{"index":"index","follow":"follow","max-snippet":"max-snippet:-1","max-image-preview":"max-image-preview:large","max-video-preview":"max-video-preview:-1"},"canonical":"https:\/\/www.em.com.br\/emfoco\/2026\/04\/29\/pao-de-queijo-mineiro-perfeito-veja-a-receita-original-com-truques-simples-para-ficar-crocante-por-fora-e-macio-por-dentro\/","og_locale":"pt_BR","og_type":"article","og_title":"P\u00e3o de queijo mineiro perfeito: veja a receita original com truques simples para ficar crocante por fora e macio por dentro - Estado de Minas - Em foco","og_description":"P\u00e3o de queijo mineiro tradicional \u00e9 f\u00e1cil de fazer e cheio de sabor. Veja receita original e dicas para acertar o ponto.","og_url":"https:\/\/www.em.com.br\/emfoco\/2026\/04\/29\/pao-de-queijo-mineiro-perfeito-veja-a-receita-original-com-truques-simples-para-ficar-crocante-por-fora-e-macio-por-dentro\/","og_site_name":"Estado de Minas - Em foco","article_published_time":"2026-04-29T21:25:00+00:00","article_modified_time":"2026-04-28T16:52:50+00:00","og_image":[{"width":1280,"height":720,"url":"https:\/\/www.em.com.br\/emfoco\/wp-content\/uploads\/2026\/04\/EmFoco_50-8.jpg","type":"image\/jpeg"}],"author":"Andre\u0301 Rangel\u00a0","twitter_card":"summary_large_image","twitter_misc":{"Escrito por":"Andre\u0301 Rangel\u00a0","Est. tempo de leitura":"5 minutos"},"schema":{"@context":"https:\/\/schema.org","@graph":[{"@type":"WebPage","@id":"https:\/\/www.em.com.br\/emfoco\/2026\/04\/29\/pao-de-queijo-mineiro-perfeito-veja-a-receita-original-com-truques-simples-para-ficar-crocante-por-fora-e-macio-por-dentro\/","url":"https:\/\/www.em.com.br\/emfoco\/2026\/04\/29\/pao-de-queijo-mineiro-perfeito-veja-a-receita-original-com-truques-simples-para-ficar-crocante-por-fora-e-macio-por-dentro\/","name":"P\u00e3o de queijo mineiro perfeito: veja a receita original com truques simples para ficar crocante por fora e macio por dentro - Estado de Minas - Em foco","isPartOf":{"@id":"https:\/\/www.em.com.br\/emfoco\/#website"},"primaryImageOfPage":{"@id":"https:\/\/www.em.com.br\/emfoco\/2026\/04\/29\/pao-de-queijo-mineiro-perfeito-veja-a-receita-original-com-truques-simples-para-ficar-crocante-por-fora-e-macio-por-dentro\/#primaryimage"},"image":{"@id":"https:\/\/www.em.com.br\/emfoco\/2026\/04\/29\/pao-de-queijo-mineiro-perfeito-veja-a-receita-original-com-truques-simples-para-ficar-crocante-por-fora-e-macio-por-dentro\/#primaryimage"},"thumbnailUrl":"https:\/\/www.em.com.br\/emfoco\/wp-content\/uploads\/2026\/04\/EmFoco_50-8.jpg","datePublished":"2026-04-29T21:25:00+00:00","dateModified":"2026-04-28T16:52:50+00:00","author":{"@id":"https:\/\/www.em.com.br\/emfoco\/#\/schema\/person\/60eda09c1fedf0d6891f4cef4b60b8b8"},"description":"P\u00e3o de queijo mineiro tradicional \u00e9 f\u00e1cil de fazer e cheio de sabor. Veja receita original e dicas para acertar o ponto.","breadcrumb":{"@id":"https:\/\/www.em.com.br\/emfoco\/2026\/04\/29\/pao-de-queijo-mineiro-perfeito-veja-a-receita-original-com-truques-simples-para-ficar-crocante-por-fora-e-macio-por-dentro\/#breadcrumb"},"inLanguage":"pt-BR","potentialAction":[{"@type":"ReadAction","target":["https:\/\/www.em.com.br\/emfoco\/2026\/04\/29\/pao-de-queijo-mineiro-perfeito-veja-a-receita-original-com-truques-simples-para-ficar-crocante-por-fora-e-macio-por-dentro\/"]}]},{"@type":"ImageObject","inLanguage":"pt-BR","@id":"https:\/\/www.em.com.br\/emfoco\/2026\/04\/29\/pao-de-queijo-mineiro-perfeito-veja-a-receita-original-com-truques-simples-para-ficar-crocante-por-fora-e-macio-por-dentro\/#primaryimage","url":"https:\/\/www.em.com.br\/emfoco\/wp-content\/uploads\/2026\/04\/EmFoco_50-8.jpg","contentUrl":"https:\/\/www.em.com.br\/emfoco\/wp-content\/uploads\/2026\/04\/EmFoco_50-8.jpg","width":1280,"height":720,"caption":"Iguaria tradicional elaborada com polvilho escaldado e queijo curado de Minas Gerais"},{"@type":"BreadcrumbList","@id":"https:\/\/www.em.com.br\/emfoco\/2026\/04\/29\/pao-de-queijo-mineiro-perfeito-veja-a-receita-original-com-truques-simples-para-ficar-crocante-por-fora-e-macio-por-dentro\/#breadcrumb","itemListElement":[{"@type":"ListItem","position":1,"name":"In\u00edcio","item":"https:\/\/www.em.com.br\/emfoco\/"},{"@type":"ListItem","position":2,"name":"P\u00e3o de queijo mineiro perfeito: veja a receita original com truques simples para ficar crocante por fora e macio por dentro"}]},{"@type":"WebSite","@id":"https:\/\/www.em.com.br\/emfoco\/#website","url":"https:\/\/www.em.com.br\/emfoco\/","name":"Estado de Minas - Em foco","description":"Acompanhe as \u00faltimas not\u00edcias e fique bem informado sobre tudo o que acontece em Minas Gerais, Brasil e no mundo.","potentialAction":[{"@type":"SearchAction","target":{"@type":"EntryPoint","urlTemplate":"https:\/\/www.em.com.br\/emfoco\/?s={search_term_string}"},"query-input":{"@type":"PropertyValueSpecification","valueRequired":true,"valueName":"search_term_string"}}],"inLanguage":"pt-BR"},{"@type":"Person","@id":"https:\/\/www.em.com.br\/emfoco\/#\/schema\/person\/60eda09c1fedf0d6891f4cef4b60b8b8","name":"Andre\u0301 Rangel\u00a0","image":{"@type":"ImageObject","inLanguage":"pt-BR","@id":"https:\/\/www.em.com.br\/emfoco\/#\/schema\/person\/image\/","url":"https:\/\/secure.gravatar.com\/avatar\/6234dc814c77c8ef6d8bba622c787efc?s=96&d=mm&r=g","contentUrl":"https:\/\/secure.gravatar.com\/avatar\/6234dc814c77c8ef6d8bba622c787efc?s=96&d=mm&r=g","caption":"Andre\u0301 Rangel\u00a0"},"url":"https:\/\/www.em.com.br\/emfoco\/author\/luizmyth\/"}]}},"_links":{"self":[{"href":"https:\/\/www.em.com.br\/emfoco\/wp-json\/wp\/v2\/posts\/200859","targetHints":{"allow":["GET"]}}],"collection":[{"href":"https:\/\/www.em.com.br\/emfoco\/wp-json\/wp\/v2\/posts"}],"about":[{"href":"https:\/\/www.em.com.br\/emfoco\/wp-json\/wp\/v2\/types\/post"}],"author":[{"embeddable":true,"href":"https:\/\/www.em.com.br\/emfoco\/wp-json\/wp\/v2\/users\/11"}],"replies":[{"embeddable":true,"href":"https:\/\/www.em.com.br\/emfoco\/wp-json\/wp\/v2\/comments?post=200859"}],"version-history":[{"count":2,"href":"https:\/\/www.em.com.br\/emfoco\/wp-json\/wp\/v2\/posts\/200859\/revisions"}],"predecessor-version":[{"id":200862,"href":"https:\/\/www.em.com.br\/emfoco\/wp-json\/wp\/v2\/posts\/200859\/revisions\/200862"}],"wp:featuredmedia":[{"embeddable":true,"href":"https:\/\/www.em.com.br\/emfoco\/wp-json\/wp\/v2\/media\/200928"}],"wp:attachment":[{"href":"https:\/\/www.em.com.br\/emfoco\/wp-json\/wp\/v2\/media?parent=200859"}],"wp:term":[{"taxonomy":"category","embeddable":true,"href":"https:\/\/www.em.com.br\/emfoco\/wp-json\/wp\/v2\/categories?post=200859"},{"taxonomy":"post_tag","embeddable":true,"href":"https:\/\/www.em.com.br\/emfoco\/wp-json\/wp\/v2\/tags?post=200859"}],"curies":[{"name":"wp","href":"https:\/\/api.w.org\/{rel}","templated":true}]}}