{"id":200857,"date":"2026-04-29T12:15:00","date_gmt":"2026-04-29T15:15:00","guid":{"rendered":"https:\/\/www.em.com.br\/emfoco\/?p=200857"},"modified":"2026-04-28T13:46:19","modified_gmt":"2026-04-28T16:46:19","slug":"as-lentilhas-ficarao-perfeitas-se-voce-fizer-um-refogado-de-azeite-alho-e-paprica","status":"publish","type":"post","link":"https:\/\/www.em.com.br\/emfoco\/2026\/04\/29\/as-lentilhas-ficarao-perfeitas-se-voce-fizer-um-refogado-de-azeite-alho-e-paprica\/","title":{"rendered":"As lentilhas ficar\u00e3o perfeitas se voc\u00ea fizer um refogado de azeite, alho e p\u00e1prica"},"content":{"rendered":"\n<p>As lentilhas seguem firmes na mesa de muitas fam\u00edlias, especialmente em dias frios, unindo conforto, praticidade e bom valor nutricional. Com alguns cuidados simples de preparo e escolhas certeiras de ingredientes, esse cl\u00e1ssico do cotidiano ganha mais sabor, textura e personalidade sem exigir t\u00e9cnicas complexas.<\/p>\n\n\n\n<h2 class=\"wp-block-heading\">Por que as lentilhas s\u00e3o t\u00e3o presentes na culin\u00e1ria <\/h2>\n\n\n\n<p>As <a href=\"https:\/\/www.em.com.br\/emfoco\/2026\/01\/21\/por-que-plantar-lentilhas-no-solo-do-limoeiro-ajuda-no-crescimento-da-planta\/\" target=\"_blank\" rel=\"noreferrer noopener\">lentilhas <\/a>remetem a um prato de colher robusto, servido como refei\u00e7\u00e3o principal e muito ligado \u00e0 mem\u00f3ria afetiva. Em diferentes regi\u00f5es, surgem vers\u00f5es com lingui\u00e7a, cortes de porco, carne de cordeiro ou op\u00e7\u00f5es totalmente vegetarianas, sempre com forte presen\u00e7a no card\u00e1pio semanal.<\/p>\n\n\n\n<p>As\u00a0<strong>lentilhas ensopadas<\/strong>\u00a0costumam come\u00e7ar pela escolha de bons gr\u00e3os e, quando necess\u00e1rio, um breve remolho para uniformizar o cozimento. A base de sabor vem dos legumes \u2014 como cebola, cenoura, alho e piment\u00e3o \u2014 somados \u00e0\u00a0<strong><a href=\"https:\/\/www.instagram.com\/reel\/DQ5B3cpkeAj\/\" target=\"_blank\" rel=\"noreferrer noopener\">p\u00e1prica defumada<\/a><\/strong> e, em muitas receitas, a embutidos defumados, que criam um caldo arom\u00e1tico e marcante. Em vers\u00f5es mais suaves, pode-se optar por p\u00e1prica doce comum, enquanto quem prefere um toque picante pode usar p\u00e1prica picante ou misturar os dois tipos.<\/p>\n\n\n\n<figure class=\"wp-block-image size-large\"><img loading=\"lazy\" decoding=\"async\" width=\"1024\" height=\"576\" src=\"https:\/\/www.em.com.br\/emfoco\/wp-content\/uploads\/2026\/04\/Gemini_Generated_Image_2mv5xz2mv5xz2mv5-1-1024x576.png\" alt=\"Receita de lentilhas surpreende pelo sabor intenso\" class=\"wp-image-200863\" srcset=\"https:\/\/www.em.com.br\/emfoco\/wp-content\/uploads\/2026\/04\/Gemini_Generated_Image_2mv5xz2mv5xz2mv5-1-1024x576.png 1024w, https:\/\/www.em.com.br\/emfoco\/wp-content\/uploads\/2026\/04\/Gemini_Generated_Image_2mv5xz2mv5xz2mv5-1-300x169.png 300w, https:\/\/www.em.com.br\/emfoco\/wp-content\/uploads\/2026\/04\/Gemini_Generated_Image_2mv5xz2mv5xz2mv5-1-768x432.png 768w, https:\/\/www.em.com.br\/emfoco\/wp-content\/uploads\/2026\/04\/Gemini_Generated_Image_2mv5xz2mv5xz2mv5-1-750x422.png 750w, https:\/\/www.em.com.br\/emfoco\/wp-content\/uploads\/2026\/04\/Gemini_Generated_Image_2mv5xz2mv5xz2mv5-1-1140x641.png 1140w, https:\/\/www.em.com.br\/emfoco\/wp-content\/uploads\/2026\/04\/Gemini_Generated_Image_2mv5xz2mv5xz2mv5-1.png 1280w\" sizes=\"auto, (max-width: 1024px) 100vw, 1024px\" \/><figcaption class=\"wp-element-caption\">Receita de lentilhas surpreende pelo sabor intenso<\/figcaption><\/figure>\n\n\n\n<h2 class=\"wp-block-heading\">Como preparar lentilhas com refogado de azeite, alho e p\u00e1prica defumada<\/h2>\n\n\n\n<p>Uma t\u00e9cnica muito valorizada para deixar as&nbsp;<strong>lentilhas<\/strong>&nbsp;cheias de sabor \u00e9 o refogado final de azeite, alho e&nbsp;<strong>p\u00e1prica defumada<\/strong>, acrescentado quando o prato j\u00e1 est\u00e1 quase pronto. Esse recurso, cl\u00e1ssico na Pen\u00ednsula Ib\u00e9rica, intensifica o aroma, real\u00e7a a cor do caldo e d\u00e1 profundidade ao sabor, desde que o alho n\u00e3o escure\u00e7a demais.<\/p>\n\n\n\n<p>De forma geral, o preparo das lentilhas com esse truque segue alguns passos simples e f\u00e1ceis de reproduzir em casa:<\/p>\n\n\n\n<ol class=\"wp-block-list\">\n<li>Cozinhar as lentilhas em \u00e1gua com legumes picados muito finos (como cebola, cenoura e alho-por\u00f3), em fogo brando.<\/li>\n\n\n\n<li>Controlar a quantidade de \u00e1gua ou caldo para que o resultado n\u00e3o fique excessivamente ralo nem seco, ajustando l\u00edquidos durante o cozimento.<\/li>\n\n\n\n<li>Em outra frigideira, aquecer azeite de oliva, juntar alho em l\u00e2minas e deix\u00e1-lo fritar levemente, apenas at\u00e9 come\u00e7ar a \u201cdan\u00e7ar\u201d no \u00f3leo.<\/li>\n\n\n\n<li>Adicionar\u00a0<strong>p\u00e1prica defumada doce ou picante<\/strong>, mexer por poucos segundos, com o fogo baixo, para evitar que queime.<\/li>\n\n\n\n<li>Despejar imediatamente esse refogado sobre a panela de lentilhas e misturar, deixando cozinhar mais alguns minutos para integrar os sabores.<\/li>\n<\/ol>\n\n\n\n<h2 class=\"wp-block-heading\">Quais s\u00e3o as principais varia\u00e7\u00f5es de lentilhas na Espanha<\/h2>\n\n\n\n<p>As\u00a0<strong>lentilhas <\/strong>aparecem em vers\u00f5es mais intensas, com lingui\u00e7a, bacon ou outros cortes de porco, muito comuns no norte do pa\u00eds. H\u00e1 tamb\u00e9m preparos com carnes bovinas ou ovinas, que cozinham junto com os gr\u00e3os, ganhando textura macia e caldo encorpado gra\u00e7as \u00e0 libera\u00e7\u00e3o de gordura, col\u00e1geno e aromas tostados.<\/p>\n\n\n\n<p>Al\u00e9m das op\u00e7\u00f5es com carne, muitas cozinhas apostam em combina\u00e7\u00f5es apenas com legumes, pimentas e temperos, criando alternativas mais leves e cheias de cor. Em todas essas varia\u00e7\u00f5es, a p\u00e1prica \u2014 especialmente a vers\u00e3o defumada \u2014 costuma ser um dos ingredientes que mais caracterizam o sabor espanhol, ajudando a dar cor avermelhada ao caldo e um perfume inconfund\u00edvel.<\/p>\n\n\n\n<ul class=\"wp-block-list\">\n<li><strong>Lentilhas com chouri\u00e7o espanhol<\/strong>: prato intenso, de caldo avermelhado, toque defumado e generosa quantidade de p\u00e1prica defumada.<\/li>\n\n\n\n<li><strong>Lentilhas com carne bovina<\/strong>: preparo mais longo, ideal para cortes que amaciam no cozimento lento, com p\u00e1prica doce para real\u00e7ar o sabor do molho.<\/li>\n\n\n\n<li><strong>Lentilhas com legumes<\/strong>: vers\u00e3o sem carne, com cebola, cenoura, alho-por\u00f3, piment\u00e3o e batata para dar corpo, e p\u00e1prica doce ou defumada para compensar a aus\u00eancia de embutidos.<\/li>\n\n\n\n<li><strong>Lentilhas picantes<\/strong>: levam pimenta (como pimenta-guindinha), adicionada inteira ou em peda\u00e7os no final para controlar a ard\u00eancia, combinada com p\u00e1prica picante para um sabor mais profundo.<\/li>\n<\/ul>\n\n\n\n<figure class=\"wp-block-image size-large\"><img loading=\"lazy\" decoding=\"async\" width=\"1024\" height=\"576\" src=\"https:\/\/www.em.com.br\/emfoco\/wp-content\/uploads\/2026\/04\/Gemini_Generated_Image_1wynb61wynb61wyn-1-1024x576.png\" alt=\"Receita de lentilhas surpreende pelo sabor intenso\" class=\"wp-image-200864\" srcset=\"https:\/\/www.em.com.br\/emfoco\/wp-content\/uploads\/2026\/04\/Gemini_Generated_Image_1wynb61wynb61wyn-1-1024x576.png 1024w, https:\/\/www.em.com.br\/emfoco\/wp-content\/uploads\/2026\/04\/Gemini_Generated_Image_1wynb61wynb61wyn-1-300x169.png 300w, https:\/\/www.em.com.br\/emfoco\/wp-content\/uploads\/2026\/04\/Gemini_Generated_Image_1wynb61wynb61wyn-1-768x432.png 768w, https:\/\/www.em.com.br\/emfoco\/wp-content\/uploads\/2026\/04\/Gemini_Generated_Image_1wynb61wynb61wyn-1-750x422.png 750w, https:\/\/www.em.com.br\/emfoco\/wp-content\/uploads\/2026\/04\/Gemini_Generated_Image_1wynb61wynb61wyn-1-1140x641.png 1140w, https:\/\/www.em.com.br\/emfoco\/wp-content\/uploads\/2026\/04\/Gemini_Generated_Image_1wynb61wynb61wyn-1.png 1280w\" sizes=\"auto, (max-width: 1024px) 100vw, 1024px\" \/><figcaption class=\"wp-element-caption\">Receita de lentilhas surpreende pelo sabor intenso<\/figcaption><\/figure>\n\n\n\n<h2 class=\"wp-block-heading\">Quais cuidados garantem lentilhas macias e bem equilibradas<\/h2>\n\n\n\n<p>Para que as&nbsp;<strong>lentilhas<\/strong>&nbsp;fiquem tenras, sem se desfazer, \u00e9 essencial usar gr\u00e3os de boa qualidade e n\u00e3o muito antigos, pois os mais velhos demoram a cozinhar e podem n\u00e3o amolecer por igual. A propor\u00e7\u00e3o entre leguminosa seca e l\u00edquido tamb\u00e9m \u00e9 decisiva: cerca de 70 a 80 gramas de lentilhas por pessoa, com \u00e1gua ou caldo suficiente para cobrir e permitir reposi\u00e7\u00e3o durante o cozimento.<\/p>\n\n\n\n<p>Se, ao final, o guisado estiver espesso demais, \u00e9 poss\u00edvel ajustar com um pouco de \u00e1gua quente ou caldo de legumes, sempre provando o sal, que deve ser colocado preferencialmente na etapa final para n\u00e3o endurecer a casca. O mesmo vale para a p\u00e1prica: \u00e9 melhor adicion\u00e1-la em etapas, provando, para evitar excesso de pic\u00e2ncia ou amargor caso seja tostada demais. No dia a dia, essas orienta\u00e7\u00f5es ajudam a adaptar a receita a cada fam\u00edlia, desde vers\u00f5es mais leves at\u00e9&nbsp;<strong>lentilhas ensopadas<\/strong>&nbsp;ricas em carnes e especiarias.<\/p>\n\n\n\n<h2 class=\"wp-block-heading\">Como transformar suas lentilhas em um prato memor\u00e1vel<\/h2>\n\n\n\n<p>Com a combina\u00e7\u00e3o certa de azeite de qualidade, legumes frescos,&nbsp;<strong>p\u00e1prica defumada<\/strong>&nbsp;bem dosada e tempo de cozimento controlado, as lentilhas deixam de ser apenas \u201cmais um prato do dia\u201d e passam a ocupar lugar de destaque na mesa. A t\u00e9cnica do refogado final e o cuidado com textura e caldo fazem toda a diferen\u00e7a na experi\u00eancia de quem cozinha e de quem prova.<\/p>\n\n\n\n<p>N\u00e3o espere a pr\u00f3xima frente fria para testar uma nova vers\u00e3o de&nbsp;<strong>lentilhas<\/strong>: escolha hoje mesmo seus ingredientes, ajuste os temperos ao seu gosto \u2014 variando entre p\u00e1prica doce, picante ou defumada \u2014 e transforme um prato simples em uma refei\u00e7\u00e3o marcante. Comece agora, experimente varia\u00e7\u00f5es e fa\u00e7a dessas lentilhas uma tradi\u00e7\u00e3o viva na sua cozinha.<\/p>\n\n\n\n<p><\/p>\n","protected":false},"excerpt":{"rendered":"<p>As lentilhas seguem firmes na mesa de muitas fam\u00edlias, especialmente em dias frios, unindo conforto, praticidade e bom valor nutricional. Com alguns cuidados simples de preparo e escolhas certeiras de ingredientes, esse cl\u00e1ssico do cotidiano ganha mais sabor, textura e personalidade sem exigir t\u00e9cnicas complexas. Por que as lentilhas s\u00e3o t\u00e3o presentes na culin\u00e1ria As [&hellip;]<\/p>\n","protected":false},"author":11,"featured_media":200913,"comment_status":"open","ping_status":"open","sticky":false,"template":"","format":"standard","meta":{"jnews-multi-image_gallery":[],"jnews_single_post":{"format":"standard"},"jnews_primary_category":[],"jnews_social_meta":[],"jnews_override_counter":[],"footnotes":""},"categories":[8819,1],"tags":[7501,28941,28942,3440],"class_list":["post-200857","post","type-post","status-publish","format-standard","has-post-thumbnail","hentry","category-curiosidades","category-noticias","tag-lentilhas","tag-lentilhas-ensopadas","tag-paprica","tag-receita"],"yoast_head":"<!-- This site is optimized with the Yoast SEO plugin v23.8 - https:\/\/yoast.com\/wordpress\/plugins\/seo\/ -->\n<title>As lentilhas ficar\u00e3o perfeitas se voc\u00ea fizer um refogado de azeite, alho e p\u00e1prica - Estado de Minas - Em foco<\/title>\n<meta name=\"description\" content=\"Lentilhas podem ficar muito mais saborosas com um truque simples. Veja como usar p\u00e1prica defumada e melhorar sua receita.\" \/>\n<meta name=\"robots\" content=\"index, follow, max-snippet:-1, max-image-preview:large, max-video-preview:-1\" \/>\n<link rel=\"canonical\" href=\"https:\/\/www.em.com.br\/emfoco\/2026\/04\/29\/as-lentilhas-ficarao-perfeitas-se-voce-fizer-um-refogado-de-azeite-alho-e-paprica\/\" \/>\n<meta property=\"og:locale\" content=\"pt_BR\" \/>\n<meta property=\"og:type\" content=\"article\" \/>\n<meta property=\"og:title\" content=\"As lentilhas ficar\u00e3o perfeitas se voc\u00ea fizer um refogado de azeite, alho e p\u00e1prica - Estado de Minas - Em foco\" \/>\n<meta property=\"og:description\" content=\"Lentilhas podem ficar muito mais saborosas com um truque simples. Veja como usar p\u00e1prica defumada e melhorar sua receita.\" \/>\n<meta property=\"og:url\" content=\"https:\/\/www.em.com.br\/emfoco\/2026\/04\/29\/as-lentilhas-ficarao-perfeitas-se-voce-fizer-um-refogado-de-azeite-alho-e-paprica\/\" \/>\n<meta property=\"og:site_name\" content=\"Estado de Minas - Em foco\" \/>\n<meta property=\"article:published_time\" content=\"2026-04-29T15:15:00+00:00\" \/>\n<meta property=\"article:modified_time\" content=\"2026-04-28T16:46:19+00:00\" \/>\n<meta property=\"og:image\" content=\"https:\/\/www.em.com.br\/emfoco\/wp-content\/uploads\/2026\/04\/EmFoco_43-7.jpg\" \/>\n\t<meta property=\"og:image:width\" content=\"1280\" \/>\n\t<meta property=\"og:image:height\" content=\"720\" \/>\n\t<meta property=\"og:image:type\" content=\"image\/jpeg\" \/>\n<meta name=\"author\" content=\"Andre\u0301 Rangel\u00a0\" \/>\n<meta name=\"twitter:card\" content=\"summary_large_image\" \/>\n<meta name=\"twitter:label1\" content=\"Escrito por\" \/>\n\t<meta name=\"twitter:data1\" content=\"Andre\u0301 Rangel\u00a0\" \/>\n\t<meta name=\"twitter:label2\" content=\"Est. tempo de leitura\" \/>\n\t<meta name=\"twitter:data2\" content=\"6 minutos\" \/>\n<!-- \/ Yoast SEO plugin. -->","yoast_head_json":{"title":"As lentilhas ficar\u00e3o perfeitas se voc\u00ea fizer um refogado de azeite, alho e p\u00e1prica - Estado de Minas - Em foco","description":"Lentilhas podem ficar muito mais saborosas com um truque simples. Veja como usar p\u00e1prica defumada e melhorar sua receita.","robots":{"index":"index","follow":"follow","max-snippet":"max-snippet:-1","max-image-preview":"max-image-preview:large","max-video-preview":"max-video-preview:-1"},"canonical":"https:\/\/www.em.com.br\/emfoco\/2026\/04\/29\/as-lentilhas-ficarao-perfeitas-se-voce-fizer-um-refogado-de-azeite-alho-e-paprica\/","og_locale":"pt_BR","og_type":"article","og_title":"As lentilhas ficar\u00e3o perfeitas se voc\u00ea fizer um refogado de azeite, alho e p\u00e1prica - Estado de Minas - Em foco","og_description":"Lentilhas podem ficar muito mais saborosas com um truque simples. Veja como usar p\u00e1prica defumada e melhorar sua receita.","og_url":"https:\/\/www.em.com.br\/emfoco\/2026\/04\/29\/as-lentilhas-ficarao-perfeitas-se-voce-fizer-um-refogado-de-azeite-alho-e-paprica\/","og_site_name":"Estado de Minas - Em foco","article_published_time":"2026-04-29T15:15:00+00:00","article_modified_time":"2026-04-28T16:46:19+00:00","og_image":[{"width":1280,"height":720,"url":"https:\/\/www.em.com.br\/emfoco\/wp-content\/uploads\/2026\/04\/EmFoco_43-7.jpg","type":"image\/jpeg"}],"author":"Andre\u0301 Rangel\u00a0","twitter_card":"summary_large_image","twitter_misc":{"Escrito por":"Andre\u0301 Rangel\u00a0","Est. tempo de leitura":"6 minutos"},"schema":{"@context":"https:\/\/schema.org","@graph":[{"@type":"WebPage","@id":"https:\/\/www.em.com.br\/emfoco\/2026\/04\/29\/as-lentilhas-ficarao-perfeitas-se-voce-fizer-um-refogado-de-azeite-alho-e-paprica\/","url":"https:\/\/www.em.com.br\/emfoco\/2026\/04\/29\/as-lentilhas-ficarao-perfeitas-se-voce-fizer-um-refogado-de-azeite-alho-e-paprica\/","name":"As lentilhas ficar\u00e3o perfeitas se voc\u00ea fizer um refogado de azeite, alho e p\u00e1prica - Estado de Minas - Em foco","isPartOf":{"@id":"https:\/\/www.em.com.br\/emfoco\/#website"},"primaryImageOfPage":{"@id":"https:\/\/www.em.com.br\/emfoco\/2026\/04\/29\/as-lentilhas-ficarao-perfeitas-se-voce-fizer-um-refogado-de-azeite-alho-e-paprica\/#primaryimage"},"image":{"@id":"https:\/\/www.em.com.br\/emfoco\/2026\/04\/29\/as-lentilhas-ficarao-perfeitas-se-voce-fizer-um-refogado-de-azeite-alho-e-paprica\/#primaryimage"},"thumbnailUrl":"https:\/\/www.em.com.br\/emfoco\/wp-content\/uploads\/2026\/04\/EmFoco_43-7.jpg","datePublished":"2026-04-29T15:15:00+00:00","dateModified":"2026-04-28T16:46:19+00:00","author":{"@id":"https:\/\/www.em.com.br\/emfoco\/#\/schema\/person\/60eda09c1fedf0d6891f4cef4b60b8b8"},"description":"Lentilhas podem ficar muito mais saborosas com um truque simples. Veja como usar p\u00e1prica defumada e melhorar sua receita.","breadcrumb":{"@id":"https:\/\/www.em.com.br\/emfoco\/2026\/04\/29\/as-lentilhas-ficarao-perfeitas-se-voce-fizer-um-refogado-de-azeite-alho-e-paprica\/#breadcrumb"},"inLanguage":"pt-BR","potentialAction":[{"@type":"ReadAction","target":["https:\/\/www.em.com.br\/emfoco\/2026\/04\/29\/as-lentilhas-ficarao-perfeitas-se-voce-fizer-um-refogado-de-azeite-alho-e-paprica\/"]}]},{"@type":"ImageObject","inLanguage":"pt-BR","@id":"https:\/\/www.em.com.br\/emfoco\/2026\/04\/29\/as-lentilhas-ficarao-perfeitas-se-voce-fizer-um-refogado-de-azeite-alho-e-paprica\/#primaryimage","url":"https:\/\/www.em.com.br\/emfoco\/wp-content\/uploads\/2026\/04\/EmFoco_43-7.jpg","contentUrl":"https:\/\/www.em.com.br\/emfoco\/wp-content\/uploads\/2026\/04\/EmFoco_43-7.jpg","width":1280,"height":720,"caption":"Prato reconfortante enriquecido com p\u00e1prica defumada e t\u00e9cnicas tradicionais de refogado arom\u00e1tico"},{"@type":"BreadcrumbList","@id":"https:\/\/www.em.com.br\/emfoco\/2026\/04\/29\/as-lentilhas-ficarao-perfeitas-se-voce-fizer-um-refogado-de-azeite-alho-e-paprica\/#breadcrumb","itemListElement":[{"@type":"ListItem","position":1,"name":"In\u00edcio","item":"https:\/\/www.em.com.br\/emfoco\/"},{"@type":"ListItem","position":2,"name":"As lentilhas ficar\u00e3o perfeitas se voc\u00ea fizer um refogado de azeite, alho e p\u00e1prica"}]},{"@type":"WebSite","@id":"https:\/\/www.em.com.br\/emfoco\/#website","url":"https:\/\/www.em.com.br\/emfoco\/","name":"Estado de Minas - Em foco","description":"Acompanhe as \u00faltimas not\u00edcias e fique bem informado sobre tudo o que acontece em Minas Gerais, Brasil e no mundo.","potentialAction":[{"@type":"SearchAction","target":{"@type":"EntryPoint","urlTemplate":"https:\/\/www.em.com.br\/emfoco\/?s={search_term_string}"},"query-input":{"@type":"PropertyValueSpecification","valueRequired":true,"valueName":"search_term_string"}}],"inLanguage":"pt-BR"},{"@type":"Person","@id":"https:\/\/www.em.com.br\/emfoco\/#\/schema\/person\/60eda09c1fedf0d6891f4cef4b60b8b8","name":"Andre\u0301 Rangel\u00a0","image":{"@type":"ImageObject","inLanguage":"pt-BR","@id":"https:\/\/www.em.com.br\/emfoco\/#\/schema\/person\/image\/","url":"https:\/\/secure.gravatar.com\/avatar\/6234dc814c77c8ef6d8bba622c787efc?s=96&d=mm&r=g","contentUrl":"https:\/\/secure.gravatar.com\/avatar\/6234dc814c77c8ef6d8bba622c787efc?s=96&d=mm&r=g","caption":"Andre\u0301 Rangel\u00a0"},"url":"https:\/\/www.em.com.br\/emfoco\/author\/luizmyth\/"}]}},"_links":{"self":[{"href":"https:\/\/www.em.com.br\/emfoco\/wp-json\/wp\/v2\/posts\/200857","targetHints":{"allow":["GET"]}}],"collection":[{"href":"https:\/\/www.em.com.br\/emfoco\/wp-json\/wp\/v2\/posts"}],"about":[{"href":"https:\/\/www.em.com.br\/emfoco\/wp-json\/wp\/v2\/types\/post"}],"author":[{"embeddable":true,"href":"https:\/\/www.em.com.br\/emfoco\/wp-json\/wp\/v2\/users\/11"}],"replies":[{"embeddable":true,"href":"https:\/\/www.em.com.br\/emfoco\/wp-json\/wp\/v2\/comments?post=200857"}],"version-history":[{"count":3,"href":"https:\/\/www.em.com.br\/emfoco\/wp-json\/wp\/v2\/posts\/200857\/revisions"}],"predecessor-version":[{"id":200867,"href":"https:\/\/www.em.com.br\/emfoco\/wp-json\/wp\/v2\/posts\/200857\/revisions\/200867"}],"wp:featuredmedia":[{"embeddable":true,"href":"https:\/\/www.em.com.br\/emfoco\/wp-json\/wp\/v2\/media\/200913"}],"wp:attachment":[{"href":"https:\/\/www.em.com.br\/emfoco\/wp-json\/wp\/v2\/media?parent=200857"}],"wp:term":[{"taxonomy":"category","embeddable":true,"href":"https:\/\/www.em.com.br\/emfoco\/wp-json\/wp\/v2\/categories?post=200857"},{"taxonomy":"post_tag","embeddable":true,"href":"https:\/\/www.em.com.br\/emfoco\/wp-json\/wp\/v2\/tags?post=200857"}],"curies":[{"name":"wp","href":"https:\/\/api.w.org\/{rel}","templated":true}]}}