{"id":200855,"date":"2026-04-29T07:35:00","date_gmt":"2026-04-29T10:35:00","guid":{"rendered":"https:\/\/www.em.com.br\/emfoco\/?p=200855"},"modified":"2026-04-28T13:45:36","modified_gmt":"2026-04-28T16:45:36","slug":"mingau-de-aveia-assado-com-cacau-e-frutos-vermelhos-um-cafe-da-manha-saudavel-rico-em-fibras-e-antioxidantes","status":"publish","type":"post","link":"https:\/\/www.em.com.br\/emfoco\/2026\/04\/29\/mingau-de-aveia-assado-com-cacau-e-frutos-vermelhos-um-cafe-da-manha-saudavel-rico-em-fibras-e-antioxidantes\/","title":{"rendered":"Mingau de aveia assado com cacau e frutos vermelhos: um caf\u00e9 da manh\u00e3 saud\u00e1vel, rico em fibras e antioxidantes"},"content":{"rendered":"\n<p>A aveia assada com cacau e frutas vermelhas vem ganhando destaque como op\u00e7\u00e3o pr\u00e1tica para caf\u00e9 da manh\u00e3 e lanche, unindo sabor de \u201cbolinho\u201d \u00famido com um perfil nutricional mais equilibrado, rico em fibras, energia de libera\u00e7\u00e3o lenta e ingredientes f\u00e1ceis de adaptar ao seu estilo de vida.<\/p>\n\n\n\n<h2 class=\"wp-block-heading\">Por que a aveia assada com cacau e frutas vermelhas \u00e9 t\u00e3o interessante<\/h2>\n\n\n\n<p>A combina\u00e7\u00e3o de <a href=\"https:\/\/www.em.com.br\/emfoco\/2026\/04\/19\/como-fazer-panquecas-de-aveia-e-banana-uma-receita-saudavel-e-leve\/\" target=\"_blank\" rel=\"noreferrer noopener\">aveia <\/a>em flocos, cacau em p\u00f3 e frutas vermelhas re\u00fane fibras, menor uso de farinhas refinadas e ado\u00e7antes flex\u00edveis. A aveia oferece beta-glucanas, fibras sol\u00faveis ligadas \u00e0 saciedade e ao equil\u00edbrio do colesterol, enquanto o cacau em p\u00f3 sem a\u00e7\u00facar adiciona sabor de chocolate e polifen\u00f3is.<\/p>\n\n\n\n<p>J\u00e1 morangos, framboesas, amoras e mirtilos s\u00e3o fontes de<a href=\"https:\/\/www.msdmanuals.com\/pt\/casa\/dist%C3%BArbios-nutricionais\/vitaminas\/excesso-de-vitamina-c\" target=\"_blank\" rel=\"noreferrer noopener\"> vitamina C <\/a>e antioxidantes, ajudando a combater radicais livres. Essa base torna o preparo uma alternativa mais nutritiva em compara\u00e7\u00e3o a bolos tradicionais, sem perder em textura e agradando quem busca algo leve, mas com sensa\u00e7\u00e3o de conforto.<\/p>\n\n\n\n<figure class=\"wp-block-image size-large\"><img loading=\"lazy\" decoding=\"async\" width=\"1024\" height=\"576\" src=\"https:\/\/www.em.com.br\/emfoco\/wp-content\/uploads\/2026\/04\/Gemini_Generated_Image_e9k921e9k921e9k9-1-1024x576.png\" alt=\"Receita com aveia e cacau conquista quem prova\" class=\"wp-image-200865\" srcset=\"https:\/\/www.em.com.br\/emfoco\/wp-content\/uploads\/2026\/04\/Gemini_Generated_Image_e9k921e9k921e9k9-1-1024x576.png 1024w, https:\/\/www.em.com.br\/emfoco\/wp-content\/uploads\/2026\/04\/Gemini_Generated_Image_e9k921e9k921e9k9-1-300x169.png 300w, https:\/\/www.em.com.br\/emfoco\/wp-content\/uploads\/2026\/04\/Gemini_Generated_Image_e9k921e9k921e9k9-1-768x432.png 768w, https:\/\/www.em.com.br\/emfoco\/wp-content\/uploads\/2026\/04\/Gemini_Generated_Image_e9k921e9k921e9k9-1-750x422.png 750w, https:\/\/www.em.com.br\/emfoco\/wp-content\/uploads\/2026\/04\/Gemini_Generated_Image_e9k921e9k921e9k9-1-1140x641.png 1140w, https:\/\/www.em.com.br\/emfoco\/wp-content\/uploads\/2026\/04\/Gemini_Generated_Image_e9k921e9k921e9k9-1.png 1280w\" sizes=\"auto, (max-width: 1024px) 100vw, 1024px\" \/><figcaption class=\"wp-element-caption\">Receita com aveia e cacau conquista quem prova<\/figcaption><\/figure>\n\n\n\n<h2 class=\"wp-block-heading\">Como adaptar a receita a diferentes estilos de alimenta\u00e7\u00e3o<\/h2>\n\n\n\n<p>Um dos maiores diferenciais dessa aveia assada \u00e9 a facilidade de adaptar ingredientes a restri\u00e7\u00f5es ou prefer\u00eancias alimentares. Para vers\u00f5es sem lactose, \u00e9 poss\u00edvel usar leite vegetal de aveia, am\u00eandoas ou soja, sem alterar muito a textura final da massa.<\/p>\n\n\n\n<p>Para quem segue alimenta\u00e7\u00e3o vegana ou n\u00e3o consome ovos, a fun\u00e7\u00e3o de dar liga pode ser assumida por sementes de chia hidratadas, que formam um gel. Al\u00e9m disso, o n\u00edvel de do\u00e7ura pode ser regulado, indo de a\u00e7\u00facar mascavo e mel at\u00e9 ado\u00e7antes sem calorias, conforme objetivo nutricional e paladar.<\/p>\n\n\n\n<h2 class=\"wp-block-heading\">Como preparar a receita b\u00e1sica de aveia assada com cacau<\/h2>\n\n\n\n<p>A seguir est\u00e1 uma forma de preparo estruturada para servir de 6 a 8 por\u00e7\u00f5es, com tempo total aproximado de 40 minutos entre montagem e forno. Organizar previamente os ingredientes ajuda a ganhar tempo e evitar esquecimentos durante o processo.<\/p>\n\n\n\n<ul class=\"wp-block-list\">\n<li><strong>2 x\u00edcaras<\/strong>&nbsp;de aveia em flocos<\/li>\n\n\n\n<li><strong>2 colheres de sopa<\/strong>&nbsp;de cacau em p\u00f3 sem a\u00e7\u00facar<\/li>\n\n\n\n<li><strong>1\/2 x\u00edcara<\/strong>&nbsp;de a\u00e7\u00facar mascavo, mel ou ado\u00e7ante culin\u00e1rio<\/li>\n\n\n\n<li><strong>2 x\u00edcaras<\/strong>&nbsp;de leite (integral, desnatado ou vegetal)<\/li>\n\n\n\n<li><strong>2 ovos grandes<\/strong>&nbsp;ou&nbsp;<strong>2 colheres de sopa<\/strong>&nbsp;de chia hidratada em 6 colheres de \u00e1gua<\/li>\n\n\n\n<li><strong>1 colher de ch\u00e1<\/strong>&nbsp;de ess\u00eancia de baunilha (opcional)<\/li>\n\n\n\n<li><strong>1 colher de ch\u00e1<\/strong>&nbsp;de fermento qu\u00edmico em p\u00f3<\/li>\n\n\n\n<li><strong>1 x\u00edcara<\/strong>&nbsp;de frutas vermelhas frescas ou congeladas<\/li>\n\n\n\n<li><strong>1 pitada<\/strong>&nbsp;de sal<\/li>\n<\/ul>\n\n\n\n<ol class=\"wp-block-list\">\n<li>Pr\u00e9-aquecer o forno a 180&nbsp;\u00b0C e untar um refrat\u00e1rio m\u00e9dio com \u00f3leo, manteiga ou spray culin\u00e1rio.<\/li>\n\n\n\n<li>Em uma tigela grande, misturar aveia, cacau, ado\u00e7ante escolhido, fermento e sal.<\/li>\n\n\n\n<li>Em outro recipiente, bater levemente os ovos com o leite e a baunilha at\u00e9 ficar homog\u00eaneo.<\/li>\n\n\n\n<li>Juntar a mistura l\u00edquida aos secos, mexendo at\u00e9 formar uma massa \u00famida e uniforme.<\/li>\n\n\n\n<li>Adicionar parte das frutas vermelhas, incorporando com cuidado para n\u00e3o desmanch\u00e1-las por completo.<\/li>\n\n\n\n<li>Transferir a prepara\u00e7\u00e3o para o refrat\u00e1rio, espalhar e finalizar com frutas por cima para decorar.<\/li>\n\n\n\n<li>Levar ao forno por cerca de 30 minutos, ou at\u00e9 que o centro esteja firme e o palito saia apenas levemente \u00famido.<\/li>\n\n\n\n<li>Aguardar alguns minutos antes de cortar em quadrados e servir morno ou frio.<\/li>\n<\/ol>\n\n\n\n<figure class=\"wp-block-image size-large\"><img loading=\"lazy\" decoding=\"async\" width=\"1024\" height=\"576\" src=\"https:\/\/www.em.com.br\/emfoco\/wp-content\/uploads\/2026\/04\/Gemini_Generated_Image_wea198wea198wea1-1-1024x576.png\" alt=\"Receita com aveia e cacau conquista quem prova\" class=\"wp-image-200866\" srcset=\"https:\/\/www.em.com.br\/emfoco\/wp-content\/uploads\/2026\/04\/Gemini_Generated_Image_wea198wea198wea1-1-1024x576.png 1024w, https:\/\/www.em.com.br\/emfoco\/wp-content\/uploads\/2026\/04\/Gemini_Generated_Image_wea198wea198wea1-1-300x169.png 300w, https:\/\/www.em.com.br\/emfoco\/wp-content\/uploads\/2026\/04\/Gemini_Generated_Image_wea198wea198wea1-1-768x432.png 768w, https:\/\/www.em.com.br\/emfoco\/wp-content\/uploads\/2026\/04\/Gemini_Generated_Image_wea198wea198wea1-1-750x422.png 750w, https:\/\/www.em.com.br\/emfoco\/wp-content\/uploads\/2026\/04\/Gemini_Generated_Image_wea198wea198wea1-1-1140x641.png 1140w, https:\/\/www.em.com.br\/emfoco\/wp-content\/uploads\/2026\/04\/Gemini_Generated_Image_wea198wea198wea1-1.png 1280w\" sizes=\"auto, (max-width: 1024px) 100vw, 1024px\" \/><figcaption class=\"wp-element-caption\">Receita com aveia e cacau conquista quem prova<\/figcaption><\/figure>\n\n\n\n<h2 class=\"wp-block-heading\">Como encaixar a aveia assada no dia a dia de forma pr\u00e1tica<\/h2>\n\n\n\n<p>Essa aveia assada com cacau e frutas vermelhas \u00e9 f\u00e1cil de organizar para a semana inteira. Depois de esfriar, pode ser guardada em pote bem fechado na geladeira por at\u00e9 quatro dias, em por\u00e7\u00f5es individuais, pronta para levar ao trabalho ou aquecer rapidamente no micro-ondas.<\/p>\n\n\n\n<p>O valor energ\u00e9tico m\u00e9dio gira em torno de 130 calorias por por\u00e7\u00e3o, com cerca de 3 g de gorduras, 22 g de carboidratos e 4 g de prote\u00ednas, variando conforme leite e ado\u00e7ante usados. Para torn\u00e1-la uma refei\u00e7\u00e3o mais completa, \u00e9 comum acrescentar iogurte, pasta de amendoim, sementes ou frutas frescas, servindo com caf\u00e9, ch\u00e1 ou um copo de leite simples.<\/p>\n\n\n\n<h2 class=\"wp-block-heading\">Por que voc\u00ea deveria testar essa receita hoje mesmo<\/h2>\n\n\n\n<p>Essa receita de aveia assada com cacau e frutas vermelhas mostra como um \u00fanico preparo pode virar sobremesa leve, lanche da tarde ou primeira refei\u00e7\u00e3o do dia, com montagem simples, repet\u00edvel e adapt\u00e1vel a v\u00e1rios estilos de alimenta\u00e7\u00e3o. Pequenas trocas nos ingredientes permitem ajustar textura, do\u00e7ura e perfil nutricional sem abrir m\u00e3o do prazer de comer bem.<\/p>\n\n\n\n<p>N\u00e3o deixe essa ideia ficar s\u00f3 na teoria: escolha seus ingredientes favoritos, separe 40 minutos e prepare hoje mesmo a sua primeira leva. Experimente, ajuste ao seu gosto na pr\u00f3xima fornada e transforme essa aveia assada em um h\u00e1bito di\u00e1rio antes que a correria da semana te fa\u00e7a voltar para as op\u00e7\u00f5es ultraprocessadas de sempre.<\/p>\n","protected":false},"excerpt":{"rendered":"<p>A aveia assada com cacau e frutas vermelhas vem ganhando destaque como op\u00e7\u00e3o pr\u00e1tica para caf\u00e9 da manh\u00e3 e lanche, unindo sabor de \u201cbolinho\u201d \u00famido com um perfil nutricional mais equilibrado, rico em fibras, energia de libera\u00e7\u00e3o lenta e ingredientes f\u00e1ceis de adaptar ao seu estilo de vida. Por que a aveia assada com cacau [&hellip;]<\/p>\n","protected":false},"author":11,"featured_media":200918,"comment_status":"open","ping_status":"open","sticky":false,"template":"","format":"standard","meta":{"jnews-multi-image_gallery":[],"jnews_single_post":{"format":"standard"},"jnews_primary_category":[],"jnews_social_meta":[],"jnews_override_counter":[],"footnotes":""},"categories":[8819,1],"tags":[2571,28940,3440],"class_list":["post-200855","post","type-post","status-publish","format-standard","has-post-thumbnail","hentry","category-curiosidades","category-noticias","tag-aveia","tag-aveia-assada","tag-receita"],"yoast_head":"<!-- This site is optimized with the Yoast SEO plugin v23.8 - https:\/\/yoast.com\/wordpress\/plugins\/seo\/ -->\n<title>Mingau de aveia assado com cacau e frutos vermelhos: um caf\u00e9 da manh\u00e3 saud\u00e1vel, rico em fibras e antioxidantes - Estado de Minas - Em foco<\/title>\n<meta name=\"description\" content=\"Receita de aveia assada conquista pelo sabor e facilidade. Aprenda como fazer e adaptar ao seu estilo de alimenta\u00e7\u00e3o.\" \/>\n<meta name=\"robots\" content=\"index, follow, max-snippet:-1, max-image-preview:large, max-video-preview:-1\" \/>\n<link rel=\"canonical\" href=\"https:\/\/www.em.com.br\/emfoco\/2026\/04\/29\/mingau-de-aveia-assado-com-cacau-e-frutos-vermelhos-um-cafe-da-manha-saudavel-rico-em-fibras-e-antioxidantes\/\" \/>\n<meta property=\"og:locale\" content=\"pt_BR\" \/>\n<meta property=\"og:type\" content=\"article\" \/>\n<meta property=\"og:title\" content=\"Mingau de aveia assado com cacau e frutos vermelhos: um caf\u00e9 da manh\u00e3 saud\u00e1vel, rico em fibras e antioxidantes - Estado de Minas - Em foco\" \/>\n<meta property=\"og:description\" content=\"Receita de aveia assada conquista pelo sabor e facilidade. Aprenda como fazer e adaptar ao seu estilo de alimenta\u00e7\u00e3o.\" \/>\n<meta property=\"og:url\" content=\"https:\/\/www.em.com.br\/emfoco\/2026\/04\/29\/mingau-de-aveia-assado-com-cacau-e-frutos-vermelhos-um-cafe-da-manha-saudavel-rico-em-fibras-e-antioxidantes\/\" \/>\n<meta property=\"og:site_name\" content=\"Estado de Minas - Em foco\" \/>\n<meta property=\"article:published_time\" content=\"2026-04-29T10:35:00+00:00\" \/>\n<meta property=\"article:modified_time\" content=\"2026-04-28T16:45:36+00:00\" \/>\n<meta property=\"og:image\" content=\"https:\/\/www.em.com.br\/emfoco\/wp-content\/uploads\/2026\/04\/EmFoco_38-7.jpg\" \/>\n\t<meta property=\"og:image:width\" content=\"1280\" \/>\n\t<meta property=\"og:image:height\" content=\"720\" \/>\n\t<meta property=\"og:image:type\" content=\"image\/jpeg\" \/>\n<meta name=\"author\" content=\"Andre\u0301 Rangel\u00a0\" \/>\n<meta name=\"twitter:card\" content=\"summary_large_image\" \/>\n<meta name=\"twitter:label1\" content=\"Escrito por\" \/>\n\t<meta name=\"twitter:data1\" content=\"Andre\u0301 Rangel\u00a0\" \/>\n\t<meta name=\"twitter:label2\" content=\"Est. tempo de leitura\" \/>\n\t<meta name=\"twitter:data2\" content=\"5 minutos\" \/>\n<!-- \/ Yoast SEO plugin. -->","yoast_head_json":{"title":"Mingau de aveia assado com cacau e frutos vermelhos: um caf\u00e9 da manh\u00e3 saud\u00e1vel, rico em fibras e antioxidantes - Estado de Minas - Em foco","description":"Receita de aveia assada conquista pelo sabor e facilidade. Aprenda como fazer e adaptar ao seu estilo de alimenta\u00e7\u00e3o.","robots":{"index":"index","follow":"follow","max-snippet":"max-snippet:-1","max-image-preview":"max-image-preview:large","max-video-preview":"max-video-preview:-1"},"canonical":"https:\/\/www.em.com.br\/emfoco\/2026\/04\/29\/mingau-de-aveia-assado-com-cacau-e-frutos-vermelhos-um-cafe-da-manha-saudavel-rico-em-fibras-e-antioxidantes\/","og_locale":"pt_BR","og_type":"article","og_title":"Mingau de aveia assado com cacau e frutos vermelhos: um caf\u00e9 da manh\u00e3 saud\u00e1vel, rico em fibras e antioxidantes - Estado de Minas - Em foco","og_description":"Receita de aveia assada conquista pelo sabor e facilidade. Aprenda como fazer e adaptar ao seu estilo de alimenta\u00e7\u00e3o.","og_url":"https:\/\/www.em.com.br\/emfoco\/2026\/04\/29\/mingau-de-aveia-assado-com-cacau-e-frutos-vermelhos-um-cafe-da-manha-saudavel-rico-em-fibras-e-antioxidantes\/","og_site_name":"Estado de Minas - Em foco","article_published_time":"2026-04-29T10:35:00+00:00","article_modified_time":"2026-04-28T16:45:36+00:00","og_image":[{"width":1280,"height":720,"url":"https:\/\/www.em.com.br\/emfoco\/wp-content\/uploads\/2026\/04\/EmFoco_38-7.jpg","type":"image\/jpeg"}],"author":"Andre\u0301 Rangel\u00a0","twitter_card":"summary_large_image","twitter_misc":{"Escrito por":"Andre\u0301 Rangel\u00a0","Est. tempo de leitura":"5 minutos"},"schema":{"@context":"https:\/\/schema.org","@graph":[{"@type":"WebPage","@id":"https:\/\/www.em.com.br\/emfoco\/2026\/04\/29\/mingau-de-aveia-assado-com-cacau-e-frutos-vermelhos-um-cafe-da-manha-saudavel-rico-em-fibras-e-antioxidantes\/","url":"https:\/\/www.em.com.br\/emfoco\/2026\/04\/29\/mingau-de-aveia-assado-com-cacau-e-frutos-vermelhos-um-cafe-da-manha-saudavel-rico-em-fibras-e-antioxidantes\/","name":"Mingau de aveia assado com cacau e frutos vermelhos: um caf\u00e9 da manh\u00e3 saud\u00e1vel, rico em fibras e antioxidantes - Estado de Minas - Em foco","isPartOf":{"@id":"https:\/\/www.em.com.br\/emfoco\/#website"},"primaryImageOfPage":{"@id":"https:\/\/www.em.com.br\/emfoco\/2026\/04\/29\/mingau-de-aveia-assado-com-cacau-e-frutos-vermelhos-um-cafe-da-manha-saudavel-rico-em-fibras-e-antioxidantes\/#primaryimage"},"image":{"@id":"https:\/\/www.em.com.br\/emfoco\/2026\/04\/29\/mingau-de-aveia-assado-com-cacau-e-frutos-vermelhos-um-cafe-da-manha-saudavel-rico-em-fibras-e-antioxidantes\/#primaryimage"},"thumbnailUrl":"https:\/\/www.em.com.br\/emfoco\/wp-content\/uploads\/2026\/04\/EmFoco_38-7.jpg","datePublished":"2026-04-29T10:35:00+00:00","dateModified":"2026-04-28T16:45:36+00:00","author":{"@id":"https:\/\/www.em.com.br\/emfoco\/#\/schema\/person\/60eda09c1fedf0d6891f4cef4b60b8b8"},"description":"Receita de aveia assada conquista pelo sabor e facilidade. Aprenda como fazer e adaptar ao seu estilo de alimenta\u00e7\u00e3o.","breadcrumb":{"@id":"https:\/\/www.em.com.br\/emfoco\/2026\/04\/29\/mingau-de-aveia-assado-com-cacau-e-frutos-vermelhos-um-cafe-da-manha-saudavel-rico-em-fibras-e-antioxidantes\/#breadcrumb"},"inLanguage":"pt-BR","potentialAction":[{"@type":"ReadAction","target":["https:\/\/www.em.com.br\/emfoco\/2026\/04\/29\/mingau-de-aveia-assado-com-cacau-e-frutos-vermelhos-um-cafe-da-manha-saudavel-rico-em-fibras-e-antioxidantes\/"]}]},{"@type":"ImageObject","inLanguage":"pt-BR","@id":"https:\/\/www.em.com.br\/emfoco\/2026\/04\/29\/mingau-de-aveia-assado-com-cacau-e-frutos-vermelhos-um-cafe-da-manha-saudavel-rico-em-fibras-e-antioxidantes\/#primaryimage","url":"https:\/\/www.em.com.br\/emfoco\/wp-content\/uploads\/2026\/04\/EmFoco_38-7.jpg","contentUrl":"https:\/\/www.em.com.br\/emfoco\/wp-content\/uploads\/2026\/04\/EmFoco_38-7.jpg","width":1280,"height":720,"caption":"Receita nutritiva rica em fibras e antioxidantes para um caf\u00e9 da manh\u00e3 equilibrado"},{"@type":"BreadcrumbList","@id":"https:\/\/www.em.com.br\/emfoco\/2026\/04\/29\/mingau-de-aveia-assado-com-cacau-e-frutos-vermelhos-um-cafe-da-manha-saudavel-rico-em-fibras-e-antioxidantes\/#breadcrumb","itemListElement":[{"@type":"ListItem","position":1,"name":"In\u00edcio","item":"https:\/\/www.em.com.br\/emfoco\/"},{"@type":"ListItem","position":2,"name":"Mingau de aveia assado com cacau e frutos vermelhos: um caf\u00e9 da manh\u00e3 saud\u00e1vel, rico em fibras e antioxidantes"}]},{"@type":"WebSite","@id":"https:\/\/www.em.com.br\/emfoco\/#website","url":"https:\/\/www.em.com.br\/emfoco\/","name":"Estado de Minas - Em foco","description":"Acompanhe as \u00faltimas not\u00edcias e fique bem informado sobre tudo o que acontece em Minas Gerais, Brasil e no mundo.","potentialAction":[{"@type":"SearchAction","target":{"@type":"EntryPoint","urlTemplate":"https:\/\/www.em.com.br\/emfoco\/?s={search_term_string}"},"query-input":{"@type":"PropertyValueSpecification","valueRequired":true,"valueName":"search_term_string"}}],"inLanguage":"pt-BR"},{"@type":"Person","@id":"https:\/\/www.em.com.br\/emfoco\/#\/schema\/person\/60eda09c1fedf0d6891f4cef4b60b8b8","name":"Andre\u0301 Rangel\u00a0","image":{"@type":"ImageObject","inLanguage":"pt-BR","@id":"https:\/\/www.em.com.br\/emfoco\/#\/schema\/person\/image\/","url":"https:\/\/secure.gravatar.com\/avatar\/6234dc814c77c8ef6d8bba622c787efc?s=96&d=mm&r=g","contentUrl":"https:\/\/secure.gravatar.com\/avatar\/6234dc814c77c8ef6d8bba622c787efc?s=96&d=mm&r=g","caption":"Andre\u0301 Rangel\u00a0"},"url":"https:\/\/www.em.com.br\/emfoco\/author\/luizmyth\/"}]}},"_links":{"self":[{"href":"https:\/\/www.em.com.br\/emfoco\/wp-json\/wp\/v2\/posts\/200855","targetHints":{"allow":["GET"]}}],"collection":[{"href":"https:\/\/www.em.com.br\/emfoco\/wp-json\/wp\/v2\/posts"}],"about":[{"href":"https:\/\/www.em.com.br\/emfoco\/wp-json\/wp\/v2\/types\/post"}],"author":[{"embeddable":true,"href":"https:\/\/www.em.com.br\/emfoco\/wp-json\/wp\/v2\/users\/11"}],"replies":[{"embeddable":true,"href":"https:\/\/www.em.com.br\/emfoco\/wp-json\/wp\/v2\/comments?post=200855"}],"version-history":[{"count":3,"href":"https:\/\/www.em.com.br\/emfoco\/wp-json\/wp\/v2\/posts\/200855\/revisions"}],"predecessor-version":[{"id":200869,"href":"https:\/\/www.em.com.br\/emfoco\/wp-json\/wp\/v2\/posts\/200855\/revisions\/200869"}],"wp:featuredmedia":[{"embeddable":true,"href":"https:\/\/www.em.com.br\/emfoco\/wp-json\/wp\/v2\/media\/200918"}],"wp:attachment":[{"href":"https:\/\/www.em.com.br\/emfoco\/wp-json\/wp\/v2\/media?parent=200855"}],"wp:term":[{"taxonomy":"category","embeddable":true,"href":"https:\/\/www.em.com.br\/emfoco\/wp-json\/wp\/v2\/categories?post=200855"},{"taxonomy":"post_tag","embeddable":true,"href":"https:\/\/www.em.com.br\/emfoco\/wp-json\/wp\/v2\/tags?post=200855"}],"curies":[{"name":"wp","href":"https:\/\/api.w.org\/{rel}","templated":true}]}}