{"id":200844,"date":"2026-04-30T17:45:00","date_gmt":"2026-04-30T20:45:00","guid":{"rendered":"https:\/\/www.em.com.br\/emfoco\/?p=200844"},"modified":"2026-04-29T16:51:58","modified_gmt":"2026-04-29T19:51:58","slug":"magnesio-ajuda-a-dormir-melhor-veja-o-melhor-horario-para-tomar-e-como-potencializar-o-efeito","status":"publish","type":"post","link":"https:\/\/www.em.com.br\/emfoco\/2026\/04\/30\/magnesio-ajuda-a-dormir-melhor-veja-o-melhor-horario-para-tomar-e-como-potencializar-o-efeito\/","title":{"rendered":"Magn\u00e9sio ajuda a dormir melhor: veja o melhor hor\u00e1rio para tomar e como potencializar o efeito"},"content":{"rendered":"\n<p>O interesse pelos suplementos de magn\u00e9sio para dormir melhor vem crescendo entre quem enfrenta dificuldade para pegar no sono ou manter uma rotina de descanso regular, j\u00e1 que esse mineral est\u00e1 ligado ao equil\u00edbrio do sistema nervoso, ao relaxamento muscular e a uma sensa\u00e7\u00e3o geral de calma que muitas pessoas buscam antes de recorrer a rem\u00e9dios para ins\u00f4nia.<\/p>\n\n\n\n<h2 class=\"wp-block-heading\">Como o magn\u00e9sio age no corpo para melhorar o sono<\/h2>\n\n\n\n<p>Ao falar em&nbsp;<strong><a href=\"https:\/\/www.einstein.br\/n\/vida-saudavel\/magnesio-saiba-beneficios-onde-consumi-lo-e-cuidados-de-suplementacao\" target=\"_blank\" rel=\"noreferrer noopener\">magn\u00e9sio <\/a>para dormir melhor<\/strong>, o foco recai na forma como esse mineral atua nos mensageiros qu\u00edmicos do c\u00e9rebro. Ele participa da regula\u00e7\u00e3o de neurotransmissores envolvidos na excita\u00e7\u00e3o e no relaxamento, como o glutamato e o GABA, ajudando o corpo a alternar melhor entre alerta e sonol\u00eancia.<\/p>\n\n\n\n<p>O magn\u00e9sio tamb\u00e9m influencia a libera\u00e7\u00e3o de horm\u00f4nios ligados ao ciclo circadiano, como a melatonina, al\u00e9m de contribuir para o relaxamento muscular e o equil\u00edbrio cardiovascular. Assim, n\u00e3o funciona como um sedativo forte, mas como um nutriente que apoia processos naturais do organismo que favorecem o adormecer.<\/p>\n\n\n\n<figure class=\"wp-block-image size-large\"><img loading=\"lazy\" decoding=\"async\" width=\"1024\" height=\"576\" src=\"https:\/\/www.em.com.br\/emfoco\/wp-content\/uploads\/2026\/04\/Gemini_Generated_Image_4m5r8y4m5r8y4m5r-1-1024x576.png\" alt=\"Rotina noturna com magn\u00e9sio cresce entre brasileiros\" class=\"wp-image-200848\" srcset=\"https:\/\/www.em.com.br\/emfoco\/wp-content\/uploads\/2026\/04\/Gemini_Generated_Image_4m5r8y4m5r8y4m5r-1-1024x576.png 1024w, https:\/\/www.em.com.br\/emfoco\/wp-content\/uploads\/2026\/04\/Gemini_Generated_Image_4m5r8y4m5r8y4m5r-1-300x169.png 300w, https:\/\/www.em.com.br\/emfoco\/wp-content\/uploads\/2026\/04\/Gemini_Generated_Image_4m5r8y4m5r8y4m5r-1-768x432.png 768w, https:\/\/www.em.com.br\/emfoco\/wp-content\/uploads\/2026\/04\/Gemini_Generated_Image_4m5r8y4m5r8y4m5r-1-750x422.png 750w, https:\/\/www.em.com.br\/emfoco\/wp-content\/uploads\/2026\/04\/Gemini_Generated_Image_4m5r8y4m5r8y4m5r-1-1140x641.png 1140w, https:\/\/www.em.com.br\/emfoco\/wp-content\/uploads\/2026\/04\/Gemini_Generated_Image_4m5r8y4m5r8y4m5r-1.png 1280w\" sizes=\"auto, (max-width: 1024px) 100vw, 1024px\" \/><figcaption class=\"wp-element-caption\">Rotina noturna com magn\u00e9sio cresce entre brasileiros<\/figcaption><\/figure>\n\n\n\n<h2 class=\"wp-block-heading\">Qual \u00e9 o melhor hor\u00e1rio para tomar magn\u00e9sio para dormir<\/h2>\n\n\n\n<p>Uma d\u00favida comum \u00e9&nbsp;<strong>quando tomar magn\u00e9sio para dormir<\/strong>, pois o hor\u00e1rio pode impactar a resposta do organismo. Em geral, profissionais de sa\u00fade sugerem a ingest\u00e3o cerca de 30 a 60 minutos antes de deitar, mantendo um padr\u00e3o di\u00e1rio para refor\u00e7ar o ritual noturno de sono.<\/p>\n\n\n\n<p>Escolher um hor\u00e1rio fixo que se encaixe na rotina \u00e9 essencial para criar consist\u00eancia e facilitar a associa\u00e7\u00e3o entre o suplemento e o momento de relaxar. Muitas pessoas tomam o magn\u00e9sio com um pequeno lanche noturno ou apenas com \u00e1gua, sempre respeitando a orienta\u00e7\u00e3o profissional e o tipo de suplemento utilizado.<\/p>\n\n\n\n<ul class=\"wp-block-list\">\n<li><strong>30\u201360 minutos antes de dormir<\/strong>&nbsp;\u00e9 a janela mais sugerida;<\/li>\n\n\n\n<li><strong>Hor\u00e1rio fixo di\u00e1rio<\/strong>&nbsp;ajuda a regular o ritmo biol\u00f3gico;<\/li>\n\n\n\n<li><strong>Avalia\u00e7\u00e3o individual<\/strong>&nbsp;\u00e9 essencial em quem usa outros medicamentos ou tem condi\u00e7\u00f5es espec\u00edficas.<\/li>\n<\/ul>\n\n\n\n<h2 class=\"wp-block-heading\">Qual \u00e9 a quantidade di\u00e1ria de magn\u00e9sio recomendada para apoiar o sono<\/h2>\n\n\n\n<p>As necessidades di\u00e1rias de&nbsp;<strong>magn\u00e9sio<\/strong>&nbsp;variam conforme idade, sexo biol\u00f3gico e condi\u00e7\u00f5es de sa\u00fade. Em adultos, as recomenda\u00e7\u00f5es costumam ficar em torno de 300 a 350 mg ao dia, somando alimenta\u00e7\u00e3o e, quando necess\u00e1rio, suplementa\u00e7\u00e3o orientada por profissional.<\/p>\n\n\n\n<p>Alguns grupos, como gestantes, lactantes, pessoas sob <a href=\"https:\/\/www.em.com.br\/emfoco\/2026\/04\/23\/sem-barulho-sem-estresse-a-vila-escondida-que-e-a-sensacao-do-proximo-feriado-prolongado\/\" target=\"_blank\" rel=\"noreferrer noopener\">estresse <\/a>intenso ou com grande esfor\u00e7o f\u00edsico, podem demandar quantidades maiores. Alimentos como vegetais verde-escuros, castanhas, sementes, leguminosas e gr\u00e3os integrais s\u00e3o fontes importantes e ajudam a reduzir a depend\u00eancia exclusiva de c\u00e1psulas ou comprimidos.<\/p>\n\n\n\n<h2 class=\"wp-block-heading\">Como usar o magn\u00e9sio para dormir com seguran\u00e7a e efici\u00eancia<\/h2>\n\n\n\n<p>Apesar do foco em \u201cdormir melhor\u201d, o uso de&nbsp;<strong>magn\u00e9sio para ins\u00f4nia<\/strong>&nbsp;exige cuidados, principalmente em pessoas com doen\u00e7as renais, uso cont\u00ednuo de medicamentos ou outras condi\u00e7\u00f5es cr\u00f4nicas. A dose n\u00e3o deve ser aumentada por conta pr\u00f3pria, mesmo que a melhora no sono pare\u00e7a lenta ou discreta nas primeiras semanas.<\/p>\n\n\n\n<figure class=\"wp-block-image size-large\"><img loading=\"lazy\" decoding=\"async\" width=\"1024\" height=\"576\" src=\"https:\/\/www.em.com.br\/emfoco\/wp-content\/uploads\/2026\/04\/Gemini_Generated_Image_cur08mcur08mcur0-1-1024x576.png\" alt=\"Rotina noturna com magn\u00e9sio cresce entre brasileiros\" class=\"wp-image-200849\" srcset=\"https:\/\/www.em.com.br\/emfoco\/wp-content\/uploads\/2026\/04\/Gemini_Generated_Image_cur08mcur08mcur0-1-1024x576.png 1024w, https:\/\/www.em.com.br\/emfoco\/wp-content\/uploads\/2026\/04\/Gemini_Generated_Image_cur08mcur08mcur0-1-300x169.png 300w, https:\/\/www.em.com.br\/emfoco\/wp-content\/uploads\/2026\/04\/Gemini_Generated_Image_cur08mcur08mcur0-1-768x432.png 768w, https:\/\/www.em.com.br\/emfoco\/wp-content\/uploads\/2026\/04\/Gemini_Generated_Image_cur08mcur08mcur0-1-750x422.png 750w, https:\/\/www.em.com.br\/emfoco\/wp-content\/uploads\/2026\/04\/Gemini_Generated_Image_cur08mcur08mcur0-1-1140x641.png 1140w, https:\/\/www.em.com.br\/emfoco\/wp-content\/uploads\/2026\/04\/Gemini_Generated_Image_cur08mcur08mcur0-1.png 1280w\" sizes=\"auto, (max-width: 1024px) 100vw, 1024px\" \/><figcaption class=\"wp-element-caption\">Rotina noturna com magn\u00e9sio cresce entre brasileiros<\/figcaption><\/figure>\n\n\n\n<p>Para aproveitar melhor o potencial do magn\u00e9sio, muitos profissionais de sa\u00fade orientam combinar o suplemento com ajustes de estilo de vida. Abaixo est\u00e3o algumas medidas pr\u00e1ticas que costumam ser recomendadas em consultas e podem tornar o efeito do magn\u00e9sio mais consistente:<\/p>\n\n\n\n<ol class=\"wp-block-list\">\n<li><strong>Verificar a alimenta\u00e7\u00e3o:<\/strong>&nbsp;incluir mais alimentos ricos em magn\u00e9sio no dia a dia.<\/li>\n\n\n\n<li><strong>Ajustar o hor\u00e1rio:<\/strong>&nbsp;definir um per\u00edodo noturno fixo para tomar o suplemento.<\/li>\n\n\n\n<li><strong>Observar o sono:<\/strong>&nbsp;registrar hor\u00e1rios, despertares e sensa\u00e7\u00e3o ao acordar por algumas semanas.<\/li>\n\n\n\n<li><strong>Associar a outras medidas:<\/strong>&nbsp;diminuir luz intensa e telas, criar um ritual de relaxamento e manter hor\u00e1rios regulares.<\/li>\n<\/ol>\n\n\n\n<h2 class=\"wp-block-heading\">Qual \u00e9 o papel do magn\u00e9sio em uma estrat\u00e9gia completa para dormir melhor<\/h2>\n\n\n\n<p>Em 2026, o magn\u00e9sio continua sendo estudado em rela\u00e7\u00e3o ao sono, com pesquisas sobre doses, formas qu\u00edmicas (como quelato, glicina, citrato) e perfis de pessoas que mais se beneficiam. Ele n\u00e3o \u00e9 uma solu\u00e7\u00e3o m\u00e1gica, mas pode ser uma pe\u00e7a importante em um plano amplo de higiene do sono e equil\u00edbrio do sistema nervoso.<\/p>\n\n\n\n<p>Se suas noites t\u00eam sido agitadas, n\u00e3o espere a exaust\u00e3o chegar: converse com um profissional de sa\u00fade ainda hoje, revise sua alimenta\u00e7\u00e3o, avalie a necessidade de suplementa\u00e7\u00e3o de magn\u00e9sio e ajuste sua rotina noturna. Cada dia que voc\u00ea adia esse cuidado \u00e9 mais uma noite mal dormida; agir agora pode ser o passo decisivo para recuperar seu descanso e sua qualidade de vida.<\/p>\n","protected":false},"excerpt":{"rendered":"<p>O interesse pelos suplementos de magn\u00e9sio para dormir melhor vem crescendo entre quem enfrenta dificuldade para pegar no sono ou manter uma rotina de descanso regular, j\u00e1 que esse mineral est\u00e1 ligado ao equil\u00edbrio do sistema nervoso, ao relaxamento muscular e a uma sensa\u00e7\u00e3o geral de calma que muitas pessoas buscam antes de recorrer a [&hellip;]<\/p>\n","protected":false},"author":11,"featured_media":201641,"comment_status":"open","ping_status":"open","sticky":false,"template":"","format":"standard","meta":{"jnews-multi-image_gallery":[],"jnews_single_post":{"format":"standard"},"jnews_primary_category":[],"jnews_social_meta":[],"jnews_override_counter":[],"footnotes":""},"categories":[1,9053],"tags":[256,3420,9350,16513,4021],"class_list":["post-200844","post","type-post","status-publish","format-standard","has-post-thumbnail","hentry","category-noticias","category-saude","tag-beneficios","tag-insonia","tag-magnesio","tag-reduzir-o-estresse","tag-suplemento"],"yoast_head":"<!-- This site is optimized with the Yoast SEO plugin v23.8 - https:\/\/yoast.com\/wordpress\/plugins\/seo\/ -->\n<title>Magn\u00e9sio ajuda a dormir melhor: veja o melhor hor\u00e1rio para tomar e como potencializar o efeito - Estado de Minas - Em foco<\/title>\n<meta name=\"description\" content=\"Magn\u00e9sio pode ajudar a dormir melhor e reduzir o estresse. Veja como usar, quantidade ideal e o melhor hor\u00e1rio para tomar.\" \/>\n<meta name=\"robots\" content=\"index, follow, max-snippet:-1, max-image-preview:large, max-video-preview:-1\" \/>\n<link rel=\"canonical\" href=\"https:\/\/www.em.com.br\/emfoco\/2026\/04\/30\/magnesio-ajuda-a-dormir-melhor-veja-o-melhor-horario-para-tomar-e-como-potencializar-o-efeito\/\" \/>\n<meta property=\"og:locale\" content=\"pt_BR\" \/>\n<meta property=\"og:type\" content=\"article\" \/>\n<meta property=\"og:title\" content=\"Magn\u00e9sio ajuda a dormir melhor: veja o melhor hor\u00e1rio para tomar e como potencializar o efeito - Estado de Minas - Em foco\" \/>\n<meta property=\"og:description\" content=\"Magn\u00e9sio pode ajudar a dormir melhor e reduzir o estresse. Veja como usar, quantidade ideal e o melhor hor\u00e1rio para tomar.\" \/>\n<meta property=\"og:url\" content=\"https:\/\/www.em.com.br\/emfoco\/2026\/04\/30\/magnesio-ajuda-a-dormir-melhor-veja-o-melhor-horario-para-tomar-e-como-potencializar-o-efeito\/\" \/>\n<meta property=\"og:site_name\" content=\"Estado de Minas - Em foco\" \/>\n<meta property=\"article:published_time\" content=\"2026-04-30T20:45:00+00:00\" \/>\n<meta property=\"article:modified_time\" content=\"2026-04-29T19:51:58+00:00\" \/>\n<meta property=\"og:image\" content=\"https:\/\/www.em.com.br\/emfoco\/wp-content\/uploads\/2026\/04\/EmFoco_32-9.jpg\" \/>\n\t<meta property=\"og:image:width\" content=\"1280\" \/>\n\t<meta property=\"og:image:height\" content=\"720\" \/>\n\t<meta property=\"og:image:type\" content=\"image\/jpeg\" \/>\n<meta name=\"author\" content=\"Andre\u0301 Rangel\u00a0\" \/>\n<meta name=\"twitter:card\" content=\"summary_large_image\" \/>\n<meta name=\"twitter:label1\" content=\"Escrito por\" \/>\n\t<meta name=\"twitter:data1\" content=\"Andre\u0301 Rangel\u00a0\" \/>\n\t<meta name=\"twitter:label2\" content=\"Est. tempo de leitura\" \/>\n\t<meta name=\"twitter:data2\" content=\"5 minutos\" \/>\n<!-- \/ Yoast SEO plugin. -->","yoast_head_json":{"title":"Magn\u00e9sio ajuda a dormir melhor: veja o melhor hor\u00e1rio para tomar e como potencializar o efeito - Estado de Minas - Em foco","description":"Magn\u00e9sio pode ajudar a dormir melhor e reduzir o estresse. Veja como usar, quantidade ideal e o melhor hor\u00e1rio para tomar.","robots":{"index":"index","follow":"follow","max-snippet":"max-snippet:-1","max-image-preview":"max-image-preview:large","max-video-preview":"max-video-preview:-1"},"canonical":"https:\/\/www.em.com.br\/emfoco\/2026\/04\/30\/magnesio-ajuda-a-dormir-melhor-veja-o-melhor-horario-para-tomar-e-como-potencializar-o-efeito\/","og_locale":"pt_BR","og_type":"article","og_title":"Magn\u00e9sio ajuda a dormir melhor: veja o melhor hor\u00e1rio para tomar e como potencializar o efeito - Estado de Minas - Em foco","og_description":"Magn\u00e9sio pode ajudar a dormir melhor e reduzir o estresse. Veja como usar, quantidade ideal e o melhor hor\u00e1rio para tomar.","og_url":"https:\/\/www.em.com.br\/emfoco\/2026\/04\/30\/magnesio-ajuda-a-dormir-melhor-veja-o-melhor-horario-para-tomar-e-como-potencializar-o-efeito\/","og_site_name":"Estado de Minas - Em foco","article_published_time":"2026-04-30T20:45:00+00:00","article_modified_time":"2026-04-29T19:51:58+00:00","og_image":[{"width":1280,"height":720,"url":"https:\/\/www.em.com.br\/emfoco\/wp-content\/uploads\/2026\/04\/EmFoco_32-9.jpg","type":"image\/jpeg"}],"author":"Andre\u0301 Rangel\u00a0","twitter_card":"summary_large_image","twitter_misc":{"Escrito por":"Andre\u0301 Rangel\u00a0","Est. tempo de leitura":"5 minutos"},"schema":{"@context":"https:\/\/schema.org","@graph":[{"@type":"WebPage","@id":"https:\/\/www.em.com.br\/emfoco\/2026\/04\/30\/magnesio-ajuda-a-dormir-melhor-veja-o-melhor-horario-para-tomar-e-como-potencializar-o-efeito\/","url":"https:\/\/www.em.com.br\/emfoco\/2026\/04\/30\/magnesio-ajuda-a-dormir-melhor-veja-o-melhor-horario-para-tomar-e-como-potencializar-o-efeito\/","name":"Magn\u00e9sio ajuda a dormir melhor: veja o melhor hor\u00e1rio para tomar e como potencializar o efeito - Estado de Minas - Em foco","isPartOf":{"@id":"https:\/\/www.em.com.br\/emfoco\/#website"},"primaryImageOfPage":{"@id":"https:\/\/www.em.com.br\/emfoco\/2026\/04\/30\/magnesio-ajuda-a-dormir-melhor-veja-o-melhor-horario-para-tomar-e-como-potencializar-o-efeito\/#primaryimage"},"image":{"@id":"https:\/\/www.em.com.br\/emfoco\/2026\/04\/30\/magnesio-ajuda-a-dormir-melhor-veja-o-melhor-horario-para-tomar-e-como-potencializar-o-efeito\/#primaryimage"},"thumbnailUrl":"https:\/\/www.em.com.br\/emfoco\/wp-content\/uploads\/2026\/04\/EmFoco_32-9.jpg","datePublished":"2026-04-30T20:45:00+00:00","dateModified":"2026-04-29T19:51:58+00:00","author":{"@id":"https:\/\/www.em.com.br\/emfoco\/#\/schema\/person\/60eda09c1fedf0d6891f4cef4b60b8b8"},"description":"Magn\u00e9sio pode ajudar a dormir melhor e reduzir o estresse. Veja como usar, quantidade ideal e o melhor hor\u00e1rio para tomar.","breadcrumb":{"@id":"https:\/\/www.em.com.br\/emfoco\/2026\/04\/30\/magnesio-ajuda-a-dormir-melhor-veja-o-melhor-horario-para-tomar-e-como-potencializar-o-efeito\/#breadcrumb"},"inLanguage":"pt-BR","potentialAction":[{"@type":"ReadAction","target":["https:\/\/www.em.com.br\/emfoco\/2026\/04\/30\/magnesio-ajuda-a-dormir-melhor-veja-o-melhor-horario-para-tomar-e-como-potencializar-o-efeito\/"]}]},{"@type":"ImageObject","inLanguage":"pt-BR","@id":"https:\/\/www.em.com.br\/emfoco\/2026\/04\/30\/magnesio-ajuda-a-dormir-melhor-veja-o-melhor-horario-para-tomar-e-como-potencializar-o-efeito\/#primaryimage","url":"https:\/\/www.em.com.br\/emfoco\/wp-content\/uploads\/2026\/04\/EmFoco_32-9.jpg","contentUrl":"https:\/\/www.em.com.br\/emfoco\/wp-content\/uploads\/2026\/04\/EmFoco_32-9.jpg","width":1280,"height":720,"caption":"Mineral regula neurotransmissores de relaxamento e apoia o ciclo natural do sono"},{"@type":"BreadcrumbList","@id":"https:\/\/www.em.com.br\/emfoco\/2026\/04\/30\/magnesio-ajuda-a-dormir-melhor-veja-o-melhor-horario-para-tomar-e-como-potencializar-o-efeito\/#breadcrumb","itemListElement":[{"@type":"ListItem","position":1,"name":"In\u00edcio","item":"https:\/\/www.em.com.br\/emfoco\/"},{"@type":"ListItem","position":2,"name":"Magn\u00e9sio ajuda a dormir melhor: veja o melhor hor\u00e1rio para tomar e como potencializar o efeito"}]},{"@type":"WebSite","@id":"https:\/\/www.em.com.br\/emfoco\/#website","url":"https:\/\/www.em.com.br\/emfoco\/","name":"Estado de Minas - Em foco","description":"Acompanhe as \u00faltimas not\u00edcias e fique bem informado sobre tudo o que acontece em Minas Gerais, Brasil e no mundo.","potentialAction":[{"@type":"SearchAction","target":{"@type":"EntryPoint","urlTemplate":"https:\/\/www.em.com.br\/emfoco\/?s={search_term_string}"},"query-input":{"@type":"PropertyValueSpecification","valueRequired":true,"valueName":"search_term_string"}}],"inLanguage":"pt-BR"},{"@type":"Person","@id":"https:\/\/www.em.com.br\/emfoco\/#\/schema\/person\/60eda09c1fedf0d6891f4cef4b60b8b8","name":"Andre\u0301 Rangel\u00a0","image":{"@type":"ImageObject","inLanguage":"pt-BR","@id":"https:\/\/www.em.com.br\/emfoco\/#\/schema\/person\/image\/","url":"https:\/\/secure.gravatar.com\/avatar\/6234dc814c77c8ef6d8bba622c787efc?s=96&d=mm&r=g","contentUrl":"https:\/\/secure.gravatar.com\/avatar\/6234dc814c77c8ef6d8bba622c787efc?s=96&d=mm&r=g","caption":"Andre\u0301 Rangel\u00a0"},"url":"https:\/\/www.em.com.br\/emfoco\/author\/luizmyth\/"}]}},"_links":{"self":[{"href":"https:\/\/www.em.com.br\/emfoco\/wp-json\/wp\/v2\/posts\/200844","targetHints":{"allow":["GET"]}}],"collection":[{"href":"https:\/\/www.em.com.br\/emfoco\/wp-json\/wp\/v2\/posts"}],"about":[{"href":"https:\/\/www.em.com.br\/emfoco\/wp-json\/wp\/v2\/types\/post"}],"author":[{"embeddable":true,"href":"https:\/\/www.em.com.br\/emfoco\/wp-json\/wp\/v2\/users\/11"}],"replies":[{"embeddable":true,"href":"https:\/\/www.em.com.br\/emfoco\/wp-json\/wp\/v2\/comments?post=200844"}],"version-history":[{"count":3,"href":"https:\/\/www.em.com.br\/emfoco\/wp-json\/wp\/v2\/posts\/200844\/revisions"}],"predecessor-version":[{"id":200854,"href":"https:\/\/www.em.com.br\/emfoco\/wp-json\/wp\/v2\/posts\/200844\/revisions\/200854"}],"wp:featuredmedia":[{"embeddable":true,"href":"https:\/\/www.em.com.br\/emfoco\/wp-json\/wp\/v2\/media\/201641"}],"wp:attachment":[{"href":"https:\/\/www.em.com.br\/emfoco\/wp-json\/wp\/v2\/media?parent=200844"}],"wp:term":[{"taxonomy":"category","embeddable":true,"href":"https:\/\/www.em.com.br\/emfoco\/wp-json\/wp\/v2\/categories?post=200844"},{"taxonomy":"post_tag","embeddable":true,"href":"https:\/\/www.em.com.br\/emfoco\/wp-json\/wp\/v2\/tags?post=200844"}],"curies":[{"name":"wp","href":"https:\/\/api.w.org\/{rel}","templated":true}]}}