{"id":200837,"date":"2026-04-30T16:05:00","date_gmt":"2026-04-30T19:05:00","guid":{"rendered":"https:\/\/www.em.com.br\/emfoco\/?p=200837"},"modified":"2026-04-29T16:51:43","modified_gmt":"2026-04-29T19:51:43","slug":"manteiga-ou-margarina-entenda-a-diferenca-e-saiba-qual-escolher-para-sabor-textura-e-preparo-ideal","status":"publish","type":"post","link":"https:\/\/www.em.com.br\/emfoco\/2026\/04\/30\/manteiga-ou-margarina-entenda-a-diferenca-e-saiba-qual-escolher-para-sabor-textura-e-preparo-ideal\/","title":{"rendered":"Manteiga ou margarina: entenda a diferen\u00e7a e saiba qual escolher para sabor, textura e preparo ideal"},"content":{"rendered":"\n<p>Na correria do dia a dia, manteiga e margarina dividem espa\u00e7o na cozinha, mas nem sempre \u00e9 claro qual usar em cada preparo. Embora ambas sirvam para passar no p\u00e3o, preparar massas e dar sabor a pratos variados, a origem e a composi\u00e7\u00e3o de cada uma influenciam diretamente textura, sabor e at\u00e9 o resultado final da receita. Entender essas diferen\u00e7as ajuda a fazer escolhas mais conscientes, indo al\u00e9m do simples h\u00e1bito ou gosto pessoal imediato.<\/p>\n\n\n\n<h2 class=\"wp-block-heading\">Manteiga e margarina na cozinha: qual \u00e9 o papel da composi\u00e7\u00e3o?<\/h2>\n\n\n\n<p>A manteiga \u00e9 de origem animal, feita a partir do creme de leite e rica em <a href=\"https:\/\/www.nuvlac.com.br\/post\/gorduras-l%C3%A1cteas\" target=\"_blank\" rel=\"noreferrer noopener\">gordura l\u00e1ctea<\/a>, enquanto a margarina \u00e9 produzida com \u00f3leos vegetais processados para ganhar consist\u00eancia semelhante. Essa diferen\u00e7a de origem explica varia\u00e7\u00f5es de sabor, ponto de fus\u00e3o e rea\u00e7\u00e3o ao calor, fundamentais em panifica\u00e7\u00e3o e confeitaria.<\/p>\n\n\n\n<p>Na pr\u00e1tica, a manteiga costuma oferecer sabor mais intenso e caracter\u00edstico, marcante em molhos, massas folhadas e bolos tradicionais. J\u00e1 a margarina apresenta, em geral, um perfil mais neutro, interessante quando se quer destacar outros ingredientes, como chocolates, frutas ou especiarias. O teor de sal tamb\u00e9m varia entre as duas e interfere diretamente no equil\u00edbrio final de cada prato.<\/p>\n\n\n\n<figure class=\"wp-block-image size-large\"><img loading=\"lazy\" decoding=\"async\" width=\"1024\" height=\"576\" src=\"https:\/\/www.em.com.br\/emfoco\/wp-content\/uploads\/2026\/04\/Gemini_Generated_Image_kxd61wkxd61wkxd6-1-1024x576.png\" alt=\"Muita gente erra ao escolher manteiga ou margarina\" class=\"wp-image-200841\" srcset=\"https:\/\/www.em.com.br\/emfoco\/wp-content\/uploads\/2026\/04\/Gemini_Generated_Image_kxd61wkxd61wkxd6-1-1024x576.png 1024w, https:\/\/www.em.com.br\/emfoco\/wp-content\/uploads\/2026\/04\/Gemini_Generated_Image_kxd61wkxd61wkxd6-1-300x169.png 300w, https:\/\/www.em.com.br\/emfoco\/wp-content\/uploads\/2026\/04\/Gemini_Generated_Image_kxd61wkxd61wkxd6-1-768x432.png 768w, https:\/\/www.em.com.br\/emfoco\/wp-content\/uploads\/2026\/04\/Gemini_Generated_Image_kxd61wkxd61wkxd6-1-750x422.png 750w, https:\/\/www.em.com.br\/emfoco\/wp-content\/uploads\/2026\/04\/Gemini_Generated_Image_kxd61wkxd61wkxd6-1-1140x641.png 1140w, https:\/\/www.em.com.br\/emfoco\/wp-content\/uploads\/2026\/04\/Gemini_Generated_Image_kxd61wkxd61wkxd6-1.png 1280w\" sizes=\"auto, (max-width: 1024px) 100vw, 1024px\" \/><figcaption class=\"wp-element-caption\">Muita gente erra ao escolher manteiga ou margarina<\/figcaption><\/figure>\n\n\n\n<h2 class=\"wp-block-heading\">Como manteiga e margarina se comportam nas receitas?<\/h2>\n\n\n\n<p>Nos preparos do dia a dia, a escolha muitas vezes come\u00e7a pela textura: produtos mais macios s\u00e3o ideais para espalhar em p\u00e3es e torradas, enquanto vers\u00f5es em barra, mais firmes, funcionam melhor em certas massas. Em confeitaria, o tipo de gordura interfere na aera\u00e7\u00e3o, no crescimento da massa e no derretimento no forno, podendo mudar de forma relevante o resultado esperado.<\/p>\n\n\n\n<p>A manteiga, com maior propor\u00e7\u00e3o de gordura l\u00e1ctea e menos \u00e1gua, tende a produzir massas mais est\u00e1veis, essenciais em croissants, tortas e biscoitos amanteigados. Margarinas com muito teor de \u00e1gua podem deixar biscoitos menos crocantes e bolos com textura diferente, embora algumas f\u00f3rmulas profissionais sejam ajustadas para resistir melhor ao calor ou misturar mais facilmente em preparos frios.<\/p>\n\n\n\n<h2 class=\"wp-block-heading\">Quais s\u00e3o os impactos pr\u00e1ticos da escolha na textura e no uso?<\/h2>\n\n\n\n<p>A forma de uso tamb\u00e9m muda conforme o tipo de <a href=\"https:\/\/www.em.com.br\/emfoco\/2026\/04\/26\/como-fazer-empanadas-de-carne-caseiras-a-receita-tradicional-que-e-de-lamber-os-dedos\/\" target=\"_blank\" rel=\"noreferrer noopener\">receita<\/a>. Em preparos simples, como passar no p\u00e3o, a decis\u00e3o costuma recair sobre sabor e facilidade de espalhar. J\u00e1 em pratos que dependem de croc\u00e2ncia, maciez ou estabilidade, pequenos detalhes como teor de \u00e1gua e tipo de gordura fazem grande diferen\u00e7a.<\/p>\n\n\n\n<p>Nesse contexto, algumas orienta\u00e7\u00f5es ajudam a adaptar melhor cada gordura ao preparo:<\/p>\n\n\n\n<ul class=\"wp-block-list\">\n<li><strong>Para untar p\u00e3es e torradas<\/strong>\u00a0\u2013 avalie sabor, cremosidade e se prefere salgado ou sem sal.<\/li>\n\n\n\n<li><strong>Em bolos e biscoitos<\/strong>\u00a0\u2013 considere que mais \u00e1gua tende a reduzir croc\u00e2ncia e alterar o crescimento.<\/li>\n\n\n\n<li><strong>Em molhos e refogados<\/strong>\u00a0\u2013 observe ponto de fuma\u00e7a e estabilidade para evitar queimar ou talhar.<\/li>\n<\/ul>\n\n\n\n<figure class=\"wp-block-image size-large\"><img loading=\"lazy\" decoding=\"async\" width=\"1024\" height=\"576\" src=\"https:\/\/www.em.com.br\/emfoco\/wp-content\/uploads\/2026\/04\/Gemini_Generated_Image_j2jb4ij2jb4ij2jb-1-1024x576.png\" alt=\"Muita gente erra ao escolher manteiga ou margarina\" class=\"wp-image-200842\" srcset=\"https:\/\/www.em.com.br\/emfoco\/wp-content\/uploads\/2026\/04\/Gemini_Generated_Image_j2jb4ij2jb4ij2jb-1-1024x576.png 1024w, https:\/\/www.em.com.br\/emfoco\/wp-content\/uploads\/2026\/04\/Gemini_Generated_Image_j2jb4ij2jb4ij2jb-1-300x169.png 300w, https:\/\/www.em.com.br\/emfoco\/wp-content\/uploads\/2026\/04\/Gemini_Generated_Image_j2jb4ij2jb4ij2jb-1-768x432.png 768w, https:\/\/www.em.com.br\/emfoco\/wp-content\/uploads\/2026\/04\/Gemini_Generated_Image_j2jb4ij2jb4ij2jb-1-750x422.png 750w, https:\/\/www.em.com.br\/emfoco\/wp-content\/uploads\/2026\/04\/Gemini_Generated_Image_j2jb4ij2jb4ij2jb-1-1140x641.png 1140w, https:\/\/www.em.com.br\/emfoco\/wp-content\/uploads\/2026\/04\/Gemini_Generated_Image_j2jb4ij2jb4ij2jb-1.png 1280w\" sizes=\"auto, (max-width: 1024px) 100vw, 1024px\" \/><figcaption class=\"wp-element-caption\">Muita gente erra ao escolher manteiga ou margarina<\/figcaption><\/figure>\n\n\n\n<h2 class=\"wp-block-heading\">Qual \u00e9 a diferen\u00e7a nutricional entre manteiga e margarina?<\/h2>\n\n\n\n<p>Do ponto de vista nutricional, a principal distin\u00e7\u00e3o est\u00e1 no tipo de gordura predominante. A manteiga, por ser de origem animal, concentra mais&nbsp;<strong>gorduras saturadas<\/strong>, enquanto a margarina, feita com \u00f3leos vegetais, costuma trazer mais&nbsp;<strong>gorduras insaturadas<\/strong>, potencialmente mais favor\u00e1veis \u00e0 sa\u00fade cardiovascular, desde que quase isenta de gorduras trans.<\/p>\n\n\n\n<p>As margarinas variam bastante entre marcas: algumas reduzem o teor total de gordura, outras focam em menos saturadas ou destacam aus\u00eancia de \u00f3leos parcialmente hidrogenados. A manteiga tende a ter composi\u00e7\u00e3o mais est\u00e1vel, geralmente limitada a creme de leite e, \u00e0s vezes, sal. Ler o r\u00f3tulo \u00e9 essencial para adequar a escolha ao seu objetivo alimentar.<\/p>\n\n\n\n<h2 class=\"wp-block-heading\">Como escolher entre manteiga e margarina no dia a dia?<\/h2>\n\n\n\n<p>Na rotina, a decis\u00e3o passa por tr\u00eas pontos: objetivo da receita, perfil nutricional desejado e prefer\u00eancia de sabor. Em preparos em que a gordura define a estrutura, como massas folhadas e biscoitos amanteigados, a manteiga costuma ser a refer\u00eancia. J\u00e1 no uso di\u00e1rio, como no p\u00e3o ou em legumes, muitos preferem margarinas com menos saturadas, buscando equil\u00edbrio entre prazer e sa\u00fade.<\/p>\n\n\n\n<p>Uma estrat\u00e9gia pr\u00e1tica \u00e9 alternar o uso: manteiga para momentos em que sabor e textura cl\u00e1ssica s\u00e3o essenciais, e margarina em vers\u00f5es voltadas \u00e0 sa\u00fade cardiovascular para o consumo frequente. Comece hoje mesmo a observar r\u00f3tulos, testar substitui\u00e7\u00f5es em pequenas quantidades e perceber, na pr\u00e1tica, como cada escolha transforma suas receitas \u2013 e impacta seu bem-estar a longo prazo.<\/p>\n","protected":false},"excerpt":{"rendered":"<p>Na correria do dia a dia, manteiga e margarina dividem espa\u00e7o na cozinha, mas nem sempre \u00e9 claro qual usar em cada preparo. Embora ambas sirvam para passar no p\u00e3o, preparar massas e dar sabor a pratos variados, a origem e a composi\u00e7\u00e3o de cada uma influenciam diretamente textura, sabor e at\u00e9 o resultado final [&hellip;]<\/p>\n","protected":false},"author":11,"featured_media":201643,"comment_status":"open","ping_status":"open","sticky":false,"template":"","format":"standard","meta":{"jnews-multi-image_gallery":[],"jnews_single_post":{"format":"standard"},"jnews_primary_category":[],"jnews_social_meta":[],"jnews_override_counter":[],"footnotes":""},"categories":[8819,1],"tags":[3563,8644,8645,3440],"class_list":["post-200837","post","type-post","status-publish","format-standard","has-post-thumbnail","hentry","category-curiosidades","category-noticias","tag-cozinha","tag-manteiga","tag-margarina","tag-receita"],"yoast_head":"<!-- This site is optimized with the Yoast SEO plugin v23.8 - https:\/\/yoast.com\/wordpress\/plugins\/seo\/ -->\n<title>Manteiga ou margarina: entenda a diferen\u00e7a e saiba qual escolher para sabor, textura e preparo ideal - Estado de Minas - Em foco<\/title>\n<meta name=\"description\" content=\"Manteiga ou margarina na cozinha faz diferen\u00e7a no sabor e textura. Entenda quando usar cada uma e melhorar suas receitas.\" \/>\n<meta name=\"robots\" content=\"index, follow, max-snippet:-1, max-image-preview:large, max-video-preview:-1\" \/>\n<link rel=\"canonical\" href=\"https:\/\/www.em.com.br\/emfoco\/2026\/04\/30\/manteiga-ou-margarina-entenda-a-diferenca-e-saiba-qual-escolher-para-sabor-textura-e-preparo-ideal\/\" \/>\n<meta property=\"og:locale\" content=\"pt_BR\" \/>\n<meta property=\"og:type\" content=\"article\" \/>\n<meta property=\"og:title\" content=\"Manteiga ou margarina: entenda a diferen\u00e7a e saiba qual escolher para sabor, textura e preparo ideal - Estado de Minas - Em foco\" \/>\n<meta property=\"og:description\" content=\"Manteiga ou margarina na cozinha faz diferen\u00e7a no sabor e textura. Entenda quando usar cada uma e melhorar suas receitas.\" \/>\n<meta property=\"og:url\" content=\"https:\/\/www.em.com.br\/emfoco\/2026\/04\/30\/manteiga-ou-margarina-entenda-a-diferenca-e-saiba-qual-escolher-para-sabor-textura-e-preparo-ideal\/\" \/>\n<meta property=\"og:site_name\" content=\"Estado de Minas - Em foco\" \/>\n<meta property=\"article:published_time\" content=\"2026-04-30T19:05:00+00:00\" \/>\n<meta property=\"article:modified_time\" content=\"2026-04-29T19:51:43+00:00\" \/>\n<meta property=\"og:image\" content=\"https:\/\/www.em.com.br\/emfoco\/wp-content\/uploads\/2026\/04\/EmFoco_30-9.jpg\" \/>\n\t<meta property=\"og:image:width\" content=\"1280\" \/>\n\t<meta property=\"og:image:height\" content=\"720\" \/>\n\t<meta property=\"og:image:type\" content=\"image\/jpeg\" \/>\n<meta name=\"author\" content=\"Andre\u0301 Rangel\u00a0\" \/>\n<meta name=\"twitter:card\" content=\"summary_large_image\" \/>\n<meta name=\"twitter:label1\" content=\"Escrito por\" \/>\n\t<meta name=\"twitter:data1\" content=\"Andre\u0301 Rangel\u00a0\" \/>\n\t<meta name=\"twitter:label2\" content=\"Est. tempo de leitura\" \/>\n\t<meta name=\"twitter:data2\" content=\"5 minutos\" \/>\n<!-- \/ Yoast SEO plugin. -->","yoast_head_json":{"title":"Manteiga ou margarina: entenda a diferen\u00e7a e saiba qual escolher para sabor, textura e preparo ideal - Estado de Minas - Em foco","description":"Manteiga ou margarina na cozinha faz diferen\u00e7a no sabor e textura. Entenda quando usar cada uma e melhorar suas receitas.","robots":{"index":"index","follow":"follow","max-snippet":"max-snippet:-1","max-image-preview":"max-image-preview:large","max-video-preview":"max-video-preview:-1"},"canonical":"https:\/\/www.em.com.br\/emfoco\/2026\/04\/30\/manteiga-ou-margarina-entenda-a-diferenca-e-saiba-qual-escolher-para-sabor-textura-e-preparo-ideal\/","og_locale":"pt_BR","og_type":"article","og_title":"Manteiga ou margarina: entenda a diferen\u00e7a e saiba qual escolher para sabor, textura e preparo ideal - Estado de Minas - Em foco","og_description":"Manteiga ou margarina na cozinha faz diferen\u00e7a no sabor e textura. Entenda quando usar cada uma e melhorar suas receitas.","og_url":"https:\/\/www.em.com.br\/emfoco\/2026\/04\/30\/manteiga-ou-margarina-entenda-a-diferenca-e-saiba-qual-escolher-para-sabor-textura-e-preparo-ideal\/","og_site_name":"Estado de Minas - Em foco","article_published_time":"2026-04-30T19:05:00+00:00","article_modified_time":"2026-04-29T19:51:43+00:00","og_image":[{"width":1280,"height":720,"url":"https:\/\/www.em.com.br\/emfoco\/wp-content\/uploads\/2026\/04\/EmFoco_30-9.jpg","type":"image\/jpeg"}],"author":"Andre\u0301 Rangel\u00a0","twitter_card":"summary_large_image","twitter_misc":{"Escrito por":"Andre\u0301 Rangel\u00a0","Est. tempo de leitura":"5 minutos"},"schema":{"@context":"https:\/\/schema.org","@graph":[{"@type":"WebPage","@id":"https:\/\/www.em.com.br\/emfoco\/2026\/04\/30\/manteiga-ou-margarina-entenda-a-diferenca-e-saiba-qual-escolher-para-sabor-textura-e-preparo-ideal\/","url":"https:\/\/www.em.com.br\/emfoco\/2026\/04\/30\/manteiga-ou-margarina-entenda-a-diferenca-e-saiba-qual-escolher-para-sabor-textura-e-preparo-ideal\/","name":"Manteiga ou margarina: entenda a diferen\u00e7a e saiba qual escolher para sabor, textura e preparo ideal - Estado de Minas - Em foco","isPartOf":{"@id":"https:\/\/www.em.com.br\/emfoco\/#website"},"primaryImageOfPage":{"@id":"https:\/\/www.em.com.br\/emfoco\/2026\/04\/30\/manteiga-ou-margarina-entenda-a-diferenca-e-saiba-qual-escolher-para-sabor-textura-e-preparo-ideal\/#primaryimage"},"image":{"@id":"https:\/\/www.em.com.br\/emfoco\/2026\/04\/30\/manteiga-ou-margarina-entenda-a-diferenca-e-saiba-qual-escolher-para-sabor-textura-e-preparo-ideal\/#primaryimage"},"thumbnailUrl":"https:\/\/www.em.com.br\/emfoco\/wp-content\/uploads\/2026\/04\/EmFoco_30-9.jpg","datePublished":"2026-04-30T19:05:00+00:00","dateModified":"2026-04-29T19:51:43+00:00","author":{"@id":"https:\/\/www.em.com.br\/emfoco\/#\/schema\/person\/60eda09c1fedf0d6891f4cef4b60b8b8"},"description":"Manteiga ou margarina na cozinha faz diferen\u00e7a no sabor e textura. Entenda quando usar cada uma e melhorar suas receitas.","breadcrumb":{"@id":"https:\/\/www.em.com.br\/emfoco\/2026\/04\/30\/manteiga-ou-margarina-entenda-a-diferenca-e-saiba-qual-escolher-para-sabor-textura-e-preparo-ideal\/#breadcrumb"},"inLanguage":"pt-BR","potentialAction":[{"@type":"ReadAction","target":["https:\/\/www.em.com.br\/emfoco\/2026\/04\/30\/manteiga-ou-margarina-entenda-a-diferenca-e-saiba-qual-escolher-para-sabor-textura-e-preparo-ideal\/"]}]},{"@type":"ImageObject","inLanguage":"pt-BR","@id":"https:\/\/www.em.com.br\/emfoco\/2026\/04\/30\/manteiga-ou-margarina-entenda-a-diferenca-e-saiba-qual-escolher-para-sabor-textura-e-preparo-ideal\/#primaryimage","url":"https:\/\/www.em.com.br\/emfoco\/wp-content\/uploads\/2026\/04\/EmFoco_30-9.jpg","contentUrl":"https:\/\/www.em.com.br\/emfoco\/wp-content\/uploads\/2026\/04\/EmFoco_30-9.jpg","width":1280,"height":720,"caption":"Origem da gordura define textura e estabilidade t\u00e9rmica em receitas doces e salgadas"},{"@type":"BreadcrumbList","@id":"https:\/\/www.em.com.br\/emfoco\/2026\/04\/30\/manteiga-ou-margarina-entenda-a-diferenca-e-saiba-qual-escolher-para-sabor-textura-e-preparo-ideal\/#breadcrumb","itemListElement":[{"@type":"ListItem","position":1,"name":"In\u00edcio","item":"https:\/\/www.em.com.br\/emfoco\/"},{"@type":"ListItem","position":2,"name":"Manteiga ou margarina: entenda a diferen\u00e7a e saiba qual escolher para sabor, textura e preparo ideal"}]},{"@type":"WebSite","@id":"https:\/\/www.em.com.br\/emfoco\/#website","url":"https:\/\/www.em.com.br\/emfoco\/","name":"Estado de Minas - Em foco","description":"Acompanhe as \u00faltimas not\u00edcias e fique bem informado sobre tudo o que acontece em Minas Gerais, Brasil e no mundo.","potentialAction":[{"@type":"SearchAction","target":{"@type":"EntryPoint","urlTemplate":"https:\/\/www.em.com.br\/emfoco\/?s={search_term_string}"},"query-input":{"@type":"PropertyValueSpecification","valueRequired":true,"valueName":"search_term_string"}}],"inLanguage":"pt-BR"},{"@type":"Person","@id":"https:\/\/www.em.com.br\/emfoco\/#\/schema\/person\/60eda09c1fedf0d6891f4cef4b60b8b8","name":"Andre\u0301 Rangel\u00a0","image":{"@type":"ImageObject","inLanguage":"pt-BR","@id":"https:\/\/www.em.com.br\/emfoco\/#\/schema\/person\/image\/","url":"https:\/\/secure.gravatar.com\/avatar\/6234dc814c77c8ef6d8bba622c787efc?s=96&d=mm&r=g","contentUrl":"https:\/\/secure.gravatar.com\/avatar\/6234dc814c77c8ef6d8bba622c787efc?s=96&d=mm&r=g","caption":"Andre\u0301 Rangel\u00a0"},"url":"https:\/\/www.em.com.br\/emfoco\/author\/luizmyth\/"}]}},"_links":{"self":[{"href":"https:\/\/www.em.com.br\/emfoco\/wp-json\/wp\/v2\/posts\/200837","targetHints":{"allow":["GET"]}}],"collection":[{"href":"https:\/\/www.em.com.br\/emfoco\/wp-json\/wp\/v2\/posts"}],"about":[{"href":"https:\/\/www.em.com.br\/emfoco\/wp-json\/wp\/v2\/types\/post"}],"author":[{"embeddable":true,"href":"https:\/\/www.em.com.br\/emfoco\/wp-json\/wp\/v2\/users\/11"}],"replies":[{"embeddable":true,"href":"https:\/\/www.em.com.br\/emfoco\/wp-json\/wp\/v2\/comments?post=200837"}],"version-history":[{"count":2,"href":"https:\/\/www.em.com.br\/emfoco\/wp-json\/wp\/v2\/posts\/200837\/revisions"}],"predecessor-version":[{"id":200843,"href":"https:\/\/www.em.com.br\/emfoco\/wp-json\/wp\/v2\/posts\/200837\/revisions\/200843"}],"wp:featuredmedia":[{"embeddable":true,"href":"https:\/\/www.em.com.br\/emfoco\/wp-json\/wp\/v2\/media\/201643"}],"wp:attachment":[{"href":"https:\/\/www.em.com.br\/emfoco\/wp-json\/wp\/v2\/media?parent=200837"}],"wp:term":[{"taxonomy":"category","embeddable":true,"href":"https:\/\/www.em.com.br\/emfoco\/wp-json\/wp\/v2\/categories?post=200837"},{"taxonomy":"post_tag","embeddable":true,"href":"https:\/\/www.em.com.br\/emfoco\/wp-json\/wp\/v2\/tags?post=200837"}],"curies":[{"name":"wp","href":"https:\/\/api.w.org\/{rel}","templated":true}]}}