{"id":200832,"date":"2026-04-30T10:25:00","date_gmt":"2026-04-30T13:25:00","guid":{"rendered":"https:\/\/www.em.com.br\/emfoco\/?p=200832"},"modified":"2026-04-29T16:46:14","modified_gmt":"2026-04-29T19:46:14","slug":"novas-leis-entram-em-vigor-em-junho-e-podem-mudar-as-ferias-com-regras-mais-rigidas-menos-ofertas-e-novas-exigencias-para-turistas","status":"publish","type":"post","link":"https:\/\/www.em.com.br\/emfoco\/2026\/04\/30\/novas-leis-entram-em-vigor-em-junho-e-podem-mudar-as-ferias-com-regras-mais-rigidas-menos-ofertas-e-novas-exigencias-para-turistas\/","title":{"rendered":"Novas leis entram em vigor em junho e podem mudar as f\u00e9rias com regras mais r\u00edgidas, menos ofertas e novas exig\u00eancias para turistas"},"content":{"rendered":"\n<p>Quem pretende passar as f\u00e9rias de ver\u00e3o na <strong>Cro\u00e1cia <\/strong>em 2026 vai encontrar um turismo em plena transforma\u00e7\u00e3o: novas regras para loca\u00e7\u00f5es de temporada, fiscaliza\u00e7\u00e3o refor\u00e7ada e limites mais r\u00edgidos para festas e consumo de \u00e1lcool, tudo dentro de uma estrat\u00e9gia nacional para organizar melhor o fluxo de visitantes e reduzir pr\u00e1ticas irregulares ao longo da costa do <strong>Adri\u00e1tico<\/strong>.<\/p>\n\n\n\n<h2 class=\"wp-block-heading\">O que muda nas loca\u00e7\u00f5es de temporada na Cro\u00e1cia em 2026<\/h2>\n\n\n\n<p>A partir de 1\u00ba de junho de 2026, cada <a href=\"https:\/\/www.em.com.br\/emfoco\/2026\/04\/20\/morador-quita-financiamento-tem-escritura-negada-por-suposta-divida-e-descobre-que-imovel-ainda-estava-no-nome-da-construtora\/\" target=\"_blank\" rel=\"noreferrer noopener\">im\u00f3vel <\/a>de temporada precisar\u00e1 de uma identifica\u00e7\u00e3o oficial obrigat\u00f3ria. Apartamentos, casas de f\u00e9rias e quartos s\u00f3 poder\u00e3o ser anunciados em plataformas digitais se estiverem devidamente registrados, com o n\u00famero vis\u00edvel em an\u00fancios, contratos e materiais de divulga\u00e7\u00e3o.<\/p>\n\n\n\n<p>Na pr\u00e1tica, isso significa menos op\u00e7\u00f5es \u201ccaseiras\u201d e improvisadas em bairros residenciais \u00e0 beira-mar e maior concentra\u00e7\u00e3o de ofertas totalmente regulamentadas. Para o turista, sobretudo quem vem do <strong>Brasil<\/strong>, a vantagem \u00e9 ter mais seguran\u00e7a jur\u00eddica, regras de cancelamento mais claras e menor risco de cair em golpes como an\u00fancios falsos ou reservas sem licen\u00e7a.<\/p>\n\n\n\n<figure class=\"wp-block-image\"><img decoding=\"async\" src=\"https:\/\/www.em.com.br\/emfoco\/wp-content\/uploads\/2026\/03\/ChatGPT-Image-25-de-mar.-de-2026-15_59_47-1-1024x576.png\" alt=\"\"\/><figcaption class=\"wp-element-caption\">Turistas s\u00e3o pegos de surpresa com novas regras na Cro\u00e1cia<\/figcaption><\/figure>\n\n\n\n<h2 class=\"wp-block-heading\">Como funcionar\u00e3o as novas fiscaliza\u00e7\u00f5es para f\u00e9rias na Cro\u00e1cia em 2026<\/h2>\n\n\n\n<p>A fiscaliza\u00e7\u00e3o ser\u00e1 ampliada, com participa\u00e7\u00e3o de autoridades municipais, fiscais, for\u00e7as de ordem locais e postos aduaneiros. O objetivo \u00e9 combater loca\u00e7\u00f5es irregulares, reduzir o impacto em bairros residenciais e fortalecer um turismo mais organizado ao longo da costa.<\/p>\n\n\n\n<p>Para garantir que as f\u00e9rias na Cro\u00e1cia em 2026 ocorram dentro das normas, o turista encontrar\u00e1 mais controles e orienta\u00e7\u00f5es, especialmente em \u00e1reas de grande concentra\u00e7\u00e3o de hospedagens. Entre os principais focos de fiscaliza\u00e7\u00e3o, estar\u00e3o:<\/p>\n\n\n\n<ul class=\"wp-block-list\">\n<li>Checagens frequentes em bairros com muitas hospedagens de curta dura\u00e7\u00e3o;<\/li>\n\n\n\n<li>Verifica\u00e7\u00f5es de documentos e reservas em portos, fronteiras e aeroportos;<\/li>\n\n\n\n<li>Campanhas informativas incentivando reservas apenas em acomoda\u00e7\u00f5es legalizadas;<\/li>\n\n\n\n<li>Multas e bloqueios de an\u00fancios para im\u00f3veis sem registro v\u00e1lido nas plataformas.<\/li>\n<\/ul>\n\n\n\n<h2 class=\"wp-block-heading\">Quais s\u00e3o as novas regras para festas, \u00e1lcool e jovens nas praias croatas<\/h2>\n\n\n\n<p>O pacote de mudan\u00e7as atinge diretamente o comportamento em \u00e1reas tur\u00edsticas, sobretudo onde h\u00e1 festas intensas. Haver\u00e1 restri\u00e7\u00f5es ao consumo de \u00e1lcool em determinadas regi\u00f5es litor\u00e2neas, faixas hor\u00e1rias mais controladas para eventos e poss\u00edveis proibi\u00e7\u00f5es locais ao uso de garrafas de vidro em praias e cal\u00e7ad\u00f5es.<\/p>\n\n\n\n<p>Para refor\u00e7ar a prote\u00e7\u00e3o ao p\u00fablico jovem, energ\u00e9ticos ser\u00e3o liberados apenas para maiores de 18 anos, e alguns munic\u00edpios podem limitar a venda combinada de bebidas alco\u00f3licas e energ\u00e9ticos. Em ilhas e balne\u00e1rios festivos, \u00e9 prov\u00e1vel encontrar placas em ingl\u00eas, avisos sobre sil\u00eancio noturno e opera\u00e7\u00f5es pontuais de fiscaliza\u00e7\u00e3o, com multas para comportamentos abusivos ou que perturbem moradores.<\/p>\n\n\n\n<figure class=\"wp-block-image\"><img decoding=\"async\" src=\"https:\/\/www.em.com.br\/emfoco\/wp-content\/uploads\/2026\/04\/ChatGPT-Image-14-de-abr.-de-2026-10_48_04-1-1024x576.png\" alt=\"\"\/><figcaption class=\"wp-element-caption\">Turistas s\u00e3o pegos de surpresa com novas regras na Cro\u00e1cia<\/figcaption><\/figure>\n\n\n\n<h2 class=\"wp-block-heading\">Como a estrat\u00e9gia de turismo da Cro\u00e1cia se conecta \u00e0s novas regras europeias<\/h2>\n\n\n\n<p>As medidas fazem parte de uma estrat\u00e9gia que prioriza qualidade em vez de quantidade no turismo, em linha com a moderniza\u00e7\u00e3o do controle de fronteiras na Europa. O avan\u00e7o r\u00e1pido das hospedagens na costa croata elevou pre\u00e7os de im\u00f3veis, pressionou a infraestrutura e afetou a rotina de moradores, exigindo mais organiza\u00e7\u00e3o.<\/p>\n\n\n\n<p>Ao controlar melhor os alugu\u00e9is de temporada, impor limites a festas desregradas e integrar dados ao sistema europeu de Entrada\/Sa\u00edda (EES), o pa\u00eds busca equilibrar interesses de residentes e visitantes. A tend\u00eancia inicial \u00e9 redu\u00e7\u00e3o da oferta informal, press\u00e3o tempor\u00e1ria nos pre\u00e7os e, depois, um mercado mais est\u00e1vel, com estadias oficiais melhor avaliadas e mais sustent\u00e1veis.<\/p>\n\n\n\n<h2 class=\"wp-block-heading\">Como brasileiros devem se preparar para viajar \u00e0 Cro\u00e1cia e \u00e0 Europa em 2026<\/h2>\n\n\n\n<p>Para brasileiros, as novas leis croatas se somam ao <strong>EES <\/strong>e \u00e0 futura autoriza\u00e7\u00e3o eletr\u00f4nica <strong><a href=\"https:\/\/www.etiaseu.com.br\/\" target=\"_blank\" rel=\"noreferrer noopener\">ETIAS<\/a><\/strong>, que tornam o controle de entrada e perman\u00eancia na <strong>Europa <\/strong>muito mais rigoroso. O antigo carimbo d\u00e1 lugar a registros digitais com fotos, impress\u00f5es digitais e contagem autom\u00e1tica do limite de 90 dias em 180, deixando \u201cesticadas\u201d ilegais praticamente sem margem.<\/p>\n\n\n\n<p>No caso da Cro\u00e1cia, a fiscaliza\u00e7\u00e3o contra aluguel ilegal impacta diretamente quem usa <strong>Airbnb <\/strong>ou <strong>Booking<\/strong>, pois muitos an\u00fancios informais devem desaparecer, reduzindo a oferta e pressionando pre\u00e7os de hospedagens regularizadas. Planeje com anteced\u00eancia, garanta uma reserva oficial para todo o per\u00edodo da viagem, organize documentos (passaporte, seguro, comprova\u00e7\u00e3o financeira e de retorno) e n\u00e3o deixe para depois: se quiser aproveitar a Cro\u00e1cia em 2026 de forma tranquila e segura, reserve agora antes que as melhores op\u00e7\u00f5es regulamentadas se esgotem.<\/p>\n","protected":false},"excerpt":{"rendered":"<p>Quem pretende passar as f\u00e9rias de ver\u00e3o na Cro\u00e1cia em 2026 vai encontrar um turismo em plena transforma\u00e7\u00e3o: novas regras para loca\u00e7\u00f5es de temporada, fiscaliza\u00e7\u00e3o refor\u00e7ada e limites mais r\u00edgidos para festas e consumo de \u00e1lcool, tudo dentro de uma estrat\u00e9gia nacional para organizar melhor o fluxo de visitantes e reduzir pr\u00e1ticas irregulares ao longo [&hellip;]<\/p>\n","protected":false},"author":11,"featured_media":201622,"comment_status":"open","ping_status":"open","sticky":false,"template":"","format":"standard","meta":{"jnews-multi-image_gallery":[],"jnews_single_post":{"format":"standard"},"jnews_primary_category":[],"jnews_social_meta":[],"jnews_override_counter":[],"footnotes":""},"categories":[26,1],"tags":[1526,1344,9888,1128],"class_list":["post-200832","post","type-post","status-publish","format-standard","has-post-thumbnail","hentry","category-cidades","category-noticias","tag-aluguel","tag-ferias","tag-turistas","tag-viagem"],"yoast_head":"<!-- This site is optimized with the Yoast SEO plugin v23.8 - https:\/\/yoast.com\/wordpress\/plugins\/seo\/ -->\n<title>Novas leis entram em vigor em junho e podem mudar as f\u00e9rias com regras mais r\u00edgidas, menos ofertas e novas exig\u00eancias para turistas - Estado de Minas - Em foco<\/title>\n<meta name=\"description\" content=\"F\u00e9rias na Cro\u00e1cia ter\u00e3o novas exig\u00eancias e fiscaliza\u00e7\u00e3o maior. Entenda regras de aluguel, \u00e1lcool e entrada na Europa.\" \/>\n<meta name=\"robots\" content=\"index, follow, max-snippet:-1, max-image-preview:large, max-video-preview:-1\" \/>\n<link rel=\"canonical\" href=\"https:\/\/www.em.com.br\/emfoco\/2026\/04\/30\/novas-leis-entram-em-vigor-em-junho-e-podem-mudar-as-ferias-com-regras-mais-rigidas-menos-ofertas-e-novas-exigencias-para-turistas\/\" \/>\n<meta property=\"og:locale\" content=\"pt_BR\" \/>\n<meta property=\"og:type\" content=\"article\" \/>\n<meta property=\"og:title\" content=\"Novas leis entram em vigor em junho e podem mudar as f\u00e9rias com regras mais r\u00edgidas, menos ofertas e novas exig\u00eancias para turistas - Estado de Minas - Em foco\" \/>\n<meta property=\"og:description\" content=\"F\u00e9rias na Cro\u00e1cia ter\u00e3o novas exig\u00eancias e fiscaliza\u00e7\u00e3o maior. Entenda regras de aluguel, \u00e1lcool e entrada na Europa.\" \/>\n<meta property=\"og:url\" content=\"https:\/\/www.em.com.br\/emfoco\/2026\/04\/30\/novas-leis-entram-em-vigor-em-junho-e-podem-mudar-as-ferias-com-regras-mais-rigidas-menos-ofertas-e-novas-exigencias-para-turistas\/\" \/>\n<meta property=\"og:site_name\" content=\"Estado de Minas - Em foco\" \/>\n<meta property=\"article:published_time\" content=\"2026-04-30T13:25:00+00:00\" \/>\n<meta property=\"article:modified_time\" content=\"2026-04-29T19:46:14+00:00\" \/>\n<meta property=\"og:image\" content=\"https:\/\/www.em.com.br\/emfoco\/wp-content\/uploads\/2026\/04\/EmFoco_26-9.jpg\" \/>\n\t<meta property=\"og:image:width\" content=\"1280\" \/>\n\t<meta property=\"og:image:height\" content=\"720\" \/>\n\t<meta property=\"og:image:type\" content=\"image\/jpeg\" \/>\n<meta name=\"author\" content=\"Andre\u0301 Rangel\u00a0\" \/>\n<meta name=\"twitter:card\" content=\"summary_large_image\" \/>\n<meta name=\"twitter:label1\" content=\"Escrito por\" \/>\n\t<meta name=\"twitter:data1\" content=\"Andre\u0301 Rangel\u00a0\" \/>\n\t<meta name=\"twitter:label2\" content=\"Est. tempo de leitura\" \/>\n\t<meta name=\"twitter:data2\" content=\"5 minutos\" \/>\n<!-- \/ Yoast SEO plugin. -->","yoast_head_json":{"title":"Novas leis entram em vigor em junho e podem mudar as f\u00e9rias com regras mais r\u00edgidas, menos ofertas e novas exig\u00eancias para turistas - Estado de Minas - Em foco","description":"F\u00e9rias na Cro\u00e1cia ter\u00e3o novas exig\u00eancias e fiscaliza\u00e7\u00e3o maior. Entenda regras de aluguel, \u00e1lcool e entrada na Europa.","robots":{"index":"index","follow":"follow","max-snippet":"max-snippet:-1","max-image-preview":"max-image-preview:large","max-video-preview":"max-video-preview:-1"},"canonical":"https:\/\/www.em.com.br\/emfoco\/2026\/04\/30\/novas-leis-entram-em-vigor-em-junho-e-podem-mudar-as-ferias-com-regras-mais-rigidas-menos-ofertas-e-novas-exigencias-para-turistas\/","og_locale":"pt_BR","og_type":"article","og_title":"Novas leis entram em vigor em junho e podem mudar as f\u00e9rias com regras mais r\u00edgidas, menos ofertas e novas exig\u00eancias para turistas - Estado de Minas - Em foco","og_description":"F\u00e9rias na Cro\u00e1cia ter\u00e3o novas exig\u00eancias e fiscaliza\u00e7\u00e3o maior. Entenda regras de aluguel, \u00e1lcool e entrada na Europa.","og_url":"https:\/\/www.em.com.br\/emfoco\/2026\/04\/30\/novas-leis-entram-em-vigor-em-junho-e-podem-mudar-as-ferias-com-regras-mais-rigidas-menos-ofertas-e-novas-exigencias-para-turistas\/","og_site_name":"Estado de Minas - Em foco","article_published_time":"2026-04-30T13:25:00+00:00","article_modified_time":"2026-04-29T19:46:14+00:00","og_image":[{"width":1280,"height":720,"url":"https:\/\/www.em.com.br\/emfoco\/wp-content\/uploads\/2026\/04\/EmFoco_26-9.jpg","type":"image\/jpeg"}],"author":"Andre\u0301 Rangel\u00a0","twitter_card":"summary_large_image","twitter_misc":{"Escrito por":"Andre\u0301 Rangel\u00a0","Est. tempo de leitura":"5 minutos"},"schema":{"@context":"https:\/\/schema.org","@graph":[{"@type":"WebPage","@id":"https:\/\/www.em.com.br\/emfoco\/2026\/04\/30\/novas-leis-entram-em-vigor-em-junho-e-podem-mudar-as-ferias-com-regras-mais-rigidas-menos-ofertas-e-novas-exigencias-para-turistas\/","url":"https:\/\/www.em.com.br\/emfoco\/2026\/04\/30\/novas-leis-entram-em-vigor-em-junho-e-podem-mudar-as-ferias-com-regras-mais-rigidas-menos-ofertas-e-novas-exigencias-para-turistas\/","name":"Novas leis entram em vigor em junho e podem mudar as f\u00e9rias com regras mais r\u00edgidas, menos ofertas e novas exig\u00eancias para turistas - Estado de Minas - Em foco","isPartOf":{"@id":"https:\/\/www.em.com.br\/emfoco\/#website"},"primaryImageOfPage":{"@id":"https:\/\/www.em.com.br\/emfoco\/2026\/04\/30\/novas-leis-entram-em-vigor-em-junho-e-podem-mudar-as-ferias-com-regras-mais-rigidas-menos-ofertas-e-novas-exigencias-para-turistas\/#primaryimage"},"image":{"@id":"https:\/\/www.em.com.br\/emfoco\/2026\/04\/30\/novas-leis-entram-em-vigor-em-junho-e-podem-mudar-as-ferias-com-regras-mais-rigidas-menos-ofertas-e-novas-exigencias-para-turistas\/#primaryimage"},"thumbnailUrl":"https:\/\/www.em.com.br\/emfoco\/wp-content\/uploads\/2026\/04\/EmFoco_26-9.jpg","datePublished":"2026-04-30T13:25:00+00:00","dateModified":"2026-04-29T19:46:14+00:00","author":{"@id":"https:\/\/www.em.com.br\/emfoco\/#\/schema\/person\/60eda09c1fedf0d6891f4cef4b60b8b8"},"description":"F\u00e9rias na Cro\u00e1cia ter\u00e3o novas exig\u00eancias e fiscaliza\u00e7\u00e3o maior. Entenda regras de aluguel, \u00e1lcool e entrada na Europa.","breadcrumb":{"@id":"https:\/\/www.em.com.br\/emfoco\/2026\/04\/30\/novas-leis-entram-em-vigor-em-junho-e-podem-mudar-as-ferias-com-regras-mais-rigidas-menos-ofertas-e-novas-exigencias-para-turistas\/#breadcrumb"},"inLanguage":"pt-BR","potentialAction":[{"@type":"ReadAction","target":["https:\/\/www.em.com.br\/emfoco\/2026\/04\/30\/novas-leis-entram-em-vigor-em-junho-e-podem-mudar-as-ferias-com-regras-mais-rigidas-menos-ofertas-e-novas-exigencias-para-turistas\/"]}]},{"@type":"ImageObject","inLanguage":"pt-BR","@id":"https:\/\/www.em.com.br\/emfoco\/2026\/04\/30\/novas-leis-entram-em-vigor-em-junho-e-podem-mudar-as-ferias-com-regras-mais-rigidas-menos-ofertas-e-novas-exigencias-para-turistas\/#primaryimage","url":"https:\/\/www.em.com.br\/emfoco\/wp-content\/uploads\/2026\/04\/EmFoco_26-9.jpg","contentUrl":"https:\/\/www.em.com.br\/emfoco\/wp-content\/uploads\/2026\/04\/EmFoco_26-9.jpg","width":1280,"height":720,"caption":"Novas regras de loca\u00e7\u00e3o e fiscaliza\u00e7\u00e3o organizam o fluxo de visitantes no Adri\u00e1tico"},{"@type":"BreadcrumbList","@id":"https:\/\/www.em.com.br\/emfoco\/2026\/04\/30\/novas-leis-entram-em-vigor-em-junho-e-podem-mudar-as-ferias-com-regras-mais-rigidas-menos-ofertas-e-novas-exigencias-para-turistas\/#breadcrumb","itemListElement":[{"@type":"ListItem","position":1,"name":"In\u00edcio","item":"https:\/\/www.em.com.br\/emfoco\/"},{"@type":"ListItem","position":2,"name":"Novas leis entram em vigor em junho e podem mudar as f\u00e9rias com regras mais r\u00edgidas, menos ofertas e novas exig\u00eancias para turistas"}]},{"@type":"WebSite","@id":"https:\/\/www.em.com.br\/emfoco\/#website","url":"https:\/\/www.em.com.br\/emfoco\/","name":"Estado de Minas - Em foco","description":"Acompanhe as \u00faltimas not\u00edcias e fique bem informado sobre tudo o que acontece em Minas Gerais, Brasil e no mundo.","potentialAction":[{"@type":"SearchAction","target":{"@type":"EntryPoint","urlTemplate":"https:\/\/www.em.com.br\/emfoco\/?s={search_term_string}"},"query-input":{"@type":"PropertyValueSpecification","valueRequired":true,"valueName":"search_term_string"}}],"inLanguage":"pt-BR"},{"@type":"Person","@id":"https:\/\/www.em.com.br\/emfoco\/#\/schema\/person\/60eda09c1fedf0d6891f4cef4b60b8b8","name":"Andre\u0301 Rangel\u00a0","image":{"@type":"ImageObject","inLanguage":"pt-BR","@id":"https:\/\/www.em.com.br\/emfoco\/#\/schema\/person\/image\/","url":"https:\/\/secure.gravatar.com\/avatar\/6234dc814c77c8ef6d8bba622c787efc?s=96&d=mm&r=g","contentUrl":"https:\/\/secure.gravatar.com\/avatar\/6234dc814c77c8ef6d8bba622c787efc?s=96&d=mm&r=g","caption":"Andre\u0301 Rangel\u00a0"},"url":"https:\/\/www.em.com.br\/emfoco\/author\/luizmyth\/"}]}},"_links":{"self":[{"href":"https:\/\/www.em.com.br\/emfoco\/wp-json\/wp\/v2\/posts\/200832","targetHints":{"allow":["GET"]}}],"collection":[{"href":"https:\/\/www.em.com.br\/emfoco\/wp-json\/wp\/v2\/posts"}],"about":[{"href":"https:\/\/www.em.com.br\/emfoco\/wp-json\/wp\/v2\/types\/post"}],"author":[{"embeddable":true,"href":"https:\/\/www.em.com.br\/emfoco\/wp-json\/wp\/v2\/users\/11"}],"replies":[{"embeddable":true,"href":"https:\/\/www.em.com.br\/emfoco\/wp-json\/wp\/v2\/comments?post=200832"}],"version-history":[{"count":2,"href":"https:\/\/www.em.com.br\/emfoco\/wp-json\/wp\/v2\/posts\/200832\/revisions"}],"predecessor-version":[{"id":200839,"href":"https:\/\/www.em.com.br\/emfoco\/wp-json\/wp\/v2\/posts\/200832\/revisions\/200839"}],"wp:featuredmedia":[{"embeddable":true,"href":"https:\/\/www.em.com.br\/emfoco\/wp-json\/wp\/v2\/media\/201622"}],"wp:attachment":[{"href":"https:\/\/www.em.com.br\/emfoco\/wp-json\/wp\/v2\/media?parent=200832"}],"wp:term":[{"taxonomy":"category","embeddable":true,"href":"https:\/\/www.em.com.br\/emfoco\/wp-json\/wp\/v2\/categories?post=200832"},{"taxonomy":"post_tag","embeddable":true,"href":"https:\/\/www.em.com.br\/emfoco\/wp-json\/wp\/v2\/tags?post=200832"}],"curies":[{"name":"wp","href":"https:\/\/api.w.org\/{rel}","templated":true}]}}