{"id":200826,"date":"2026-04-29T05:50:00","date_gmt":"2026-04-29T08:50:00","guid":{"rendered":"https:\/\/www.em.com.br\/emfoco\/?p=200826"},"modified":"2026-04-29T05:58:58","modified_gmt":"2026-04-29T08:58:58","slug":"autoridades-confirmam-alteracoes-no-calendario-escolar-de-maio-em-sao-paulo-rio-de-janeiro-minas-geraisparana-tocantins-pernambuco-mato-do-grosso-e-rio-grande-do-sul","status":"publish","type":"post","link":"https:\/\/www.em.com.br\/emfoco\/2026\/04\/29\/autoridades-confirmam-alteracoes-no-calendario-escolar-de-maio-em-sao-paulo-rio-de-janeiro-minas-geraisparana-tocantins-pernambuco-mato-do-grosso-e-rio-grande-do-sul\/","title":{"rendered":"Autoridades confirmam altera\u00e7\u00f5es no calend\u00e1rio escolar de maio em S\u00e3o Paulo, Rio de Janeiro, Minas Gerais, Paran\u00e1, Tocantins, Pernambuco, Mato do Grosso e Rio Grande do Sul"},"content":{"rendered":"\n<p>Quem organiza o dia a dia com base no hor\u00e1rio escolar sabe que uma \u00fanica folga fora de hora pode desmontar a semana inteira. Em maio de 2026, o\u00a0<strong>calend\u00e1rio escolar<\/strong>\u00a0combina o feriado nacional do Dia do Trabalho numa sexta-feira, feriados municipais que variam cidade a cidade, s\u00e1bados letivos em algumas redes e datas pedag\u00f3gicas que tiram os alunos de sala sem aviso nos grupos de WhatsApp. O resultado pr\u00e1tico \u00e9 uma sequ\u00eancia de interrup\u00e7\u00f5es que pede planejamento real especialmente de quem depende da escola para organizar trabalho, transporte e cuidados com os filhos.<\/p>\n\n\n\n<h2 class=\"wp-block-heading\">Quais s\u00e3o as datas que mudam a rotina escolar em maio?<\/h2>\n\n\n\n<p>O \u00fanico feriado nacional do m\u00eas \u00e9 o\u00a0<strong>Dia do Trabalho<\/strong>, em 1\u00ba de maio, que em 2026 cai numa sexta-feira. Para as fam\u00edlias, isso significa um fim de semana prolongado de tr\u00eas dias \u2014 mas tamb\u00e9m reposi\u00e7\u00e3o de aulas em algumas escolas que usam esse tipo de folga para justificar s\u00e1bados letivos. A legisla\u00e7\u00e3o federal prev\u00ea que, durante feriados nacionais, as escolas ajustem o cronograma escolar, o que inclui redistribui\u00e7\u00e3o de conte\u00fados e, em muitos casos, s\u00e1bados letivos ao longo do ano para compensar a carga hor\u00e1ria.<\/p>\n\n\n\n<p>Al\u00e9m do feriado nacional, o m\u00eas traz outras datas que afetam o calend\u00e1rio conforme a cidade. Os principais pontos de aten\u00e7\u00e3o s\u00e3o:<\/p>\n\n\n\n<ul class=\"wp-block-list\">\n<li><strong>1\u00ba de maio (sexta-feira):<\/strong>&nbsp;Dia do Trabalho \u2014 feriado nacional, escolas fechadas em todo o Brasil<\/li>\n\n\n\n<li><strong>10 de maio (domingo):<\/strong>&nbsp;Dia das M\u00e3es \u2014 n\u00e3o \u00e9 feriado, mas muitas escolas realizam eventos no s\u00e1bado anterior ou durante a semana, alterando o hor\u00e1rio das aulas<\/li>\n\n\n\n<li><strong>13 de maio (quarta-feira):<\/strong>&nbsp;Aboli\u00e7\u00e3o da Escravatura \u2014 n\u00e3o \u00e9 feriado nacional, mas alguns munic\u00edpios decretam folga local; vale checar a prefeitura da sua cidade<\/li>\n\n\n\n<li><strong>S\u00e1bados letivos:<\/strong>&nbsp;algumas redes estaduais e municipais inclu\u00edram dias de s\u00e1bado no calend\u00e1rio para compensar feriados \u2014 consulte o calend\u00e1rio oficial da escola<\/li>\n\n\n\n<li><strong>Datas pedag\u00f3gicas:<\/strong>&nbsp;reuni\u00f5es de pais, jornadas pedag\u00f3gicas e avalia\u00e7\u00f5es diagn\u00f3sticas variam por escola e n\u00e3o seguem um padr\u00e3o \u00fanico entre redes p\u00fablica e particular<\/li>\n<\/ul>\n\n\n\n<figure class=\"wp-block-image size-large\"><img loading=\"lazy\" decoding=\"async\" width=\"1024\" height=\"576\" src=\"https:\/\/www.em.com.br\/emfoco\/wp-content\/uploads\/2026\/04\/ChatGPT-Image-29-de-abr.-de-2026-10_52_34-1024x576.png\" alt=\"\" class=\"wp-image-201209\" srcset=\"https:\/\/www.em.com.br\/emfoco\/wp-content\/uploads\/2026\/04\/ChatGPT-Image-29-de-abr.-de-2026-10_52_34-1024x576.png 1024w, https:\/\/www.em.com.br\/emfoco\/wp-content\/uploads\/2026\/04\/ChatGPT-Image-29-de-abr.-de-2026-10_52_34-300x169.png 300w, https:\/\/www.em.com.br\/emfoco\/wp-content\/uploads\/2026\/04\/ChatGPT-Image-29-de-abr.-de-2026-10_52_34-768x432.png 768w, https:\/\/www.em.com.br\/emfoco\/wp-content\/uploads\/2026\/04\/ChatGPT-Image-29-de-abr.-de-2026-10_52_34-1536x864.png 1536w, https:\/\/www.em.com.br\/emfoco\/wp-content\/uploads\/2026\/04\/ChatGPT-Image-29-de-abr.-de-2026-10_52_34-750x422.png 750w, https:\/\/www.em.com.br\/emfoco\/wp-content\/uploads\/2026\/04\/ChatGPT-Image-29-de-abr.-de-2026-10_52_34-1140x642.png 1140w, https:\/\/www.em.com.br\/emfoco\/wp-content\/uploads\/2026\/04\/ChatGPT-Image-29-de-abr.-de-2026-10_52_34.png 1672w\" sizes=\"auto, (max-width: 1024px) 100vw, 1024px\" \/><figcaption class=\"wp-element-caption\">Maio de 2026 muda calend\u00e1rio escolar e exige planejamento das fam\u00edlias com folgas e reposi\u00e7\u00f5es<\/figcaption><\/figure>\n\n\n\n<h2 class=\"wp-block-heading\">Por que o calend\u00e1rio muda de cidade para cidade?<\/h2>\n\n\n\n<p>O Brasil tem um sistema educacional descentralizado: cada munic\u00edpio e cada estado define seu pr\u00f3prio\u00a0<strong>calend\u00e1rio letivo<\/strong>, desde que cumpra o m\u00ednimo legal de 200 dias de aula previsto na Lei de Diretrizes e Bases da Educa\u00e7\u00e3o. Na pr\u00e1tica, isso significa que uma crian\u00e7a em S\u00e3o Paulo pode ter aula num dia em que o primo em Recife est\u00e1 de folga  e vice-versa.<\/p>\n\n\n\n<p>Em 2026, as diferen\u00e7as ficaram ainda mais vis\u00edveis. Algumas redes estaduais adotaram o modelo trimestral em substitui\u00e7\u00e3o aos quatro bimestres tradicionais, o que muda os per\u00edodos de avalia\u00e7\u00e3o e os intervalos entre m\u00f3dulos. Outras redes passaram a incluir s\u00e1bados letivos com atividades diferenciadas que contam como dias letivos, mas exigem presen\u00e7a de alunos em fins de semana. Isso afeta diretamente a log\u00edstica de fam\u00edlias que trabalham de segunda a s\u00e1bado.<\/p>\n\n\n\n<h2 class=\"wp-block-heading\">Como funciona o calend\u00e1rio nas principais redes p\u00fablicas em maio?<\/h2>\n\n\n\n<p>As redes municipais de S\u00e3o Paulo e do Rio de Janeiro, que atendem juntas mais de 1,5 milh\u00e3o de alunos, publicaram calend\u00e1rios com estruturas diferentes para o segundo bimestre. Veja como cada uma organiza maio:<\/p>\n\n\n\n<figure class=\"wp-block-table\"><table class=\"has-fixed-layout\"><thead><tr><th>Rede de ensino<\/th><th>Estrutura do per\u00edodo<\/th><th>Observa\u00e7\u00e3o para maio<\/th><\/tr><\/thead><tbody><tr><td>Rede Estadual SP<\/td><td>4 bimestres \u2014 fim do 1\u00ba bimestre em 30 de abril<\/td><td>Maio inicia o 2\u00ba bimestre; feriado de 1\/5 pode gerar s\u00e1bado letivo<\/td><\/tr><tr><td>Rede Municipal SP<\/td><td>4 bimestres \u2014 2\u00ba bimestre de 4 de maio a 3 de julho<\/td><td>In\u00edcio de bimestre logo ap\u00f3s o feriado; reuni\u00f5es pedag\u00f3gicas previstas<\/td><\/tr><tr><td>Rede Municipal RJ<\/td><td>Calend\u00e1rio pr\u00f3prio aprovado pela SME-Rio<\/td><td>Datas espec\u00edficas publicadas na Resolu\u00e7\u00e3o SME n\u00ba 550\/2025<\/td><\/tr><tr><td>Escolas particulares<\/td><td>Seguem refer\u00eancia estadual ou calend\u00e1rio pr\u00f3prio<\/td><td>Variam por institui\u00e7\u00e3o; confirmar diretamente com a escola<\/td><\/tr><\/tbody><\/table><\/figure>\n\n\n\n<h2 class=\"wp-block-heading\">Cidades que param em maio por feriado municipal<\/h2>\n\n\n\n<p><br>Em maio de 2026, al\u00e9m do feriado nacional do Dia do Trabalho, um punhado de munic\u00edpios brasileiros ter\u00e1 escolas e servi\u00e7os fechados por datas exclusivamente locais.<\/p>\n\n\n\n<ul class=\"wp-block-list\">\n<li><strong>Angico (TO)<\/strong> \u2014 13 de maio, Aboli\u00e7\u00e3o da Escravatura<\/li>\n\n\n\n<li> <strong>Cianorte (PR)<\/strong> \u2014 13 de maio, Dia de Nossa Senhora de F\u00e1tima <\/li>\n\n\n\n<li><strong>Ribeir\u00e3o Claro (PR)<\/strong> \u2014 13 de maio, anivers\u00e1rio da cidade <\/li>\n\n\n\n<li><strong>Sorriso (MT)<\/strong> \u2014 13 de maio, anivers\u00e1rio da cidade <\/li>\n\n\n\n<li><strong>Arraial do Cabo (RJ)<\/strong> \u2014 13 de maio, anivers\u00e1rio da cidade <\/li>\n\n\n\n<li><strong>Cristina (MG)<\/strong> \u2014 13 de maio, anivers\u00e1rio da cidade <\/li>\n\n\n\n<li><strong>Po\u00e7os de Caldas (MG)<\/strong> \u2014 13 de maio, Dia da Festa de S\u00e3o Benedit<\/li>\n\n\n\n<li>J<strong>aboat\u00e3o dos Guararapes (PE)<\/strong> \u2014 4 de maio, anivers\u00e1rio do munic\u00edpio <\/li>\n\n\n\n<li><strong>Caxias do Sul (RS)<\/strong> \u2014 26 de maio, Dia de Nossa Senhora de Caravaggio<\/li>\n<\/ul>\n\n\n\n<figure class=\"wp-block-image size-large\"><img loading=\"lazy\" decoding=\"async\" width=\"1024\" height=\"572\" src=\"https:\/\/www.em.com.br\/emfoco\/wp-content\/uploads\/2026\/04\/magnific_calendario-do-mes-de-maio_2887853934-1024x572.jpeg\" alt=\"\" class=\"wp-image-201210\" srcset=\"https:\/\/www.em.com.br\/emfoco\/wp-content\/uploads\/2026\/04\/magnific_calendario-do-mes-de-maio_2887853934-1024x572.jpeg 1024w, https:\/\/www.em.com.br\/emfoco\/wp-content\/uploads\/2026\/04\/magnific_calendario-do-mes-de-maio_2887853934-300x167.jpeg 300w, https:\/\/www.em.com.br\/emfoco\/wp-content\/uploads\/2026\/04\/magnific_calendario-do-mes-de-maio_2887853934-768x429.jpeg 768w, https:\/\/www.em.com.br\/emfoco\/wp-content\/uploads\/2026\/04\/magnific_calendario-do-mes-de-maio_2887853934-750x419.jpeg 750w, https:\/\/www.em.com.br\/emfoco\/wp-content\/uploads\/2026\/04\/magnific_calendario-do-mes-de-maio_2887853934-1140x636.jpeg 1140w, https:\/\/www.em.com.br\/emfoco\/wp-content\/uploads\/2026\/04\/magnific_calendario-do-mes-de-maio_2887853934.jpeg 1376w\" sizes=\"auto, (max-width: 1024px) 100vw, 1024px\" \/><figcaption class=\"wp-element-caption\">Dia do Trabalho em maio de 2026 prolonga fim de semana e pode gerar s\u00e1bados letivos nas escolas<\/figcaption><\/figure>\n\n\n\n<p>Alguns cuidados pr\u00e1ticos que ajudam a evitar surpresas ao longo do m\u00eas:<\/p>\n\n\n\n<ul class=\"wp-block-list\">\n<li>Solicitar o calend\u00e1rio impresso ou digital da escola no in\u00edcio do bimestre, especificando os s\u00e1bados letivos previstos<\/li>\n\n\n\n<li>Verificar com a prefeitura se o munic\u00edpio onde a escola fica decreta feriado em 13 de maio \u2014 a data afeta principalmente cidades do interior de Minas Gerais, S\u00e3o Paulo e do Nordeste<\/li>\n\n\n\n<li>Confirmar se eventos do Dia das M\u00e3es na escola ter\u00e3o impacto no hor\u00e1rio de sa\u00edda na semana do dia 10<\/li>\n\n\n\n<li>Checar o calend\u00e1rio da rede particular separadamente, pois ela n\u00e3o \u00e9 obrigada a seguir o calend\u00e1rio municipal<\/li>\n\n\n\n<li>Alinhar com o transporte escolar com pelo menos uma semana de anteced\u00eancia quando houver mudan\u00e7a de hor\u00e1rio ou dia sem aula<\/li>\n<\/ul>\n\n\n\n<h2 class=\"wp-block-heading\">Onde consultar o calend\u00e1rio oficial da sua escola?<\/h2>\n\n\n\n<p>Quem precisa de informa\u00e7\u00e3o exata n\u00e3o deve depender dos grupos de WhatsApp de pais. O calend\u00e1rio escolar oficial est\u00e1 dispon\u00edvel nos sites das secretarias estaduais e municipais de educa\u00e7\u00e3o, nos portais das prefeituras e, quando se trata de escola particular, diretamente com a coordena\u00e7\u00e3o pedag\u00f3gica. Para S\u00e3o Paulo, a fonte prim\u00e1ria \u00e9 a&nbsp;<a href=\"https:\/\/prefeitura.sp.gov.br\/w\/ano-letivo-na-rede-municipal-da-capital-come%C3%A7a-em-4-de-fevereiro-veja-o-calend%C3%A1rio-de-2026\" target=\"_blank\" rel=\"noreferrer noopener\"><strong>Prefeitura de S\u00e3o Paulo<\/strong><\/a>&nbsp;via Instru\u00e7\u00e3o Normativa SME n\u00ba 49\/2025. Para o Rio, a refer\u00eancia \u00e9 o site da&nbsp;<strong>Secretaria Municipal de Educa\u00e7\u00e3o<\/strong>&nbsp;do Rio de Janeiro, com o calend\u00e1rio publicado em resolu\u00e7\u00e3o oficial.<\/p>\n\n\n\n<p>Maio costuma ser o m\u00eas em que as fam\u00edlias percebem que precisavam ter organizado o segundo bimestre com mais anteced\u00eancia. A li\u00e7\u00e3o mais barata \u00e9 checar o calend\u00e1rio agora, antes que a sexta-feira de feriado chegue com surpresas na agenda de trabalho e sem bab\u00e1 reservada.<\/p>\n","protected":false},"excerpt":{"rendered":"<p>Quem organiza o dia a dia com base no hor\u00e1rio escolar sabe que uma \u00fanica folga fora de hora pode desmontar a semana inteira. Em maio de 2026, o\u00a0calend\u00e1rio escolar\u00a0combina o feriado nacional do Dia do Trabalho numa sexta-feira, feriados municipais que variam cidade a cidade, s\u00e1bados letivos em algumas redes e datas pedag\u00f3gicas que [&hellip;]<\/p>\n","protected":false},"author":19,"featured_media":201213,"comment_status":"open","ping_status":"open","sticky":false,"template":"","format":"standard","meta":{"jnews-multi-image_gallery":[],"jnews_single_post":{"format":"standard"},"jnews_primary_category":[],"jnews_social_meta":[],"jnews_override_counter":[],"footnotes":""},"categories":[1],"tags":[16200,28975,15149,3688],"class_list":["post-200826","post","type-post","status-publish","format-standard","has-post-thumbnail","hentry","category-noticias","tag-aulas","tag-autoridades-escolares","tag-calendario-escolar","tag-escolas"],"yoast_head":"<!-- This site is optimized with the Yoast SEO plugin v23.8 - https:\/\/yoast.com\/wordpress\/plugins\/seo\/ -->\n<title>Autoridades confirmam altera\u00e7\u00f5es no calend\u00e1rio escolar de maio em S\u00e3o Paulo, Rio de Janeiro, Minas Gerais, Paran\u00e1, Tocantins, Pernambuco, Mato do Grosso e Rio Grande do Sul - Estado de Minas - Em foco<\/title>\n<meta name=\"description\" content=\"Calend\u00e1rio escolar de maio 2026 tem feriado na sexta, s\u00e1bados letivos e datas municipais variadas. Veja o que muda em SP e RJ e como organizar a rotina das crian\u00e7as.\" \/>\n<meta name=\"robots\" content=\"index, follow, max-snippet:-1, max-image-preview:large, max-video-preview:-1\" \/>\n<link rel=\"canonical\" href=\"https:\/\/www.em.com.br\/emfoco\/2026\/04\/29\/autoridades-confirmam-alteracoes-no-calendario-escolar-de-maio-em-sao-paulo-rio-de-janeiro-minas-geraisparana-tocantins-pernambuco-mato-do-grosso-e-rio-grande-do-sul\/\" \/>\n<meta property=\"og:locale\" content=\"pt_BR\" \/>\n<meta property=\"og:type\" content=\"article\" \/>\n<meta property=\"og:title\" content=\"Autoridades confirmam altera\u00e7\u00f5es no calend\u00e1rio escolar de maio em S\u00e3o Paulo, Rio de Janeiro, Minas Gerais, Paran\u00e1, Tocantins, Pernambuco, Mato do Grosso e Rio Grande do Sul - Estado de Minas - Em foco\" \/>\n<meta property=\"og:description\" content=\"Calend\u00e1rio escolar de maio 2026 tem feriado na sexta, s\u00e1bados letivos e datas municipais variadas. Veja o que muda em SP e RJ e como organizar a rotina das crian\u00e7as.\" \/>\n<meta property=\"og:url\" content=\"https:\/\/www.em.com.br\/emfoco\/2026\/04\/29\/autoridades-confirmam-alteracoes-no-calendario-escolar-de-maio-em-sao-paulo-rio-de-janeiro-minas-geraisparana-tocantins-pernambuco-mato-do-grosso-e-rio-grande-do-sul\/\" \/>\n<meta property=\"og:site_name\" content=\"Estado de Minas - Em foco\" \/>\n<meta property=\"article:published_time\" content=\"2026-04-29T08:50:00+00:00\" \/>\n<meta property=\"article:modified_time\" content=\"2026-04-29T08:58:58+00:00\" \/>\n<meta property=\"og:image\" content=\"https:\/\/www.em.com.br\/emfoco\/wp-content\/uploads\/2026\/04\/ChatGPT-Image-29-de-abr.-de-2026-10_58_05.png\" \/>\n\t<meta property=\"og:image:width\" content=\"1672\" \/>\n\t<meta property=\"og:image:height\" content=\"941\" \/>\n\t<meta property=\"og:image:type\" content=\"image\/png\" \/>\n<meta name=\"author\" content=\"Vanessa Tavares\" \/>\n<meta name=\"twitter:card\" content=\"summary_large_image\" \/>\n<meta name=\"twitter:label1\" content=\"Escrito por\" \/>\n\t<meta name=\"twitter:data1\" content=\"Vanessa Tavares\" \/>\n\t<meta name=\"twitter:label2\" content=\"Est. tempo de leitura\" \/>\n\t<meta name=\"twitter:data2\" content=\"7 minutos\" \/>\n<!-- \/ Yoast SEO plugin. -->","yoast_head_json":{"title":"Autoridades confirmam altera\u00e7\u00f5es no calend\u00e1rio escolar de maio em S\u00e3o Paulo, Rio de Janeiro, Minas Gerais, Paran\u00e1, Tocantins, Pernambuco, Mato do Grosso e Rio Grande do Sul - Estado de Minas - Em foco","description":"Calend\u00e1rio escolar de maio 2026 tem feriado na sexta, s\u00e1bados letivos e datas municipais variadas. Veja o que muda em SP e RJ e como organizar a rotina das crian\u00e7as.","robots":{"index":"index","follow":"follow","max-snippet":"max-snippet:-1","max-image-preview":"max-image-preview:large","max-video-preview":"max-video-preview:-1"},"canonical":"https:\/\/www.em.com.br\/emfoco\/2026\/04\/29\/autoridades-confirmam-alteracoes-no-calendario-escolar-de-maio-em-sao-paulo-rio-de-janeiro-minas-geraisparana-tocantins-pernambuco-mato-do-grosso-e-rio-grande-do-sul\/","og_locale":"pt_BR","og_type":"article","og_title":"Autoridades confirmam altera\u00e7\u00f5es no calend\u00e1rio escolar de maio em S\u00e3o Paulo, Rio de Janeiro, Minas Gerais, Paran\u00e1, Tocantins, Pernambuco, Mato do Grosso e Rio Grande do Sul - Estado de Minas - Em foco","og_description":"Calend\u00e1rio escolar de maio 2026 tem feriado na sexta, s\u00e1bados letivos e datas municipais variadas. Veja o que muda em SP e RJ e como organizar a rotina das crian\u00e7as.","og_url":"https:\/\/www.em.com.br\/emfoco\/2026\/04\/29\/autoridades-confirmam-alteracoes-no-calendario-escolar-de-maio-em-sao-paulo-rio-de-janeiro-minas-geraisparana-tocantins-pernambuco-mato-do-grosso-e-rio-grande-do-sul\/","og_site_name":"Estado de Minas - Em foco","article_published_time":"2026-04-29T08:50:00+00:00","article_modified_time":"2026-04-29T08:58:58+00:00","og_image":[{"width":1672,"height":941,"url":"https:\/\/www.em.com.br\/emfoco\/wp-content\/uploads\/2026\/04\/ChatGPT-Image-29-de-abr.-de-2026-10_58_05.png","type":"image\/png"}],"author":"Vanessa Tavares","twitter_card":"summary_large_image","twitter_misc":{"Escrito por":"Vanessa Tavares","Est. tempo de leitura":"7 minutos"},"schema":{"@context":"https:\/\/schema.org","@graph":[{"@type":"WebPage","@id":"https:\/\/www.em.com.br\/emfoco\/2026\/04\/29\/autoridades-confirmam-alteracoes-no-calendario-escolar-de-maio-em-sao-paulo-rio-de-janeiro-minas-geraisparana-tocantins-pernambuco-mato-do-grosso-e-rio-grande-do-sul\/","url":"https:\/\/www.em.com.br\/emfoco\/2026\/04\/29\/autoridades-confirmam-alteracoes-no-calendario-escolar-de-maio-em-sao-paulo-rio-de-janeiro-minas-geraisparana-tocantins-pernambuco-mato-do-grosso-e-rio-grande-do-sul\/","name":"Autoridades confirmam altera\u00e7\u00f5es no calend\u00e1rio escolar de maio em S\u00e3o Paulo, Rio de Janeiro, Minas Gerais, Paran\u00e1, Tocantins, Pernambuco, Mato do Grosso e Rio Grande do Sul - Estado de Minas - Em foco","isPartOf":{"@id":"https:\/\/www.em.com.br\/emfoco\/#website"},"primaryImageOfPage":{"@id":"https:\/\/www.em.com.br\/emfoco\/2026\/04\/29\/autoridades-confirmam-alteracoes-no-calendario-escolar-de-maio-em-sao-paulo-rio-de-janeiro-minas-geraisparana-tocantins-pernambuco-mato-do-grosso-e-rio-grande-do-sul\/#primaryimage"},"image":{"@id":"https:\/\/www.em.com.br\/emfoco\/2026\/04\/29\/autoridades-confirmam-alteracoes-no-calendario-escolar-de-maio-em-sao-paulo-rio-de-janeiro-minas-geraisparana-tocantins-pernambuco-mato-do-grosso-e-rio-grande-do-sul\/#primaryimage"},"thumbnailUrl":"https:\/\/www.em.com.br\/emfoco\/wp-content\/uploads\/2026\/04\/ChatGPT-Image-29-de-abr.-de-2026-10_58_05.png","datePublished":"2026-04-29T08:50:00+00:00","dateModified":"2026-04-29T08:58:58+00:00","author":{"@id":"https:\/\/www.em.com.br\/emfoco\/#\/schema\/person\/4a7a157aac450b98edc86f15a7434f0b"},"description":"Calend\u00e1rio escolar de maio 2026 tem feriado na sexta, s\u00e1bados letivos e datas municipais variadas. Veja o que muda em SP e RJ e como organizar a rotina das crian\u00e7as.","breadcrumb":{"@id":"https:\/\/www.em.com.br\/emfoco\/2026\/04\/29\/autoridades-confirmam-alteracoes-no-calendario-escolar-de-maio-em-sao-paulo-rio-de-janeiro-minas-geraisparana-tocantins-pernambuco-mato-do-grosso-e-rio-grande-do-sul\/#breadcrumb"},"inLanguage":"pt-BR","potentialAction":[{"@type":"ReadAction","target":["https:\/\/www.em.com.br\/emfoco\/2026\/04\/29\/autoridades-confirmam-alteracoes-no-calendario-escolar-de-maio-em-sao-paulo-rio-de-janeiro-minas-geraisparana-tocantins-pernambuco-mato-do-grosso-e-rio-grande-do-sul\/"]}]},{"@type":"ImageObject","inLanguage":"pt-BR","@id":"https:\/\/www.em.com.br\/emfoco\/2026\/04\/29\/autoridades-confirmam-alteracoes-no-calendario-escolar-de-maio-em-sao-paulo-rio-de-janeiro-minas-geraisparana-tocantins-pernambuco-mato-do-grosso-e-rio-grande-do-sul\/#primaryimage","url":"https:\/\/www.em.com.br\/emfoco\/wp-content\/uploads\/2026\/04\/ChatGPT-Image-29-de-abr.-de-2026-10_58_05.png","contentUrl":"https:\/\/www.em.com.br\/emfoco\/wp-content\/uploads\/2026\/04\/ChatGPT-Image-29-de-abr.-de-2026-10_58_05.png","width":1672,"height":941,"caption":"Calend\u00e1rio escolar maio 2026 altera rotina com feriado na sexta e poss\u00edveis s\u00e1bados letivos nas redes p\u00fablicas"},{"@type":"BreadcrumbList","@id":"https:\/\/www.em.com.br\/emfoco\/2026\/04\/29\/autoridades-confirmam-alteracoes-no-calendario-escolar-de-maio-em-sao-paulo-rio-de-janeiro-minas-geraisparana-tocantins-pernambuco-mato-do-grosso-e-rio-grande-do-sul\/#breadcrumb","itemListElement":[{"@type":"ListItem","position":1,"name":"In\u00edcio","item":"https:\/\/www.em.com.br\/emfoco\/"},{"@type":"ListItem","position":2,"name":"Autoridades confirmam altera\u00e7\u00f5es no calend\u00e1rio escolar de maio em S\u00e3o Paulo, Rio de Janeiro, Minas Gerais, Paran\u00e1, Tocantins, Pernambuco, Mato do Grosso e Rio Grande do Sul"}]},{"@type":"WebSite","@id":"https:\/\/www.em.com.br\/emfoco\/#website","url":"https:\/\/www.em.com.br\/emfoco\/","name":"Estado de Minas - Em foco","description":"Acompanhe as \u00faltimas not\u00edcias e fique bem informado sobre tudo o que acontece em Minas Gerais, Brasil e no mundo.","potentialAction":[{"@type":"SearchAction","target":{"@type":"EntryPoint","urlTemplate":"https:\/\/www.em.com.br\/emfoco\/?s={search_term_string}"},"query-input":{"@type":"PropertyValueSpecification","valueRequired":true,"valueName":"search_term_string"}}],"inLanguage":"pt-BR"},{"@type":"Person","@id":"https:\/\/www.em.com.br\/emfoco\/#\/schema\/person\/4a7a157aac450b98edc86f15a7434f0b","name":"Vanessa Tavares","image":{"@type":"ImageObject","inLanguage":"pt-BR","@id":"https:\/\/www.em.com.br\/emfoco\/#\/schema\/person\/image\/","url":"https:\/\/secure.gravatar.com\/avatar\/088c9372da58da00f00f8e508f13d635?s=96&d=mm&r=g","contentUrl":"https:\/\/secure.gravatar.com\/avatar\/088c9372da58da00f00f8e508f13d635?s=96&d=mm&r=g","caption":"Vanessa Tavares"},"sameAs":["https:\/\/www.em.com.br\/emfoco"],"url":"https:\/\/www.em.com.br\/emfoco\/author\/vanessamyth\/"}]}},"_links":{"self":[{"href":"https:\/\/www.em.com.br\/emfoco\/wp-json\/wp\/v2\/posts\/200826","targetHints":{"allow":["GET"]}}],"collection":[{"href":"https:\/\/www.em.com.br\/emfoco\/wp-json\/wp\/v2\/posts"}],"about":[{"href":"https:\/\/www.em.com.br\/emfoco\/wp-json\/wp\/v2\/types\/post"}],"author":[{"embeddable":true,"href":"https:\/\/www.em.com.br\/emfoco\/wp-json\/wp\/v2\/users\/19"}],"replies":[{"embeddable":true,"href":"https:\/\/www.em.com.br\/emfoco\/wp-json\/wp\/v2\/comments?post=200826"}],"version-history":[{"count":5,"href":"https:\/\/www.em.com.br\/emfoco\/wp-json\/wp\/v2\/posts\/200826\/revisions"}],"predecessor-version":[{"id":201215,"href":"https:\/\/www.em.com.br\/emfoco\/wp-json\/wp\/v2\/posts\/200826\/revisions\/201215"}],"wp:featuredmedia":[{"embeddable":true,"href":"https:\/\/www.em.com.br\/emfoco\/wp-json\/wp\/v2\/media\/201213"}],"wp:attachment":[{"href":"https:\/\/www.em.com.br\/emfoco\/wp-json\/wp\/v2\/media?parent=200826"}],"wp:term":[{"taxonomy":"category","embeddable":true,"href":"https:\/\/www.em.com.br\/emfoco\/wp-json\/wp\/v2\/categories?post=200826"},{"taxonomy":"post_tag","embeddable":true,"href":"https:\/\/www.em.com.br\/emfoco\/wp-json\/wp\/v2\/tags?post=200826"}],"curies":[{"name":"wp","href":"https:\/\/api.w.org\/{rel}","templated":true}]}}