{"id":200805,"date":"2026-04-29T22:05:00","date_gmt":"2026-04-30T01:05:00","guid":{"rendered":"https:\/\/www.em.com.br\/emfoco\/?p=200805"},"modified":"2026-04-28T13:26:55","modified_gmt":"2026-04-28T16:26:55","slug":"nem-loiro-nem-preto-a-tonalidade-classica-garante-um-resultado-luxuoso","status":"publish","type":"post","link":"https:\/\/www.em.com.br\/emfoco\/2026\/04\/29\/nem-loiro-nem-preto-a-tonalidade-classica-garante-um-resultado-luxuoso\/","title":{"rendered":"Nem loiro nem preto, a tonalidade cl\u00e1ssica garante um resultado luxuoso"},"content":{"rendered":"\n<p>Passei as m\u00e3os pelos fios e percebi como o <strong>castanho iluminado<\/strong> transformou minha express\u00e3o p\u00e1lida em uma moldura cheia de vida solar. Voc\u00ea j\u00e1 se perguntou qual \u00e9 o segredo por tr\u00e1s das cores que parecem brilhar naturalmente sob a luz do fim de tarde?<\/p>\n\n\n\n<h2 class=\"wp-block-heading\">Por que o castanho iluminado domina os sal\u00f5es<\/h2>\n\n\n\n<p>O desejo por um visual mais natural fez com que muitas mulheres abandonassem as colora\u00e7\u00f5es s\u00f3lidas e pesadas de antigamente. Essa t\u00e9cnica espec\u00edfica valoriza a <strong>base escura<\/strong> enquanto adiciona pontos de luz estrategicamente posicionados ao redor do rosto. Voc\u00ea consegue alcan\u00e7ar uma <strong>apar\u00eancia sofisticada<\/strong> sem precisar de mudan\u00e7as dr\u00e1sticas ou processos qu\u00edmicos extremamente agressivos no couro cabeludo.<\/p>\n\n\n\n<p>A versatilidade dessa tend\u00eancia permite que cada profissional adapte as nuances conforme o tom de pele de cada cliente individual. Muitas vezes utilizamos tons de mel ou avel\u00e3 para criar um <strong>contraste suave<\/strong> e muito elegante nos fios. Essa escolha garante uma <strong>transi\u00e7\u00e3o fluida<\/strong> que evita o efeito de marcas artificiais no comprimento do cabelo ao longo dos meses.<\/p>\n\n\n<div class=\"wp-block-image\">\n<figure class=\"aligncenter size-large\"><img loading=\"lazy\" decoding=\"async\" width=\"1024\" height=\"576\" src=\"https:\/\/www.em.com.br\/emfoco\/wp-content\/uploads\/2026\/03\/cabelo-marrom-1024x576.jpg\" alt=\"castanho iluminado\" class=\"wp-image-186331\" srcset=\"https:\/\/www.em.com.br\/emfoco\/wp-content\/uploads\/2026\/03\/cabelo-marrom-1024x576.jpg 1024w, https:\/\/www.em.com.br\/emfoco\/wp-content\/uploads\/2026\/03\/cabelo-marrom-300x169.jpg 300w, https:\/\/www.em.com.br\/emfoco\/wp-content\/uploads\/2026\/03\/cabelo-marrom-768x432.jpg 768w, https:\/\/www.em.com.br\/emfoco\/wp-content\/uploads\/2026\/03\/cabelo-marrom-750x422.jpg 750w, https:\/\/www.em.com.br\/emfoco\/wp-content\/uploads\/2026\/03\/cabelo-marrom-1140x641.jpg 1140w, https:\/\/www.em.com.br\/emfoco\/wp-content\/uploads\/2026\/03\/cabelo-marrom.jpg 1280w\" sizes=\"auto, (max-width: 1024px) 100vw, 1024px\" \/><figcaption class=\"wp-element-caption\">A versatilidade dessa tend\u00eancia permite que cada profissional adapte as nuances conforme o tom de pele de cada cliente individual.<\/figcaption><\/figure><\/div>\n\n\n<p>Leia tamb\u00e9m: <a href=\"https:\/\/www.em.com.br\/emfoco\/2026\/04\/26\/estes-5-minutos-de-autocuidado-no-banho-podem-transformar-a-autoestima-da-mulher-40-no-dia-a-dia\/\" target=\"_blank\" rel=\"noreferrer noopener\">Estes 5 minutos de autocuidado no banho podem transformar a autoestima da mulher 40+ no dia a dia<\/a><\/p>\n\n\n\n<h2 class=\"wp-block-heading\">Quais tons comp\u00f5em o castanho iluminado perfeito<\/h2>\n\n\n\n<p>Identificar a temperatura da pele \u00e9 o primeiro passo t\u00e9cnico para selecionar as cores que realmente v\u00e3o destacar sua beleza natural. Tons quentes como o dourado e o acobreado costumam trazer um <strong>brilho saud\u00e1vel<\/strong> para quem possui um subtom amarelado ou neutro. Essa harmonia visual proporciona uma <strong>luminosidade imediata<\/strong> que rejuvenesce o semblante de forma muito sutil e eficaz para qualquer idade.<\/p>\n\n\n\n<p>Existem diversas op\u00e7\u00f5es de reflexos que podem ser misturadas para criar uma profundidade \u00fanica e personalizada em cada aplica\u00e7\u00e3o capilar. A sele\u00e7\u00e3o das cores deve respeitar a sa\u00fade da fibra para evitar o ressecamento excessivo durante o processo de clareamento manual. Os profissionais geralmente recomendam as seguintes tonalidades para atingir um <strong>resultado luxuoso<\/strong> e bastante natural:<\/p>\n\n\n\n<ul class=\"wp-block-list\">\n<li><strong>Tons de mel<\/strong> para uma ilumina\u00e7\u00e3o cl\u00e1ssica e solar que combina com quase tudo.<\/li>\n\n\n\n<li><strong>Nuances de canela<\/strong> para quem busca um fundo levemente avermelhado e moderno.<\/li>\n\n\n\n<li><strong>Cores de avel\u00e3<\/strong> para um contraste discreto e muito sofisticado em fios m\u00e9dios.<\/li>\n<\/ul>\n\n\n\n<figure class=\"wp-block-embed is-type-rich is-provider-pinterest wp-block-embed-pinterest\"><div class=\"wp-block-embed__wrapper\">\n<iframe loading=\"lazy\" title=\"CASTANHO ILUMINADO! \u2728\ud83e\udd0e  Um dos cabelos que eu mais gosto de fazer, traz muita eleg\u00e2ncia, real\u00e7ando ainda mais a beleza e com baix\u00edssima manuten\u00e7\u00e3o. T\u00e9cnica mechas com papel e air lights tamb\u00e9m. O que acharam?  \u27b0  Texto alternativo: Bruno \u00e9 cabeleireiro, artista Davines, especialista em mechas, abertura de fundo, corte de cabelo, colora\u00e7\u00e3o e atende em um sal\u00e3o em Porto Alegre.  #mechas #haircolor #morenailuminada #cabelo #hair\" src=\"https:\/\/assets.pinterest.com\/ext\/embed.html?id=112871534413599549&#038;src=oembed\" height=\"898\" width=\"450\" frameborder=\"0\" scrolling=\"no\" ><\/iframe>\n<\/div><\/figure>\n\n\n\n<h2 class=\"wp-block-heading\">Como manter o seu castanho iluminado radiante<\/h2>\n\n\n\n<p>A manuten\u00e7\u00e3o da cor exige o uso constante de produtos espec\u00edficos que protejam os pigmentos contra a oxida\u00e7\u00e3o natural do ambiente. O sol e a polui\u00e7\u00e3o podem alterar o brilho dos fios se n\u00e3o houver uma <strong>barreira protetora<\/strong> eficiente aplicada diariamente nos fios. Utilize <strong>finalizadores com filtro<\/strong> solar para garantir que a cor permane\u00e7a vibrante por muito mais tempo entre os retoques.<\/p>\n\n\n\n<p>Lavar o cabelo com \u00e1gua morna ou fria ajuda a manter as cut\u00edculas seladas e preserva a hidrata\u00e7\u00e3o interna da fibra capilar. Muitas mulheres cometem o erro de utilizar shampoos de limpeza profunda que removem a <strong>luminosidade conquistada<\/strong> com tanto esfor\u00e7o e investimento. Foque em <strong>m\u00e1scaras nutritivas<\/strong> para repor a massa e evitar que as pontas fiquem espigadas ou visivelmente danificadas.<\/p>\n\n\n\n<p>Para voc\u00ea que gosta de se cuidar, separamos um v\u00eddeo do canal <a href=\"https:\/\/www.youtube.com\/@trusshair\" target=\"_blank\" rel=\"noreferrer noopener\">TRUSS Professional <\/a>com dicas para pintar seu cabelo com esse tom de castanho:<\/p>\n\n\n\n<figure class=\"wp-block-embed is-type-video is-provider-youtube wp-block-embed-youtube wp-embed-aspect-16-9 wp-has-aspect-ratio\"><div class=\"wp-block-embed__wrapper\">\n<div class=\"jeg_video_container jeg_video_content\"><iframe loading=\"lazy\" title=\"PASSO A PASSO - CASTANHO ILUMINADO PELO EMBAIXADOR DANILO HERBERT\" width=\"500\" height=\"281\" src=\"https:\/\/www.youtube.com\/embed\/WBjAG06diGc?feature=oembed\" frameborder=\"0\" allow=\"accelerometer; autoplay; clipboard-write; encrypted-media; gyroscope; picture-in-picture; web-share\" referrerpolicy=\"strict-origin-when-cross-origin\" allowfullscreen><\/iframe><\/div>\n<\/div><\/figure>\n\n\n\n<h2 class=\"wp-block-heading\">Vantagens de escolher t\u00e9cnicas de clareamento suave<\/h2>\n\n\n\n<p>Uma das maiores qualidades dessa t\u00e9cnica \u00e9 a baixa necessidade de retoques frequentes na raiz natural do seu cabelo atual. Como as luzes s\u00e3o feitas de forma esfumada, o crescimento dos fios acontece de maneira <strong>totalmente discreta<\/strong> e harm\u00f4nica com o resto. Voc\u00ea ganha uma <strong>liberdade incr\u00edvel<\/strong> ao n\u00e3o precisar visitar o sal\u00e3o de beleza todos os meses para esconder marcas.<\/p>\n\n\n\n<p>O processo qu\u00edmico \u00e9 focado apenas em algumas mechas selecionadas para preservar a integridade da maior parte da estrutura capilar original. Isso resulta em um <strong>cabelo forte<\/strong> e visivelmente mais bem cuidado do que as descolora\u00e7\u00f5es globais totais que agridem a raiz. Selecione <strong>bons profissionais<\/strong> para realizar o procedimento e garantir que o seu visual fique impec\u00e1vel e muito saud\u00e1vel.<\/p>\n\n\n\n<figure class=\"wp-block-embed is-type-rich is-provider-pinterest wp-block-embed-pinterest\"><div class=\"wp-block-embed__wrapper\">\n<iframe loading=\"lazy\" title=\" \" src=\"https:\/\/assets.pinterest.com\/ext\/embed.html?id=610378555807237335&#038;src=oembed\" height=\"665\" width=\"450\" frameborder=\"0\" scrolling=\"no\" ><\/iframe>\n<\/div><\/figure>\n\n\n\n<h2 class=\"wp-block-heading\">O seu novo visual come\u00e7a com reflexos de luz<\/h2>\n\n\n\n<p>Aposte na suavidade para transformar sua imagem de maneira impactante e moderna. A luz certa nos fios devolve a vitalidade perdida pela rotina exaustiva do cotidiano. Busque <strong>refer\u00eancias elegantes<\/strong> hoje.<\/p>\n\n\n\n<p>Sinta-se poderosa com uma cor que respeita sua hist\u00f3ria e seu estilo pessoal \u00fanico. A eleg\u00e2ncia reside no equil\u00edbrio entre a sombra e a luz solar em cada movimento. Garanta <strong>brilho intenso<\/strong> sempre.<\/p>\n","protected":false},"excerpt":{"rendered":"<p>Passei as m\u00e3os pelos fios e percebi como o castanho iluminado transformou minha express\u00e3o p\u00e1lida em uma moldura cheia de vida solar. Voc\u00ea j\u00e1 se perguntou qual \u00e9 o segredo por tr\u00e1s das cores que parecem brilhar naturalmente sob a luz do fim de tarde? Por que o castanho iluminado domina os sal\u00f5es O desejo [&hellip;]<\/p>\n","protected":false},"author":9,"featured_media":200896,"comment_status":"open","ping_status":"open","sticky":false,"template":"","format":"standard","meta":{"jnews-multi-image_gallery":[],"jnews_single_post":{"format":"standard"},"jnews_primary_category":[],"jnews_social_meta":[],"jnews_override_counter":[],"footnotes":""},"categories":[8691,29],"tags":[8408,23340,7719],"class_list":["post-200805","post","type-post","status-publish","format-standard","has-post-thumbnail","hentry","category-bem-estar","category-entretenimento","tag-beleza-feminina","tag-morena-iluminada","tag-tendencia-capilar"],"yoast_head":"<!-- This site is optimized with the Yoast SEO plugin v23.8 - https:\/\/yoast.com\/wordpress\/plugins\/seo\/ -->\n<title>Nem loiro nem preto, a tonalidade cl\u00e1ssica garante um resultado luxuoso - Estado de Minas - Em foco<\/title>\n<meta name=\"description\" content=\"O castanho iluminado traz eleg\u00e2ncia e luz para o seu rosto sem exigir retoques frequentes. Saiba como escolher o tom perfeito para voc\u00ea.\" \/>\n<meta name=\"robots\" content=\"index, follow, max-snippet:-1, max-image-preview:large, max-video-preview:-1\" \/>\n<link rel=\"canonical\" href=\"https:\/\/www.em.com.br\/emfoco\/2026\/04\/29\/nem-loiro-nem-preto-a-tonalidade-classica-garante-um-resultado-luxuoso\/\" \/>\n<meta property=\"og:locale\" content=\"pt_BR\" \/>\n<meta property=\"og:type\" content=\"article\" \/>\n<meta property=\"og:title\" content=\"Nem loiro nem preto, a tonalidade cl\u00e1ssica garante um resultado luxuoso - Estado de Minas - Em foco\" \/>\n<meta property=\"og:description\" content=\"O castanho iluminado traz eleg\u00e2ncia e luz para o seu rosto sem exigir retoques frequentes. Saiba como escolher o tom perfeito para voc\u00ea.\" \/>\n<meta property=\"og:url\" content=\"https:\/\/www.em.com.br\/emfoco\/2026\/04\/29\/nem-loiro-nem-preto-a-tonalidade-classica-garante-um-resultado-luxuoso\/\" \/>\n<meta property=\"og:site_name\" content=\"Estado de Minas - Em foco\" \/>\n<meta property=\"article:published_time\" content=\"2026-04-30T01:05:00+00:00\" \/>\n<meta property=\"article:modified_time\" content=\"2026-04-28T16:26:55+00:00\" \/>\n<meta property=\"og:image\" content=\"https:\/\/www.em.com.br\/emfoco\/wp-content\/uploads\/2026\/04\/EmFoco_20-7.jpg\" \/>\n\t<meta property=\"og:image:width\" content=\"1280\" \/>\n\t<meta property=\"og:image:height\" content=\"720\" \/>\n\t<meta property=\"og:image:type\" content=\"image\/jpeg\" \/>\n<meta name=\"author\" content=\"Daniely Cardoso\" \/>\n<meta name=\"twitter:card\" content=\"summary_large_image\" \/>\n<meta name=\"twitter:label1\" content=\"Escrito por\" \/>\n\t<meta name=\"twitter:data1\" content=\"Daniely Cardoso\" \/>\n\t<meta name=\"twitter:label2\" content=\"Est. tempo de leitura\" \/>\n\t<meta name=\"twitter:data2\" content=\"5 minutos\" \/>\n<!-- \/ Yoast SEO plugin. -->","yoast_head_json":{"title":"Nem loiro nem preto, a tonalidade cl\u00e1ssica garante um resultado luxuoso - Estado de Minas - Em foco","description":"O castanho iluminado traz eleg\u00e2ncia e luz para o seu rosto sem exigir retoques frequentes. Saiba como escolher o tom perfeito para voc\u00ea.","robots":{"index":"index","follow":"follow","max-snippet":"max-snippet:-1","max-image-preview":"max-image-preview:large","max-video-preview":"max-video-preview:-1"},"canonical":"https:\/\/www.em.com.br\/emfoco\/2026\/04\/29\/nem-loiro-nem-preto-a-tonalidade-classica-garante-um-resultado-luxuoso\/","og_locale":"pt_BR","og_type":"article","og_title":"Nem loiro nem preto, a tonalidade cl\u00e1ssica garante um resultado luxuoso - Estado de Minas - Em foco","og_description":"O castanho iluminado traz eleg\u00e2ncia e luz para o seu rosto sem exigir retoques frequentes. Saiba como escolher o tom perfeito para voc\u00ea.","og_url":"https:\/\/www.em.com.br\/emfoco\/2026\/04\/29\/nem-loiro-nem-preto-a-tonalidade-classica-garante-um-resultado-luxuoso\/","og_site_name":"Estado de Minas - Em foco","article_published_time":"2026-04-30T01:05:00+00:00","article_modified_time":"2026-04-28T16:26:55+00:00","og_image":[{"width":1280,"height":720,"url":"https:\/\/www.em.com.br\/emfoco\/wp-content\/uploads\/2026\/04\/EmFoco_20-7.jpg","type":"image\/jpeg"}],"author":"Daniely Cardoso","twitter_card":"summary_large_image","twitter_misc":{"Escrito por":"Daniely Cardoso","Est. tempo de leitura":"5 minutos"},"schema":{"@context":"https:\/\/schema.org","@graph":[{"@type":"WebPage","@id":"https:\/\/www.em.com.br\/emfoco\/2026\/04\/29\/nem-loiro-nem-preto-a-tonalidade-classica-garante-um-resultado-luxuoso\/","url":"https:\/\/www.em.com.br\/emfoco\/2026\/04\/29\/nem-loiro-nem-preto-a-tonalidade-classica-garante-um-resultado-luxuoso\/","name":"Nem loiro nem preto, a tonalidade cl\u00e1ssica garante um resultado luxuoso - Estado de Minas - Em foco","isPartOf":{"@id":"https:\/\/www.em.com.br\/emfoco\/#website"},"primaryImageOfPage":{"@id":"https:\/\/www.em.com.br\/emfoco\/2026\/04\/29\/nem-loiro-nem-preto-a-tonalidade-classica-garante-um-resultado-luxuoso\/#primaryimage"},"image":{"@id":"https:\/\/www.em.com.br\/emfoco\/2026\/04\/29\/nem-loiro-nem-preto-a-tonalidade-classica-garante-um-resultado-luxuoso\/#primaryimage"},"thumbnailUrl":"https:\/\/www.em.com.br\/emfoco\/wp-content\/uploads\/2026\/04\/EmFoco_20-7.jpg","datePublished":"2026-04-30T01:05:00+00:00","dateModified":"2026-04-28T16:26:55+00:00","author":{"@id":"https:\/\/www.em.com.br\/emfoco\/#\/schema\/person\/0a8186d72f2c3a5c6276d90b41f271a0"},"description":"O castanho iluminado traz eleg\u00e2ncia e luz para o seu rosto sem exigir retoques frequentes. Saiba como escolher o tom perfeito para voc\u00ea.","breadcrumb":{"@id":"https:\/\/www.em.com.br\/emfoco\/2026\/04\/29\/nem-loiro-nem-preto-a-tonalidade-classica-garante-um-resultado-luxuoso\/#breadcrumb"},"inLanguage":"pt-BR","potentialAction":[{"@type":"ReadAction","target":["https:\/\/www.em.com.br\/emfoco\/2026\/04\/29\/nem-loiro-nem-preto-a-tonalidade-classica-garante-um-resultado-luxuoso\/"]}]},{"@type":"ImageObject","inLanguage":"pt-BR","@id":"https:\/\/www.em.com.br\/emfoco\/2026\/04\/29\/nem-loiro-nem-preto-a-tonalidade-classica-garante-um-resultado-luxuoso\/#primaryimage","url":"https:\/\/www.em.com.br\/emfoco\/wp-content\/uploads\/2026\/04\/EmFoco_20-7.jpg","contentUrl":"https:\/\/www.em.com.br\/emfoco\/wp-content\/uploads\/2026\/04\/EmFoco_20-7.jpg","width":1280,"height":720,"caption":"T\u00e9cnica de colora\u00e7\u00e3o que adiciona luminosidade e profundidade natural aos cabelos escuros"},{"@type":"BreadcrumbList","@id":"https:\/\/www.em.com.br\/emfoco\/2026\/04\/29\/nem-loiro-nem-preto-a-tonalidade-classica-garante-um-resultado-luxuoso\/#breadcrumb","itemListElement":[{"@type":"ListItem","position":1,"name":"In\u00edcio","item":"https:\/\/www.em.com.br\/emfoco\/"},{"@type":"ListItem","position":2,"name":"Nem loiro nem preto, a tonalidade cl\u00e1ssica garante um resultado luxuoso"}]},{"@type":"WebSite","@id":"https:\/\/www.em.com.br\/emfoco\/#website","url":"https:\/\/www.em.com.br\/emfoco\/","name":"Estado de Minas - Em foco","description":"Acompanhe as \u00faltimas not\u00edcias e fique bem informado sobre tudo o que acontece em Minas Gerais, Brasil e no mundo.","potentialAction":[{"@type":"SearchAction","target":{"@type":"EntryPoint","urlTemplate":"https:\/\/www.em.com.br\/emfoco\/?s={search_term_string}"},"query-input":{"@type":"PropertyValueSpecification","valueRequired":true,"valueName":"search_term_string"}}],"inLanguage":"pt-BR"},{"@type":"Person","@id":"https:\/\/www.em.com.br\/emfoco\/#\/schema\/person\/0a8186d72f2c3a5c6276d90b41f271a0","name":"Daniely Cardoso","image":{"@type":"ImageObject","inLanguage":"pt-BR","@id":"https:\/\/www.em.com.br\/emfoco\/#\/schema\/person\/image\/","url":"https:\/\/secure.gravatar.com\/avatar\/4b80ddbd124d1f071b626d52d62e5dff?s=96&d=mm&r=g","contentUrl":"https:\/\/secure.gravatar.com\/avatar\/4b80ddbd124d1f071b626d52d62e5dff?s=96&d=mm&r=g","caption":"Daniely Cardoso"},"url":"https:\/\/www.em.com.br\/emfoco\/author\/danielymyth\/"}]}},"_links":{"self":[{"href":"https:\/\/www.em.com.br\/emfoco\/wp-json\/wp\/v2\/posts\/200805","targetHints":{"allow":["GET"]}}],"collection":[{"href":"https:\/\/www.em.com.br\/emfoco\/wp-json\/wp\/v2\/posts"}],"about":[{"href":"https:\/\/www.em.com.br\/emfoco\/wp-json\/wp\/v2\/types\/post"}],"author":[{"embeddable":true,"href":"https:\/\/www.em.com.br\/emfoco\/wp-json\/wp\/v2\/users\/9"}],"replies":[{"embeddable":true,"href":"https:\/\/www.em.com.br\/emfoco\/wp-json\/wp\/v2\/comments?post=200805"}],"version-history":[{"count":1,"href":"https:\/\/www.em.com.br\/emfoco\/wp-json\/wp\/v2\/posts\/200805\/revisions"}],"predecessor-version":[{"id":200806,"href":"https:\/\/www.em.com.br\/emfoco\/wp-json\/wp\/v2\/posts\/200805\/revisions\/200806"}],"wp:featuredmedia":[{"embeddable":true,"href":"https:\/\/www.em.com.br\/emfoco\/wp-json\/wp\/v2\/media\/200896"}],"wp:attachment":[{"href":"https:\/\/www.em.com.br\/emfoco\/wp-json\/wp\/v2\/media?parent=200805"}],"wp:term":[{"taxonomy":"category","embeddable":true,"href":"https:\/\/www.em.com.br\/emfoco\/wp-json\/wp\/v2\/categories?post=200805"},{"taxonomy":"post_tag","embeddable":true,"href":"https:\/\/www.em.com.br\/emfoco\/wp-json\/wp\/v2\/tags?post=200805"}],"curies":[{"name":"wp","href":"https:\/\/api.w.org\/{rel}","templated":true}]}}