{"id":200801,"date":"2026-04-29T21:25:00","date_gmt":"2026-04-30T00:25:00","guid":{"rendered":"https:\/\/www.em.com.br\/emfoco\/?p=200801"},"modified":"2026-04-28T13:25:29","modified_gmt":"2026-04-28T16:25:29","slug":"adeus-a-varanda-vazia-o-guia-de-frutas-no-balcao-para-colher-alimentos-frescos-em-pequenos-apartamentos","status":"publish","type":"post","link":"https:\/\/www.em.com.br\/emfoco\/2026\/04\/29\/adeus-a-varanda-vazia-o-guia-de-frutas-no-balcao-para-colher-alimentos-frescos-em-pequenos-apartamentos\/","title":{"rendered":"Adeus a varanda vazia, o guia de frutas no balc\u00e3o para colher alimentos frescos em pequenos apartamentos"},"content":{"rendered":"\n<p>Olhei para o meu espa\u00e7o externo vazio e decidi cultivar <strong>frutas no balc\u00e3o<\/strong> para trazer mais vida ao apartamento durante os meses de outono. Voc\u00ea j\u00e1 pensou na possibilidade de colher alimentos frescos sem precisar de um quintal enorme para o plantio?<\/p>\n\n\n\n<h2 class=\"wp-block-heading\">Por que cultivar frutas no balc\u00e3o no outono<\/h2>\n\n\n\n<p>O clima ameno desta esta\u00e7\u00e3o favorece o enraizamento de diversas esp\u00e9cies que se adaptam muito bem ao cultivo em vasos protegidos. As plantas sofrem menos com o calor excessivo e conseguem desenvolver uma <strong>estrutura s\u00f3lida<\/strong> e bastante resistente antes da chegada do inverno rigoroso. Esse per\u00edodo de transi\u00e7\u00e3o garante que as suas mudas cres\u00e7am com <strong>vigor natural<\/strong> e apresentem uma sa\u00fade invej\u00e1vel.<\/p>\n\n\n\n<p>Cultivar <strong>frutas no balc\u00e3o<\/strong> permite que voc\u00ea tenha um controle rigoroso sobre a qualidade do solo e da aduba\u00e7\u00e3o utilizada. O espa\u00e7o reduzido deixa de ser um problema quando escolhemos os recipientes corretos e garantimos uma <strong>drenagem eficiente<\/strong> para as ra\u00edzes sens\u00edveis. Muitas variedades an\u00e3s entregam <strong>frutos suculentos<\/strong> e cheios de sabor mesmo em \u00e1reas urbanas densas e limitadas.<\/p>\n\n\n<div class=\"wp-block-image\">\n<figure class=\"aligncenter size-large\"><img loading=\"lazy\" decoding=\"async\" width=\"1024\" height=\"576\" src=\"https:\/\/www.em.com.br\/emfoco\/wp-content\/uploads\/2025\/06\/mirtilo_1748871117970-1024x576.jpg\" alt=\"frutas no balc\u00e3o\" class=\"wp-image-54173\" srcset=\"https:\/\/www.em.com.br\/emfoco\/wp-content\/uploads\/2025\/06\/mirtilo_1748871117970-1024x576.jpg 1024w, https:\/\/www.em.com.br\/emfoco\/wp-content\/uploads\/2025\/06\/mirtilo_1748871117970-300x169.jpg 300w, https:\/\/www.em.com.br\/emfoco\/wp-content\/uploads\/2025\/06\/mirtilo_1748871117970-768x432.jpg 768w, https:\/\/www.em.com.br\/emfoco\/wp-content\/uploads\/2025\/06\/mirtilo_1748871117970-750x422.jpg 750w, https:\/\/www.em.com.br\/emfoco\/wp-content\/uploads\/2025\/06\/mirtilo_1748871117970-1140x641.jpg 1140w, https:\/\/www.em.com.br\/emfoco\/wp-content\/uploads\/2025\/06\/mirtilo_1748871117970.jpg 1280w\" sizes=\"auto, (max-width: 1024px) 100vw, 1024px\" \/><figcaption class=\"wp-element-caption\">O clima ameno desta esta\u00e7\u00e3o favorece o enraizamento de diversas esp\u00e9cies que se adaptam muito bem ao cultivo em vasos protegidos- Cr\u00e9ditos: depositphotos.com \/ blinow61<\/figcaption><\/figure><\/div>\n\n\n<p>Leia tamb\u00e9m: <a href=\"https:\/\/www.em.com.br\/emfoco\/2026\/04\/11\/aprenda-a-como-plantar-cravo-da-india-e-cultivar-flores-aromaticas-em-casa\/\" target=\"_blank\" rel=\"noreferrer noopener\">Aprenda a como plantar cravo-da-\u00edndia e cultivar flores arom\u00e1ticas em casa<\/a><\/p>\n\n\n\n<h2 class=\"wp-block-heading\">Quais esp\u00e9cies de frutas no balc\u00e3o crescem r\u00e1pido<\/h2>\n\n\n\n<p>Algumas variedades espec\u00edficas apresentam um desenvolvimento acelerado e exigem poucos cuidados t\u00e9cnicos do jardineiro iniciante ou experiente. Morangos e mirtilos s\u00e3o excelentes escolhas pois ocupam pouco volume de terra e produzem colheitas generosas em curtos espa\u00e7os de tempo. Voc\u00ea ver\u00e1 que a <strong>manuten\u00e7\u00e3o simples<\/strong> e a <strong>beleza est\u00e9tica<\/strong> dessas plantas transformam o visual da sua resid\u00eancia.<\/p>\n\n\n\n<p>A sele\u00e7\u00e3o criteriosa das mudas garante que a produtividade se mantenha alta durante todas as semanas da esta\u00e7\u00e3o mais fresca do ano. \u00c9 importante conhecer as caracter\u00edsticas biol\u00f3gicas de cada planta para oferecer o suporte necess\u00e1rio ao seu crescimento pleno e saud\u00e1vel. A lista abaixo destaca as melhores op\u00e7\u00f5es para quem deseja <strong>frutos frescos<\/strong> e muita <strong>praticidade dom\u00e9stica<\/strong> agora:<\/p>\n\n\n\n<ul class=\"wp-block-list\">\n<li><strong>Morangos<\/strong> que se adaptam perfeitamente a suportes verticais ou vasos suspensos.<\/li>\n\n\n\n<li><strong>Limoeiro siciliano an\u00e3o<\/strong> que perfuma o ambiente com suas flores brancas e delicadas.<\/li>\n\n\n\n<li><strong>Mirtilos<\/strong> que exigem solos levemente \u00e1cidos e regas constantes para prosperar.<\/li>\n\n\n\n<li><strong>Pitanga<\/strong> em miniatura para quem aprecia o sabor das frutas nativas e resistentes.<\/li>\n\n\n\n<li><strong>Calamondin<\/strong> que oferece pequenas laranjas ornamentais e extremamente saborosas.<\/li>\n<\/ul>\n\n\n\n<figure class=\"wp-block-embed is-type-rich is-provider-pinterest wp-block-embed-pinterest\"><div class=\"wp-block-embed__wrapper\">\n<iframe loading=\"lazy\" title=\"#frutiferas #plantas #cuidadosdeplantas #lojaplantei #deixeomundomaisverde #saltogrande #gardencenter\" src=\"https:\/\/assets.pinterest.com\/ext\/embed.html?id=419890365271500584&#038;src=oembed\" height=\"899\" width=\"450\" frameborder=\"0\" scrolling=\"no\" ><\/iframe>\n<\/div><\/figure>\n\n\n\n<h2 class=\"wp-block-heading\">Manejo correto das frutas no balc\u00e3o em vasos<\/h2>\n\n\n\n<p>O segredo para o sucesso reside na escolha de um substrato rico em mat\u00e9ria org\u00e2nica e com excelente capacidade de aera\u00e7\u00e3o radicular. Evite deixar a terra totalmente compactada para que os nutrientes alcancem as partes mais profundas do vegetal com facilidade t\u00e9cnica. Realize a <strong>aduba\u00e7\u00e3o peri\u00f3dica<\/strong> para manter os n\u00edveis de nitrog\u00eanio e f\u00f3sforo sempre em <strong>equil\u00edbrio ideal<\/strong>.<\/p>\n\n\n\n<p>A rega deve ser ajustada conforme a evapora\u00e7\u00e3o natural que ocorre nas \u00e1reas externas mais ventiladas ou ensolaradas do edif\u00edcio. Verifique a umidade do solo com a ponta dos dedos antes de despejar grandes quantidades de \u00e1gua no recipiente pl\u00e1stico. O uso de <strong>pratos com pedriscos<\/strong> ajuda a manter a umidade sem causar o <strong>apodrecimento das ra\u00edzes<\/strong> finas.<\/p>\n\n\n\n<p>Para voc\u00ea que gosta de plantas, separamos um v\u00eddeo do canal <a href=\"https:\/\/www.youtube.com\/@MinutoHorta\">Minuto Horta<\/a> com dicas para plantar e cuidar de frut\u00edferas:<\/p>\n\n\n\n<figure class=\"wp-block-embed is-type-video is-provider-youtube wp-block-embed-youtube wp-embed-aspect-16-9 wp-has-aspect-ratio\"><div class=\"wp-block-embed__wrapper\">\n<div class=\"jeg_video_container jeg_video_content\"><iframe loading=\"lazy\" title=\"VEJA TODAS AS FRUT\u00cdFERAS QUE EU CULTIVO EM VASOS.\" width=\"500\" height=\"281\" src=\"https:\/\/www.youtube.com\/embed\/NVTr7FA3C_0?start=39&#038;feature=oembed\" frameborder=\"0\" allow=\"accelerometer; autoplay; clipboard-write; encrypted-media; gyroscope; picture-in-picture; web-share\" referrerpolicy=\"strict-origin-when-cross-origin\" allowfullscreen><\/iframe><\/div>\n<\/div><\/figure>\n\n\n\n<h2 class=\"wp-block-heading\">Ilumina\u00e7\u00e3o e prote\u00e7\u00e3o para sua horta suspensa<\/h2>\n\n\n\n<p>O posicionamento estrat\u00e9gico do vaso influencia diretamente na taxa de fotoss\u00edntese e na matura\u00e7\u00e3o final de cada pequeno fruto colhido. A maioria das <strong>frutas no balc\u00e3o<\/strong> necessita de pelo menos cinco horas di\u00e1rias de luz solar direta para florescer com intensidade. Busque os <strong>cantos ensolarados<\/strong> do seu espa\u00e7o e evite o excesso de <strong>sombreamento indesejado<\/strong> das paredes.<\/p>\n\n\n\n<p>Proteja as esp\u00e9cies mais sens\u00edveis das rajadas de vento frio que costumam atingir os andares mais altos das grandes cidades brasileiras. Uma barreira f\u00edsica simples garante que a planta n\u00e3o perca suas folhas jovens e mantenha a energia focada na produ\u00e7\u00e3o futura. Utilize <strong>redes de prote\u00e7\u00e3o<\/strong> ou suportes fixos para garantir a <strong>seguran\u00e7a estrutural<\/strong> da sua pequena planta\u00e7\u00e3o urbana.<\/p>\n\n\n\n<h2 class=\"wp-block-heading\">Tenha uma colheita farta no seu apartamento<\/h2>\n\n\n\n<p>Escolha suas mudas favoritas e inicie o plantio hoje mesmo com as ferramentas certas. O contato com a terra promove um relaxamento profundo e melhora a sua sa\u00fade mental di\u00e1ria. Garanta <strong>alimentos org\u00e2nicos<\/strong> e sinta o <strong>prazer de cultivar<\/strong>.<\/p>\n\n\n\n<p>Transforme seu espa\u00e7o externo em um pequeno ref\u00fagio produtivo e cheio de vida natural. O cuidado constante traz resultados surpreendentes que encantam todos os moradores e visitantes da casa. Busque <strong>frescor imediato<\/strong> e muita <strong>satisfa\u00e7\u00e3o pessoal<\/strong> agora.<\/p>\n","protected":false},"excerpt":{"rendered":"<p>Olhei para o meu espa\u00e7o externo vazio e decidi cultivar frutas no balc\u00e3o para trazer mais vida ao apartamento durante os meses de outono. Voc\u00ea j\u00e1 pensou na possibilidade de colher alimentos frescos sem precisar de um quintal enorme para o plantio? Por que cultivar frutas no balc\u00e3o no outono O clima ameno desta esta\u00e7\u00e3o [&hellip;]<\/p>\n","protected":false},"author":9,"featured_media":200894,"comment_status":"open","ping_status":"open","sticky":false,"template":"","format":"standard","meta":{"jnews-multi-image_gallery":[],"jnews_single_post":{"format":"standard"},"jnews_primary_category":[],"jnews_social_meta":[],"jnews_override_counter":[],"footnotes":""},"categories":[8691,8819],"tags":[28939,8553,8257],"class_list":["post-200801","post","type-post","status-publish","format-standard","has-post-thumbnail","hentry","category-bem-estar","category-curiosidades","tag-frutas-de-outono","tag-horta-em-vasos","tag-jardinagem-urbana"],"yoast_head":"<!-- This site is optimized with the Yoast SEO plugin v23.8 - https:\/\/yoast.com\/wordpress\/plugins\/seo\/ -->\n<title>Adeus a varanda vazia, o guia de frutas no balc\u00e3o para colher alimentos frescos em pequenos apartamentos - Estado de Minas - Em foco<\/title>\n<meta name=\"description\" content=\"Cultivar frutas no balc\u00e3o no outono traz alimentos frescos ao seu lar. Saiba as esp\u00e9cies que crescem r\u00e1pido mesmo em pequenos espa\u00e7os.\" \/>\n<meta name=\"robots\" content=\"index, follow, max-snippet:-1, max-image-preview:large, max-video-preview:-1\" \/>\n<link rel=\"canonical\" href=\"https:\/\/www.em.com.br\/emfoco\/2026\/04\/29\/adeus-a-varanda-vazia-o-guia-de-frutas-no-balcao-para-colher-alimentos-frescos-em-pequenos-apartamentos\/\" \/>\n<meta property=\"og:locale\" content=\"pt_BR\" \/>\n<meta property=\"og:type\" content=\"article\" \/>\n<meta property=\"og:title\" content=\"Adeus a varanda vazia, o guia de frutas no balc\u00e3o para colher alimentos frescos em pequenos apartamentos - Estado de Minas - Em foco\" \/>\n<meta property=\"og:description\" content=\"Cultivar frutas no balc\u00e3o no outono traz alimentos frescos ao seu lar. Saiba as esp\u00e9cies que crescem r\u00e1pido mesmo em pequenos espa\u00e7os.\" \/>\n<meta property=\"og:url\" content=\"https:\/\/www.em.com.br\/emfoco\/2026\/04\/29\/adeus-a-varanda-vazia-o-guia-de-frutas-no-balcao-para-colher-alimentos-frescos-em-pequenos-apartamentos\/\" \/>\n<meta property=\"og:site_name\" content=\"Estado de Minas - Em foco\" \/>\n<meta property=\"article:published_time\" content=\"2026-04-30T00:25:00+00:00\" \/>\n<meta property=\"article:modified_time\" content=\"2026-04-28T16:25:29+00:00\" \/>\n<meta property=\"og:image\" content=\"https:\/\/www.em.com.br\/emfoco\/wp-content\/uploads\/2026\/04\/EmFoco_11-9.jpg\" \/>\n\t<meta property=\"og:image:width\" content=\"1280\" \/>\n\t<meta property=\"og:image:height\" content=\"720\" \/>\n\t<meta property=\"og:image:type\" content=\"image\/jpeg\" \/>\n<meta name=\"author\" content=\"Daniely Cardoso\" \/>\n<meta name=\"twitter:card\" content=\"summary_large_image\" \/>\n<meta name=\"twitter:label1\" content=\"Escrito por\" \/>\n\t<meta name=\"twitter:data1\" content=\"Daniely Cardoso\" \/>\n\t<meta name=\"twitter:label2\" content=\"Est. tempo de leitura\" \/>\n\t<meta name=\"twitter:data2\" content=\"5 minutos\" \/>\n<!-- \/ Yoast SEO plugin. -->","yoast_head_json":{"title":"Adeus a varanda vazia, o guia de frutas no balc\u00e3o para colher alimentos frescos em pequenos apartamentos - Estado de Minas - Em foco","description":"Cultivar frutas no balc\u00e3o no outono traz alimentos frescos ao seu lar. Saiba as esp\u00e9cies que crescem r\u00e1pido mesmo em pequenos espa\u00e7os.","robots":{"index":"index","follow":"follow","max-snippet":"max-snippet:-1","max-image-preview":"max-image-preview:large","max-video-preview":"max-video-preview:-1"},"canonical":"https:\/\/www.em.com.br\/emfoco\/2026\/04\/29\/adeus-a-varanda-vazia-o-guia-de-frutas-no-balcao-para-colher-alimentos-frescos-em-pequenos-apartamentos\/","og_locale":"pt_BR","og_type":"article","og_title":"Adeus a varanda vazia, o guia de frutas no balc\u00e3o para colher alimentos frescos em pequenos apartamentos - Estado de Minas - Em foco","og_description":"Cultivar frutas no balc\u00e3o no outono traz alimentos frescos ao seu lar. Saiba as esp\u00e9cies que crescem r\u00e1pido mesmo em pequenos espa\u00e7os.","og_url":"https:\/\/www.em.com.br\/emfoco\/2026\/04\/29\/adeus-a-varanda-vazia-o-guia-de-frutas-no-balcao-para-colher-alimentos-frescos-em-pequenos-apartamentos\/","og_site_name":"Estado de Minas - Em foco","article_published_time":"2026-04-30T00:25:00+00:00","article_modified_time":"2026-04-28T16:25:29+00:00","og_image":[{"width":1280,"height":720,"url":"https:\/\/www.em.com.br\/emfoco\/wp-content\/uploads\/2026\/04\/EmFoco_11-9.jpg","type":"image\/jpeg"}],"author":"Daniely Cardoso","twitter_card":"summary_large_image","twitter_misc":{"Escrito por":"Daniely Cardoso","Est. tempo de leitura":"5 minutos"},"schema":{"@context":"https:\/\/schema.org","@graph":[{"@type":"WebPage","@id":"https:\/\/www.em.com.br\/emfoco\/2026\/04\/29\/adeus-a-varanda-vazia-o-guia-de-frutas-no-balcao-para-colher-alimentos-frescos-em-pequenos-apartamentos\/","url":"https:\/\/www.em.com.br\/emfoco\/2026\/04\/29\/adeus-a-varanda-vazia-o-guia-de-frutas-no-balcao-para-colher-alimentos-frescos-em-pequenos-apartamentos\/","name":"Adeus a varanda vazia, o guia de frutas no balc\u00e3o para colher alimentos frescos em pequenos apartamentos - Estado de Minas - Em foco","isPartOf":{"@id":"https:\/\/www.em.com.br\/emfoco\/#website"},"primaryImageOfPage":{"@id":"https:\/\/www.em.com.br\/emfoco\/2026\/04\/29\/adeus-a-varanda-vazia-o-guia-de-frutas-no-balcao-para-colher-alimentos-frescos-em-pequenos-apartamentos\/#primaryimage"},"image":{"@id":"https:\/\/www.em.com.br\/emfoco\/2026\/04\/29\/adeus-a-varanda-vazia-o-guia-de-frutas-no-balcao-para-colher-alimentos-frescos-em-pequenos-apartamentos\/#primaryimage"},"thumbnailUrl":"https:\/\/www.em.com.br\/emfoco\/wp-content\/uploads\/2026\/04\/EmFoco_11-9.jpg","datePublished":"2026-04-30T00:25:00+00:00","dateModified":"2026-04-28T16:25:29+00:00","author":{"@id":"https:\/\/www.em.com.br\/emfoco\/#\/schema\/person\/0a8186d72f2c3a5c6276d90b41f271a0"},"description":"Cultivar frutas no balc\u00e3o no outono traz alimentos frescos ao seu lar. Saiba as esp\u00e9cies que crescem r\u00e1pido mesmo em pequenos espa\u00e7os.","breadcrumb":{"@id":"https:\/\/www.em.com.br\/emfoco\/2026\/04\/29\/adeus-a-varanda-vazia-o-guia-de-frutas-no-balcao-para-colher-alimentos-frescos-em-pequenos-apartamentos\/#breadcrumb"},"inLanguage":"pt-BR","potentialAction":[{"@type":"ReadAction","target":["https:\/\/www.em.com.br\/emfoco\/2026\/04\/29\/adeus-a-varanda-vazia-o-guia-de-frutas-no-balcao-para-colher-alimentos-frescos-em-pequenos-apartamentos\/"]}]},{"@type":"ImageObject","inLanguage":"pt-BR","@id":"https:\/\/www.em.com.br\/emfoco\/2026\/04\/29\/adeus-a-varanda-vazia-o-guia-de-frutas-no-balcao-para-colher-alimentos-frescos-em-pequenos-apartamentos\/#primaryimage","url":"https:\/\/www.em.com.br\/emfoco\/wp-content\/uploads\/2026\/04\/EmFoco_11-9.jpg","contentUrl":"https:\/\/www.em.com.br\/emfoco\/wp-content\/uploads\/2026\/04\/EmFoco_11-9.jpg","width":1280,"height":720,"caption":"Cultivo dom\u00e9stico de frut\u00edferas em vasos adaptados para espa\u00e7os urbanos reduzidos"},{"@type":"BreadcrumbList","@id":"https:\/\/www.em.com.br\/emfoco\/2026\/04\/29\/adeus-a-varanda-vazia-o-guia-de-frutas-no-balcao-para-colher-alimentos-frescos-em-pequenos-apartamentos\/#breadcrumb","itemListElement":[{"@type":"ListItem","position":1,"name":"In\u00edcio","item":"https:\/\/www.em.com.br\/emfoco\/"},{"@type":"ListItem","position":2,"name":"Adeus a varanda vazia, o guia de frutas no balc\u00e3o para colher alimentos frescos em pequenos apartamentos"}]},{"@type":"WebSite","@id":"https:\/\/www.em.com.br\/emfoco\/#website","url":"https:\/\/www.em.com.br\/emfoco\/","name":"Estado de Minas - Em foco","description":"Acompanhe as \u00faltimas not\u00edcias e fique bem informado sobre tudo o que acontece em Minas Gerais, Brasil e no mundo.","potentialAction":[{"@type":"SearchAction","target":{"@type":"EntryPoint","urlTemplate":"https:\/\/www.em.com.br\/emfoco\/?s={search_term_string}"},"query-input":{"@type":"PropertyValueSpecification","valueRequired":true,"valueName":"search_term_string"}}],"inLanguage":"pt-BR"},{"@type":"Person","@id":"https:\/\/www.em.com.br\/emfoco\/#\/schema\/person\/0a8186d72f2c3a5c6276d90b41f271a0","name":"Daniely Cardoso","image":{"@type":"ImageObject","inLanguage":"pt-BR","@id":"https:\/\/www.em.com.br\/emfoco\/#\/schema\/person\/image\/","url":"https:\/\/secure.gravatar.com\/avatar\/4b80ddbd124d1f071b626d52d62e5dff?s=96&d=mm&r=g","contentUrl":"https:\/\/secure.gravatar.com\/avatar\/4b80ddbd124d1f071b626d52d62e5dff?s=96&d=mm&r=g","caption":"Daniely Cardoso"},"url":"https:\/\/www.em.com.br\/emfoco\/author\/danielymyth\/"}]}},"_links":{"self":[{"href":"https:\/\/www.em.com.br\/emfoco\/wp-json\/wp\/v2\/posts\/200801","targetHints":{"allow":["GET"]}}],"collection":[{"href":"https:\/\/www.em.com.br\/emfoco\/wp-json\/wp\/v2\/posts"}],"about":[{"href":"https:\/\/www.em.com.br\/emfoco\/wp-json\/wp\/v2\/types\/post"}],"author":[{"embeddable":true,"href":"https:\/\/www.em.com.br\/emfoco\/wp-json\/wp\/v2\/users\/9"}],"replies":[{"embeddable":true,"href":"https:\/\/www.em.com.br\/emfoco\/wp-json\/wp\/v2\/comments?post=200801"}],"version-history":[{"count":1,"href":"https:\/\/www.em.com.br\/emfoco\/wp-json\/wp\/v2\/posts\/200801\/revisions"}],"predecessor-version":[{"id":200802,"href":"https:\/\/www.em.com.br\/emfoco\/wp-json\/wp\/v2\/posts\/200801\/revisions\/200802"}],"wp:featuredmedia":[{"embeddable":true,"href":"https:\/\/www.em.com.br\/emfoco\/wp-json\/wp\/v2\/media\/200894"}],"wp:attachment":[{"href":"https:\/\/www.em.com.br\/emfoco\/wp-json\/wp\/v2\/media?parent=200801"}],"wp:term":[{"taxonomy":"category","embeddable":true,"href":"https:\/\/www.em.com.br\/emfoco\/wp-json\/wp\/v2\/categories?post=200801"},{"taxonomy":"post_tag","embeddable":true,"href":"https:\/\/www.em.com.br\/emfoco\/wp-json\/wp\/v2\/tags?post=200801"}],"curies":[{"name":"wp","href":"https:\/\/api.w.org\/{rel}","templated":true}]}}