{"id":200796,"date":"2026-04-29T21:05:00","date_gmt":"2026-04-30T00:05:00","guid":{"rendered":"https:\/\/www.em.com.br\/emfoco\/?p=200796"},"modified":"2026-04-28T16:57:58","modified_gmt":"2026-04-28T19:57:58","slug":"dentistas-explicam-por-que-nao-enxaguar-a-boca-apos-escovar-os-dentes-pode-proteger-seu-sorriso","status":"publish","type":"post","link":"https:\/\/www.em.com.br\/emfoco\/2026\/04\/29\/dentistas-explicam-por-que-nao-enxaguar-a-boca-apos-escovar-os-dentes-pode-proteger-seu-sorriso\/","title":{"rendered":"Dentistas explicam: por que n\u00e3o enxaguar a boca ap\u00f3s escovar os dentes pode proteger seu sorriso"},"content":{"rendered":"\n<p>Eu sempre finalizava minha higiene com um copo d&#8217;\u00e1gua at\u00e9 descobrir que o segredo \u00e9 <strong>n\u00e3o enxaguar a boca<\/strong> para preservar o esmalte. Voc\u00ea imagina qual a raz\u00e3o de os principais especialistas estarem condenando um h\u00e1bito que parece t\u00e3o natural e higi\u00eanico?<\/p>\n\n\n\n<h2 class=\"wp-block-heading\">Por que os dentistas recomendam n\u00e3o enxaguar a boca<\/h2>\n\n\n\n<p>Antigamente o gesto de bochechar logo ap\u00f3s a escova\u00e7\u00e3o parecia a \u00fanica forma correta de finalizar a limpeza di\u00e1ria completa. Atualmente os profissionais explicam que essa pr\u00e1tica remove precocemente os <strong>minerais protetores<\/strong> contidos no creme dental de alta performance t\u00e9cnica. Essa camada residual funciona como um <strong>escudo qu\u00edmico<\/strong> necess\u00e1rio que precisa de tempo para agir na superf\u00edcie do esmalte dent\u00e1rio.<\/p>\n\n\n\n<p>Al\u00e9m disso, o contato prolongado dos ativos garante uma <strong>remineraliza\u00e7\u00e3o profunda<\/strong> e evita que o fl\u00faor seja totalmente desperdi\u00e7ado no ralo da pia. A ci\u00eancia odontol\u00f3gica moderna prioriza a <strong>manuten\u00e7\u00e3o constante<\/strong> das subst\u00e2ncias terap\u00eauticas em contato direto com a estrutura r\u00edgida dos dentes. Interromper esse processo biol\u00f3gico pode comprometer seriamente a <strong>prote\u00e7\u00e3o duradoura<\/strong> contra os ataques \u00e1cidos dos alimentos consumidos rotineiramente em todas as refei\u00e7\u00f5es.<\/p>\n\n\n<div class=\"wp-block-image\">\n<figure class=\"aligncenter size-large\"><img loading=\"lazy\" decoding=\"async\" width=\"1024\" height=\"576\" src=\"https:\/\/www.em.com.br\/emfoco\/wp-content\/uploads\/2026\/04\/escovando-dente_1777350564706-1024x576.jpg\" alt=\"n\u00e3o enxaguar a boca\" class=\"wp-image-200797\" srcset=\"https:\/\/www.em.com.br\/emfoco\/wp-content\/uploads\/2026\/04\/escovando-dente_1777350564706-1024x576.jpg 1024w, https:\/\/www.em.com.br\/emfoco\/wp-content\/uploads\/2026\/04\/escovando-dente_1777350564706-300x169.jpg 300w, https:\/\/www.em.com.br\/emfoco\/wp-content\/uploads\/2026\/04\/escovando-dente_1777350564706-768x432.jpg 768w, https:\/\/www.em.com.br\/emfoco\/wp-content\/uploads\/2026\/04\/escovando-dente_1777350564706-750x422.jpg 750w, https:\/\/www.em.com.br\/emfoco\/wp-content\/uploads\/2026\/04\/escovando-dente_1777350564706-1140x641.jpg 1140w, https:\/\/www.em.com.br\/emfoco\/wp-content\/uploads\/2026\/04\/escovando-dente_1777350564706.jpg 1280w\" sizes=\"auto, (max-width: 1024px) 100vw, 1024px\" \/><figcaption class=\"wp-element-caption\">Al\u00e9m disso, o contato prolongado dos ativos garante uma remineraliza\u00e7\u00e3o profunda e evita que o fl\u00faor seja totalmente desperdi\u00e7ado no ralo da pia &#8211; Cr\u00e9ditos: depositphotos.com \/ toa55<\/figcaption><\/figure><\/div>\n\n\n<p>Leia tamb\u00e9m: <a href=\"https:\/\/www.em.com.br\/emfoco\/2026\/04\/26\/estes-5-minutos-de-autocuidado-no-banho-podem-transformar-a-autoestima-da-mulher-40-no-dia-a-dia\/\" target=\"_blank\" rel=\"noreferrer noopener\">Estes 5 minutos de autocuidado no banho podem transformar a autoestima da mulher 40+ no dia a dia<\/a><\/p>\n\n\n\n<h2 class=\"wp-block-heading\">O papel do fl\u00faor ao n\u00e3o enxaguar a boca<\/h2>\n\n\n\n<p>A subst\u00e2ncia principal da pasta de dente necessita de v\u00e1rios minutos para se integrar totalmente \u00e0 estrutura dent\u00e1ria fragilizada pelo tempo. Quando removemos o excesso com \u00e1gua corrente, anulamos o <strong>efeito preventivo<\/strong> e deixamos os dentes vulner\u00e1veis aos diversos agentes externos nocivos. O h\u00e1bito correto envolve apenas <strong>cuspir o excesso<\/strong> de espuma para permitir que os ativos medicinais continuem trabalhando silenciosamente em sua boca.<\/p>\n\n\n\n<p>Consequentemente, essa conduta simples potencializa a resist\u00eancia contra as bact\u00e9rias oportunistas que tentam perfurar as camadas externas da denti\u00e7\u00e3o a cada instante. Diversas pesquisas confirmam que pequenos ajustes na rotina podem gerar <strong>ganhos expressivos<\/strong> na sa\u00fade bucal de longo prazo para todos os pacientes. Observe a lista t\u00e9cnica com as orienta\u00e7\u00f5es fundamentais para otimizar a sua <strong>higiene di\u00e1ria<\/strong> sem cometer erros b\u00e1sicos que prejudicam o sorriso:<\/p>\n\n\n\n<ul class=\"wp-block-list\">\n<li>Cuspa apenas a espuma excedente sem utilizar copos ou as m\u00e3os para levar \u00e1gua fresca at\u00e9 a boca.<\/li>\n\n\n\n<li>Evite beber qualquer l\u00edquido ou ingerir alimentos s\u00f3lidos nos primeiros trinta minutos ap\u00f3s realizar a <strong>limpeza completa<\/strong>.<\/li>\n\n\n\n<li>Utilize escovas de cerdas macias para n\u00e3o agredir as gengivas sens\u00edveis durante a aplica\u00e7\u00e3o do <strong>creme protetor<\/strong>.<\/li>\n<\/ul>\n\n\n\n<figure class=\"wp-block-embed is-type-rich is-provider-pinterest wp-block-embed-pinterest\"><div class=\"wp-block-embed__wrapper\">\n<iframe loading=\"lazy\" title=\"COMO ESCOVAR OS DENTES? \ud83e\udea5\" src=\"https:\/\/assets.pinterest.com\/ext\/embed.html?id=750130881713828124&#038;src=oembed\" height=\"899\" width=\"450\" frameborder=\"0\" scrolling=\"no\" ><\/iframe>\n<\/div><\/figure>\n\n\n\n<h2 class=\"wp-block-heading\">Erros comuns que prejudicam a sua sa\u00fade dental<\/h2>\n\n\n\n<p>Muitas pessoas utilizam enxaguantes bucais alco\u00f3licos logo ap\u00f3s a escova\u00e7\u00e3o achando que est\u00e3o refor\u00e7ando a limpeza profunda necess\u00e1ria para o h\u00e1lito. Essa mistura incorreta pode causar <strong>ressecamento tecidual<\/strong> severo e remover os ativos valiosos que acabaram de ser depositados em sua boca. Os dentistas alertam que a <strong>ordem correta<\/strong> de uso dos produtos influencia diretamente no resultado final de toda a sua higieniza\u00e7\u00e3o bucal.<\/p>\n\n\n\n<p>Al\u00e9m disso, o uso excessivo de for\u00e7a durante a fric\u00e7\u00e3o tamb\u00e9m representa um perigo constante para a integridade do esmalte dental fino e sens\u00edvel. Movimentos bruscos desgastam a prote\u00e7\u00e3o natural e favorecem o surgimento de <strong>manchas permanentes<\/strong> ou desgastes \u00f3sseos graves na regi\u00e3o gengival. Foque em <strong>movimentos circulares<\/strong> e suaves para garantir dentes limpos e gengivas totalmente <strong>saud\u00e1veis e firmes<\/strong> para o futuro.<\/p>\n\n\n\n<p>Para voc\u00ea que gosta de se cuidar, separamos um v\u00eddeo do canal <a href=\"https:\/\/www.youtube.com\/@DentistaResponde\" target=\"_blank\" rel=\"noreferrer noopener\">Dentista Responde<\/a> com dicas para uma sa\u00fade bucal perfeita:<\/p>\n\n\n\n<figure class=\"wp-block-embed is-type-video is-provider-youtube wp-block-embed-youtube wp-embed-aspect-16-9 wp-has-aspect-ratio\"><div class=\"wp-block-embed__wrapper\">\n<div class=\"jeg_video_container jeg_video_content\"><iframe loading=\"lazy\" title=\"A Rotina di\u00e1ria PERFEITA de Higiene Bucal (3 Passos Simples).\" width=\"500\" height=\"281\" src=\"https:\/\/www.youtube.com\/embed\/rrmq974Y-QQ?start=1&#038;feature=oembed\" frameborder=\"0\" allow=\"accelerometer; autoplay; clipboard-write; encrypted-media; gyroscope; picture-in-picture; web-share\" referrerpolicy=\"strict-origin-when-cross-origin\" allowfullscreen><\/iframe><\/div>\n<\/div><\/figure>\n\n\n\n<h2 class=\"wp-block-heading\">Benef\u00edcios reais de n\u00e3o enxaguar a boca<\/h2>\n\n\n\n<p>Adotar essa nova diretriz reduz significativamente o risco de c\u00e1ries em adultos e crian\u00e7as em fase de crescimento \u00f3sseo e dental. O esmalte dental ganha uma <strong>dureza extra<\/strong> que suporta melhor as varia\u00e7\u00f5es de pH ocorridas durante as refei\u00e7\u00f5es di\u00e1rias mais pesadas. Manter o fl\u00faor ativo representa uma <strong>economia financeira<\/strong> enorme com tratamentos restauradores complexos e extremamente dolorosos no futuro pr\u00f3ximo e inevit\u00e1vel.<\/p>\n\n\n\n<p>Al\u00e9m do mais, a prote\u00e7\u00e3o qu\u00edmica cont\u00ednua ajuda a neutralizar os \u00e1cidos produzidos pelos micro-organismos que habitam naturalmente a cavidade oral humana em equil\u00edbrio. Essa barreira invis\u00edvel promove um <strong>h\u00e1lito fresco<\/strong> por mais tempo e evita a forma\u00e7\u00e3o de t\u00e1rtaro resistente e escuro nas bases dentais. Priorize o <strong>cuidado preventivo<\/strong> para desfrutar de um sorriso sempre radiante e livre de <strong>doen\u00e7as periodontais<\/strong> ou inflama\u00e7\u00f5es cr\u00f4nicas doloridas.<\/p>\n\n\n\n<h2 class=\"wp-block-heading\">Mude seus h\u00e1bitos para proteger seu sorriso<\/h2>\n\n\n\n<p>Ajuste sua rotina matinal para permitir que a ci\u00eancia proteja sua sa\u00fade sem custos adicionais ao seu or\u00e7amento mensal familiar. Valorize o contato prolongado dos minerais com seus dentes para obter <strong>resultados duradouros<\/strong> e um sorriso bonito e radiante. Busque <strong>orienta\u00e7\u00e3o t\u00e9cnica<\/strong> regularmente para manter sua boca sempre em perfeitas condi\u00e7\u00f5es de uso e est\u00e9tica impec\u00e1vel.<\/p>\n\n\n\n<p>O sucesso da sua higiene depende da disciplina em seguir passos simples e muito eficazes no conforto do seu lar. Preserve a camada protetora da sua denti\u00e7\u00e3o para evitar desconfortos futuros e garantir <strong>bem-estar oral<\/strong> total em todas as fases. Pratique <strong>bons h\u00e1bitos<\/strong> hoje para colher benef\u00edcios permanentes na sua qualidade de vida e longevidade f\u00edsica.<\/p>\n","protected":false},"excerpt":{"rendered":"<p>Eu sempre finalizava minha higiene com um copo d&#8217;\u00e1gua at\u00e9 descobrir que o segredo \u00e9 n\u00e3o enxaguar a boca para preservar o esmalte. Voc\u00ea imagina qual a raz\u00e3o de os principais especialistas estarem condenando um h\u00e1bito que parece t\u00e3o natural e higi\u00eanico? Por que os dentistas recomendam n\u00e3o enxaguar a boca Antigamente o gesto de [&hellip;]<\/p>\n","protected":false},"author":9,"featured_media":200893,"comment_status":"open","ping_status":"open","sticky":false,"template":"","format":"standard","meta":{"jnews-multi-image_gallery":[],"jnews_single_post":{"format":"standard"},"jnews_primary_category":[],"jnews_social_meta":[],"jnews_override_counter":[],"footnotes":""},"categories":[8691,9053],"tags":[11926,14979,28938],"class_list":["post-200796","post","type-post","status-publish","format-standard","has-post-thumbnail","hentry","category-bem-estar","category-saude","tag-higiene-bucal","tag-prevencao-de-caries","tag-saude-dental"],"yoast_head":"<!-- This site is optimized with the Yoast SEO plugin v23.8 - https:\/\/yoast.com\/wordpress\/plugins\/seo\/ -->\n<title>Dentistas explicam: por que n\u00e3o enxaguar a boca ap\u00f3s escovar os dentes pode proteger seu sorriso - Estado de Minas - Em foco<\/title>\n<meta name=\"description\" content=\"Saiba por que n\u00e3o enxaguar a boca ap\u00f3s a escova\u00e7\u00e3o \u00e9 a recomenda\u00e7\u00e3o dos dentistas para proteger os dentes. Garanta sa\u00fade e brilho.\" \/>\n<meta name=\"robots\" content=\"index, follow, max-snippet:-1, max-image-preview:large, max-video-preview:-1\" \/>\n<link rel=\"canonical\" href=\"https:\/\/www.em.com.br\/emfoco\/2026\/04\/29\/dentistas-explicam-por-que-nao-enxaguar-a-boca-apos-escovar-os-dentes-pode-proteger-seu-sorriso\/\" \/>\n<meta property=\"og:locale\" content=\"pt_BR\" \/>\n<meta property=\"og:type\" content=\"article\" \/>\n<meta property=\"og:title\" content=\"Dentistas explicam: por que n\u00e3o enxaguar a boca ap\u00f3s escovar os dentes pode proteger seu sorriso - Estado de Minas - Em foco\" \/>\n<meta property=\"og:description\" content=\"Saiba por que n\u00e3o enxaguar a boca ap\u00f3s a escova\u00e7\u00e3o \u00e9 a recomenda\u00e7\u00e3o dos dentistas para proteger os dentes. Garanta sa\u00fade e brilho.\" \/>\n<meta property=\"og:url\" content=\"https:\/\/www.em.com.br\/emfoco\/2026\/04\/29\/dentistas-explicam-por-que-nao-enxaguar-a-boca-apos-escovar-os-dentes-pode-proteger-seu-sorriso\/\" \/>\n<meta property=\"og:site_name\" content=\"Estado de Minas - Em foco\" \/>\n<meta property=\"article:published_time\" content=\"2026-04-30T00:05:00+00:00\" \/>\n<meta property=\"article:modified_time\" content=\"2026-04-28T19:57:58+00:00\" \/>\n<meta property=\"og:image\" content=\"https:\/\/www.em.com.br\/emfoco\/wp-content\/uploads\/2026\/04\/EmFoco_12-10.jpg\" \/>\n\t<meta property=\"og:image:width\" content=\"1280\" \/>\n\t<meta property=\"og:image:height\" content=\"720\" \/>\n\t<meta property=\"og:image:type\" content=\"image\/jpeg\" \/>\n<meta name=\"author\" content=\"Daniely Cardoso\" \/>\n<meta name=\"twitter:card\" content=\"summary_large_image\" \/>\n<meta name=\"twitter:label1\" content=\"Escrito por\" \/>\n\t<meta name=\"twitter:data1\" content=\"Daniely Cardoso\" \/>\n\t<meta name=\"twitter:label2\" content=\"Est. tempo de leitura\" \/>\n\t<meta name=\"twitter:data2\" content=\"5 minutos\" \/>\n<!-- \/ Yoast SEO plugin. -->","yoast_head_json":{"title":"Dentistas explicam: por que n\u00e3o enxaguar a boca ap\u00f3s escovar os dentes pode proteger seu sorriso - Estado de Minas - Em foco","description":"Saiba por que n\u00e3o enxaguar a boca ap\u00f3s a escova\u00e7\u00e3o \u00e9 a recomenda\u00e7\u00e3o dos dentistas para proteger os dentes. Garanta sa\u00fade e brilho.","robots":{"index":"index","follow":"follow","max-snippet":"max-snippet:-1","max-image-preview":"max-image-preview:large","max-video-preview":"max-video-preview:-1"},"canonical":"https:\/\/www.em.com.br\/emfoco\/2026\/04\/29\/dentistas-explicam-por-que-nao-enxaguar-a-boca-apos-escovar-os-dentes-pode-proteger-seu-sorriso\/","og_locale":"pt_BR","og_type":"article","og_title":"Dentistas explicam: por que n\u00e3o enxaguar a boca ap\u00f3s escovar os dentes pode proteger seu sorriso - Estado de Minas - Em foco","og_description":"Saiba por que n\u00e3o enxaguar a boca ap\u00f3s a escova\u00e7\u00e3o \u00e9 a recomenda\u00e7\u00e3o dos dentistas para proteger os dentes. Garanta sa\u00fade e brilho.","og_url":"https:\/\/www.em.com.br\/emfoco\/2026\/04\/29\/dentistas-explicam-por-que-nao-enxaguar-a-boca-apos-escovar-os-dentes-pode-proteger-seu-sorriso\/","og_site_name":"Estado de Minas - Em foco","article_published_time":"2026-04-30T00:05:00+00:00","article_modified_time":"2026-04-28T19:57:58+00:00","og_image":[{"width":1280,"height":720,"url":"https:\/\/www.em.com.br\/emfoco\/wp-content\/uploads\/2026\/04\/EmFoco_12-10.jpg","type":"image\/jpeg"}],"author":"Daniely Cardoso","twitter_card":"summary_large_image","twitter_misc":{"Escrito por":"Daniely Cardoso","Est. tempo de leitura":"5 minutos"},"schema":{"@context":"https:\/\/schema.org","@graph":[{"@type":"WebPage","@id":"https:\/\/www.em.com.br\/emfoco\/2026\/04\/29\/dentistas-explicam-por-que-nao-enxaguar-a-boca-apos-escovar-os-dentes-pode-proteger-seu-sorriso\/","url":"https:\/\/www.em.com.br\/emfoco\/2026\/04\/29\/dentistas-explicam-por-que-nao-enxaguar-a-boca-apos-escovar-os-dentes-pode-proteger-seu-sorriso\/","name":"Dentistas explicam: por que n\u00e3o enxaguar a boca ap\u00f3s escovar os dentes pode proteger seu sorriso - Estado de Minas - Em foco","isPartOf":{"@id":"https:\/\/www.em.com.br\/emfoco\/#website"},"primaryImageOfPage":{"@id":"https:\/\/www.em.com.br\/emfoco\/2026\/04\/29\/dentistas-explicam-por-que-nao-enxaguar-a-boca-apos-escovar-os-dentes-pode-proteger-seu-sorriso\/#primaryimage"},"image":{"@id":"https:\/\/www.em.com.br\/emfoco\/2026\/04\/29\/dentistas-explicam-por-que-nao-enxaguar-a-boca-apos-escovar-os-dentes-pode-proteger-seu-sorriso\/#primaryimage"},"thumbnailUrl":"https:\/\/www.em.com.br\/emfoco\/wp-content\/uploads\/2026\/04\/EmFoco_12-10.jpg","datePublished":"2026-04-30T00:05:00+00:00","dateModified":"2026-04-28T19:57:58+00:00","author":{"@id":"https:\/\/www.em.com.br\/emfoco\/#\/schema\/person\/0a8186d72f2c3a5c6276d90b41f271a0"},"description":"Saiba por que n\u00e3o enxaguar a boca ap\u00f3s a escova\u00e7\u00e3o \u00e9 a recomenda\u00e7\u00e3o dos dentistas para proteger os dentes. Garanta sa\u00fade e brilho.","breadcrumb":{"@id":"https:\/\/www.em.com.br\/emfoco\/2026\/04\/29\/dentistas-explicam-por-que-nao-enxaguar-a-boca-apos-escovar-os-dentes-pode-proteger-seu-sorriso\/#breadcrumb"},"inLanguage":"pt-BR","potentialAction":[{"@type":"ReadAction","target":["https:\/\/www.em.com.br\/emfoco\/2026\/04\/29\/dentistas-explicam-por-que-nao-enxaguar-a-boca-apos-escovar-os-dentes-pode-proteger-seu-sorriso\/"]}]},{"@type":"ImageObject","inLanguage":"pt-BR","@id":"https:\/\/www.em.com.br\/emfoco\/2026\/04\/29\/dentistas-explicam-por-que-nao-enxaguar-a-boca-apos-escovar-os-dentes-pode-proteger-seu-sorriso\/#primaryimage","url":"https:\/\/www.em.com.br\/emfoco\/wp-content\/uploads\/2026\/04\/EmFoco_12-10.jpg","contentUrl":"https:\/\/www.em.com.br\/emfoco\/wp-content\/uploads\/2026\/04\/EmFoco_12-10.jpg","width":1280,"height":720,"caption":"Pr\u00e1tica odontol\u00f3gica que preserva minerais protetores do esmalte para prevenir c\u00e1ries dentais"},{"@type":"BreadcrumbList","@id":"https:\/\/www.em.com.br\/emfoco\/2026\/04\/29\/dentistas-explicam-por-que-nao-enxaguar-a-boca-apos-escovar-os-dentes-pode-proteger-seu-sorriso\/#breadcrumb","itemListElement":[{"@type":"ListItem","position":1,"name":"In\u00edcio","item":"https:\/\/www.em.com.br\/emfoco\/"},{"@type":"ListItem","position":2,"name":"Dentistas explicam: por que n\u00e3o enxaguar a boca ap\u00f3s escovar os dentes pode proteger seu sorriso"}]},{"@type":"WebSite","@id":"https:\/\/www.em.com.br\/emfoco\/#website","url":"https:\/\/www.em.com.br\/emfoco\/","name":"Estado de Minas - Em foco","description":"Acompanhe as \u00faltimas not\u00edcias e fique bem informado sobre tudo o que acontece em Minas Gerais, Brasil e no mundo.","potentialAction":[{"@type":"SearchAction","target":{"@type":"EntryPoint","urlTemplate":"https:\/\/www.em.com.br\/emfoco\/?s={search_term_string}"},"query-input":{"@type":"PropertyValueSpecification","valueRequired":true,"valueName":"search_term_string"}}],"inLanguage":"pt-BR"},{"@type":"Person","@id":"https:\/\/www.em.com.br\/emfoco\/#\/schema\/person\/0a8186d72f2c3a5c6276d90b41f271a0","name":"Daniely Cardoso","image":{"@type":"ImageObject","inLanguage":"pt-BR","@id":"https:\/\/www.em.com.br\/emfoco\/#\/schema\/person\/image\/","url":"https:\/\/secure.gravatar.com\/avatar\/4b80ddbd124d1f071b626d52d62e5dff?s=96&d=mm&r=g","contentUrl":"https:\/\/secure.gravatar.com\/avatar\/4b80ddbd124d1f071b626d52d62e5dff?s=96&d=mm&r=g","caption":"Daniely Cardoso"},"url":"https:\/\/www.em.com.br\/emfoco\/author\/danielymyth\/"}]}},"_links":{"self":[{"href":"https:\/\/www.em.com.br\/emfoco\/wp-json\/wp\/v2\/posts\/200796","targetHints":{"allow":["GET"]}}],"collection":[{"href":"https:\/\/www.em.com.br\/emfoco\/wp-json\/wp\/v2\/posts"}],"about":[{"href":"https:\/\/www.em.com.br\/emfoco\/wp-json\/wp\/v2\/types\/post"}],"author":[{"embeddable":true,"href":"https:\/\/www.em.com.br\/emfoco\/wp-json\/wp\/v2\/users\/9"}],"replies":[{"embeddable":true,"href":"https:\/\/www.em.com.br\/emfoco\/wp-json\/wp\/v2\/comments?post=200796"}],"version-history":[{"count":2,"href":"https:\/\/www.em.com.br\/emfoco\/wp-json\/wp\/v2\/posts\/200796\/revisions"}],"predecessor-version":[{"id":200998,"href":"https:\/\/www.em.com.br\/emfoco\/wp-json\/wp\/v2\/posts\/200796\/revisions\/200998"}],"wp:featuredmedia":[{"embeddable":true,"href":"https:\/\/www.em.com.br\/emfoco\/wp-json\/wp\/v2\/media\/200893"}],"wp:attachment":[{"href":"https:\/\/www.em.com.br\/emfoco\/wp-json\/wp\/v2\/media?parent=200796"}],"wp:term":[{"taxonomy":"category","embeddable":true,"href":"https:\/\/www.em.com.br\/emfoco\/wp-json\/wp\/v2\/categories?post=200796"},{"taxonomy":"post_tag","embeddable":true,"href":"https:\/\/www.em.com.br\/emfoco\/wp-json\/wp\/v2\/tags?post=200796"}],"curies":[{"name":"wp","href":"https:\/\/api.w.org\/{rel}","templated":true}]}}