{"id":200791,"date":"2026-04-29T20:05:00","date_gmt":"2026-04-29T23:05:00","guid":{"rendered":"https:\/\/www.em.com.br\/emfoco\/?p=200791"},"modified":"2026-04-28T16:56:13","modified_gmt":"2026-04-28T19:56:13","slug":"o-pequeno-grao-que-pode-ajudar-seu-coracao-e-fortalecer-seus-ossos-todos-os-dias","status":"publish","type":"post","link":"https:\/\/www.em.com.br\/emfoco\/2026\/04\/29\/o-pequeno-grao-que-pode-ajudar-seu-coracao-e-fortalecer-seus-ossos-todos-os-dias\/","title":{"rendered":"O pequeno gr\u00e3o que pode ajudar seu cora\u00e7\u00e3o e fortalecer seus ossos todos os dias"},"content":{"rendered":"\n<p>Eu salpicava sementes no meu p\u00e3o matinal enquanto pesquisava sobre os <strong>benef\u00edcios do gergelim<\/strong> para a sa\u00fade \u00f3ssea. Ser\u00e1 que este min\u00fasculo gr\u00e3o milenar guarda o segredo para manter as articula\u00e7\u00f5es fortes e a press\u00e3o sob controle?<\/p>\n\n\n\n<h2 class=\"wp-block-heading\">Quais s\u00e3o os benef\u00edcios do gergelim para o cora\u00e7\u00e3o<\/h2>\n\n\n\n<p>Estas pequenas sementes oleaginosas concentram uma densidade nutricional surpreendente que impacta positivamente o funcionamento do sistema cardiovascular. O consumo regular auxilia na redu\u00e7\u00e3o dos n\u00edveis de colesterol ruim gra\u00e7as \u00e0 presen\u00e7a de fitoester\u00f3is potentes e fibras sol\u00faveis. Voc\u00ea conquista uma <strong>prote\u00e7\u00e3o arterial<\/strong> eficiente e melhora a <strong>sa\u00fade do cora\u00e7\u00e3o<\/strong> com apenas uma colher di\u00e1ria.<\/p>\n\n\n\n<p>A riqueza em minerais como c\u00e1lcio e magn\u00e9sio torna este alimento um aliado indispens\u00e1vel para quem busca prevenir a osteoporose. O organismo absorve os nutrientes de forma r\u00e1pida quando os gr\u00e3os s\u00e3o levemente tostados antes da ingest\u00e3o nas refei\u00e7\u00f5es. Invista no <strong>fortalecimento \u00f3sseo<\/strong> constante e garanta <strong>articula\u00e7\u00f5es saud\u00e1veis<\/strong> por muito mais tempo.<\/p>\n\n\n<div class=\"wp-block-image\">\n<figure class=\"aligncenter size-large\"><img loading=\"lazy\" decoding=\"async\" width=\"1024\" height=\"576\" src=\"https:\/\/www.em.com.br\/emfoco\/wp-content\/uploads\/2026\/04\/gergelim-1024x576.jpg\" alt=\"benef\u00edcios do gergelim\" class=\"wp-image-191559\" srcset=\"https:\/\/www.em.com.br\/emfoco\/wp-content\/uploads\/2026\/04\/gergelim-1024x576.jpg 1024w, https:\/\/www.em.com.br\/emfoco\/wp-content\/uploads\/2026\/04\/gergelim-300x169.jpg 300w, https:\/\/www.em.com.br\/emfoco\/wp-content\/uploads\/2026\/04\/gergelim-768x432.jpg 768w, https:\/\/www.em.com.br\/emfoco\/wp-content\/uploads\/2026\/04\/gergelim-750x422.jpg 750w, https:\/\/www.em.com.br\/emfoco\/wp-content\/uploads\/2026\/04\/gergelim-1140x641.jpg 1140w, https:\/\/www.em.com.br\/emfoco\/wp-content\/uploads\/2026\/04\/gergelim.jpg 1280w\" sizes=\"auto, (max-width: 1024px) 100vw, 1024px\" \/><figcaption class=\"wp-element-caption\">A riqueza em minerais como c\u00e1lcio e magn\u00e9sio torna este alimento um aliado indispens\u00e1vel para quem busca prevenir a osteoporose.<\/figcaption><\/figure><\/div>\n\n\n<p>Leia tamb\u00e9m: <a href=\"https:\/\/www.em.com.br\/emfoco\/2026\/04\/26\/estes-5-minutos-de-autocuidado-no-banho-podem-transformar-a-autoestima-da-mulher-40-no-dia-a-dia\/\" target=\"_blank\" rel=\"noreferrer noopener\">Estes 5 minutos de autocuidado no banho podem transformar a autoestima da mulher 40+ no dia a dia<\/a><\/p>\n\n\n\n<h2 class=\"wp-block-heading\">O impacto dos benef\u00edcios do gergelim na digest\u00e3o<\/h2>\n\n\n\n<p>O alto teor de fibras presente na casca das sementes facilita o tr\u00e2nsito intestinal e combate a pris\u00e3o de ventre de maneira natural. O sistema digestivo funciona com mais leveza quando existe o aporte correto de \u00f3leos vegetais saud\u00e1veis vindos das sementes. Promova uma <strong>digest\u00e3o regular<\/strong> e evite o <strong>incha\u00e7o abdominal<\/strong> desconfort\u00e1vel ap\u00f3s o almo\u00e7o.<\/p>\n\n\n\n<p>Ingerir estas sementes cruas ou em forma de pasta ajuda a saciar a fome por per\u00edodos mais longos durante o dia agitado. Muitos especialistas sugerem misturar o gr\u00e3o em saladas ou iogurtes para otimizar a absor\u00e7\u00e3o de vitaminas vitais. Observe como os componentes abaixo transformam o seu <strong>equil\u00edbrio metab\u00f3lico<\/strong> e trazem <strong>bem-estar gastrointestinal<\/strong> interno:<\/p>\n\n\n\n<ul class=\"wp-block-list\">\n<li>Fibras sol\u00faveis para controlar o <strong>a\u00e7\u00facar no sangue<\/strong>.<\/li>\n\n\n\n<li>Gorduras monoinsaturadas que protegem o <strong>f\u00edgado e p\u00e2ncreas<\/strong>.<\/li>\n\n\n\n<li>Cobre org\u00e2nico para reduzir <strong>processos inflamat\u00f3rios<\/strong> internos.<\/li>\n<\/ul>\n\n\n\n<figure class=\"wp-block-embed is-type-rich is-provider-pinterest wp-block-embed-pinterest\"><div class=\"wp-block-embed__wrapper\">\n<iframe loading=\"lazy\" title=\"Benef\u00edcios do Gergelim na alimenta\u00e7\u00e3o\" src=\"https:\/\/assets.pinterest.com\/ext\/embed.html?id=350999364727031831&#038;src=oembed\" height=\"550\" width=\"450\" frameborder=\"0\" scrolling=\"no\" ><\/iframe>\n<\/div><\/figure>\n\n\n\n<h2 class=\"wp-block-heading\">Como os benef\u00edcios do gergelim ajudam a controlar a press\u00e3o<\/h2>\n\n\n\n<p>O magn\u00e9sio atua diretamente no relaxamento dos vasos sangu\u00edneos para permitir que o fluxo circule sem resist\u00eancia excessiva ou perigosa. Este efeito hipotensor natural ajuda a evitar picos de hipertens\u00e3o em momentos de estresse intenso ou cansa\u00e7o f\u00edsico. Mantenha a <strong>press\u00e3o equilibrada<\/strong> e desfrute de <strong>tranquilidade cardiovascular<\/strong> diariamente.<\/p>\n\n\n\n<p>Compostos antioxidantes \u00fanicos como a sesamina impedem que o estresse oxidativo danifique as paredes das art\u00e9rias importantes. O corpo utiliza estas subst\u00e2ncias para neutralizar radicais livres que prejudicam a circula\u00e7\u00e3o perif\u00e9rica de forma silenciosa. Busque <strong>longevidade celular<\/strong> e garanta um <strong>organismo resiliente<\/strong> contra agress\u00f5es externas.<\/p>\n\n\n\n<p>Para voc\u00ea que gosta de se cuidar, separamos um v\u00eddeo do canal da <a href=\"https:\/\/www.youtube.com\/@NutricionistaPatriciaLeite\" target=\"_blank\" rel=\"noreferrer noopener\">Nutricionista Patricia Leite<\/a> com dicas de consumo e benef\u00edcios do gergelim:<\/p>\n\n\n\n<figure class=\"wp-block-embed is-type-video is-provider-youtube wp-block-embed-youtube wp-embed-aspect-16-9 wp-has-aspect-ratio\"><div class=\"wp-block-embed__wrapper\">\n<div class=\"jeg_video_container jeg_video_content\"><iframe loading=\"lazy\" title=\"Benef\u00edcios do Gergelim - Emagrece? Para Que Serve? [Gr\u00e3os, Pasta, \u00d3leo, Leite]\" width=\"500\" height=\"281\" src=\"https:\/\/www.youtube.com\/embed\/srjI8f1azgw?feature=oembed\" frameborder=\"0\" allow=\"accelerometer; autoplay; clipboard-write; encrypted-media; gyroscope; picture-in-picture; web-share\" referrerpolicy=\"strict-origin-when-cross-origin\" allowfullscreen><\/iframe><\/div>\n<\/div><\/figure>\n\n\n\n<h2 class=\"wp-block-heading\">O papel nutricional das sementes na sa\u00fade mental<\/h2>\n\n\n\n<p>A presen\u00e7a de triptofano auxilia na produ\u00e7\u00e3o de serotonina para garantir noites de sono mais tranquilas e reparadoras para a mente. O c\u00e9rebro necessita de gorduras boas para manter as fun\u00e7\u00f5es cognitivas e a mem\u00f3ria em pleno funcionamento durante o envelhecimento. Fortale\u00e7a o <strong>foco mental<\/strong> e conquiste <strong>clareza de racioc\u00ednio<\/strong> com escolhas alimentares inteligentes.<\/p>\n\n\n\n<p>Vitaminas do complexo B encontradas no gr\u00e3o participam ativamente da regula\u00e7\u00e3o do sistema nervoso central e perif\u00e9rico. Ingerir o alimento ajuda a reduzir sintomas leves de ansiedade atrav\u00e9s da estabiliza\u00e7\u00e3o de neurotransmissores importantes. Promova o <strong>equil\u00edbrio emocional<\/strong> e mantenha a <strong>sa\u00fade cerebral<\/strong> sempre em dia.<\/p>\n\n\n\n<h2 class=\"wp-block-heading\">Adote sementes oleaginosas na sua dieta di\u00e1ria<\/h2>\n\n\n\n<p>Pequenos ajustes no card\u00e1pio geram resultados profundos na sua qualidade de vida a longo prazo. Salpique os gr\u00e3os sobre pratos quentes ou frios para ganhar nutri\u00e7\u00e3o extra de forma pr\u00e1tica. Valorize <strong>escolhas naturais<\/strong> e sinta <strong>vitalidade renovada<\/strong>.<\/p>\n\n\n\n<p>O segredo da sa\u00fade reside na const\u00e2ncia de bons h\u00e1bitos alimentares mantidos com prazer e simplicidade. Transforme sua cozinha em um laborat\u00f3rio de bem-estar utilizando ingredientes acess\u00edveis e poderosos. Busque <strong>energia f\u00edsica<\/strong> e muita <strong>disposi\u00e7\u00e3o corporal<\/strong>.<\/p>\n","protected":false},"excerpt":{"rendered":"<p>Eu salpicava sementes no meu p\u00e3o matinal enquanto pesquisava sobre os benef\u00edcios do gergelim para a sa\u00fade \u00f3ssea. Ser\u00e1 que este min\u00fasculo gr\u00e3o milenar guarda o segredo para manter as articula\u00e7\u00f5es fortes e a press\u00e3o sob controle? Quais s\u00e3o os benef\u00edcios do gergelim para o cora\u00e7\u00e3o Estas pequenas sementes oleaginosas concentram uma densidade nutricional surpreendente [&hellip;]<\/p>\n","protected":false},"author":9,"featured_media":200892,"comment_status":"open","ping_status":"open","sticky":false,"template":"","format":"standard","meta":{"jnews-multi-image_gallery":[],"jnews_single_post":{"format":"standard"},"jnews_primary_category":[],"jnews_social_meta":[],"jnews_override_counter":[],"footnotes":""},"categories":[8691,29],"tags":[911,3509,11203],"class_list":["post-200791","post","type-post","status-publish","format-standard","has-post-thumbnail","hentry","category-bem-estar","category-entretenimento","tag-alimentacao-saudavel","tag-nutricao","tag-superalimentos"],"yoast_head":"<!-- This site is optimized with the Yoast SEO plugin v23.8 - https:\/\/yoast.com\/wordpress\/plugins\/seo\/ -->\n<title>O pequeno gr\u00e3o que pode ajudar seu cora\u00e7\u00e3o e fortalecer seus ossos todos os dias - Estado de Minas - Em foco<\/title>\n<meta name=\"description\" content=\"Entenda como os benef\u00edcios do gergelim transformam sua sa\u00fade \u00f3ssea e cardiovascular de forma natural. Melhore sua dieta com estas dicas.\" \/>\n<meta name=\"robots\" content=\"index, follow, max-snippet:-1, max-image-preview:large, max-video-preview:-1\" \/>\n<link rel=\"canonical\" href=\"https:\/\/www.em.com.br\/emfoco\/2026\/04\/29\/o-pequeno-grao-que-pode-ajudar-seu-coracao-e-fortalecer-seus-ossos-todos-os-dias\/\" \/>\n<meta property=\"og:locale\" content=\"pt_BR\" \/>\n<meta property=\"og:type\" content=\"article\" \/>\n<meta property=\"og:title\" content=\"O pequeno gr\u00e3o que pode ajudar seu cora\u00e7\u00e3o e fortalecer seus ossos todos os dias - Estado de Minas - Em foco\" \/>\n<meta property=\"og:description\" content=\"Entenda como os benef\u00edcios do gergelim transformam sua sa\u00fade \u00f3ssea e cardiovascular de forma natural. Melhore sua dieta com estas dicas.\" \/>\n<meta property=\"og:url\" content=\"https:\/\/www.em.com.br\/emfoco\/2026\/04\/29\/o-pequeno-grao-que-pode-ajudar-seu-coracao-e-fortalecer-seus-ossos-todos-os-dias\/\" \/>\n<meta property=\"og:site_name\" content=\"Estado de Minas - Em foco\" \/>\n<meta property=\"article:published_time\" content=\"2026-04-29T23:05:00+00:00\" \/>\n<meta property=\"article:modified_time\" content=\"2026-04-28T19:56:13+00:00\" \/>\n<meta property=\"og:image\" content=\"https:\/\/www.em.com.br\/emfoco\/wp-content\/uploads\/2026\/04\/EmFoco_13-9.jpg\" \/>\n\t<meta property=\"og:image:width\" content=\"1280\" \/>\n\t<meta property=\"og:image:height\" content=\"720\" \/>\n\t<meta property=\"og:image:type\" content=\"image\/jpeg\" \/>\n<meta name=\"author\" content=\"Daniely Cardoso\" \/>\n<meta name=\"twitter:card\" content=\"summary_large_image\" \/>\n<meta name=\"twitter:label1\" content=\"Escrito por\" \/>\n\t<meta name=\"twitter:data1\" content=\"Daniely Cardoso\" \/>\n\t<meta name=\"twitter:label2\" content=\"Est. tempo de leitura\" \/>\n\t<meta name=\"twitter:data2\" content=\"4 minutos\" \/>\n<!-- \/ Yoast SEO plugin. -->","yoast_head_json":{"title":"O pequeno gr\u00e3o que pode ajudar seu cora\u00e7\u00e3o e fortalecer seus ossos todos os dias - Estado de Minas - Em foco","description":"Entenda como os benef\u00edcios do gergelim transformam sua sa\u00fade \u00f3ssea e cardiovascular de forma natural. Melhore sua dieta com estas dicas.","robots":{"index":"index","follow":"follow","max-snippet":"max-snippet:-1","max-image-preview":"max-image-preview:large","max-video-preview":"max-video-preview:-1"},"canonical":"https:\/\/www.em.com.br\/emfoco\/2026\/04\/29\/o-pequeno-grao-que-pode-ajudar-seu-coracao-e-fortalecer-seus-ossos-todos-os-dias\/","og_locale":"pt_BR","og_type":"article","og_title":"O pequeno gr\u00e3o que pode ajudar seu cora\u00e7\u00e3o e fortalecer seus ossos todos os dias - Estado de Minas - Em foco","og_description":"Entenda como os benef\u00edcios do gergelim transformam sua sa\u00fade \u00f3ssea e cardiovascular de forma natural. Melhore sua dieta com estas dicas.","og_url":"https:\/\/www.em.com.br\/emfoco\/2026\/04\/29\/o-pequeno-grao-que-pode-ajudar-seu-coracao-e-fortalecer-seus-ossos-todos-os-dias\/","og_site_name":"Estado de Minas - Em foco","article_published_time":"2026-04-29T23:05:00+00:00","article_modified_time":"2026-04-28T19:56:13+00:00","og_image":[{"width":1280,"height":720,"url":"https:\/\/www.em.com.br\/emfoco\/wp-content\/uploads\/2026\/04\/EmFoco_13-9.jpg","type":"image\/jpeg"}],"author":"Daniely Cardoso","twitter_card":"summary_large_image","twitter_misc":{"Escrito por":"Daniely Cardoso","Est. tempo de leitura":"4 minutos"},"schema":{"@context":"https:\/\/schema.org","@graph":[{"@type":"WebPage","@id":"https:\/\/www.em.com.br\/emfoco\/2026\/04\/29\/o-pequeno-grao-que-pode-ajudar-seu-coracao-e-fortalecer-seus-ossos-todos-os-dias\/","url":"https:\/\/www.em.com.br\/emfoco\/2026\/04\/29\/o-pequeno-grao-que-pode-ajudar-seu-coracao-e-fortalecer-seus-ossos-todos-os-dias\/","name":"O pequeno gr\u00e3o que pode ajudar seu cora\u00e7\u00e3o e fortalecer seus ossos todos os dias - Estado de Minas - Em foco","isPartOf":{"@id":"https:\/\/www.em.com.br\/emfoco\/#website"},"primaryImageOfPage":{"@id":"https:\/\/www.em.com.br\/emfoco\/2026\/04\/29\/o-pequeno-grao-que-pode-ajudar-seu-coracao-e-fortalecer-seus-ossos-todos-os-dias\/#primaryimage"},"image":{"@id":"https:\/\/www.em.com.br\/emfoco\/2026\/04\/29\/o-pequeno-grao-que-pode-ajudar-seu-coracao-e-fortalecer-seus-ossos-todos-os-dias\/#primaryimage"},"thumbnailUrl":"https:\/\/www.em.com.br\/emfoco\/wp-content\/uploads\/2026\/04\/EmFoco_13-9.jpg","datePublished":"2026-04-29T23:05:00+00:00","dateModified":"2026-04-28T19:56:13+00:00","author":{"@id":"https:\/\/www.em.com.br\/emfoco\/#\/schema\/person\/0a8186d72f2c3a5c6276d90b41f271a0"},"description":"Entenda como os benef\u00edcios do gergelim transformam sua sa\u00fade \u00f3ssea e cardiovascular de forma natural. Melhore sua dieta com estas dicas.","breadcrumb":{"@id":"https:\/\/www.em.com.br\/emfoco\/2026\/04\/29\/o-pequeno-grao-que-pode-ajudar-seu-coracao-e-fortalecer-seus-ossos-todos-os-dias\/#breadcrumb"},"inLanguage":"pt-BR","potentialAction":[{"@type":"ReadAction","target":["https:\/\/www.em.com.br\/emfoco\/2026\/04\/29\/o-pequeno-grao-que-pode-ajudar-seu-coracao-e-fortalecer-seus-ossos-todos-os-dias\/"]}]},{"@type":"ImageObject","inLanguage":"pt-BR","@id":"https:\/\/www.em.com.br\/emfoco\/2026\/04\/29\/o-pequeno-grao-que-pode-ajudar-seu-coracao-e-fortalecer-seus-ossos-todos-os-dias\/#primaryimage","url":"https:\/\/www.em.com.br\/emfoco\/wp-content\/uploads\/2026\/04\/EmFoco_13-9.jpg","contentUrl":"https:\/\/www.em.com.br\/emfoco\/wp-content\/uploads\/2026\/04\/EmFoco_13-9.jpg","width":1280,"height":720,"caption":"Semente oleaginosa rica em minerais que auxilia na sa\u00fade \u00f3ssea e cardiovascular"},{"@type":"BreadcrumbList","@id":"https:\/\/www.em.com.br\/emfoco\/2026\/04\/29\/o-pequeno-grao-que-pode-ajudar-seu-coracao-e-fortalecer-seus-ossos-todos-os-dias\/#breadcrumb","itemListElement":[{"@type":"ListItem","position":1,"name":"In\u00edcio","item":"https:\/\/www.em.com.br\/emfoco\/"},{"@type":"ListItem","position":2,"name":"O pequeno gr\u00e3o que pode ajudar seu cora\u00e7\u00e3o e fortalecer seus ossos todos os dias"}]},{"@type":"WebSite","@id":"https:\/\/www.em.com.br\/emfoco\/#website","url":"https:\/\/www.em.com.br\/emfoco\/","name":"Estado de Minas - Em foco","description":"Acompanhe as \u00faltimas not\u00edcias e fique bem informado sobre tudo o que acontece em Minas Gerais, Brasil e no mundo.","potentialAction":[{"@type":"SearchAction","target":{"@type":"EntryPoint","urlTemplate":"https:\/\/www.em.com.br\/emfoco\/?s={search_term_string}"},"query-input":{"@type":"PropertyValueSpecification","valueRequired":true,"valueName":"search_term_string"}}],"inLanguage":"pt-BR"},{"@type":"Person","@id":"https:\/\/www.em.com.br\/emfoco\/#\/schema\/person\/0a8186d72f2c3a5c6276d90b41f271a0","name":"Daniely Cardoso","image":{"@type":"ImageObject","inLanguage":"pt-BR","@id":"https:\/\/www.em.com.br\/emfoco\/#\/schema\/person\/image\/","url":"https:\/\/secure.gravatar.com\/avatar\/4b80ddbd124d1f071b626d52d62e5dff?s=96&d=mm&r=g","contentUrl":"https:\/\/secure.gravatar.com\/avatar\/4b80ddbd124d1f071b626d52d62e5dff?s=96&d=mm&r=g","caption":"Daniely Cardoso"},"url":"https:\/\/www.em.com.br\/emfoco\/author\/danielymyth\/"}]}},"_links":{"self":[{"href":"https:\/\/www.em.com.br\/emfoco\/wp-json\/wp\/v2\/posts\/200791","targetHints":{"allow":["GET"]}}],"collection":[{"href":"https:\/\/www.em.com.br\/emfoco\/wp-json\/wp\/v2\/posts"}],"about":[{"href":"https:\/\/www.em.com.br\/emfoco\/wp-json\/wp\/v2\/types\/post"}],"author":[{"embeddable":true,"href":"https:\/\/www.em.com.br\/emfoco\/wp-json\/wp\/v2\/users\/9"}],"replies":[{"embeddable":true,"href":"https:\/\/www.em.com.br\/emfoco\/wp-json\/wp\/v2\/comments?post=200791"}],"version-history":[{"count":3,"href":"https:\/\/www.em.com.br\/emfoco\/wp-json\/wp\/v2\/posts\/200791\/revisions"}],"predecessor-version":[{"id":200996,"href":"https:\/\/www.em.com.br\/emfoco\/wp-json\/wp\/v2\/posts\/200791\/revisions\/200996"}],"wp:featuredmedia":[{"embeddable":true,"href":"https:\/\/www.em.com.br\/emfoco\/wp-json\/wp\/v2\/media\/200892"}],"wp:attachment":[{"href":"https:\/\/www.em.com.br\/emfoco\/wp-json\/wp\/v2\/media?parent=200791"}],"wp:term":[{"taxonomy":"category","embeddable":true,"href":"https:\/\/www.em.com.br\/emfoco\/wp-json\/wp\/v2\/categories?post=200791"},{"taxonomy":"post_tag","embeddable":true,"href":"https:\/\/www.em.com.br\/emfoco\/wp-json\/wp\/v2\/tags?post=200791"}],"curies":[{"name":"wp","href":"https:\/\/api.w.org\/{rel}","templated":true}]}}