{"id":200784,"date":"2026-04-29T17:55:00","date_gmt":"2026-04-29T20:55:00","guid":{"rendered":"https:\/\/www.em.com.br\/emfoco\/?p=200784"},"modified":"2026-04-28T13:26:12","modified_gmt":"2026-04-28T16:26:12","slug":"adeus-churrasqueira-tradicional-a-nova-tendencia-para-assar-carne-sem-carvao-e-mais-rapida-e-pratica","status":"publish","type":"post","link":"https:\/\/www.em.com.br\/emfoco\/2026\/04\/29\/adeus-churrasqueira-tradicional-a-nova-tendencia-para-assar-carne-sem-carvao-e-mais-rapida-e-pratica\/","title":{"rendered":"Adeus churrasqueira tradicional: a nova tend\u00eancia para assar carne sem carv\u00e3o \u00e9 mais r\u00e1pida e pr\u00e1tica"},"content":{"rendered":"\n<p>Estava a preparar o almo\u00e7o de domingo quando percebi que o <strong>churrasco sem carv\u00e3o<\/strong> poderia resolver a minha falta de tempo e o excesso de fumo na varanda. Ser\u00e1 que \u00e9 poss\u00edvel manter o sabor tradicional da carne utilizando um m\u00e9todo totalmente tecnol\u00f3gico e limpo?<\/p>\n\n\n\n<h2 class=\"wp-block-heading\">Como funciona o churrasco sem carv\u00e3o nas varandas modernas<\/h2>\n\n\n\n<p>O uso de pedras vulc\u00e2nicas aquecidas por queimadores a g\u00e1s transformou completamente a din\u00e2mica das reuni\u00f5es familiares em apartamentos pequenos. Estas pedras conseguem reter o calor de forma uniforme e garantem uma selagem perfeita em cortes altos de picanha ou alcatra. Muitos entusiastas da gastronomia urbana procuram agora o <strong>churrasco sem carv\u00e3o<\/strong> para evitar conflitos com vizinhos devido ao cheiro intenso.<\/p>\n\n\n\n<p>A agilidade no aquecimento permite que a grelha esteja pronta para receber os alimentos em menos de dez minutos cronometrados. J\u00e1 n\u00e3o \u00e9 necess\u00e1rio lidar com o p\u00f3 preto ou com a dificuldade de acender a chama inicial durante as tardes ventosas. Esta tecnologia proporciona uma <strong>limpeza facilitada<\/strong> e um <strong>controlo total<\/strong> sobre a temperatura exata de cada preparo.<\/p>\n\n\n<div class=\"wp-block-image\">\n<figure class=\"aligncenter size-large\"><img loading=\"lazy\" decoding=\"async\" width=\"1024\" height=\"576\" src=\"https:\/\/www.em.com.br\/emfoco\/wp-content\/uploads\/2026\/04\/churrasco-sem-carvao-1024x576.jpg\" alt=\"churrasco sem carv\u00e3o\" class=\"wp-image-200785\" srcset=\"https:\/\/www.em.com.br\/emfoco\/wp-content\/uploads\/2026\/04\/churrasco-sem-carvao-1024x576.jpg 1024w, https:\/\/www.em.com.br\/emfoco\/wp-content\/uploads\/2026\/04\/churrasco-sem-carvao-300x169.jpg 300w, https:\/\/www.em.com.br\/emfoco\/wp-content\/uploads\/2026\/04\/churrasco-sem-carvao-768x432.jpg 768w, https:\/\/www.em.com.br\/emfoco\/wp-content\/uploads\/2026\/04\/churrasco-sem-carvao-750x422.jpg 750w, https:\/\/www.em.com.br\/emfoco\/wp-content\/uploads\/2026\/04\/churrasco-sem-carvao-1140x641.jpg 1140w, https:\/\/www.em.com.br\/emfoco\/wp-content\/uploads\/2026\/04\/churrasco-sem-carvao.jpg 1280w\" sizes=\"auto, (max-width: 1024px) 100vw, 1024px\" \/><figcaption class=\"wp-element-caption\">A agilidade no aquecimento permite que a grelha esteja pronta para receber os alimentos em menos de dez minutos cronometrados.<\/figcaption><\/figure><\/div>\n\n\n<p>Leia tamb\u00e9m: <a href=\"https:\/\/www.em.com.br\/emfoco\/2026\/04\/11\/aprenda-a-como-plantar-cravo-da-india-e-cultivar-flores-aromaticas-em-casa\/\" target=\"_blank\" rel=\"noreferrer noopener\">Aprenda a como plantar cravo-da-\u00edndia e cultivar flores arom\u00e1ticas em casa<\/a><\/p>\n\n\n\n<h2 class=\"wp-block-heading\">Vantagens de adotar o churrasco sem carv\u00e3o na sua rotina<\/h2>\n\n\n\n<p>A aus\u00eancia de cinzas torna a manuten\u00e7\u00e3o do equipamento muito mais simples e r\u00e1pida ap\u00f3s o t\u00e9rmino da refei\u00e7\u00e3o. Pode focar-se apenas em saborear os acompanhamentos sem a preocupa\u00e7\u00e3o de realizar limpezas pesadas e demoradas na estrutura met\u00e1lica. O <strong>churrasco sem carv\u00e3o<\/strong> minimiza o desperd\u00edcio de combust\u00edvel e oferece uma <strong>maior seguran\u00e7a<\/strong> contra pequenos inc\u00eandios dom\u00e9sticos acidentais.<\/p>\n\n\n\n<p>Existem alguns equipamentos espec\u00edficos que est\u00e3o a dominar o mercado internacional devido \u00e0 sua efici\u00eancia energ\u00e9tica e durabilidade superior. A lista abaixo apresenta os principais componentes que tornam este sistema moderno t\u00e3o eficiente para o utilizador exigente:<\/p>\n\n\n\n<ul class=\"wp-block-list\">\n<li><strong>Queimadores de alta pot\u00eancia<\/strong> que distribuem as chamas de forma equilibrada por toda a superf\u00edcie.<\/li>\n\n\n\n<li><strong>Grelhas de ferro fundido<\/strong> que mant\u00eam as marcas cl\u00e1ssicas na carne e conservam a sucul\u00eancia interna.<\/li>\n\n\n\n<li><strong>Tampas herm\u00e9ticas<\/strong> para realizar o cozimento por convec\u00e7\u00e3o e acelerar o processo de finaliza\u00e7\u00e3o.<\/li>\n<\/ul>\n\n\n\n<figure class=\"wp-block-embed is-type-rich is-provider-pinterest wp-block-embed-pinterest\"><div class=\"wp-block-embed__wrapper\">\n<iframe loading=\"lazy\" title=\"J\u00e1 pensou em fazer churrasco no ap\u00ea sem aquela fuma\u00e7a toda, vizinha? \ud83d\ude0d Aqui em casa, a gente achou a solu\u00e7\u00e3o perfeita: a churrasqueira ecol\u00f3gica sem fuma\u00e7a! \ud83d\udd25 Diferente das tradicionais, o carv\u00e3o fica nas laterais e a gordura cai em uma bandeja com \u00e1gua. E adivinha? Nada de fuma\u00e7a! J\u00e1 fizemos churrasco pra 12 pessoas e serviu todo mundo. O sabor? Na nossa fam\u00edlia, todo mundo aprova, mas no outro v\u00eddeo que postei algumas pessoas comentaram que sentiram uma diferen\u00e7a. Agora, a parte menos g...\" src=\"https:\/\/assets.pinterest.com\/ext\/embed.html?id=529454499962175158&#038;src=oembed\" height=\"898\" width=\"450\" frameborder=\"0\" scrolling=\"no\" ><\/iframe>\n<\/div><\/figure>\n\n\n\n<h2 class=\"wp-block-heading\">O sabor da carne no churrasco sem carv\u00e3o \u00e9 realmente igual<\/h2>\n\n\n\n<p>Muitos puristas acreditam que o aroma defumado vem apenas da queima da madeira, mas a gordura que pinga nas pedras quentes gera o mesmo efeito. O vapor libertado durante o contacto da carne com a superf\u00edcie aquecida devolve aquele <strong>gosto caracter\u00edstico<\/strong> que todos apreciam numa boa churrascada. O <strong>churrasco sem carv\u00e3o<\/strong> preserva a <strong>humidade natural<\/strong> dos alimentos e evita que fiquem com gosto de querosene ou outros acendedores qu\u00edmicos.<\/p>\n\n\n\n<p>A precis\u00e3o no ajuste da chama permite que cozinhe pe\u00e7as delicadas como peixes e vegetais sem o risco de queimar a superf\u00edcie externa. Consegue atingir o ponto rosado perfeito em medalh\u00f5es de fil\u00e9 com uma facilidade que impressiona at\u00e9 os mestres parrilleros mais experientes. Utilize <strong>temperos frescos<\/strong> e selecione <strong>carnes marmoreadas<\/strong> para elevar o n\u00edvel gastron\u00f3mico do seu evento particular.<\/p>\n\n\n\n<p>Para voc\u00ea que gosta de aprofundar, separamos um v\u00eddeo do canal <a href=\"https:\/\/www.youtube.com\/@VIAGEMITINERANTE\" target=\"_blank\" rel=\"noreferrer noopener\">VIAGEM ITINERANTE <\/a>com dicas para fazer um churrasco sem carv\u00e3o:<\/p>\n\n\n\n<figure class=\"wp-block-embed is-type-video is-provider-youtube wp-block-embed-youtube wp-embed-aspect-16-9 wp-has-aspect-ratio\"><div class=\"wp-block-embed__wrapper\">\n<div class=\"jeg_video_container jeg_video_content\"><iframe loading=\"lazy\" title=\"Quer aprender fazer churrasco sem carv\u00e3o?\" width=\"500\" height=\"281\" src=\"https:\/\/www.youtube.com\/embed\/39SwJ2u0yP0?feature=oembed\" frameborder=\"0\" allow=\"accelerometer; autoplay; clipboard-write; encrypted-media; gyroscope; picture-in-picture; web-share\" referrerpolicy=\"strict-origin-when-cross-origin\" allowfullscreen><\/iframe><\/div>\n<\/div><\/figure>\n\n\n\n<h2 class=\"wp-block-heading\">Dicas para escolher o melhor equipamento para o seu lar<\/h2>\n\n\n\n<p>Analise o espa\u00e7o dispon\u00edvel na sua \u00e1rea de lazer antes de investir num modelo de embutir ou numa vers\u00e3o port\u00e1til com rodas. Verifique a compatibilidade com o sistema de g\u00e1s da sua resid\u00eancia ou a pot\u00eancia el\u00e9trica necess\u00e1ria para o bom funcionamento. Garantir uma <strong>instala\u00e7\u00e3o profissional<\/strong> evita fugas e assegura que a sua <strong>experi\u00eancia culin\u00e1ria<\/strong> seja sempre tranquila e prazerosa.<\/p>\n\n\n\n<p>O mercado oferece op\u00e7\u00f5es que variam entre designs minimalistas e estruturas completas com bancadas de apoio integradas. Escolha marcas que disponibilizem assist\u00eancia t\u00e9cnica f\u00e1cil e pe\u00e7as de reposi\u00e7\u00e3o r\u00e1pidas para garantir a longevidade do seu novo investimento. Procure por <strong>materiais inoxid\u00e1veis<\/strong> e <strong>revestimentos antiaderentes<\/strong> que suportem o uso frequente em ambientes externos h\u00famidos.<\/p>\n\n\n\n<h2 class=\"wp-block-heading\">Transforme os seus domingos com mais agilidade<\/h2>\n\n\n\n<p>Adote novos m\u00e9todos para ganhar tempo livre com os seus convidados durante as festas de final de ano. A tecnologia deve trabalhar a favor da sua comodidade e satisfa\u00e7\u00e3o pessoal imediata. Utilize <strong>ferramentas modernas<\/strong> e desfrute de <strong>momentos felizes<\/strong>.<\/p>\n\n\n\n<p>Aproveite a facilidade de acionamento para grelhar carnes de qualidade em qualquer dia da semana de forma r\u00e1pida. O prazer de comer bem n\u00e3o precisa de estar associado ao cansa\u00e7o ou ao trabalho pesado. Priorize o seu <strong>conforto di\u00e1rio<\/strong> e saboreie <strong>refei\u00e7\u00f5es incr\u00edveis<\/strong>.<\/p>\n","protected":false},"excerpt":{"rendered":"<p>Estava a preparar o almo\u00e7o de domingo quando percebi que o churrasco sem carv\u00e3o poderia resolver a minha falta de tempo e o excesso de fumo na varanda. Ser\u00e1 que \u00e9 poss\u00edvel manter o sabor tradicional da carne utilizando um m\u00e9todo totalmente tecnol\u00f3gico e limpo? Como funciona o churrasco sem carv\u00e3o nas varandas modernas O [&hellip;]<\/p>\n","protected":false},"author":9,"featured_media":200889,"comment_status":"open","ping_status":"open","sticky":false,"template":"","format":"standard","meta":{"jnews-multi-image_gallery":[],"jnews_single_post":{"format":"standard"},"jnews_primary_category":[],"jnews_social_meta":[],"jnews_override_counter":[],"footnotes":""},"categories":[8691,8819],"tags":[28935,28936,28937],"class_list":["post-200784","post","type-post","status-publish","format-standard","has-post-thumbnail","hentry","category-bem-estar","category-curiosidades","tag-churrasco-a-gas","tag-dicas-de-grelha","tag-gastronomia-urbana"],"yoast_head":"<!-- This site is optimized with the Yoast SEO plugin v23.8 - https:\/\/yoast.com\/wordpress\/plugins\/seo\/ -->\n<title>Adeus churrasqueira tradicional: a nova tend\u00eancia para assar carne sem carv\u00e3o \u00e9 mais r\u00e1pida e pr\u00e1tica - Estado de Minas - Em foco<\/title>\n<meta name=\"description\" content=\"O churrasco sem carv\u00e3o \u00e9 a tend\u00eancia tecnol\u00f3gica que garante rapidez e sabor para o seu domingo. Aprenda a grelhar com mais praticidade.\" \/>\n<meta name=\"robots\" content=\"index, follow, max-snippet:-1, max-image-preview:large, max-video-preview:-1\" \/>\n<link rel=\"canonical\" href=\"https:\/\/www.em.com.br\/emfoco\/2026\/04\/29\/adeus-churrasqueira-tradicional-a-nova-tendencia-para-assar-carne-sem-carvao-e-mais-rapida-e-pratica\/\" \/>\n<meta property=\"og:locale\" content=\"pt_BR\" \/>\n<meta property=\"og:type\" content=\"article\" \/>\n<meta property=\"og:title\" content=\"Adeus churrasqueira tradicional: a nova tend\u00eancia para assar carne sem carv\u00e3o \u00e9 mais r\u00e1pida e pr\u00e1tica - Estado de Minas - Em foco\" \/>\n<meta property=\"og:description\" content=\"O churrasco sem carv\u00e3o \u00e9 a tend\u00eancia tecnol\u00f3gica que garante rapidez e sabor para o seu domingo. Aprenda a grelhar com mais praticidade.\" \/>\n<meta property=\"og:url\" content=\"https:\/\/www.em.com.br\/emfoco\/2026\/04\/29\/adeus-churrasqueira-tradicional-a-nova-tendencia-para-assar-carne-sem-carvao-e-mais-rapida-e-pratica\/\" \/>\n<meta property=\"og:site_name\" content=\"Estado de Minas - Em foco\" \/>\n<meta property=\"article:published_time\" content=\"2026-04-29T20:55:00+00:00\" \/>\n<meta property=\"article:modified_time\" content=\"2026-04-28T16:26:12+00:00\" \/>\n<meta property=\"og:image\" content=\"https:\/\/www.em.com.br\/emfoco\/wp-content\/uploads\/2026\/04\/EmFoco_16-9.jpg\" \/>\n\t<meta property=\"og:image:width\" content=\"1280\" \/>\n\t<meta property=\"og:image:height\" content=\"720\" \/>\n\t<meta property=\"og:image:type\" content=\"image\/jpeg\" \/>\n<meta name=\"author\" content=\"Daniely Cardoso\" \/>\n<meta name=\"twitter:card\" content=\"summary_large_image\" \/>\n<meta name=\"twitter:label1\" content=\"Escrito por\" \/>\n\t<meta name=\"twitter:data1\" content=\"Daniely Cardoso\" \/>\n\t<meta name=\"twitter:label2\" content=\"Est. tempo de leitura\" \/>\n\t<meta name=\"twitter:data2\" content=\"5 minutos\" \/>\n<!-- \/ Yoast SEO plugin. -->","yoast_head_json":{"title":"Adeus churrasqueira tradicional: a nova tend\u00eancia para assar carne sem carv\u00e3o \u00e9 mais r\u00e1pida e pr\u00e1tica - Estado de Minas - Em foco","description":"O churrasco sem carv\u00e3o \u00e9 a tend\u00eancia tecnol\u00f3gica que garante rapidez e sabor para o seu domingo. Aprenda a grelhar com mais praticidade.","robots":{"index":"index","follow":"follow","max-snippet":"max-snippet:-1","max-image-preview":"max-image-preview:large","max-video-preview":"max-video-preview:-1"},"canonical":"https:\/\/www.em.com.br\/emfoco\/2026\/04\/29\/adeus-churrasqueira-tradicional-a-nova-tendencia-para-assar-carne-sem-carvao-e-mais-rapida-e-pratica\/","og_locale":"pt_BR","og_type":"article","og_title":"Adeus churrasqueira tradicional: a nova tend\u00eancia para assar carne sem carv\u00e3o \u00e9 mais r\u00e1pida e pr\u00e1tica - Estado de Minas - Em foco","og_description":"O churrasco sem carv\u00e3o \u00e9 a tend\u00eancia tecnol\u00f3gica que garante rapidez e sabor para o seu domingo. Aprenda a grelhar com mais praticidade.","og_url":"https:\/\/www.em.com.br\/emfoco\/2026\/04\/29\/adeus-churrasqueira-tradicional-a-nova-tendencia-para-assar-carne-sem-carvao-e-mais-rapida-e-pratica\/","og_site_name":"Estado de Minas - Em foco","article_published_time":"2026-04-29T20:55:00+00:00","article_modified_time":"2026-04-28T16:26:12+00:00","og_image":[{"width":1280,"height":720,"url":"https:\/\/www.em.com.br\/emfoco\/wp-content\/uploads\/2026\/04\/EmFoco_16-9.jpg","type":"image\/jpeg"}],"author":"Daniely Cardoso","twitter_card":"summary_large_image","twitter_misc":{"Escrito por":"Daniely Cardoso","Est. tempo de leitura":"5 minutos"},"schema":{"@context":"https:\/\/schema.org","@graph":[{"@type":"WebPage","@id":"https:\/\/www.em.com.br\/emfoco\/2026\/04\/29\/adeus-churrasqueira-tradicional-a-nova-tendencia-para-assar-carne-sem-carvao-e-mais-rapida-e-pratica\/","url":"https:\/\/www.em.com.br\/emfoco\/2026\/04\/29\/adeus-churrasqueira-tradicional-a-nova-tendencia-para-assar-carne-sem-carvao-e-mais-rapida-e-pratica\/","name":"Adeus churrasqueira tradicional: a nova tend\u00eancia para assar carne sem carv\u00e3o \u00e9 mais r\u00e1pida e pr\u00e1tica - Estado de Minas - Em foco","isPartOf":{"@id":"https:\/\/www.em.com.br\/emfoco\/#website"},"primaryImageOfPage":{"@id":"https:\/\/www.em.com.br\/emfoco\/2026\/04\/29\/adeus-churrasqueira-tradicional-a-nova-tendencia-para-assar-carne-sem-carvao-e-mais-rapida-e-pratica\/#primaryimage"},"image":{"@id":"https:\/\/www.em.com.br\/emfoco\/2026\/04\/29\/adeus-churrasqueira-tradicional-a-nova-tendencia-para-assar-carne-sem-carvao-e-mais-rapida-e-pratica\/#primaryimage"},"thumbnailUrl":"https:\/\/www.em.com.br\/emfoco\/wp-content\/uploads\/2026\/04\/EmFoco_16-9.jpg","datePublished":"2026-04-29T20:55:00+00:00","dateModified":"2026-04-28T16:26:12+00:00","author":{"@id":"https:\/\/www.em.com.br\/emfoco\/#\/schema\/person\/0a8186d72f2c3a5c6276d90b41f271a0"},"description":"O churrasco sem carv\u00e3o \u00e9 a tend\u00eancia tecnol\u00f3gica que garante rapidez e sabor para o seu domingo. Aprenda a grelhar com mais praticidade.","breadcrumb":{"@id":"https:\/\/www.em.com.br\/emfoco\/2026\/04\/29\/adeus-churrasqueira-tradicional-a-nova-tendencia-para-assar-carne-sem-carvao-e-mais-rapida-e-pratica\/#breadcrumb"},"inLanguage":"pt-BR","potentialAction":[{"@type":"ReadAction","target":["https:\/\/www.em.com.br\/emfoco\/2026\/04\/29\/adeus-churrasqueira-tradicional-a-nova-tendencia-para-assar-carne-sem-carvao-e-mais-rapida-e-pratica\/"]}]},{"@type":"ImageObject","inLanguage":"pt-BR","@id":"https:\/\/www.em.com.br\/emfoco\/2026\/04\/29\/adeus-churrasqueira-tradicional-a-nova-tendencia-para-assar-carne-sem-carvao-e-mais-rapida-e-pratica\/#primaryimage","url":"https:\/\/www.em.com.br\/emfoco\/wp-content\/uploads\/2026\/04\/EmFoco_16-9.jpg","contentUrl":"https:\/\/www.em.com.br\/emfoco\/wp-content\/uploads\/2026\/04\/EmFoco_16-9.jpg","width":1280,"height":720,"caption":"Tecnologia de grelhados para varandas que elimina fuma\u00e7a utilizando pedras vulc\u00e2nicas aquecidas"},{"@type":"BreadcrumbList","@id":"https:\/\/www.em.com.br\/emfoco\/2026\/04\/29\/adeus-churrasqueira-tradicional-a-nova-tendencia-para-assar-carne-sem-carvao-e-mais-rapida-e-pratica\/#breadcrumb","itemListElement":[{"@type":"ListItem","position":1,"name":"In\u00edcio","item":"https:\/\/www.em.com.br\/emfoco\/"},{"@type":"ListItem","position":2,"name":"Adeus churrasqueira tradicional: a nova tend\u00eancia para assar carne sem carv\u00e3o \u00e9 mais r\u00e1pida e pr\u00e1tica"}]},{"@type":"WebSite","@id":"https:\/\/www.em.com.br\/emfoco\/#website","url":"https:\/\/www.em.com.br\/emfoco\/","name":"Estado de Minas - Em foco","description":"Acompanhe as \u00faltimas not\u00edcias e fique bem informado sobre tudo o que acontece em Minas Gerais, Brasil e no mundo.","potentialAction":[{"@type":"SearchAction","target":{"@type":"EntryPoint","urlTemplate":"https:\/\/www.em.com.br\/emfoco\/?s={search_term_string}"},"query-input":{"@type":"PropertyValueSpecification","valueRequired":true,"valueName":"search_term_string"}}],"inLanguage":"pt-BR"},{"@type":"Person","@id":"https:\/\/www.em.com.br\/emfoco\/#\/schema\/person\/0a8186d72f2c3a5c6276d90b41f271a0","name":"Daniely Cardoso","image":{"@type":"ImageObject","inLanguage":"pt-BR","@id":"https:\/\/www.em.com.br\/emfoco\/#\/schema\/person\/image\/","url":"https:\/\/secure.gravatar.com\/avatar\/4b80ddbd124d1f071b626d52d62e5dff?s=96&d=mm&r=g","contentUrl":"https:\/\/secure.gravatar.com\/avatar\/4b80ddbd124d1f071b626d52d62e5dff?s=96&d=mm&r=g","caption":"Daniely Cardoso"},"url":"https:\/\/www.em.com.br\/emfoco\/author\/danielymyth\/"}]}},"_links":{"self":[{"href":"https:\/\/www.em.com.br\/emfoco\/wp-json\/wp\/v2\/posts\/200784","targetHints":{"allow":["GET"]}}],"collection":[{"href":"https:\/\/www.em.com.br\/emfoco\/wp-json\/wp\/v2\/posts"}],"about":[{"href":"https:\/\/www.em.com.br\/emfoco\/wp-json\/wp\/v2\/types\/post"}],"author":[{"embeddable":true,"href":"https:\/\/www.em.com.br\/emfoco\/wp-json\/wp\/v2\/users\/9"}],"replies":[{"embeddable":true,"href":"https:\/\/www.em.com.br\/emfoco\/wp-json\/wp\/v2\/comments?post=200784"}],"version-history":[{"count":1,"href":"https:\/\/www.em.com.br\/emfoco\/wp-json\/wp\/v2\/posts\/200784\/revisions"}],"predecessor-version":[{"id":200786,"href":"https:\/\/www.em.com.br\/emfoco\/wp-json\/wp\/v2\/posts\/200784\/revisions\/200786"}],"wp:featuredmedia":[{"embeddable":true,"href":"https:\/\/www.em.com.br\/emfoco\/wp-json\/wp\/v2\/media\/200889"}],"wp:attachment":[{"href":"https:\/\/www.em.com.br\/emfoco\/wp-json\/wp\/v2\/media?parent=200784"}],"wp:term":[{"taxonomy":"category","embeddable":true,"href":"https:\/\/www.em.com.br\/emfoco\/wp-json\/wp\/v2\/categories?post=200784"},{"taxonomy":"post_tag","embeddable":true,"href":"https:\/\/www.em.com.br\/emfoco\/wp-json\/wp\/v2\/tags?post=200784"}],"curies":[{"name":"wp","href":"https:\/\/api.w.org\/{rel}","templated":true}]}}